{"id":353,"date":"2020-11-23T17:52:55","date_gmt":"2020-11-23T17:52:55","guid":{"rendered":"https:\/\/aridane.org\/ciudad\/?p=353"},"modified":"2020-11-23T17:52:55","modified_gmt":"2020-11-23T17:52:55","slug":"la-banda-municipal-de-musica-estrena-la-nueva-carpa-de-los-llanos-de-aridane","status":"publish","type":"post","link":"https:\/\/www.aridane.org\/city\/2020\/11\/23\/la-banda-municipal-de-musica-estrena-la-nueva-carpa-de-los-llanos-de-aridane\/","title":{"rendered":"La Banda Municipal de M\u00fasica estrena la nueva carpa de Los Llanos de Aridane"},"content":{"rendered":"<p style=\"text-align: justify;\">La Banda Municipal de M\u00fasica de Los Llanos de Aridane con motivo de la celebraci\u00f3n, el pasado domingo, del tradicional concierto de Santa Cecilia estren\u00f3 la nueva carpa de Los Llanos de Aridane instalada en la Plaza Juan Pablo II, que ser\u00e1 el epicentro de toda la actividad cultural del municipio durante el pr\u00f3ximo mes de diciembre para cumplir de esta forma con las medidas de seguridad y los protocolos sanitarios por el Covid.<\/p>\n<p style=\"text-align: justify;\">Con esta actuaci\u00f3n la Banda Municipal de M\u00fasica aridanense comenz\u00f3 con la primera de las acciones culturales que se desarrollar\u00e1n de manera presencial durante las pr\u00f3ximas fiestas navide\u00f1as, siempre que las condiciones sanitarias lo permitan.<\/p>\n<p style=\"text-align: justify;\">\u201cCon la actuaci\u00f3n realizada el pasado fin de semana se ha demostrado que se pueden seguir haciendo eventos con p\u00fablico, siempre que se respeten las medidas sanitarias y se apliquen los protocolos previstos para los eventos, porque las bandas han seguido ensayando y la manera de brindar homenaje al p\u00fablico es a trav\u00e9s de la m\u00fasica en directo con un maravilloso concierto como el que hemos disfrutado ayer\u201d, destac\u00f3 la concejal de Cultura, Charo Gonz\u00e1lez Palmero.<\/p>\n<p style=\"text-align: justify;\"><strong>Breve historia de la Banda Municipal de Los Llanos de Aridane<\/strong><\/p>\n<p style=\"text-align: justify;\">La Banda Municipal de M\u00fasica de Los Llanos de Aridane se fund\u00f3, bajo la direcci\u00f3n de don Leocadio P\u00e9rez Lorenzo, el 17 de octubre de 1858, pasando a convertirse de esta manera en la entidad cultural ma\u0301s antigua de la Isla de La Palma.<\/p>\n<p style=\"text-align: justify;\">A principios de siglo le sustituye don Gabriel Lorenzo Calero y en 1909 pasa a dirigir la Banda don Francisco Sales nacido en Barcelona, m\u00fasico Mayor del Ej\u00e9rcito que dirigi\u00f3 la agrupaci\u00f3n hasta 1914, a\u00f1o en que se retira, su labor se compagin\u00f3 con la pedag\u00f3gica y la de compositor, entre sus obras destacan, \u201cTrafalgar\u201d, \u201cMirando a la Caldera\u201d y \u201cLa Luz de El Time\u201d.<\/p>\n<p style=\"text-align: justify;\">A partir de 1914 se pone al frente de la Agrupaci\u00f3n don Ezequiel Cuevas Camacho, hasta la llegada de don Nereo Mart\u00edn P\u00e9rez, sustituido a su vez por don Juan Gonz\u00e1lez Lorenzo , nacido en Los Llanos de Aridane, del que es de destacar su labor docente.<\/p>\n<p style=\"text-align: justify;\">Posteriormente se nombra director a don Francisco \u00c1lvarez, natural de S\/C de La Palma recordado especialmente por la composici\u00f3n del pasodoble \u201cEl Proletario\u201d. Le sustituye don Andr\u00e9s Cabrera hasta 1934. Durante los a\u00f1os de la guerra civil a falta de director ocupa el puesto don Juan P\u00e9rez y P\u00e9rez.<\/p>\n<p style=\"text-align: justify;\">A comienzos de la d\u00e9cada de los cuarenta llega a Los Llanos don Domingo Gonz\u00e1lez Ferrero, natural de La Laguna, que dirigi\u00f3 la Banda hasta principios de los a\u00f1os sesenta, siendo responsable de una de las mejores \u00e9pocas de la misma , dedicando una parte de su tiempo adem\u00e1s a la composici\u00f3n y la ense\u00f1anza.<\/p>\n<p style=\"text-align: justify;\">En 1962 toma la direcci\u00f3n don Artemio Lorenzo Gonz\u00e1lez, natural de Tazacorte y perteneciente a una familia de gran tradici\u00f3n musical, se recuerda su participaci\u00f3n con la Banda Municipal en el Primer Encuentro Regional de Bandas en la Plaza del Adelantado, La Laguna en 1984. Y es de se\u00f1alar su continua contribuci\u00f3n en las actividades festivas, l\u00fadicas y culturales de la localidad. Con la retirada de don Artemio ocupa el puesto don Juan Jos\u00e9 Hernandez Mart\u00edn.<\/p>\n<p style=\"text-align: justify;\">En noviembre del an\u0303o 2000 es nombrado director de la Banda y Academia de Municipal de M\u00fasica de Los Llanos de Aridane don Gonzalo Jaubert Lorenzo. En la actualidad la Banda cuenta con una plantilla de 65 m\u00fasicos y continua con la actividad cultural din\u00e1mica que la ha caracterizado hist\u00f3ricamente, formando parte de todos los acontecimientos de trascendencia para el municipio, as\u00ed\u0301 como en sus actividades propias de Banda, conciertos, audiciones, etc.<\/p>\n<p style=\"text-align: justify;\">La Banda de M\u00fasica cuenta con \u201cla Academia\u201d, que con una plantilla de profesores de reconocido prestigio, proporciona una formaci\u00f3n instrumental y musical solida a sus actuales y futuros miembros.<\/p>\n<p style=\"text-align: justify;\">El 19 de junio de 2009, el Excelent\u00edsimo Ayuntamiento de Los Llanos de Aridane entrego\u0301 la Medalla de Oro de la Ciudad (la ma\u0301s alta distinci\u00f3n que otorga la Corporaci\u00f3n Municipal) en reconocimiento la dilatada trayectoria de la Banda, y su implicaci\u00f3n social y cultural en el Municipio.<\/p>\n","protected":false},"excerpt":{"rendered":"<p>La Banda Municipal de M\u00fasica de Los Llanos de Aridane con motivo de la celebraci\u00f3n, el pasado domingo, del tradicional concierto de Santa Cecilia estren\u00f3 la nueva carpa de Los Llanos de Aridane instalada en la Plaza Juan Pablo II, que ser\u00e1 el epicentro de&#8230;<\/p>\n","protected":false},"author":1,"featured_media":0,"comment_status":"closed","ping_status":"closed","sticky":false,"template":"","format":"standard","meta":{"footnotes":""},"categories":[6],"tags":[],"class_list":["post-353","post","type-post","status-publish","format-standard","hentry","category-prensa"],"yoast_head":"<!-- This site is optimized with the Yoast SEO plugin v22.7 - https:\/\/yoast.com\/wordpress\/plugins\/seo\/ -->\n<title>La Banda Municipal de M\u00fasica estrena la nueva carpa de Los Llanos de Aridane - Ayuntamiento de Los Llanos de Aridane<\/title>\n<meta name=\"robots\" content=\"index, follow, max-snippet:-1, max-image-preview:large, max-video-preview:-1\" \/>\n<link rel=\"canonical\" href=\"https:\/\/www.aridane.org\/city\/2020\/11\/23\/la-banda-municipal-de-musica-estrena-la-nueva-carpa-de-los-llanos-de-aridane\/\" \/>\n<meta property=\"og:locale\" content=\"es_ES\" \/>\n<meta property=\"og:type\" content=\"article\" \/>\n<meta property=\"og:title\" content=\"La Banda Municipal de M\u00fasica estrena la nueva carpa de Los Llanos de Aridane - Ayuntamiento de Los Llanos de Aridane\" \/>\n<meta property=\"og:description\" content=\"La Banda Municipal de M\u00fasica de Los Llanos de Aridane con motivo de la celebraci\u00f3n, el pasado domingo, del tradicional concierto de Santa Cecilia estren\u00f3 la nueva carpa de Los Llanos de Aridane instalada en la Plaza Juan Pablo II, que ser\u00e1 el epicentro de...\" \/>\n<meta property=\"og:url\" content=\"https:\/\/www.aridane.org\/city\/2020\/11\/23\/la-banda-municipal-de-musica-estrena-la-nueva-carpa-de-los-llanos-de-aridane\/\" \/>\n<meta property=\"og:site_name\" content=\"Ayuntamiento de Los Llanos de Aridane\" \/>\n<meta property=\"article:published_time\" content=\"2020-11-23T17:52:55+00:00\" \/>\n<meta name=\"author\" content=\"Richard Diaz\" \/>\n<meta name=\"twitter:card\" content=\"summary_large_image\" \/>\n<meta name=\"twitter:label1\" content=\"Escrito por\" \/>\n\t<meta name=\"twitter:data1\" content=\"Richard Diaz\" \/>\n\t<meta name=\"twitter:label2\" content=\"Tiempo de lectura\" \/>\n\t<meta name=\"twitter:data2\" content=\"4 minutos\" \/>\n<script type=\"application\/ld+json\" class=\"yoast-schema-graph\">{\"@context\":\"https:\/\/schema.org\",\"@graph\":[{\"@type\":\"WebPage\",\"@id\":\"https:\/\/www.aridane.org\/city\/2020\/11\/23\/la-banda-municipal-de-musica-estrena-la-nueva-carpa-de-los-llanos-de-aridane\/\",\"url\":\"https:\/\/www.aridane.org\/city\/2020\/11\/23\/la-banda-municipal-de-musica-estrena-la-nueva-carpa-de-los-llanos-de-aridane\/\",\"name\":\"La Banda Municipal de M\u00fasica estrena la nueva carpa de Los Llanos de Aridane - Ayuntamiento de Los Llanos de Aridane\",\"isPartOf\":{\"@id\":\"https:\/\/www.aridane.org\/city\/#website\"},\"datePublished\":\"2020-11-23T17:52:55+00:00\",\"dateModified\":\"2020-11-23T17:52:55+00:00\",\"author\":{\"@id\":\"https:\/\/www.aridane.org\/city\/#\/schema\/person\/7d352ec7f29881716f298394432e7209\"},\"breadcrumb\":{\"@id\":\"https:\/\/www.aridane.org\/city\/2020\/11\/23\/la-banda-municipal-de-musica-estrena-la-nueva-carpa-de-los-llanos-de-aridane\/#breadcrumb\"},\"inLanguage\":\"es\",\"potentialAction\":[{\"@type\":\"ReadAction\",\"target\":[\"https:\/\/www.aridane.org\/city\/2020\/11\/23\/la-banda-municipal-de-musica-estrena-la-nueva-carpa-de-los-llanos-de-aridane\/\"]}]},{\"@type\":\"BreadcrumbList\",\"@id\":\"https:\/\/www.aridane.org\/city\/2020\/11\/23\/la-banda-municipal-de-musica-estrena-la-nueva-carpa-de-los-llanos-de-aridane\/#breadcrumb\",\"itemListElement\":[{\"@type\":\"ListItem\",\"position\":1,\"name\":\"Portada\",\"item\":\"https:\/\/www.aridane.org\/city\/\"},{\"@type\":\"ListItem\",\"position\":2,\"name\":\"La Banda Municipal de M\u00fasica estrena la nueva carpa de Los Llanos de Aridane\"}]},{\"@type\":\"WebSite\",\"@id\":\"https:\/\/www.aridane.org\/city\/#website\",\"url\":\"https:\/\/www.aridane.org\/city\/\",\"name\":\"Ayuntamiento de Los Llanos de Aridane\",\"description\":\"\",\"potentialAction\":[{\"@type\":\"SearchAction\",\"target\":{\"@type\":\"EntryPoint\",\"urlTemplate\":\"https:\/\/www.aridane.org\/city\/?s={search_term_string}\"},\"query-input\":\"required name=search_term_string\"}],\"inLanguage\":\"es\"},{\"@type\":\"Person\",\"@id\":\"https:\/\/www.aridane.org\/city\/#\/schema\/person\/7d352ec7f29881716f298394432e7209\",\"name\":\"Richard Diaz\",\"image\":{\"@type\":\"ImageObject\",\"inLanguage\":\"es\",\"@id\":\"https:\/\/www.aridane.org\/city\/#\/schema\/person\/image\/\",\"url\":\"https:\/\/secure.gravatar.com\/avatar\/bacd6aefc26a4a204943090a4c596cd10f0857081ef3cfd12084a70ecb3161d5?s=96&d=mm&r=g\",\"contentUrl\":\"https:\/\/secure.gravatar.com\/avatar\/bacd6aefc26a4a204943090a4c596cd10f0857081ef3cfd12084a70ecb3161d5?s=96&d=mm&r=g\",\"caption\":\"Richard Diaz\"},\"sameAs\":[\"https:\/\/www.aridane.org\/city\"],\"url\":\"https:\/\/www.aridane.org\/city\/author\/richard-diaz\/\"}]}<\/script>\n<!-- \/ Yoast SEO plugin. -->","yoast_head_json":{"title":"La Banda Municipal de M\u00fasica estrena la nueva carpa de Los Llanos de Aridane - Ayuntamiento de Los Llanos de Aridane","robots":{"index":"index","follow":"follow","max-snippet":"max-snippet:-1","max-image-preview":"max-image-preview:large","max-video-preview":"max-video-preview:-1"},"canonical":"https:\/\/www.aridane.org\/city\/2020\/11\/23\/la-banda-municipal-de-musica-estrena-la-nueva-carpa-de-los-llanos-de-aridane\/","og_locale":"es_ES","og_type":"article","og_title":"La Banda Municipal de M\u00fasica estrena la nueva carpa de Los Llanos de Aridane - Ayuntamiento de Los Llanos de Aridane","og_description":"La Banda Municipal de M\u00fasica de Los Llanos de Aridane con motivo de la celebraci\u00f3n, el pasado domingo, del tradicional concierto de Santa Cecilia estren\u00f3 la nueva carpa de Los Llanos de Aridane instalada en la Plaza Juan Pablo II, que ser\u00e1 el epicentro de...","og_url":"https:\/\/www.aridane.org\/city\/2020\/11\/23\/la-banda-municipal-de-musica-estrena-la-nueva-carpa-de-los-llanos-de-aridane\/","og_site_name":"Ayuntamiento de Los Llanos de Aridane","article_published_time":"2020-11-23T17:52:55+00:00","author":"Richard Diaz","twitter_card":"summary_large_image","twitter_misc":{"Escrito por":"Richard Diaz","Tiempo de lectura":"4 minutos"},"schema":{"@context":"https:\/\/schema.org","@graph":[{"@type":"WebPage","@id":"https:\/\/www.aridane.org\/city\/2020\/11\/23\/la-banda-municipal-de-musica-estrena-la-nueva-carpa-de-los-llanos-de-aridane\/","url":"https:\/\/www.aridane.org\/city\/2020\/11\/23\/la-banda-municipal-de-musica-estrena-la-nueva-carpa-de-los-llanos-de-aridane\/","name":"La Banda Municipal de M\u00fasica estrena la nueva carpa de Los Llanos de Aridane - Ayuntamiento de Los Llanos de Aridane","isPartOf":{"@id":"https:\/\/www.aridane.org\/city\/#website"},"datePublished":"2020-11-23T17:52:55+00:00","dateModified":"2020-11-23T17:52:55+00:00","author":{"@id":"https:\/\/www.aridane.org\/city\/#\/schema\/person\/7d352ec7f29881716f298394432e7209"},"breadcrumb":{"@id":"https:\/\/www.aridane.org\/city\/2020\/11\/23\/la-banda-municipal-de-musica-estrena-la-nueva-carpa-de-los-llanos-de-aridane\/#breadcrumb"},"inLanguage":"es","potentialAction":[{"@type":"ReadAction","target":["https:\/\/www.aridane.org\/city\/2020\/11\/23\/la-banda-municipal-de-musica-estrena-la-nueva-carpa-de-los-llanos-de-aridane\/"]}]},{"@type":"BreadcrumbList","@id":"https:\/\/www.aridane.org\/city\/2020\/11\/23\/la-banda-municipal-de-musica-estrena-la-nueva-carpa-de-los-llanos-de-aridane\/#breadcrumb","itemListElement":[{"@type":"ListItem","position":1,"name":"Portada","item":"https:\/\/www.aridane.org\/city\/"},{"@type":"ListItem","position":2,"name":"La Banda Municipal de M\u00fasica estrena la nueva carpa de Los Llanos de Aridane"}]},{"@type":"WebSite","@id":"https:\/\/www.aridane.org\/city\/#website","url":"https:\/\/www.aridane.org\/city\/","name":"Ayuntamiento de Los Llanos de Aridane","description":"","potentialAction":[{"@type":"SearchAction","target":{"@type":"EntryPoint","urlTemplate":"https:\/\/www.aridane.org\/city\/?s={search_term_string}"},"query-input":"required name=search_term_string"}],"inLanguage":"es"},{"@type":"Person","@id":"https:\/\/www.aridane.org\/city\/#\/schema\/person\/7d352ec7f29881716f298394432e7209","name":"Richard Diaz","image":{"@type":"ImageObject","inLanguage":"es","@id":"https:\/\/www.aridane.org\/city\/#\/schema\/person\/image\/","url":"https:\/\/secure.gravatar.com\/avatar\/bacd6aefc26a4a204943090a4c596cd10f0857081ef3cfd12084a70ecb3161d5?s=96&d=mm&r=g","contentUrl":"https:\/\/secure.gravatar.com\/avatar\/bacd6aefc26a4a204943090a4c596cd10f0857081ef3cfd12084a70ecb3161d5?s=96&d=mm&r=g","caption":"Richard Diaz"},"sameAs":["https:\/\/www.aridane.org\/city"],"url":"https:\/\/www.aridane.org\/city\/author\/richard-diaz\/"}]}},"_links":{"self":[{"href":"https:\/\/www.aridane.org\/city\/wp-json\/wp\/v2\/posts\/353","targetHints":{"allow":["GET"]}}],"collection":[{"href":"https:\/\/www.aridane.org\/city\/wp-json\/wp\/v2\/posts"}],"about":[{"href":"https:\/\/www.aridane.org\/city\/wp-json\/wp\/v2\/types\/post"}],"author":[{"embeddable":true,"href":"https:\/\/www.aridane.org\/city\/wp-json\/wp\/v2\/users\/1"}],"replies":[{"embeddable":true,"href":"https:\/\/www.aridane.org\/city\/wp-json\/wp\/v2\/comments?post=353"}],"version-history":[{"count":0,"href":"https:\/\/www.aridane.org\/city\/wp-json\/wp\/v2\/posts\/353\/revisions"}],"wp:attachment":[{"href":"https:\/\/www.aridane.org\/city\/wp-json\/wp\/v2\/media?parent=353"}],"wp:term":[{"taxonomy":"category","embeddable":true,"href":"https:\/\/www.aridane.org\/city\/wp-json\/wp\/v2\/categories?post=353"},{"taxonomy":"post_tag","embeddable":true,"href":"https:\/\/www.aridane.org\/city\/wp-json\/wp\/v2\/tags?post=353"}],"curies":[{"name":"wp","href":"https:\/\/api.w.org\/{rel}","templated":true}]}}