{"id":3532,"date":"2024-03-06T21:13:39","date_gmt":"2024-03-06T21:13:39","guid":{"rendered":"https:\/\/www.aridane.org\/city\/?p=3532"},"modified":"2024-03-07T21:14:34","modified_gmt":"2024-03-07T21:14:34","slug":"los-llanos-de-aridane-acoge-la-iv-edicion-del-festival-de-ilustracion-bolboreta","status":"publish","type":"post","link":"https:\/\/www.aridane.org\/city\/2024\/03\/06\/los-llanos-de-aridane-acoge-la-iv-edicion-del-festival-de-ilustracion-bolboreta\/","title":{"rendered":"Los Llanos de Aridane acoge la IV edici\u00f3n del Festival de Ilustraci\u00f3n Bolboreta"},"content":{"rendered":"<p><em>Se trata de un evento especialmente orientado al p\u00fablico infantil y juvenil y a los profesionales de este sector<\/em><br \/>\n<!--more--><\/p>\n<div id=\"v1forwardbody1\">\n<p>La Casa de la Cultura de Los Llanos de Aridane acoge del viernes 19 al domingo 21 de abril la cuarta edici\u00f3n del Festival de Ilustraci\u00f3n Bolboreta, un atractivo evento orientado al p\u00fablico infantil y juvenil y a los profesionales vinculados a este sector.<\/p>\n<p>La concejala de Cultura, Marlene Gonz\u00e1lez, anima a la ciudadan\u00eda a participar en el festival. \u201cQueremos conseguir que los invitados se sientan como en casa y que disfruten, junto a los asistentes, de una experiencia \u00fanica. La calidad de la programaci\u00f3n volver\u00e1 a ser una de sus se\u00f1as de identidad\u201d, apunta<\/p>\n<p>Esta cuarta edici\u00f3n girar\u00e1 en torno a tres grandes editoriales:\u00a0<em>A buen paso<\/em>,\u00a0<em>Akiara Books<\/em>\u00a0y\u00a0<em>Diego Pun Ediciones<\/em>. Todas ellas se caracterizan por la enorme calidad de los libros que editan, por el mimo y compromiso que ponen en lo que hacen y por el cuidado de su fondo editorial.<\/p>\n<p>En el evento se podr\u00e1 disfrutar de mesas redondas que girar\u00e1n en torno al proceso de creaci\u00f3n de libros \u00e1lbum, donde se dar\u00e1n a conocer las experiencias de escritores, ilustradores, como Luciano Lozano, Raquel Catalina y V\u00edctor Jaubert, y editores. Los asistentes podr\u00e1n descubrir c\u00f3mo es el proceso de gestaci\u00f3n de un libro \u00e1lbum, desde la idea hasta que llega a las librer\u00edas.<\/p>\n<p>Tambi\u00e9n en estos talleres quienes vayan deber\u00e1n coger el l\u00e1piz pues tendr\u00e1n una parte pr\u00e1ctica. Adem\u00e1s, V\u00edctor Jaubert embellecer\u00e1 (dibujando y pintando en directo) una de las paredes del municipio con uno de los \u00faltimos personajes que ha ilustrado.<\/p>\n<p>El festival arrancar\u00e1 el viernes en la plaza con un espect\u00e1culo de Javier Gonz\u00e1lez al que acudir\u00e1n diferentes colegios de Los Llanos. Los alumnos disfrutar\u00e1n con un recital de poemas infantiles y juveniles, y la proyecci\u00f3n simult\u00e1nea de las ilustraciones que ellos mismos habr\u00e1n creado con anterioridad.<\/p>\n<p>El s\u00e1bado por la ma\u00f1ana habr\u00e1 otro acto dirigido al p\u00fablico infantil, un Cuentacuentos Musical a cargo de Cristina Quesada. Posteriormente, habr\u00e1 tiempo para m\u00e1s m\u00fasica con Dj 22 y para la narraci\u00f3n oral con \u201cY mir\u00e9 atr\u00e1s\u201d (Una geograf\u00eda narrada sobre mujeres de sal) de Alicia Bulul\u00fa.<\/p>\n<p>Finalmente, el domingo 21 el ciclo se cierra con la revisi\u00f3n de portfolios y proyectos por parte de varios editores. Esto es algo que, en Canarias, s\u00f3lo se realiza en este festival. La propuesta cuenta con el apoyo del Excmo. Ayto. de Los Llanos de Aridane y el Cabildo de La Palma, entre otros.<\/p>\n<\/div>\n","protected":false},"excerpt":{"rendered":"<p>Se trata de un evento especialmente orientado al p\u00fablico infantil y juvenil y a los profesionales de este sector<\/p>\n","protected":false},"author":4,"featured_media":3533,"comment_status":"open","ping_status":"open","sticky":false,"template":"","format":"standard","meta":{"footnotes":""},"categories":[1],"tags":[],"class_list":["post-3532","post","type-post","status-publish","format-standard","has-post-thumbnail","hentry","category-sin-categoria"],"yoast_head":"<!-- This site is optimized with the Yoast SEO plugin v22.7 - https:\/\/yoast.com\/wordpress\/plugins\/seo\/ -->\n<title>Los Llanos de Aridane acoge la IV edici\u00f3n del Festival de Ilustraci\u00f3n Bolboreta - Ayuntamiento de Los Llanos de Aridane<\/title>\n<meta name=\"robots\" content=\"index, follow, max-snippet:-1, max-image-preview:large, max-video-preview:-1\" \/>\n<link rel=\"canonical\" href=\"https:\/\/www.aridane.org\/city\/2024\/03\/06\/los-llanos-de-aridane-acoge-la-iv-edicion-del-festival-de-ilustracion-bolboreta\/\" \/>\n<meta property=\"og:locale\" content=\"es_ES\" \/>\n<meta property=\"og:type\" content=\"article\" \/>\n<meta property=\"og:title\" content=\"Los Llanos de Aridane acoge la IV edici\u00f3n del Festival de Ilustraci\u00f3n Bolboreta - Ayuntamiento de Los Llanos de Aridane\" \/>\n<meta property=\"og:description\" content=\"Se trata de un evento especialmente orientado al p\u00fablico infantil y juvenil y a los profesionales de este sector\" \/>\n<meta property=\"og:url\" content=\"https:\/\/www.aridane.org\/city\/2024\/03\/06\/los-llanos-de-aridane-acoge-la-iv-edicion-del-festival-de-ilustracion-bolboreta\/\" \/>\n<meta property=\"og:site_name\" content=\"Ayuntamiento de Los Llanos de Aridane\" \/>\n<meta property=\"article:published_time\" content=\"2024-03-06T21:13:39+00:00\" \/>\n<meta property=\"article:modified_time\" content=\"2024-03-07T21:14:34+00:00\" \/>\n<meta property=\"og:image\" content=\"https:\/\/www.aridane.org\/city\/wp-content\/uploads\/2024\/03\/Bolboreta.jpeg\" \/>\n\t<meta property=\"og:image:width\" content=\"1600\" \/>\n\t<meta property=\"og:image:height\" content=\"1556\" \/>\n\t<meta property=\"og:image:type\" content=\"image\/jpeg\" \/>\n<meta name=\"author\" content=\"Corresponsal\" \/>\n<meta name=\"twitter:card\" content=\"summary_large_image\" \/>\n<meta name=\"twitter:label1\" content=\"Escrito por\" \/>\n\t<meta name=\"twitter:data1\" content=\"Corresponsal\" \/>\n\t<meta name=\"twitter:label2\" content=\"Tiempo de lectura\" \/>\n\t<meta name=\"twitter:data2\" content=\"3 minutos\" \/>\n<script type=\"application\/ld+json\" class=\"yoast-schema-graph\">{\"@context\":\"https:\/\/schema.org\",\"@graph\":[{\"@type\":\"WebPage\",\"@id\":\"https:\/\/www.aridane.org\/city\/2024\/03\/06\/los-llanos-de-aridane-acoge-la-iv-edicion-del-festival-de-ilustracion-bolboreta\/\",\"url\":\"https:\/\/www.aridane.org\/city\/2024\/03\/06\/los-llanos-de-aridane-acoge-la-iv-edicion-del-festival-de-ilustracion-bolboreta\/\",\"name\":\"Los Llanos de Aridane acoge la IV edici\u00f3n del Festival de Ilustraci\u00f3n Bolboreta - Ayuntamiento de Los Llanos de Aridane\",\"isPartOf\":{\"@id\":\"https:\/\/www.aridane.org\/city\/#website\"},\"primaryImageOfPage\":{\"@id\":\"https:\/\/www.aridane.org\/city\/2024\/03\/06\/los-llanos-de-aridane-acoge-la-iv-edicion-del-festival-de-ilustracion-bolboreta\/#primaryimage\"},\"image\":{\"@id\":\"https:\/\/www.aridane.org\/city\/2024\/03\/06\/los-llanos-de-aridane-acoge-la-iv-edicion-del-festival-de-ilustracion-bolboreta\/#primaryimage\"},\"thumbnailUrl\":\"https:\/\/www.aridane.org\/city\/wp-content\/uploads\/2024\/03\/Bolboreta.jpeg\",\"datePublished\":\"2024-03-06T21:13:39+00:00\",\"dateModified\":\"2024-03-07T21:14:34+00:00\",\"author\":{\"@id\":\"https:\/\/www.aridane.org\/city\/#\/schema\/person\/89ebd376b223dc94cc1dbcf200c8e6da\"},\"breadcrumb\":{\"@id\":\"https:\/\/www.aridane.org\/city\/2024\/03\/06\/los-llanos-de-aridane-acoge-la-iv-edicion-del-festival-de-ilustracion-bolboreta\/#breadcrumb\"},\"inLanguage\":\"es\",\"potentialAction\":[{\"@type\":\"ReadAction\",\"target\":[\"https:\/\/www.aridane.org\/city\/2024\/03\/06\/los-llanos-de-aridane-acoge-la-iv-edicion-del-festival-de-ilustracion-bolboreta\/\"]}]},{\"@type\":\"ImageObject\",\"inLanguage\":\"es\",\"@id\":\"https:\/\/www.aridane.org\/city\/2024\/03\/06\/los-llanos-de-aridane-acoge-la-iv-edicion-del-festival-de-ilustracion-bolboreta\/#primaryimage\",\"url\":\"https:\/\/www.aridane.org\/city\/wp-content\/uploads\/2024\/03\/Bolboreta.jpeg\",\"contentUrl\":\"https:\/\/www.aridane.org\/city\/wp-content\/uploads\/2024\/03\/Bolboreta.jpeg\",\"width\":1600,\"height\":1556},{\"@type\":\"BreadcrumbList\",\"@id\":\"https:\/\/www.aridane.org\/city\/2024\/03\/06\/los-llanos-de-aridane-acoge-la-iv-edicion-del-festival-de-ilustracion-bolboreta\/#breadcrumb\",\"itemListElement\":[{\"@type\":\"ListItem\",\"position\":1,\"name\":\"Portada\",\"item\":\"https:\/\/www.aridane.org\/city\/\"},{\"@type\":\"ListItem\",\"position\":2,\"name\":\"Los Llanos de Aridane acoge la IV edici\u00f3n del Festival de Ilustraci\u00f3n Bolboreta\"}]},{\"@type\":\"WebSite\",\"@id\":\"https:\/\/www.aridane.org\/city\/#website\",\"url\":\"https:\/\/www.aridane.org\/city\/\",\"name\":\"Ayuntamiento de Los Llanos de Aridane\",\"description\":\"\",\"potentialAction\":[{\"@type\":\"SearchAction\",\"target\":{\"@type\":\"EntryPoint\",\"urlTemplate\":\"https:\/\/www.aridane.org\/city\/?s={search_term_string}\"},\"query-input\":\"required name=search_term_string\"}],\"inLanguage\":\"es\"},{\"@type\":\"Person\",\"@id\":\"https:\/\/www.aridane.org\/city\/#\/schema\/person\/89ebd376b223dc94cc1dbcf200c8e6da\",\"name\":\"Corresponsal\",\"image\":{\"@type\":\"ImageObject\",\"inLanguage\":\"es\",\"@id\":\"https:\/\/www.aridane.org\/city\/#\/schema\/person\/image\/\",\"url\":\"https:\/\/secure.gravatar.com\/avatar\/1c476992411e4ccf153da63b2b2f5ea0bb4cb1c85f3ceab8512f04325ad5579c?s=96&d=mm&r=g\",\"contentUrl\":\"https:\/\/secure.gravatar.com\/avatar\/1c476992411e4ccf153da63b2b2f5ea0bb4cb1c85f3ceab8512f04325ad5579c?s=96&d=mm&r=g\",\"caption\":\"Corresponsal\"},\"url\":\"https:\/\/www.aridane.org\/city\/author\/corresponsal\/\"}]}<\/script>\n<!-- \/ Yoast SEO plugin. -->","yoast_head_json":{"title":"Los Llanos de Aridane acoge la IV edici\u00f3n del Festival de Ilustraci\u00f3n Bolboreta - Ayuntamiento de Los Llanos de Aridane","robots":{"index":"index","follow":"follow","max-snippet":"max-snippet:-1","max-image-preview":"max-image-preview:large","max-video-preview":"max-video-preview:-1"},"canonical":"https:\/\/www.aridane.org\/city\/2024\/03\/06\/los-llanos-de-aridane-acoge-la-iv-edicion-del-festival-de-ilustracion-bolboreta\/","og_locale":"es_ES","og_type":"article","og_title":"Los Llanos de Aridane acoge la IV edici\u00f3n del Festival de Ilustraci\u00f3n Bolboreta - Ayuntamiento de Los Llanos de Aridane","og_description":"Se trata de un evento especialmente orientado al p\u00fablico infantil y juvenil y a los profesionales de este sector","og_url":"https:\/\/www.aridane.org\/city\/2024\/03\/06\/los-llanos-de-aridane-acoge-la-iv-edicion-del-festival-de-ilustracion-bolboreta\/","og_site_name":"Ayuntamiento de Los Llanos de Aridane","article_published_time":"2024-03-06T21:13:39+00:00","article_modified_time":"2024-03-07T21:14:34+00:00","og_image":[{"width":1600,"height":1556,"url":"https:\/\/www.aridane.org\/city\/wp-content\/uploads\/2024\/03\/Bolboreta.jpeg","type":"image\/jpeg"}],"author":"Corresponsal","twitter_card":"summary_large_image","twitter_misc":{"Escrito por":"Corresponsal","Tiempo de lectura":"3 minutos"},"schema":{"@context":"https:\/\/schema.org","@graph":[{"@type":"WebPage","@id":"https:\/\/www.aridane.org\/city\/2024\/03\/06\/los-llanos-de-aridane-acoge-la-iv-edicion-del-festival-de-ilustracion-bolboreta\/","url":"https:\/\/www.aridane.org\/city\/2024\/03\/06\/los-llanos-de-aridane-acoge-la-iv-edicion-del-festival-de-ilustracion-bolboreta\/","name":"Los Llanos de Aridane acoge la IV edici\u00f3n del Festival de Ilustraci\u00f3n Bolboreta - Ayuntamiento de Los Llanos de Aridane","isPartOf":{"@id":"https:\/\/www.aridane.org\/city\/#website"},"primaryImageOfPage":{"@id":"https:\/\/www.aridane.org\/city\/2024\/03\/06\/los-llanos-de-aridane-acoge-la-iv-edicion-del-festival-de-ilustracion-bolboreta\/#primaryimage"},"image":{"@id":"https:\/\/www.aridane.org\/city\/2024\/03\/06\/los-llanos-de-aridane-acoge-la-iv-edicion-del-festival-de-ilustracion-bolboreta\/#primaryimage"},"thumbnailUrl":"https:\/\/www.aridane.org\/city\/wp-content\/uploads\/2024\/03\/Bolboreta.jpeg","datePublished":"2024-03-06T21:13:39+00:00","dateModified":"2024-03-07T21:14:34+00:00","author":{"@id":"https:\/\/www.aridane.org\/city\/#\/schema\/person\/89ebd376b223dc94cc1dbcf200c8e6da"},"breadcrumb":{"@id":"https:\/\/www.aridane.org\/city\/2024\/03\/06\/los-llanos-de-aridane-acoge-la-iv-edicion-del-festival-de-ilustracion-bolboreta\/#breadcrumb"},"inLanguage":"es","potentialAction":[{"@type":"ReadAction","target":["https:\/\/www.aridane.org\/city\/2024\/03\/06\/los-llanos-de-aridane-acoge-la-iv-edicion-del-festival-de-ilustracion-bolboreta\/"]}]},{"@type":"ImageObject","inLanguage":"es","@id":"https:\/\/www.aridane.org\/city\/2024\/03\/06\/los-llanos-de-aridane-acoge-la-iv-edicion-del-festival-de-ilustracion-bolboreta\/#primaryimage","url":"https:\/\/www.aridane.org\/city\/wp-content\/uploads\/2024\/03\/Bolboreta.jpeg","contentUrl":"https:\/\/www.aridane.org\/city\/wp-content\/uploads\/2024\/03\/Bolboreta.jpeg","width":1600,"height":1556},{"@type":"BreadcrumbList","@id":"https:\/\/www.aridane.org\/city\/2024\/03\/06\/los-llanos-de-aridane-acoge-la-iv-edicion-del-festival-de-ilustracion-bolboreta\/#breadcrumb","itemListElement":[{"@type":"ListItem","position":1,"name":"Portada","item":"https:\/\/www.aridane.org\/city\/"},{"@type":"ListItem","position":2,"name":"Los Llanos de Aridane acoge la IV edici\u00f3n del Festival de Ilustraci\u00f3n Bolboreta"}]},{"@type":"WebSite","@id":"https:\/\/www.aridane.org\/city\/#website","url":"https:\/\/www.aridane.org\/city\/","name":"Ayuntamiento de Los Llanos de Aridane","description":"","potentialAction":[{"@type":"SearchAction","target":{"@type":"EntryPoint","urlTemplate":"https:\/\/www.aridane.org\/city\/?s={search_term_string}"},"query-input":"required name=search_term_string"}],"inLanguage":"es"},{"@type":"Person","@id":"https:\/\/www.aridane.org\/city\/#\/schema\/person\/89ebd376b223dc94cc1dbcf200c8e6da","name":"Corresponsal","image":{"@type":"ImageObject","inLanguage":"es","@id":"https:\/\/www.aridane.org\/city\/#\/schema\/person\/image\/","url":"https:\/\/secure.gravatar.com\/avatar\/1c476992411e4ccf153da63b2b2f5ea0bb4cb1c85f3ceab8512f04325ad5579c?s=96&d=mm&r=g","contentUrl":"https:\/\/secure.gravatar.com\/avatar\/1c476992411e4ccf153da63b2b2f5ea0bb4cb1c85f3ceab8512f04325ad5579c?s=96&d=mm&r=g","caption":"Corresponsal"},"url":"https:\/\/www.aridane.org\/city\/author\/corresponsal\/"}]}},"_links":{"self":[{"href":"https:\/\/www.aridane.org\/city\/wp-json\/wp\/v2\/posts\/3532","targetHints":{"allow":["GET"]}}],"collection":[{"href":"https:\/\/www.aridane.org\/city\/wp-json\/wp\/v2\/posts"}],"about":[{"href":"https:\/\/www.aridane.org\/city\/wp-json\/wp\/v2\/types\/post"}],"author":[{"embeddable":true,"href":"https:\/\/www.aridane.org\/city\/wp-json\/wp\/v2\/users\/4"}],"replies":[{"embeddable":true,"href":"https:\/\/www.aridane.org\/city\/wp-json\/wp\/v2\/comments?post=3532"}],"version-history":[{"count":1,"href":"https:\/\/www.aridane.org\/city\/wp-json\/wp\/v2\/posts\/3532\/revisions"}],"predecessor-version":[{"id":3534,"href":"https:\/\/www.aridane.org\/city\/wp-json\/wp\/v2\/posts\/3532\/revisions\/3534"}],"wp:featuredmedia":[{"embeddable":true,"href":"https:\/\/www.aridane.org\/city\/wp-json\/wp\/v2\/media\/3533"}],"wp:attachment":[{"href":"https:\/\/www.aridane.org\/city\/wp-json\/wp\/v2\/media?parent=3532"}],"wp:term":[{"taxonomy":"category","embeddable":true,"href":"https:\/\/www.aridane.org\/city\/wp-json\/wp\/v2\/categories?post=3532"},{"taxonomy":"post_tag","embeddable":true,"href":"https:\/\/www.aridane.org\/city\/wp-json\/wp\/v2\/tags?post=3532"}],"curies":[{"name":"wp","href":"https:\/\/api.w.org\/{rel}","templated":true}]}}