{"id":3535,"date":"2024-03-07T21:15:34","date_gmt":"2024-03-07T21:15:34","guid":{"rendered":"https:\/\/www.aridane.org\/city\/?p=3535"},"modified":"2024-03-07T21:15:34","modified_gmt":"2024-03-07T21:15:34","slug":"los-llanos-de-aridane-reivindica-el-8m-con-un-nutrido-programa-de-actividades","status":"publish","type":"post","link":"https:\/\/www.aridane.org\/city\/2024\/03\/07\/los-llanos-de-aridane-reivindica-el-8m-con-un-nutrido-programa-de-actividades\/","title":{"rendered":"Los Llanos de Aridane reivindica el 8M con un nutrido programa de actividades"},"content":{"rendered":"<p><em>Adem\u00e1s de los actos de este viernes, el municipio ha organizado un concurso de escaparates, celebrar\u00e1 la gala Mujer Destacada, acoger\u00e1 la Carrera por la Igualdad, entre otras acciones<\/em><!--more--><\/p>\n<p>El Ayuntamiento de Los Llanos de Aridane celebra el D\u00eda Internacional de la Mujer con un programa de actividades en el que destaca la importancia de la igualdad de g\u00e9nero y promueve la participaci\u00f3n activa de la comunidad. Bajo el lema\u00a0<em>En la igualdad sumamos todas las personas<\/em>, el municipio se une por la lucha por los derechos de las mujeres.<\/p>\n<p>Este viernes, 8 de marzo, a las 11:00 horas, ser\u00e1 la manifestaci\u00f3n en la Calle Real junto con los centros educativos del municipio. A las 12:00 horas, el Ayuntamiento llevar\u00e1 a cabo la lectura del manifiesto en la Plaza de Espa\u00f1a, reafirmando el compromiso de la localidad con la igualdad de g\u00e9nero. Tambi\u00e9n se conocer\u00e1 el fallo del concurso de escaparates celebrado en los comercios del municipio.<\/p>\n<p>La concejala de Igualdad, Idaria P\u00e9rez, explica que estas actividades buscan sensibilizar y promover el respeto y la equidad entre toda la ciudadan\u00eda.<\/p>\n<p>\u00abEste a\u00f1o, m\u00e1s que nunca, queremos resaltar la importancia de la igualdad\u201d, apunta P\u00e9rez. \u201cCon estos actos, buscamos involucrar a toda la comunidad en la reflexi\u00f3n sobre la igualdad de g\u00e9nero y fomentar la participaci\u00f3n activa de mujeres y hombres en la construcci\u00f3n de una sociedad m\u00e1s justa e inclusiva\u00bb, a\u00f1ade.<\/p>\n<h2><strong>Un programa donde todas suman<\/strong><\/h2>\n<p>Dentro de la programaci\u00f3n y en colaboraci\u00f3n con la Concejal\u00eda de Comercio, el Ayuntamiento ha lanzado el I Concurso de Escaparates con el objetivo de fomentar la creatividad y desmontar mitos, estereotipos y roles tradicionalmente asignados a las mujeres, como la belleza o el cuidado de otras personas. Este viernes se conocer\u00e1 el fallo del concurso.<\/p>\n<p>Por otro lado, el d\u00eda 9 de marzo, el municipio acoger\u00e1 la primera Carrera por la Igualdad, organizada por el Cabildo de La Palma. La salida ser\u00e1 a las 12:00 horas.<\/p>\n<p>Para el 15 de marzo, a las 20:00 horas, en Plaza de Espa\u00f1a, se llevar\u00e1 a cabo la Gala Mujer Destacada, un evento que reconocer\u00e1 y homenajear\u00e1 a mujeres con papeles relevantes, destacando su contribuci\u00f3n al desarrollo de la sociedad.<\/p>\n<p>Otro de los actos que tiene previsto este programa es la visita nocturna comentada, que se llevar\u00e1 a cabo el 16 de marzo a las 20:00 horas, para explorar los lugares que evocan la presencia y la contribuci\u00f3n de mujeres en la historia de Los Llanos de Aridane, reconociendo su legado y su papel en la construcci\u00f3n de la comunidad.<\/p>\n<p>Asimismo, en la Casa de la Cultura las personas interesadas pueden disfrutar de una serie de creatividades con el lema\u00a0<em>8 mujeres: 8 libros que cambiaron el mundo<\/em>.<\/p>\n","protected":false},"excerpt":{"rendered":"<p>Adem\u00e1s de los actos de este viernes, el municipio ha organizado un concurso de escaparates, celebrar\u00e1 la gala Mujer Destacada, acoger\u00e1 la Carrera por la Igualdad, entre otras acciones<\/p>\n","protected":false},"author":4,"featured_media":3536,"comment_status":"open","ping_status":"open","sticky":false,"template":"","format":"standard","meta":{"footnotes":""},"categories":[1],"tags":[],"class_list":["post-3535","post","type-post","status-publish","format-standard","has-post-thumbnail","hentry","category-sin-categoria"],"yoast_head":"<!-- This site is optimized with the Yoast SEO plugin v22.7 - https:\/\/yoast.com\/wordpress\/plugins\/seo\/ -->\n<title>Los Llanos de Aridane reivindica el 8M con un nutrido programa de actividades - Ayuntamiento de Los Llanos de Aridane<\/title>\n<meta name=\"robots\" content=\"index, follow, max-snippet:-1, max-image-preview:large, max-video-preview:-1\" \/>\n<link rel=\"canonical\" href=\"https:\/\/www.aridane.org\/city\/2024\/03\/07\/los-llanos-de-aridane-reivindica-el-8m-con-un-nutrido-programa-de-actividades\/\" \/>\n<meta property=\"og:locale\" content=\"es_ES\" \/>\n<meta property=\"og:type\" content=\"article\" \/>\n<meta property=\"og:title\" content=\"Los Llanos de Aridane reivindica el 8M con un nutrido programa de actividades - Ayuntamiento de Los Llanos de Aridane\" \/>\n<meta property=\"og:description\" content=\"Adem\u00e1s de los actos de este viernes, el municipio ha organizado un concurso de escaparates, celebrar\u00e1 la gala Mujer Destacada, acoger\u00e1 la Carrera por la Igualdad, entre otras acciones\" \/>\n<meta property=\"og:url\" content=\"https:\/\/www.aridane.org\/city\/2024\/03\/07\/los-llanos-de-aridane-reivindica-el-8m-con-un-nutrido-programa-de-actividades\/\" \/>\n<meta property=\"og:site_name\" content=\"Ayuntamiento de Los Llanos de Aridane\" \/>\n<meta property=\"article:published_time\" content=\"2024-03-07T21:15:34+00:00\" \/>\n<meta property=\"og:image\" content=\"https:\/\/www.aridane.org\/city\/wp-content\/uploads\/2024\/03\/Actos8M.jpeg\" \/>\n\t<meta property=\"og:image:width\" content=\"1565\" \/>\n\t<meta property=\"og:image:height\" content=\"1043\" \/>\n\t<meta property=\"og:image:type\" content=\"image\/jpeg\" \/>\n<meta name=\"author\" content=\"Corresponsal\" \/>\n<meta name=\"twitter:card\" content=\"summary_large_image\" \/>\n<meta name=\"twitter:label1\" content=\"Escrito por\" \/>\n\t<meta name=\"twitter:data1\" content=\"Corresponsal\" \/>\n\t<meta name=\"twitter:label2\" content=\"Tiempo de lectura\" \/>\n\t<meta name=\"twitter:data2\" content=\"3 minutos\" \/>\n<script type=\"application\/ld+json\" class=\"yoast-schema-graph\">{\"@context\":\"https:\/\/schema.org\",\"@graph\":[{\"@type\":\"WebPage\",\"@id\":\"https:\/\/www.aridane.org\/city\/2024\/03\/07\/los-llanos-de-aridane-reivindica-el-8m-con-un-nutrido-programa-de-actividades\/\",\"url\":\"https:\/\/www.aridane.org\/city\/2024\/03\/07\/los-llanos-de-aridane-reivindica-el-8m-con-un-nutrido-programa-de-actividades\/\",\"name\":\"Los Llanos de Aridane reivindica el 8M con un nutrido programa de actividades - Ayuntamiento de Los Llanos de Aridane\",\"isPartOf\":{\"@id\":\"https:\/\/www.aridane.org\/city\/#website\"},\"primaryImageOfPage\":{\"@id\":\"https:\/\/www.aridane.org\/city\/2024\/03\/07\/los-llanos-de-aridane-reivindica-el-8m-con-un-nutrido-programa-de-actividades\/#primaryimage\"},\"image\":{\"@id\":\"https:\/\/www.aridane.org\/city\/2024\/03\/07\/los-llanos-de-aridane-reivindica-el-8m-con-un-nutrido-programa-de-actividades\/#primaryimage\"},\"thumbnailUrl\":\"https:\/\/www.aridane.org\/city\/wp-content\/uploads\/2024\/03\/Actos8M.jpeg\",\"datePublished\":\"2024-03-07T21:15:34+00:00\",\"dateModified\":\"2024-03-07T21:15:34+00:00\",\"author\":{\"@id\":\"https:\/\/www.aridane.org\/city\/#\/schema\/person\/89ebd376b223dc94cc1dbcf200c8e6da\"},\"breadcrumb\":{\"@id\":\"https:\/\/www.aridane.org\/city\/2024\/03\/07\/los-llanos-de-aridane-reivindica-el-8m-con-un-nutrido-programa-de-actividades\/#breadcrumb\"},\"inLanguage\":\"es\",\"potentialAction\":[{\"@type\":\"ReadAction\",\"target\":[\"https:\/\/www.aridane.org\/city\/2024\/03\/07\/los-llanos-de-aridane-reivindica-el-8m-con-un-nutrido-programa-de-actividades\/\"]}]},{\"@type\":\"ImageObject\",\"inLanguage\":\"es\",\"@id\":\"https:\/\/www.aridane.org\/city\/2024\/03\/07\/los-llanos-de-aridane-reivindica-el-8m-con-un-nutrido-programa-de-actividades\/#primaryimage\",\"url\":\"https:\/\/www.aridane.org\/city\/wp-content\/uploads\/2024\/03\/Actos8M.jpeg\",\"contentUrl\":\"https:\/\/www.aridane.org\/city\/wp-content\/uploads\/2024\/03\/Actos8M.jpeg\",\"width\":1565,\"height\":1043},{\"@type\":\"BreadcrumbList\",\"@id\":\"https:\/\/www.aridane.org\/city\/2024\/03\/07\/los-llanos-de-aridane-reivindica-el-8m-con-un-nutrido-programa-de-actividades\/#breadcrumb\",\"itemListElement\":[{\"@type\":\"ListItem\",\"position\":1,\"name\":\"Portada\",\"item\":\"https:\/\/www.aridane.org\/city\/\"},{\"@type\":\"ListItem\",\"position\":2,\"name\":\"Los Llanos de Aridane reivindica el 8M con un nutrido programa de actividades\"}]},{\"@type\":\"WebSite\",\"@id\":\"https:\/\/www.aridane.org\/city\/#website\",\"url\":\"https:\/\/www.aridane.org\/city\/\",\"name\":\"Ayuntamiento de Los Llanos de Aridane\",\"description\":\"\",\"potentialAction\":[{\"@type\":\"SearchAction\",\"target\":{\"@type\":\"EntryPoint\",\"urlTemplate\":\"https:\/\/www.aridane.org\/city\/?s={search_term_string}\"},\"query-input\":\"required name=search_term_string\"}],\"inLanguage\":\"es\"},{\"@type\":\"Person\",\"@id\":\"https:\/\/www.aridane.org\/city\/#\/schema\/person\/89ebd376b223dc94cc1dbcf200c8e6da\",\"name\":\"Corresponsal\",\"image\":{\"@type\":\"ImageObject\",\"inLanguage\":\"es\",\"@id\":\"https:\/\/www.aridane.org\/city\/#\/schema\/person\/image\/\",\"url\":\"https:\/\/secure.gravatar.com\/avatar\/1c476992411e4ccf153da63b2b2f5ea0bb4cb1c85f3ceab8512f04325ad5579c?s=96&d=mm&r=g\",\"contentUrl\":\"https:\/\/secure.gravatar.com\/avatar\/1c476992411e4ccf153da63b2b2f5ea0bb4cb1c85f3ceab8512f04325ad5579c?s=96&d=mm&r=g\",\"caption\":\"Corresponsal\"},\"url\":\"https:\/\/www.aridane.org\/city\/author\/corresponsal\/\"}]}<\/script>\n<!-- \/ Yoast SEO plugin. -->","yoast_head_json":{"title":"Los Llanos de Aridane reivindica el 8M con un nutrido programa de actividades - Ayuntamiento de Los Llanos de Aridane","robots":{"index":"index","follow":"follow","max-snippet":"max-snippet:-1","max-image-preview":"max-image-preview:large","max-video-preview":"max-video-preview:-1"},"canonical":"https:\/\/www.aridane.org\/city\/2024\/03\/07\/los-llanos-de-aridane-reivindica-el-8m-con-un-nutrido-programa-de-actividades\/","og_locale":"es_ES","og_type":"article","og_title":"Los Llanos de Aridane reivindica el 8M con un nutrido programa de actividades - Ayuntamiento de Los Llanos de Aridane","og_description":"Adem\u00e1s de los actos de este viernes, el municipio ha organizado un concurso de escaparates, celebrar\u00e1 la gala Mujer Destacada, acoger\u00e1 la Carrera por la Igualdad, entre otras acciones","og_url":"https:\/\/www.aridane.org\/city\/2024\/03\/07\/los-llanos-de-aridane-reivindica-el-8m-con-un-nutrido-programa-de-actividades\/","og_site_name":"Ayuntamiento de Los Llanos de Aridane","article_published_time":"2024-03-07T21:15:34+00:00","og_image":[{"width":1565,"height":1043,"url":"https:\/\/www.aridane.org\/city\/wp-content\/uploads\/2024\/03\/Actos8M.jpeg","type":"image\/jpeg"}],"author":"Corresponsal","twitter_card":"summary_large_image","twitter_misc":{"Escrito por":"Corresponsal","Tiempo de lectura":"3 minutos"},"schema":{"@context":"https:\/\/schema.org","@graph":[{"@type":"WebPage","@id":"https:\/\/www.aridane.org\/city\/2024\/03\/07\/los-llanos-de-aridane-reivindica-el-8m-con-un-nutrido-programa-de-actividades\/","url":"https:\/\/www.aridane.org\/city\/2024\/03\/07\/los-llanos-de-aridane-reivindica-el-8m-con-un-nutrido-programa-de-actividades\/","name":"Los Llanos de Aridane reivindica el 8M con un nutrido programa de actividades - Ayuntamiento de Los Llanos de Aridane","isPartOf":{"@id":"https:\/\/www.aridane.org\/city\/#website"},"primaryImageOfPage":{"@id":"https:\/\/www.aridane.org\/city\/2024\/03\/07\/los-llanos-de-aridane-reivindica-el-8m-con-un-nutrido-programa-de-actividades\/#primaryimage"},"image":{"@id":"https:\/\/www.aridane.org\/city\/2024\/03\/07\/los-llanos-de-aridane-reivindica-el-8m-con-un-nutrido-programa-de-actividades\/#primaryimage"},"thumbnailUrl":"https:\/\/www.aridane.org\/city\/wp-content\/uploads\/2024\/03\/Actos8M.jpeg","datePublished":"2024-03-07T21:15:34+00:00","dateModified":"2024-03-07T21:15:34+00:00","author":{"@id":"https:\/\/www.aridane.org\/city\/#\/schema\/person\/89ebd376b223dc94cc1dbcf200c8e6da"},"breadcrumb":{"@id":"https:\/\/www.aridane.org\/city\/2024\/03\/07\/los-llanos-de-aridane-reivindica-el-8m-con-un-nutrido-programa-de-actividades\/#breadcrumb"},"inLanguage":"es","potentialAction":[{"@type":"ReadAction","target":["https:\/\/www.aridane.org\/city\/2024\/03\/07\/los-llanos-de-aridane-reivindica-el-8m-con-un-nutrido-programa-de-actividades\/"]}]},{"@type":"ImageObject","inLanguage":"es","@id":"https:\/\/www.aridane.org\/city\/2024\/03\/07\/los-llanos-de-aridane-reivindica-el-8m-con-un-nutrido-programa-de-actividades\/#primaryimage","url":"https:\/\/www.aridane.org\/city\/wp-content\/uploads\/2024\/03\/Actos8M.jpeg","contentUrl":"https:\/\/www.aridane.org\/city\/wp-content\/uploads\/2024\/03\/Actos8M.jpeg","width":1565,"height":1043},{"@type":"BreadcrumbList","@id":"https:\/\/www.aridane.org\/city\/2024\/03\/07\/los-llanos-de-aridane-reivindica-el-8m-con-un-nutrido-programa-de-actividades\/#breadcrumb","itemListElement":[{"@type":"ListItem","position":1,"name":"Portada","item":"https:\/\/www.aridane.org\/city\/"},{"@type":"ListItem","position":2,"name":"Los Llanos de Aridane reivindica el 8M con un nutrido programa de actividades"}]},{"@type":"WebSite","@id":"https:\/\/www.aridane.org\/city\/#website","url":"https:\/\/www.aridane.org\/city\/","name":"Ayuntamiento de Los Llanos de Aridane","description":"","potentialAction":[{"@type":"SearchAction","target":{"@type":"EntryPoint","urlTemplate":"https:\/\/www.aridane.org\/city\/?s={search_term_string}"},"query-input":"required name=search_term_string"}],"inLanguage":"es"},{"@type":"Person","@id":"https:\/\/www.aridane.org\/city\/#\/schema\/person\/89ebd376b223dc94cc1dbcf200c8e6da","name":"Corresponsal","image":{"@type":"ImageObject","inLanguage":"es","@id":"https:\/\/www.aridane.org\/city\/#\/schema\/person\/image\/","url":"https:\/\/secure.gravatar.com\/avatar\/1c476992411e4ccf153da63b2b2f5ea0bb4cb1c85f3ceab8512f04325ad5579c?s=96&d=mm&r=g","contentUrl":"https:\/\/secure.gravatar.com\/avatar\/1c476992411e4ccf153da63b2b2f5ea0bb4cb1c85f3ceab8512f04325ad5579c?s=96&d=mm&r=g","caption":"Corresponsal"},"url":"https:\/\/www.aridane.org\/city\/author\/corresponsal\/"}]}},"_links":{"self":[{"href":"https:\/\/www.aridane.org\/city\/wp-json\/wp\/v2\/posts\/3535","targetHints":{"allow":["GET"]}}],"collection":[{"href":"https:\/\/www.aridane.org\/city\/wp-json\/wp\/v2\/posts"}],"about":[{"href":"https:\/\/www.aridane.org\/city\/wp-json\/wp\/v2\/types\/post"}],"author":[{"embeddable":true,"href":"https:\/\/www.aridane.org\/city\/wp-json\/wp\/v2\/users\/4"}],"replies":[{"embeddable":true,"href":"https:\/\/www.aridane.org\/city\/wp-json\/wp\/v2\/comments?post=3535"}],"version-history":[{"count":1,"href":"https:\/\/www.aridane.org\/city\/wp-json\/wp\/v2\/posts\/3535\/revisions"}],"predecessor-version":[{"id":3537,"href":"https:\/\/www.aridane.org\/city\/wp-json\/wp\/v2\/posts\/3535\/revisions\/3537"}],"wp:featuredmedia":[{"embeddable":true,"href":"https:\/\/www.aridane.org\/city\/wp-json\/wp\/v2\/media\/3536"}],"wp:attachment":[{"href":"https:\/\/www.aridane.org\/city\/wp-json\/wp\/v2\/media?parent=3535"}],"wp:term":[{"taxonomy":"category","embeddable":true,"href":"https:\/\/www.aridane.org\/city\/wp-json\/wp\/v2\/categories?post=3535"},{"taxonomy":"post_tag","embeddable":true,"href":"https:\/\/www.aridane.org\/city\/wp-json\/wp\/v2\/tags?post=3535"}],"curies":[{"name":"wp","href":"https:\/\/api.w.org\/{rel}","templated":true}]}}