{"id":3538,"date":"2024-03-07T21:16:20","date_gmt":"2024-03-07T21:16:20","guid":{"rendered":"https:\/\/www.aridane.org\/city\/?p=3538"},"modified":"2024-03-07T21:16:20","modified_gmt":"2024-03-07T21:16:20","slug":"los-llanos-de-aridane-adjudica-por-primera-vez-el-contrato-de-combustible-para-su-flota-municipal","status":"publish","type":"post","link":"https:\/\/www.aridane.org\/city\/2024\/03\/07\/los-llanos-de-aridane-adjudica-por-primera-vez-el-contrato-de-combustible-para-su-flota-municipal\/","title":{"rendered":"Los Llanos de Aridane adjudica por primera vez el contrato de combustible para su flota municipal"},"content":{"rendered":"<p><em>El concejal de Hacienda, Pablo Almeida, destaca que este hito permite ajustar los gastos municipales en un momento clave para Los Llanos de Aridane\u00a0<\/em><!--more--><\/p>\n<p>El Ayuntamiento de Los Llanos de Aridane adjudica por primera vez el contrato de combustible para su flota municipal. \u201cUn hito\u201d, apunta el concejal de Hacienda, Pablo Almeida, \u201cque permite al Consistorio continuar dando pasos firmes para ajustar los gastos municipales\u201d.<\/p>\n<p>Disa -la empresa ganadora del contrato y una de las de mayor presencia en Canarias y en el municipio- ofertar\u00e1 mejores tarifas para la flota municipal que las del precio comercial cotidiano.<\/p>\n<p>El alcalde de Los Llanos de Aridane, Javier Llamas, explica que este gobierno ha decidido apostar por este tipo de licitaciones para conseguir contratar, de manera plurianual, todos aquellos gastos prioritarios para el funcionamiento del Consistorio.<\/p>\n<p>\u201cUna pol\u00edtica de gasto eficiente se traduce en mejores servicios p\u00fablicos y m\u00e1s oportunidades para generar empleo y actividad econ\u00f3mica, adem\u00e1s que nos da m\u00e1s margen para apostar por otras \u00e1reas y acciones importantes\u201d, a\u00f1ade el alcalde.<\/p>\n<p>En este sentido, Pablo Almeida explica que \u201cLos Llanos de Aridane atraviesa un momento clave, tras la erupci\u00f3n volc\u00e1nica,\u00a0 por lo que nuestro principal objetivo es licitar el mayor n\u00famero de gastos que podamos, impulsando as\u00ed el ahorro municipal\u201d, a\u00f1ade el concejal.<\/p>\n<p>El concejal de Hacienda tambi\u00e9n pone en valor \u201cla transparencia y la eficiencia\u201d del Ayuntamiento con las cuentas p\u00fablicas.<\/p>\n","protected":false},"excerpt":{"rendered":"<p>El concejal de Hacienda, Pablo Almeida, destaca que este hito permite ajustar los gastos municipales en un momento clave para Los Llanos de Aridane\u00a0<\/p>\n","protected":false},"author":4,"featured_media":3539,"comment_status":"open","ping_status":"open","sticky":false,"template":"","format":"standard","meta":{"footnotes":""},"categories":[1],"tags":[],"class_list":["post-3538","post","type-post","status-publish","format-standard","has-post-thumbnail","hentry","category-sin-categoria"],"yoast_head":"<!-- This site is optimized with the Yoast SEO plugin v22.7 - https:\/\/yoast.com\/wordpress\/plugins\/seo\/ -->\n<title>Los Llanos de Aridane adjudica por primera vez el contrato de combustible para su flota municipal - Ayuntamiento de Los Llanos de Aridane<\/title>\n<meta name=\"robots\" content=\"index, follow, max-snippet:-1, max-image-preview:large, max-video-preview:-1\" \/>\n<link rel=\"canonical\" href=\"https:\/\/www.aridane.org\/city\/2024\/03\/07\/los-llanos-de-aridane-adjudica-por-primera-vez-el-contrato-de-combustible-para-su-flota-municipal\/\" \/>\n<meta property=\"og:locale\" content=\"es_ES\" \/>\n<meta property=\"og:type\" content=\"article\" \/>\n<meta property=\"og:title\" content=\"Los Llanos de Aridane adjudica por primera vez el contrato de combustible para su flota municipal - Ayuntamiento de Los Llanos de Aridane\" \/>\n<meta property=\"og:description\" content=\"El concejal de Hacienda, Pablo Almeida, destaca que este hito permite ajustar los gastos municipales en un momento clave para Los Llanos de Aridane\u00a0\" \/>\n<meta property=\"og:url\" content=\"https:\/\/www.aridane.org\/city\/2024\/03\/07\/los-llanos-de-aridane-adjudica-por-primera-vez-el-contrato-de-combustible-para-su-flota-municipal\/\" \/>\n<meta property=\"og:site_name\" content=\"Ayuntamiento de Los Llanos de Aridane\" \/>\n<meta property=\"article:published_time\" content=\"2024-03-07T21:16:20+00:00\" \/>\n<meta property=\"og:image\" content=\"https:\/\/www.aridane.org\/city\/wp-content\/uploads\/2024\/03\/Javier-Llamas-y-Pablo-Almeida.jpeg\" \/>\n\t<meta property=\"og:image:width\" content=\"954\" \/>\n\t<meta property=\"og:image:height\" content=\"636\" \/>\n\t<meta property=\"og:image:type\" content=\"image\/jpeg\" \/>\n<meta name=\"author\" content=\"Corresponsal\" \/>\n<meta name=\"twitter:card\" content=\"summary_large_image\" \/>\n<meta name=\"twitter:label1\" content=\"Escrito por\" \/>\n\t<meta name=\"twitter:data1\" content=\"Corresponsal\" \/>\n\t<meta name=\"twitter:label2\" content=\"Tiempo de lectura\" \/>\n\t<meta name=\"twitter:data2\" content=\"2 minutos\" \/>\n<script type=\"application\/ld+json\" class=\"yoast-schema-graph\">{\"@context\":\"https:\/\/schema.org\",\"@graph\":[{\"@type\":\"WebPage\",\"@id\":\"https:\/\/www.aridane.org\/city\/2024\/03\/07\/los-llanos-de-aridane-adjudica-por-primera-vez-el-contrato-de-combustible-para-su-flota-municipal\/\",\"url\":\"https:\/\/www.aridane.org\/city\/2024\/03\/07\/los-llanos-de-aridane-adjudica-por-primera-vez-el-contrato-de-combustible-para-su-flota-municipal\/\",\"name\":\"Los Llanos de Aridane adjudica por primera vez el contrato de combustible para su flota municipal - Ayuntamiento de Los Llanos de Aridane\",\"isPartOf\":{\"@id\":\"https:\/\/www.aridane.org\/city\/#website\"},\"primaryImageOfPage\":{\"@id\":\"https:\/\/www.aridane.org\/city\/2024\/03\/07\/los-llanos-de-aridane-adjudica-por-primera-vez-el-contrato-de-combustible-para-su-flota-municipal\/#primaryimage\"},\"image\":{\"@id\":\"https:\/\/www.aridane.org\/city\/2024\/03\/07\/los-llanos-de-aridane-adjudica-por-primera-vez-el-contrato-de-combustible-para-su-flota-municipal\/#primaryimage\"},\"thumbnailUrl\":\"https:\/\/www.aridane.org\/city\/wp-content\/uploads\/2024\/03\/Javier-Llamas-y-Pablo-Almeida.jpeg\",\"datePublished\":\"2024-03-07T21:16:20+00:00\",\"dateModified\":\"2024-03-07T21:16:20+00:00\",\"author\":{\"@id\":\"https:\/\/www.aridane.org\/city\/#\/schema\/person\/89ebd376b223dc94cc1dbcf200c8e6da\"},\"breadcrumb\":{\"@id\":\"https:\/\/www.aridane.org\/city\/2024\/03\/07\/los-llanos-de-aridane-adjudica-por-primera-vez-el-contrato-de-combustible-para-su-flota-municipal\/#breadcrumb\"},\"inLanguage\":\"es\",\"potentialAction\":[{\"@type\":\"ReadAction\",\"target\":[\"https:\/\/www.aridane.org\/city\/2024\/03\/07\/los-llanos-de-aridane-adjudica-por-primera-vez-el-contrato-de-combustible-para-su-flota-municipal\/\"]}]},{\"@type\":\"ImageObject\",\"inLanguage\":\"es\",\"@id\":\"https:\/\/www.aridane.org\/city\/2024\/03\/07\/los-llanos-de-aridane-adjudica-por-primera-vez-el-contrato-de-combustible-para-su-flota-municipal\/#primaryimage\",\"url\":\"https:\/\/www.aridane.org\/city\/wp-content\/uploads\/2024\/03\/Javier-Llamas-y-Pablo-Almeida.jpeg\",\"contentUrl\":\"https:\/\/www.aridane.org\/city\/wp-content\/uploads\/2024\/03\/Javier-Llamas-y-Pablo-Almeida.jpeg\",\"width\":954,\"height\":636},{\"@type\":\"BreadcrumbList\",\"@id\":\"https:\/\/www.aridane.org\/city\/2024\/03\/07\/los-llanos-de-aridane-adjudica-por-primera-vez-el-contrato-de-combustible-para-su-flota-municipal\/#breadcrumb\",\"itemListElement\":[{\"@type\":\"ListItem\",\"position\":1,\"name\":\"Portada\",\"item\":\"https:\/\/www.aridane.org\/city\/\"},{\"@type\":\"ListItem\",\"position\":2,\"name\":\"Los Llanos de Aridane adjudica por primera vez el contrato de combustible para su flota municipal\"}]},{\"@type\":\"WebSite\",\"@id\":\"https:\/\/www.aridane.org\/city\/#website\",\"url\":\"https:\/\/www.aridane.org\/city\/\",\"name\":\"Ayuntamiento de Los Llanos de Aridane\",\"description\":\"\",\"potentialAction\":[{\"@type\":\"SearchAction\",\"target\":{\"@type\":\"EntryPoint\",\"urlTemplate\":\"https:\/\/www.aridane.org\/city\/?s={search_term_string}\"},\"query-input\":\"required name=search_term_string\"}],\"inLanguage\":\"es\"},{\"@type\":\"Person\",\"@id\":\"https:\/\/www.aridane.org\/city\/#\/schema\/person\/89ebd376b223dc94cc1dbcf200c8e6da\",\"name\":\"Corresponsal\",\"image\":{\"@type\":\"ImageObject\",\"inLanguage\":\"es\",\"@id\":\"https:\/\/www.aridane.org\/city\/#\/schema\/person\/image\/\",\"url\":\"https:\/\/secure.gravatar.com\/avatar\/1c476992411e4ccf153da63b2b2f5ea0bb4cb1c85f3ceab8512f04325ad5579c?s=96&d=mm&r=g\",\"contentUrl\":\"https:\/\/secure.gravatar.com\/avatar\/1c476992411e4ccf153da63b2b2f5ea0bb4cb1c85f3ceab8512f04325ad5579c?s=96&d=mm&r=g\",\"caption\":\"Corresponsal\"},\"url\":\"https:\/\/www.aridane.org\/city\/author\/corresponsal\/\"}]}<\/script>\n<!-- \/ Yoast SEO plugin. -->","yoast_head_json":{"title":"Los Llanos de Aridane adjudica por primera vez el contrato de combustible para su flota municipal - Ayuntamiento de Los Llanos de Aridane","robots":{"index":"index","follow":"follow","max-snippet":"max-snippet:-1","max-image-preview":"max-image-preview:large","max-video-preview":"max-video-preview:-1"},"canonical":"https:\/\/www.aridane.org\/city\/2024\/03\/07\/los-llanos-de-aridane-adjudica-por-primera-vez-el-contrato-de-combustible-para-su-flota-municipal\/","og_locale":"es_ES","og_type":"article","og_title":"Los Llanos de Aridane adjudica por primera vez el contrato de combustible para su flota municipal - Ayuntamiento de Los Llanos de Aridane","og_description":"El concejal de Hacienda, Pablo Almeida, destaca que este hito permite ajustar los gastos municipales en un momento clave para Los Llanos de Aridane\u00a0","og_url":"https:\/\/www.aridane.org\/city\/2024\/03\/07\/los-llanos-de-aridane-adjudica-por-primera-vez-el-contrato-de-combustible-para-su-flota-municipal\/","og_site_name":"Ayuntamiento de Los Llanos de Aridane","article_published_time":"2024-03-07T21:16:20+00:00","og_image":[{"width":954,"height":636,"url":"https:\/\/www.aridane.org\/city\/wp-content\/uploads\/2024\/03\/Javier-Llamas-y-Pablo-Almeida.jpeg","type":"image\/jpeg"}],"author":"Corresponsal","twitter_card":"summary_large_image","twitter_misc":{"Escrito por":"Corresponsal","Tiempo de lectura":"2 minutos"},"schema":{"@context":"https:\/\/schema.org","@graph":[{"@type":"WebPage","@id":"https:\/\/www.aridane.org\/city\/2024\/03\/07\/los-llanos-de-aridane-adjudica-por-primera-vez-el-contrato-de-combustible-para-su-flota-municipal\/","url":"https:\/\/www.aridane.org\/city\/2024\/03\/07\/los-llanos-de-aridane-adjudica-por-primera-vez-el-contrato-de-combustible-para-su-flota-municipal\/","name":"Los Llanos de Aridane adjudica por primera vez el contrato de combustible para su flota municipal - Ayuntamiento de Los Llanos de Aridane","isPartOf":{"@id":"https:\/\/www.aridane.org\/city\/#website"},"primaryImageOfPage":{"@id":"https:\/\/www.aridane.org\/city\/2024\/03\/07\/los-llanos-de-aridane-adjudica-por-primera-vez-el-contrato-de-combustible-para-su-flota-municipal\/#primaryimage"},"image":{"@id":"https:\/\/www.aridane.org\/city\/2024\/03\/07\/los-llanos-de-aridane-adjudica-por-primera-vez-el-contrato-de-combustible-para-su-flota-municipal\/#primaryimage"},"thumbnailUrl":"https:\/\/www.aridane.org\/city\/wp-content\/uploads\/2024\/03\/Javier-Llamas-y-Pablo-Almeida.jpeg","datePublished":"2024-03-07T21:16:20+00:00","dateModified":"2024-03-07T21:16:20+00:00","author":{"@id":"https:\/\/www.aridane.org\/city\/#\/schema\/person\/89ebd376b223dc94cc1dbcf200c8e6da"},"breadcrumb":{"@id":"https:\/\/www.aridane.org\/city\/2024\/03\/07\/los-llanos-de-aridane-adjudica-por-primera-vez-el-contrato-de-combustible-para-su-flota-municipal\/#breadcrumb"},"inLanguage":"es","potentialAction":[{"@type":"ReadAction","target":["https:\/\/www.aridane.org\/city\/2024\/03\/07\/los-llanos-de-aridane-adjudica-por-primera-vez-el-contrato-de-combustible-para-su-flota-municipal\/"]}]},{"@type":"ImageObject","inLanguage":"es","@id":"https:\/\/www.aridane.org\/city\/2024\/03\/07\/los-llanos-de-aridane-adjudica-por-primera-vez-el-contrato-de-combustible-para-su-flota-municipal\/#primaryimage","url":"https:\/\/www.aridane.org\/city\/wp-content\/uploads\/2024\/03\/Javier-Llamas-y-Pablo-Almeida.jpeg","contentUrl":"https:\/\/www.aridane.org\/city\/wp-content\/uploads\/2024\/03\/Javier-Llamas-y-Pablo-Almeida.jpeg","width":954,"height":636},{"@type":"BreadcrumbList","@id":"https:\/\/www.aridane.org\/city\/2024\/03\/07\/los-llanos-de-aridane-adjudica-por-primera-vez-el-contrato-de-combustible-para-su-flota-municipal\/#breadcrumb","itemListElement":[{"@type":"ListItem","position":1,"name":"Portada","item":"https:\/\/www.aridane.org\/city\/"},{"@type":"ListItem","position":2,"name":"Los Llanos de Aridane adjudica por primera vez el contrato de combustible para su flota municipal"}]},{"@type":"WebSite","@id":"https:\/\/www.aridane.org\/city\/#website","url":"https:\/\/www.aridane.org\/city\/","name":"Ayuntamiento de Los Llanos de Aridane","description":"","potentialAction":[{"@type":"SearchAction","target":{"@type":"EntryPoint","urlTemplate":"https:\/\/www.aridane.org\/city\/?s={search_term_string}"},"query-input":"required name=search_term_string"}],"inLanguage":"es"},{"@type":"Person","@id":"https:\/\/www.aridane.org\/city\/#\/schema\/person\/89ebd376b223dc94cc1dbcf200c8e6da","name":"Corresponsal","image":{"@type":"ImageObject","inLanguage":"es","@id":"https:\/\/www.aridane.org\/city\/#\/schema\/person\/image\/","url":"https:\/\/secure.gravatar.com\/avatar\/1c476992411e4ccf153da63b2b2f5ea0bb4cb1c85f3ceab8512f04325ad5579c?s=96&d=mm&r=g","contentUrl":"https:\/\/secure.gravatar.com\/avatar\/1c476992411e4ccf153da63b2b2f5ea0bb4cb1c85f3ceab8512f04325ad5579c?s=96&d=mm&r=g","caption":"Corresponsal"},"url":"https:\/\/www.aridane.org\/city\/author\/corresponsal\/"}]}},"_links":{"self":[{"href":"https:\/\/www.aridane.org\/city\/wp-json\/wp\/v2\/posts\/3538","targetHints":{"allow":["GET"]}}],"collection":[{"href":"https:\/\/www.aridane.org\/city\/wp-json\/wp\/v2\/posts"}],"about":[{"href":"https:\/\/www.aridane.org\/city\/wp-json\/wp\/v2\/types\/post"}],"author":[{"embeddable":true,"href":"https:\/\/www.aridane.org\/city\/wp-json\/wp\/v2\/users\/4"}],"replies":[{"embeddable":true,"href":"https:\/\/www.aridane.org\/city\/wp-json\/wp\/v2\/comments?post=3538"}],"version-history":[{"count":1,"href":"https:\/\/www.aridane.org\/city\/wp-json\/wp\/v2\/posts\/3538\/revisions"}],"predecessor-version":[{"id":3540,"href":"https:\/\/www.aridane.org\/city\/wp-json\/wp\/v2\/posts\/3538\/revisions\/3540"}],"wp:featuredmedia":[{"embeddable":true,"href":"https:\/\/www.aridane.org\/city\/wp-json\/wp\/v2\/media\/3539"}],"wp:attachment":[{"href":"https:\/\/www.aridane.org\/city\/wp-json\/wp\/v2\/media?parent=3538"}],"wp:term":[{"taxonomy":"category","embeddable":true,"href":"https:\/\/www.aridane.org\/city\/wp-json\/wp\/v2\/categories?post=3538"},{"taxonomy":"post_tag","embeddable":true,"href":"https:\/\/www.aridane.org\/city\/wp-json\/wp\/v2\/tags?post=3538"}],"curies":[{"name":"wp","href":"https:\/\/api.w.org\/{rel}","templated":true}]}}