{"id":3558,"date":"2024-03-12T15:22:24","date_gmt":"2024-03-12T15:22:24","guid":{"rendered":"https:\/\/www.aridane.org\/city\/?p=3558"},"modified":"2024-03-12T15:22:24","modified_gmt":"2024-03-12T15:22:24","slug":"comienzan-las-obras-de-recuperacion-de-la-casa-wanguemert","status":"publish","type":"post","link":"https:\/\/www.aridane.org\/city\/2024\/03\/12\/comienzan-las-obras-de-recuperacion-de-la-casa-wanguemert\/","title":{"rendered":"Comienzan las obras de recuperaci\u00f3n de la Casa Wanguemert"},"content":{"rendered":"<p><em>El edificio albergar\u00e1 el Archivo Municipal, una sala de consulta-biblioteca, as\u00ed como salas para conferencias y exposiciones<\/em><!--more--><\/p>\n<p>El Ayuntamiento de Los Llanos de Aridane comienza las obras de recuperaci\u00f3n de la Casa Wanguemert y K\u00e1bana, m\u00e1s conocida como la antigua c\u00e1rcel. Se trata de un enclave importante para revitalizar el centro hist\u00f3rico del municipio.<\/p>\n<p>La concejala de Infraestructuras, Virginia Santaella, valora la importancia de recuperar este espacio, ubicado en pleno centro de la ciudad.<\/p>\n<p>\u201cEstamos hablando de un atractivo tur\u00edstico y cultural de primer nivel. No s\u00f3lo para nuestros vecinos y vecinas, sino para las personas que nos visitan\u201d, apunta la concejal.<\/p>\n<p>Una vez finalizadas las obras, la Casa Wanguemert y K\u00e1bana albergar\u00e1 el Archivo Municipal, donde se tratar\u00e1 la documentaci\u00f3n, zonas de archivo papel y digital, adem\u00e1s de contar con una sala de consulta-biblioteca, as\u00ed como salas para conferencias y exposiciones.<\/p>\n<p>\u201cNuestro Archivo Municipal es una aut\u00e9ntica joya dado que cuenta con una muy rica colecci\u00f3n de documentos. Adem\u00e1s, la recuperaci\u00f3n de la antigua c\u00e1rcel contribuye a embellecer nuestras calles y a cuidar nuestro municipio\u201d, apunta.<\/p>\n<p>La obra cuenta con 1,2 millones de euros de presupuesto enmarcado en el Plan de Sostenibilidad Tur\u00edstica y tendr\u00e1 una duraci\u00f3n aproximada de 18 meses. La semana pasada comenzaron con los trabajos de limpieza, para en los pr\u00f3ximos d\u00edas ejecutar las obras de adecuaci\u00f3n y modernizaci\u00f3n de la infraestructura.<\/p>\n<p>En este sentido, la concejala de Turismo, Inmaculada Fern\u00e1ndez, conf\u00eda en que Los Llanos de Aridane pueda recuperar la Casa Wanguemert y K\u00e1bana cuanto antes. \u201cNos ayudar\u00e1 a diversificar la nutrida oferta tur\u00edstica del municipio, contando con un espacio de alto valor patrimonial y cultural para el disfrute de la ciudadan\u00eda en pleno casco hist\u00f3rico\u201d, a\u00f1ade.<\/p>\n","protected":false},"excerpt":{"rendered":"<p>El edificio albergar\u00e1 el Archivo Municipal, una sala de consulta-biblioteca, as\u00ed como salas para conferencias y exposiciones<\/p>\n","protected":false},"author":4,"featured_media":3559,"comment_status":"open","ping_status":"open","sticky":false,"template":"","format":"standard","meta":{"footnotes":""},"categories":[1],"tags":[],"class_list":["post-3558","post","type-post","status-publish","format-standard","has-post-thumbnail","hentry","category-sin-categoria"],"yoast_head":"<!-- This site is optimized with the Yoast SEO plugin v22.7 - https:\/\/yoast.com\/wordpress\/plugins\/seo\/ -->\n<title>Comienzan las obras de recuperaci\u00f3n de la Casa Wanguemert - Ayuntamiento de Los Llanos de Aridane<\/title>\n<meta name=\"robots\" content=\"index, follow, max-snippet:-1, max-image-preview:large, max-video-preview:-1\" \/>\n<link rel=\"canonical\" href=\"https:\/\/www.aridane.org\/city\/2024\/03\/12\/comienzan-las-obras-de-recuperacion-de-la-casa-wanguemert\/\" \/>\n<meta property=\"og:locale\" content=\"es_ES\" \/>\n<meta property=\"og:type\" content=\"article\" \/>\n<meta property=\"og:title\" content=\"Comienzan las obras de recuperaci\u00f3n de la Casa Wanguemert - Ayuntamiento de Los Llanos de Aridane\" \/>\n<meta property=\"og:description\" content=\"El edificio albergar\u00e1 el Archivo Municipal, una sala de consulta-biblioteca, as\u00ed como salas para conferencias y exposiciones\" \/>\n<meta property=\"og:url\" content=\"https:\/\/www.aridane.org\/city\/2024\/03\/12\/comienzan-las-obras-de-recuperacion-de-la-casa-wanguemert\/\" \/>\n<meta property=\"og:site_name\" content=\"Ayuntamiento de Los Llanos de Aridane\" \/>\n<meta property=\"article:published_time\" content=\"2024-03-12T15:22:24+00:00\" \/>\n<meta property=\"og:image\" content=\"https:\/\/www.aridane.org\/city\/wp-content\/uploads\/2024\/03\/Casa-Wanguemert-scaled.jpeg\" \/>\n\t<meta property=\"og:image:width\" content=\"2560\" \/>\n\t<meta property=\"og:image:height\" content=\"1920\" \/>\n\t<meta property=\"og:image:type\" content=\"image\/jpeg\" \/>\n<meta name=\"author\" content=\"Corresponsal\" \/>\n<meta name=\"twitter:card\" content=\"summary_large_image\" \/>\n<meta name=\"twitter:label1\" content=\"Escrito por\" \/>\n\t<meta name=\"twitter:data1\" content=\"Corresponsal\" \/>\n\t<meta name=\"twitter:label2\" content=\"Tiempo de lectura\" \/>\n\t<meta name=\"twitter:data2\" content=\"2 minutos\" \/>\n<script type=\"application\/ld+json\" class=\"yoast-schema-graph\">{\"@context\":\"https:\/\/schema.org\",\"@graph\":[{\"@type\":\"WebPage\",\"@id\":\"https:\/\/www.aridane.org\/city\/2024\/03\/12\/comienzan-las-obras-de-recuperacion-de-la-casa-wanguemert\/\",\"url\":\"https:\/\/www.aridane.org\/city\/2024\/03\/12\/comienzan-las-obras-de-recuperacion-de-la-casa-wanguemert\/\",\"name\":\"Comienzan las obras de recuperaci\u00f3n de la Casa Wanguemert - Ayuntamiento de Los Llanos de Aridane\",\"isPartOf\":{\"@id\":\"https:\/\/www.aridane.org\/city\/#website\"},\"primaryImageOfPage\":{\"@id\":\"https:\/\/www.aridane.org\/city\/2024\/03\/12\/comienzan-las-obras-de-recuperacion-de-la-casa-wanguemert\/#primaryimage\"},\"image\":{\"@id\":\"https:\/\/www.aridane.org\/city\/2024\/03\/12\/comienzan-las-obras-de-recuperacion-de-la-casa-wanguemert\/#primaryimage\"},\"thumbnailUrl\":\"https:\/\/www.aridane.org\/city\/wp-content\/uploads\/2024\/03\/Casa-Wanguemert-scaled.jpeg\",\"datePublished\":\"2024-03-12T15:22:24+00:00\",\"dateModified\":\"2024-03-12T15:22:24+00:00\",\"author\":{\"@id\":\"https:\/\/www.aridane.org\/city\/#\/schema\/person\/89ebd376b223dc94cc1dbcf200c8e6da\"},\"breadcrumb\":{\"@id\":\"https:\/\/www.aridane.org\/city\/2024\/03\/12\/comienzan-las-obras-de-recuperacion-de-la-casa-wanguemert\/#breadcrumb\"},\"inLanguage\":\"es\",\"potentialAction\":[{\"@type\":\"ReadAction\",\"target\":[\"https:\/\/www.aridane.org\/city\/2024\/03\/12\/comienzan-las-obras-de-recuperacion-de-la-casa-wanguemert\/\"]}]},{\"@type\":\"ImageObject\",\"inLanguage\":\"es\",\"@id\":\"https:\/\/www.aridane.org\/city\/2024\/03\/12\/comienzan-las-obras-de-recuperacion-de-la-casa-wanguemert\/#primaryimage\",\"url\":\"https:\/\/www.aridane.org\/city\/wp-content\/uploads\/2024\/03\/Casa-Wanguemert-scaled.jpeg\",\"contentUrl\":\"https:\/\/www.aridane.org\/city\/wp-content\/uploads\/2024\/03\/Casa-Wanguemert-scaled.jpeg\",\"width\":2560,\"height\":1920},{\"@type\":\"BreadcrumbList\",\"@id\":\"https:\/\/www.aridane.org\/city\/2024\/03\/12\/comienzan-las-obras-de-recuperacion-de-la-casa-wanguemert\/#breadcrumb\",\"itemListElement\":[{\"@type\":\"ListItem\",\"position\":1,\"name\":\"Portada\",\"item\":\"https:\/\/www.aridane.org\/city\/\"},{\"@type\":\"ListItem\",\"position\":2,\"name\":\"Comienzan las obras de recuperaci\u00f3n de la Casa Wanguemert\"}]},{\"@type\":\"WebSite\",\"@id\":\"https:\/\/www.aridane.org\/city\/#website\",\"url\":\"https:\/\/www.aridane.org\/city\/\",\"name\":\"Ayuntamiento de Los Llanos de Aridane\",\"description\":\"\",\"potentialAction\":[{\"@type\":\"SearchAction\",\"target\":{\"@type\":\"EntryPoint\",\"urlTemplate\":\"https:\/\/www.aridane.org\/city\/?s={search_term_string}\"},\"query-input\":\"required name=search_term_string\"}],\"inLanguage\":\"es\"},{\"@type\":\"Person\",\"@id\":\"https:\/\/www.aridane.org\/city\/#\/schema\/person\/89ebd376b223dc94cc1dbcf200c8e6da\",\"name\":\"Corresponsal\",\"image\":{\"@type\":\"ImageObject\",\"inLanguage\":\"es\",\"@id\":\"https:\/\/www.aridane.org\/city\/#\/schema\/person\/image\/\",\"url\":\"https:\/\/secure.gravatar.com\/avatar\/1c476992411e4ccf153da63b2b2f5ea0bb4cb1c85f3ceab8512f04325ad5579c?s=96&d=mm&r=g\",\"contentUrl\":\"https:\/\/secure.gravatar.com\/avatar\/1c476992411e4ccf153da63b2b2f5ea0bb4cb1c85f3ceab8512f04325ad5579c?s=96&d=mm&r=g\",\"caption\":\"Corresponsal\"},\"url\":\"https:\/\/www.aridane.org\/city\/author\/corresponsal\/\"}]}<\/script>\n<!-- \/ Yoast SEO plugin. -->","yoast_head_json":{"title":"Comienzan las obras de recuperaci\u00f3n de la Casa Wanguemert - Ayuntamiento de Los Llanos de Aridane","robots":{"index":"index","follow":"follow","max-snippet":"max-snippet:-1","max-image-preview":"max-image-preview:large","max-video-preview":"max-video-preview:-1"},"canonical":"https:\/\/www.aridane.org\/city\/2024\/03\/12\/comienzan-las-obras-de-recuperacion-de-la-casa-wanguemert\/","og_locale":"es_ES","og_type":"article","og_title":"Comienzan las obras de recuperaci\u00f3n de la Casa Wanguemert - Ayuntamiento de Los Llanos de Aridane","og_description":"El edificio albergar\u00e1 el Archivo Municipal, una sala de consulta-biblioteca, as\u00ed como salas para conferencias y exposiciones","og_url":"https:\/\/www.aridane.org\/city\/2024\/03\/12\/comienzan-las-obras-de-recuperacion-de-la-casa-wanguemert\/","og_site_name":"Ayuntamiento de Los Llanos de Aridane","article_published_time":"2024-03-12T15:22:24+00:00","og_image":[{"width":2560,"height":1920,"url":"https:\/\/www.aridane.org\/city\/wp-content\/uploads\/2024\/03\/Casa-Wanguemert-scaled.jpeg","type":"image\/jpeg"}],"author":"Corresponsal","twitter_card":"summary_large_image","twitter_misc":{"Escrito por":"Corresponsal","Tiempo de lectura":"2 minutos"},"schema":{"@context":"https:\/\/schema.org","@graph":[{"@type":"WebPage","@id":"https:\/\/www.aridane.org\/city\/2024\/03\/12\/comienzan-las-obras-de-recuperacion-de-la-casa-wanguemert\/","url":"https:\/\/www.aridane.org\/city\/2024\/03\/12\/comienzan-las-obras-de-recuperacion-de-la-casa-wanguemert\/","name":"Comienzan las obras de recuperaci\u00f3n de la Casa Wanguemert - Ayuntamiento de Los Llanos de Aridane","isPartOf":{"@id":"https:\/\/www.aridane.org\/city\/#website"},"primaryImageOfPage":{"@id":"https:\/\/www.aridane.org\/city\/2024\/03\/12\/comienzan-las-obras-de-recuperacion-de-la-casa-wanguemert\/#primaryimage"},"image":{"@id":"https:\/\/www.aridane.org\/city\/2024\/03\/12\/comienzan-las-obras-de-recuperacion-de-la-casa-wanguemert\/#primaryimage"},"thumbnailUrl":"https:\/\/www.aridane.org\/city\/wp-content\/uploads\/2024\/03\/Casa-Wanguemert-scaled.jpeg","datePublished":"2024-03-12T15:22:24+00:00","dateModified":"2024-03-12T15:22:24+00:00","author":{"@id":"https:\/\/www.aridane.org\/city\/#\/schema\/person\/89ebd376b223dc94cc1dbcf200c8e6da"},"breadcrumb":{"@id":"https:\/\/www.aridane.org\/city\/2024\/03\/12\/comienzan-las-obras-de-recuperacion-de-la-casa-wanguemert\/#breadcrumb"},"inLanguage":"es","potentialAction":[{"@type":"ReadAction","target":["https:\/\/www.aridane.org\/city\/2024\/03\/12\/comienzan-las-obras-de-recuperacion-de-la-casa-wanguemert\/"]}]},{"@type":"ImageObject","inLanguage":"es","@id":"https:\/\/www.aridane.org\/city\/2024\/03\/12\/comienzan-las-obras-de-recuperacion-de-la-casa-wanguemert\/#primaryimage","url":"https:\/\/www.aridane.org\/city\/wp-content\/uploads\/2024\/03\/Casa-Wanguemert-scaled.jpeg","contentUrl":"https:\/\/www.aridane.org\/city\/wp-content\/uploads\/2024\/03\/Casa-Wanguemert-scaled.jpeg","width":2560,"height":1920},{"@type":"BreadcrumbList","@id":"https:\/\/www.aridane.org\/city\/2024\/03\/12\/comienzan-las-obras-de-recuperacion-de-la-casa-wanguemert\/#breadcrumb","itemListElement":[{"@type":"ListItem","position":1,"name":"Portada","item":"https:\/\/www.aridane.org\/city\/"},{"@type":"ListItem","position":2,"name":"Comienzan las obras de recuperaci\u00f3n de la Casa Wanguemert"}]},{"@type":"WebSite","@id":"https:\/\/www.aridane.org\/city\/#website","url":"https:\/\/www.aridane.org\/city\/","name":"Ayuntamiento de Los Llanos de Aridane","description":"","potentialAction":[{"@type":"SearchAction","target":{"@type":"EntryPoint","urlTemplate":"https:\/\/www.aridane.org\/city\/?s={search_term_string}"},"query-input":"required name=search_term_string"}],"inLanguage":"es"},{"@type":"Person","@id":"https:\/\/www.aridane.org\/city\/#\/schema\/person\/89ebd376b223dc94cc1dbcf200c8e6da","name":"Corresponsal","image":{"@type":"ImageObject","inLanguage":"es","@id":"https:\/\/www.aridane.org\/city\/#\/schema\/person\/image\/","url":"https:\/\/secure.gravatar.com\/avatar\/1c476992411e4ccf153da63b2b2f5ea0bb4cb1c85f3ceab8512f04325ad5579c?s=96&d=mm&r=g","contentUrl":"https:\/\/secure.gravatar.com\/avatar\/1c476992411e4ccf153da63b2b2f5ea0bb4cb1c85f3ceab8512f04325ad5579c?s=96&d=mm&r=g","caption":"Corresponsal"},"url":"https:\/\/www.aridane.org\/city\/author\/corresponsal\/"}]}},"_links":{"self":[{"href":"https:\/\/www.aridane.org\/city\/wp-json\/wp\/v2\/posts\/3558","targetHints":{"allow":["GET"]}}],"collection":[{"href":"https:\/\/www.aridane.org\/city\/wp-json\/wp\/v2\/posts"}],"about":[{"href":"https:\/\/www.aridane.org\/city\/wp-json\/wp\/v2\/types\/post"}],"author":[{"embeddable":true,"href":"https:\/\/www.aridane.org\/city\/wp-json\/wp\/v2\/users\/4"}],"replies":[{"embeddable":true,"href":"https:\/\/www.aridane.org\/city\/wp-json\/wp\/v2\/comments?post=3558"}],"version-history":[{"count":1,"href":"https:\/\/www.aridane.org\/city\/wp-json\/wp\/v2\/posts\/3558\/revisions"}],"predecessor-version":[{"id":3560,"href":"https:\/\/www.aridane.org\/city\/wp-json\/wp\/v2\/posts\/3558\/revisions\/3560"}],"wp:featuredmedia":[{"embeddable":true,"href":"https:\/\/www.aridane.org\/city\/wp-json\/wp\/v2\/media\/3559"}],"wp:attachment":[{"href":"https:\/\/www.aridane.org\/city\/wp-json\/wp\/v2\/media?parent=3558"}],"wp:term":[{"taxonomy":"category","embeddable":true,"href":"https:\/\/www.aridane.org\/city\/wp-json\/wp\/v2\/categories?post=3558"},{"taxonomy":"post_tag","embeddable":true,"href":"https:\/\/www.aridane.org\/city\/wp-json\/wp\/v2\/tags?post=3558"}],"curies":[{"name":"wp","href":"https:\/\/api.w.org\/{rel}","templated":true}]}}