{"id":3561,"date":"2024-03-12T15:23:58","date_gmt":"2024-03-12T15:23:58","guid":{"rendered":"https:\/\/www.aridane.org\/city\/?p=3561"},"modified":"2024-03-12T15:23:58","modified_gmt":"2024-03-12T15:23:58","slug":"javier-llamas-remite-a-educacion-el-proyecto-de-demolicion-del-ceip-la-laguna-elaborado-por-el-ayuntamiento","status":"publish","type":"post","link":"https:\/\/www.aridane.org\/city\/2024\/03\/12\/javier-llamas-remite-a-educacion-el-proyecto-de-demolicion-del-ceip-la-laguna-elaborado-por-el-ayuntamiento\/","title":{"rendered":"Javier Llamas remite a Educaci\u00f3n el proyecto de demolici\u00f3n del CEIP La Laguna elaborado por el Ayuntamiento"},"content":{"rendered":"<p><em>El alcalde insiste en la necesidad de adjudicar la reconstrucci\u00f3n del colegio \u201ca la mayor brevedad\u201d<\/em><!--more--><\/p>\n<p>El alcalde de Los Llanos de Aridane, Javier Llamas, remite a la Consejer\u00eda de Educaci\u00f3n del Gobierno de Canarias el proyecto de demolici\u00f3n del CEIP La Laguna elaborado por los t\u00e9cnicos del Ayuntamiento.\u00a0 La demolici\u00f3n de la infraestructura afectada por el volc\u00e1n es el primer paso para recuperar el centro.<\/p>\n<p>\u201cHemos adelantado la redacci\u00f3n del proyecto de demolici\u00f3n, con el objetivo de facilitar el trabajo a la Consejer\u00eda de Educaci\u00f3n y, con ello, acortar en todo lo que sea posible la reconstrucci\u00f3n de esta escuela\u201d, explica Javier Llamas.<\/p>\n<p>La intenci\u00f3n del Ayuntamiento es colaborar con la Consejer\u00eda para agilizar el trabajo dado que \u201ces necesario que la obra se adjudique a la mayor brevedad posible\u201d, apunta el alcalde, quien tambi\u00e9n agradece la celeridad y el compromiso de los t\u00e9cnicos municipales a la hora de redactar el proyecto de demolici\u00f3n.<\/p>\n<h2><strong>Compromiso de reconstrucci\u00f3n<\/strong><\/h2>\n<p>En este sentido, la voluntad del Ayuntamiento es seguir manteniendo una estrecha colaboraci\u00f3n con el Gobierno de Canarias y resto de administraciones en el proceso de recuperaci\u00f3n del Valle de Aridane en la etapa post-volc\u00e1n.<\/p>\n<p>\u201cLa reconstrucci\u00f3n del CEIP La Laguna no solo dar\u00e1 respuesta a las necesidades del alumnado y el profesorado, que llevan dos a\u00f1os reubicados en un emplazamiento provisional, sino que tambi\u00e9n es fundamental para recuperar algo intangible, pero tremendamente importante y valioso, que es el sentimiento de comunidad y vecindad, necesario para evitar el desarraigo en los barrios afectados y para poder hablar de verdadera recuperaci\u00f3n\u201d, recalca el alcalde.<\/p>\n","protected":false},"excerpt":{"rendered":"<p>El alcalde insiste en la necesidad de adjudicar la reconstrucci\u00f3n del colegio \u201ca la mayor brevedad\u201d<\/p>\n","protected":false},"author":4,"featured_media":3033,"comment_status":"open","ping_status":"open","sticky":false,"template":"","format":"standard","meta":{"footnotes":""},"categories":[1],"tags":[],"class_list":["post-3561","post","type-post","status-publish","format-standard","has-post-thumbnail","hentry","category-sin-categoria"],"yoast_head":"<!-- This site is optimized with the Yoast SEO plugin v22.7 - https:\/\/yoast.com\/wordpress\/plugins\/seo\/ -->\n<title>Javier Llamas remite a Educaci\u00f3n el proyecto de demolici\u00f3n del CEIP La Laguna elaborado por el Ayuntamiento - Ayuntamiento de Los Llanos de Aridane<\/title>\n<meta name=\"robots\" content=\"index, follow, max-snippet:-1, max-image-preview:large, max-video-preview:-1\" \/>\n<link rel=\"canonical\" href=\"https:\/\/www.aridane.org\/city\/2024\/03\/12\/javier-llamas-remite-a-educacion-el-proyecto-de-demolicion-del-ceip-la-laguna-elaborado-por-el-ayuntamiento\/\" \/>\n<meta property=\"og:locale\" content=\"es_ES\" \/>\n<meta property=\"og:type\" content=\"article\" \/>\n<meta property=\"og:title\" content=\"Javier Llamas remite a Educaci\u00f3n el proyecto de demolici\u00f3n del CEIP La Laguna elaborado por el Ayuntamiento - Ayuntamiento de Los Llanos de Aridane\" \/>\n<meta property=\"og:description\" content=\"El alcalde insiste en la necesidad de adjudicar la reconstrucci\u00f3n del colegio \u201ca la mayor brevedad\u201d\" \/>\n<meta property=\"og:url\" content=\"https:\/\/www.aridane.org\/city\/2024\/03\/12\/javier-llamas-remite-a-educacion-el-proyecto-de-demolicion-del-ceip-la-laguna-elaborado-por-el-ayuntamiento\/\" \/>\n<meta property=\"og:site_name\" content=\"Ayuntamiento de Los Llanos de Aridane\" \/>\n<meta property=\"article:published_time\" content=\"2024-03-12T15:23:58+00:00\" \/>\n<meta property=\"og:image\" content=\"https:\/\/www.aridane.org\/city\/wp-content\/uploads\/2024\/01\/Javier-Llamas.jpeg\" \/>\n\t<meta property=\"og:image:width\" content=\"1024\" \/>\n\t<meta property=\"og:image:height\" content=\"683\" \/>\n\t<meta property=\"og:image:type\" content=\"image\/jpeg\" \/>\n<meta name=\"author\" content=\"Corresponsal\" \/>\n<meta name=\"twitter:card\" content=\"summary_large_image\" \/>\n<meta name=\"twitter:label1\" content=\"Escrito por\" \/>\n\t<meta name=\"twitter:data1\" content=\"Corresponsal\" \/>\n\t<meta name=\"twitter:label2\" content=\"Tiempo de lectura\" \/>\n\t<meta name=\"twitter:data2\" content=\"2 minutos\" \/>\n<script type=\"application\/ld+json\" class=\"yoast-schema-graph\">{\"@context\":\"https:\/\/schema.org\",\"@graph\":[{\"@type\":\"WebPage\",\"@id\":\"https:\/\/www.aridane.org\/city\/2024\/03\/12\/javier-llamas-remite-a-educacion-el-proyecto-de-demolicion-del-ceip-la-laguna-elaborado-por-el-ayuntamiento\/\",\"url\":\"https:\/\/www.aridane.org\/city\/2024\/03\/12\/javier-llamas-remite-a-educacion-el-proyecto-de-demolicion-del-ceip-la-laguna-elaborado-por-el-ayuntamiento\/\",\"name\":\"Javier Llamas remite a Educaci\u00f3n el proyecto de demolici\u00f3n del CEIP La Laguna elaborado por el Ayuntamiento - Ayuntamiento de Los Llanos de Aridane\",\"isPartOf\":{\"@id\":\"https:\/\/www.aridane.org\/city\/#website\"},\"primaryImageOfPage\":{\"@id\":\"https:\/\/www.aridane.org\/city\/2024\/03\/12\/javier-llamas-remite-a-educacion-el-proyecto-de-demolicion-del-ceip-la-laguna-elaborado-por-el-ayuntamiento\/#primaryimage\"},\"image\":{\"@id\":\"https:\/\/www.aridane.org\/city\/2024\/03\/12\/javier-llamas-remite-a-educacion-el-proyecto-de-demolicion-del-ceip-la-laguna-elaborado-por-el-ayuntamiento\/#primaryimage\"},\"thumbnailUrl\":\"https:\/\/www.aridane.org\/city\/wp-content\/uploads\/2024\/01\/Javier-Llamas.jpeg\",\"datePublished\":\"2024-03-12T15:23:58+00:00\",\"dateModified\":\"2024-03-12T15:23:58+00:00\",\"author\":{\"@id\":\"https:\/\/www.aridane.org\/city\/#\/schema\/person\/89ebd376b223dc94cc1dbcf200c8e6da\"},\"breadcrumb\":{\"@id\":\"https:\/\/www.aridane.org\/city\/2024\/03\/12\/javier-llamas-remite-a-educacion-el-proyecto-de-demolicion-del-ceip-la-laguna-elaborado-por-el-ayuntamiento\/#breadcrumb\"},\"inLanguage\":\"es\",\"potentialAction\":[{\"@type\":\"ReadAction\",\"target\":[\"https:\/\/www.aridane.org\/city\/2024\/03\/12\/javier-llamas-remite-a-educacion-el-proyecto-de-demolicion-del-ceip-la-laguna-elaborado-por-el-ayuntamiento\/\"]}]},{\"@type\":\"ImageObject\",\"inLanguage\":\"es\",\"@id\":\"https:\/\/www.aridane.org\/city\/2024\/03\/12\/javier-llamas-remite-a-educacion-el-proyecto-de-demolicion-del-ceip-la-laguna-elaborado-por-el-ayuntamiento\/#primaryimage\",\"url\":\"https:\/\/www.aridane.org\/city\/wp-content\/uploads\/2024\/01\/Javier-Llamas.jpeg\",\"contentUrl\":\"https:\/\/www.aridane.org\/city\/wp-content\/uploads\/2024\/01\/Javier-Llamas.jpeg\",\"width\":1024,\"height\":683},{\"@type\":\"BreadcrumbList\",\"@id\":\"https:\/\/www.aridane.org\/city\/2024\/03\/12\/javier-llamas-remite-a-educacion-el-proyecto-de-demolicion-del-ceip-la-laguna-elaborado-por-el-ayuntamiento\/#breadcrumb\",\"itemListElement\":[{\"@type\":\"ListItem\",\"position\":1,\"name\":\"Portada\",\"item\":\"https:\/\/www.aridane.org\/city\/\"},{\"@type\":\"ListItem\",\"position\":2,\"name\":\"Javier Llamas remite a Educaci\u00f3n el proyecto de demolici\u00f3n del CEIP La Laguna elaborado por el Ayuntamiento\"}]},{\"@type\":\"WebSite\",\"@id\":\"https:\/\/www.aridane.org\/city\/#website\",\"url\":\"https:\/\/www.aridane.org\/city\/\",\"name\":\"Ayuntamiento de Los Llanos de Aridane\",\"description\":\"\",\"potentialAction\":[{\"@type\":\"SearchAction\",\"target\":{\"@type\":\"EntryPoint\",\"urlTemplate\":\"https:\/\/www.aridane.org\/city\/?s={search_term_string}\"},\"query-input\":\"required name=search_term_string\"}],\"inLanguage\":\"es\"},{\"@type\":\"Person\",\"@id\":\"https:\/\/www.aridane.org\/city\/#\/schema\/person\/89ebd376b223dc94cc1dbcf200c8e6da\",\"name\":\"Corresponsal\",\"image\":{\"@type\":\"ImageObject\",\"inLanguage\":\"es\",\"@id\":\"https:\/\/www.aridane.org\/city\/#\/schema\/person\/image\/\",\"url\":\"https:\/\/secure.gravatar.com\/avatar\/1c476992411e4ccf153da63b2b2f5ea0bb4cb1c85f3ceab8512f04325ad5579c?s=96&d=mm&r=g\",\"contentUrl\":\"https:\/\/secure.gravatar.com\/avatar\/1c476992411e4ccf153da63b2b2f5ea0bb4cb1c85f3ceab8512f04325ad5579c?s=96&d=mm&r=g\",\"caption\":\"Corresponsal\"},\"url\":\"https:\/\/www.aridane.org\/city\/author\/corresponsal\/\"}]}<\/script>\n<!-- \/ Yoast SEO plugin. -->","yoast_head_json":{"title":"Javier Llamas remite a Educaci\u00f3n el proyecto de demolici\u00f3n del CEIP La Laguna elaborado por el Ayuntamiento - Ayuntamiento de Los Llanos de Aridane","robots":{"index":"index","follow":"follow","max-snippet":"max-snippet:-1","max-image-preview":"max-image-preview:large","max-video-preview":"max-video-preview:-1"},"canonical":"https:\/\/www.aridane.org\/city\/2024\/03\/12\/javier-llamas-remite-a-educacion-el-proyecto-de-demolicion-del-ceip-la-laguna-elaborado-por-el-ayuntamiento\/","og_locale":"es_ES","og_type":"article","og_title":"Javier Llamas remite a Educaci\u00f3n el proyecto de demolici\u00f3n del CEIP La Laguna elaborado por el Ayuntamiento - Ayuntamiento de Los Llanos de Aridane","og_description":"El alcalde insiste en la necesidad de adjudicar la reconstrucci\u00f3n del colegio \u201ca la mayor brevedad\u201d","og_url":"https:\/\/www.aridane.org\/city\/2024\/03\/12\/javier-llamas-remite-a-educacion-el-proyecto-de-demolicion-del-ceip-la-laguna-elaborado-por-el-ayuntamiento\/","og_site_name":"Ayuntamiento de Los Llanos de Aridane","article_published_time":"2024-03-12T15:23:58+00:00","og_image":[{"width":1024,"height":683,"url":"https:\/\/www.aridane.org\/city\/wp-content\/uploads\/2024\/01\/Javier-Llamas.jpeg","type":"image\/jpeg"}],"author":"Corresponsal","twitter_card":"summary_large_image","twitter_misc":{"Escrito por":"Corresponsal","Tiempo de lectura":"2 minutos"},"schema":{"@context":"https:\/\/schema.org","@graph":[{"@type":"WebPage","@id":"https:\/\/www.aridane.org\/city\/2024\/03\/12\/javier-llamas-remite-a-educacion-el-proyecto-de-demolicion-del-ceip-la-laguna-elaborado-por-el-ayuntamiento\/","url":"https:\/\/www.aridane.org\/city\/2024\/03\/12\/javier-llamas-remite-a-educacion-el-proyecto-de-demolicion-del-ceip-la-laguna-elaborado-por-el-ayuntamiento\/","name":"Javier Llamas remite a Educaci\u00f3n el proyecto de demolici\u00f3n del CEIP La Laguna elaborado por el Ayuntamiento - Ayuntamiento de Los Llanos de Aridane","isPartOf":{"@id":"https:\/\/www.aridane.org\/city\/#website"},"primaryImageOfPage":{"@id":"https:\/\/www.aridane.org\/city\/2024\/03\/12\/javier-llamas-remite-a-educacion-el-proyecto-de-demolicion-del-ceip-la-laguna-elaborado-por-el-ayuntamiento\/#primaryimage"},"image":{"@id":"https:\/\/www.aridane.org\/city\/2024\/03\/12\/javier-llamas-remite-a-educacion-el-proyecto-de-demolicion-del-ceip-la-laguna-elaborado-por-el-ayuntamiento\/#primaryimage"},"thumbnailUrl":"https:\/\/www.aridane.org\/city\/wp-content\/uploads\/2024\/01\/Javier-Llamas.jpeg","datePublished":"2024-03-12T15:23:58+00:00","dateModified":"2024-03-12T15:23:58+00:00","author":{"@id":"https:\/\/www.aridane.org\/city\/#\/schema\/person\/89ebd376b223dc94cc1dbcf200c8e6da"},"breadcrumb":{"@id":"https:\/\/www.aridane.org\/city\/2024\/03\/12\/javier-llamas-remite-a-educacion-el-proyecto-de-demolicion-del-ceip-la-laguna-elaborado-por-el-ayuntamiento\/#breadcrumb"},"inLanguage":"es","potentialAction":[{"@type":"ReadAction","target":["https:\/\/www.aridane.org\/city\/2024\/03\/12\/javier-llamas-remite-a-educacion-el-proyecto-de-demolicion-del-ceip-la-laguna-elaborado-por-el-ayuntamiento\/"]}]},{"@type":"ImageObject","inLanguage":"es","@id":"https:\/\/www.aridane.org\/city\/2024\/03\/12\/javier-llamas-remite-a-educacion-el-proyecto-de-demolicion-del-ceip-la-laguna-elaborado-por-el-ayuntamiento\/#primaryimage","url":"https:\/\/www.aridane.org\/city\/wp-content\/uploads\/2024\/01\/Javier-Llamas.jpeg","contentUrl":"https:\/\/www.aridane.org\/city\/wp-content\/uploads\/2024\/01\/Javier-Llamas.jpeg","width":1024,"height":683},{"@type":"BreadcrumbList","@id":"https:\/\/www.aridane.org\/city\/2024\/03\/12\/javier-llamas-remite-a-educacion-el-proyecto-de-demolicion-del-ceip-la-laguna-elaborado-por-el-ayuntamiento\/#breadcrumb","itemListElement":[{"@type":"ListItem","position":1,"name":"Portada","item":"https:\/\/www.aridane.org\/city\/"},{"@type":"ListItem","position":2,"name":"Javier Llamas remite a Educaci\u00f3n el proyecto de demolici\u00f3n del CEIP La Laguna elaborado por el Ayuntamiento"}]},{"@type":"WebSite","@id":"https:\/\/www.aridane.org\/city\/#website","url":"https:\/\/www.aridane.org\/city\/","name":"Ayuntamiento de Los Llanos de Aridane","description":"","potentialAction":[{"@type":"SearchAction","target":{"@type":"EntryPoint","urlTemplate":"https:\/\/www.aridane.org\/city\/?s={search_term_string}"},"query-input":"required name=search_term_string"}],"inLanguage":"es"},{"@type":"Person","@id":"https:\/\/www.aridane.org\/city\/#\/schema\/person\/89ebd376b223dc94cc1dbcf200c8e6da","name":"Corresponsal","image":{"@type":"ImageObject","inLanguage":"es","@id":"https:\/\/www.aridane.org\/city\/#\/schema\/person\/image\/","url":"https:\/\/secure.gravatar.com\/avatar\/1c476992411e4ccf153da63b2b2f5ea0bb4cb1c85f3ceab8512f04325ad5579c?s=96&d=mm&r=g","contentUrl":"https:\/\/secure.gravatar.com\/avatar\/1c476992411e4ccf153da63b2b2f5ea0bb4cb1c85f3ceab8512f04325ad5579c?s=96&d=mm&r=g","caption":"Corresponsal"},"url":"https:\/\/www.aridane.org\/city\/author\/corresponsal\/"}]}},"_links":{"self":[{"href":"https:\/\/www.aridane.org\/city\/wp-json\/wp\/v2\/posts\/3561","targetHints":{"allow":["GET"]}}],"collection":[{"href":"https:\/\/www.aridane.org\/city\/wp-json\/wp\/v2\/posts"}],"about":[{"href":"https:\/\/www.aridane.org\/city\/wp-json\/wp\/v2\/types\/post"}],"author":[{"embeddable":true,"href":"https:\/\/www.aridane.org\/city\/wp-json\/wp\/v2\/users\/4"}],"replies":[{"embeddable":true,"href":"https:\/\/www.aridane.org\/city\/wp-json\/wp\/v2\/comments?post=3561"}],"version-history":[{"count":1,"href":"https:\/\/www.aridane.org\/city\/wp-json\/wp\/v2\/posts\/3561\/revisions"}],"predecessor-version":[{"id":3562,"href":"https:\/\/www.aridane.org\/city\/wp-json\/wp\/v2\/posts\/3561\/revisions\/3562"}],"wp:featuredmedia":[{"embeddable":true,"href":"https:\/\/www.aridane.org\/city\/wp-json\/wp\/v2\/media\/3033"}],"wp:attachment":[{"href":"https:\/\/www.aridane.org\/city\/wp-json\/wp\/v2\/media?parent=3561"}],"wp:term":[{"taxonomy":"category","embeddable":true,"href":"https:\/\/www.aridane.org\/city\/wp-json\/wp\/v2\/categories?post=3561"},{"taxonomy":"post_tag","embeddable":true,"href":"https:\/\/www.aridane.org\/city\/wp-json\/wp\/v2\/tags?post=3561"}],"curies":[{"name":"wp","href":"https:\/\/api.w.org\/{rel}","templated":true}]}}