{"id":3567,"date":"2024-03-11T12:26:00","date_gmt":"2024-03-11T12:26:00","guid":{"rendered":"https:\/\/www.aridane.org\/city\/?p=3567"},"modified":"2024-03-12T15:26:57","modified_gmt":"2024-03-12T15:26:57","slug":"ta-home-y-turquesa-ganan-el-i-concurso-de-escaparates-8m-de-los-llanos-de-aridane","status":"publish","type":"post","link":"https:\/\/www.aridane.org\/city\/2024\/03\/11\/ta-home-y-turquesa-ganan-el-i-concurso-de-escaparates-8m-de-los-llanos-de-aridane\/","title":{"rendered":"T&#038;A Home y Turquesa ganan el I Concurso de Escaparates 8M de Los Llanos de Aridane"},"content":{"rendered":"<p><em>La concejala de Igualdad agradece la participaci\u00f3n y dedicaci\u00f3n de los comercios participantes<\/em><br \/>\n<!--more--><\/p>\n<div id=\"v1forwardbody1\">\n<p>Las tiendas de T&amp;A Home y Turquesa ganan la primera edici\u00f3n del Concurso de Escaparates &#8216;8 de Marzo. D\u00eda Internacional de La Mujer&#8217; que organiza el Ayuntamiento de Los Llanos. Una iniciativa conjunta entre las concejal\u00edas de Igualdad y de Comercio para visibilizar y concienciar a la ciudadan\u00eda en la causa de la mujer.<\/p>\n<p>La concejala de Igualdad, Idaira P\u00e9rez, agradece la participaci\u00f3n de los comercios, as\u00ed como el esmero que han puesto en la decoraci\u00f3n de sus escaparates.<\/p>\n<p>\u201cEsta iniciativa nos ha dado la oportunidad para destacar la importancia de la igualdad de g\u00e9nero y para sensibilizar a nuestra comunidad sobre los desaf\u00edos que enfrentan las mujeres en el d\u00eda a d\u00eda\u201d, apunta.<\/p>\n<p>En este sentido, la concejala de Comercio y Desarrollo Local, Ver\u00f3nica Gonz\u00e1lez, valora y destaca la presencia femenina en la zona comercial del municipio y su aportaci\u00f3n al Concurso de Escaparates. \u201cContamos con empresarias y emprendedores que contribuyen de manera invaluable a nuestras comunidades y econom\u00edas locales\u201d, apunta.<\/p>\n<h2><strong>Los escaparates premiados<\/strong><\/h2>\n<p>El jurado decidi\u00f3 que los escaparates vencedores fueron los de T&amp;A Home y Turquesa.<\/p>\n<p>El primero contaba con el eslogan \u201cCon dedicaci\u00f3n y esfuerzo todo se puede lograr\u201d y se valor\u00f3 la tem\u00e1tica representada en el mismo a trav\u00e9s del color violeta, el trabajo, la composici\u00f3n y los elementos integrados en el escaparate.<\/p>\n<p>Por su parte, del escaparate de Turquesa, titulado \u201cLa historia de mis mujeres\u201d, se destac\u00f3 la visibilidad y sensibilidad del mismo, poniendo en valor a las mujeres de su vida incorpor\u00e1ndolas a trav\u00e9s de la fotograf\u00eda.<\/p>\n<\/div>\n","protected":false},"excerpt":{"rendered":"<p>La concejala de Igualdad agradece la participaci\u00f3n y dedicaci\u00f3n de los comercios participantes<\/p>\n","protected":false},"author":4,"featured_media":3496,"comment_status":"open","ping_status":"open","sticky":false,"template":"","format":"standard","meta":{"footnotes":""},"categories":[1],"tags":[],"class_list":["post-3567","post","type-post","status-publish","format-standard","has-post-thumbnail","hentry","category-sin-categoria"],"yoast_head":"<!-- This site is optimized with the Yoast SEO plugin v22.7 - https:\/\/yoast.com\/wordpress\/plugins\/seo\/ -->\n<title>T&amp;A Home y Turquesa ganan el I Concurso de Escaparates 8M de Los Llanos de Aridane - Ayuntamiento de Los Llanos de Aridane<\/title>\n<meta name=\"robots\" content=\"index, follow, max-snippet:-1, max-image-preview:large, max-video-preview:-1\" \/>\n<link rel=\"canonical\" href=\"https:\/\/www.aridane.org\/city\/2024\/03\/11\/ta-home-y-turquesa-ganan-el-i-concurso-de-escaparates-8m-de-los-llanos-de-aridane\/\" \/>\n<meta property=\"og:locale\" content=\"es_ES\" \/>\n<meta property=\"og:type\" content=\"article\" \/>\n<meta property=\"og:title\" content=\"T&amp;A Home y Turquesa ganan el I Concurso de Escaparates 8M de Los Llanos de Aridane - Ayuntamiento de Los Llanos de Aridane\" \/>\n<meta property=\"og:description\" content=\"La concejala de Igualdad agradece la participaci\u00f3n y dedicaci\u00f3n de los comercios participantes\" \/>\n<meta property=\"og:url\" content=\"https:\/\/www.aridane.org\/city\/2024\/03\/11\/ta-home-y-turquesa-ganan-el-i-concurso-de-escaparates-8m-de-los-llanos-de-aridane\/\" \/>\n<meta property=\"og:site_name\" content=\"Ayuntamiento de Los Llanos de Aridane\" \/>\n<meta property=\"article:published_time\" content=\"2024-03-11T12:26:00+00:00\" \/>\n<meta property=\"article:modified_time\" content=\"2024-03-12T15:26:57+00:00\" \/>\n<meta property=\"og:image\" content=\"https:\/\/www.aridane.org\/city\/wp-content\/uploads\/2024\/02\/concurso_de_escaparates-438x620.png\" \/>\n\t<meta property=\"og:image:width\" content=\"438\" \/>\n\t<meta property=\"og:image:height\" content=\"620\" \/>\n\t<meta property=\"og:image:type\" content=\"image\/png\" \/>\n<meta name=\"author\" content=\"Corresponsal\" \/>\n<meta name=\"twitter:card\" content=\"summary_large_image\" \/>\n<meta name=\"twitter:label1\" content=\"Escrito por\" \/>\n\t<meta name=\"twitter:data1\" content=\"Corresponsal\" \/>\n\t<meta name=\"twitter:label2\" content=\"Tiempo de lectura\" \/>\n\t<meta name=\"twitter:data2\" content=\"2 minutos\" \/>\n<script type=\"application\/ld+json\" class=\"yoast-schema-graph\">{\"@context\":\"https:\/\/schema.org\",\"@graph\":[{\"@type\":\"WebPage\",\"@id\":\"https:\/\/www.aridane.org\/city\/2024\/03\/11\/ta-home-y-turquesa-ganan-el-i-concurso-de-escaparates-8m-de-los-llanos-de-aridane\/\",\"url\":\"https:\/\/www.aridane.org\/city\/2024\/03\/11\/ta-home-y-turquesa-ganan-el-i-concurso-de-escaparates-8m-de-los-llanos-de-aridane\/\",\"name\":\"T&A Home y Turquesa ganan el I Concurso de Escaparates 8M de Los Llanos de Aridane - Ayuntamiento de Los Llanos de Aridane\",\"isPartOf\":{\"@id\":\"https:\/\/www.aridane.org\/city\/#website\"},\"primaryImageOfPage\":{\"@id\":\"https:\/\/www.aridane.org\/city\/2024\/03\/11\/ta-home-y-turquesa-ganan-el-i-concurso-de-escaparates-8m-de-los-llanos-de-aridane\/#primaryimage\"},\"image\":{\"@id\":\"https:\/\/www.aridane.org\/city\/2024\/03\/11\/ta-home-y-turquesa-ganan-el-i-concurso-de-escaparates-8m-de-los-llanos-de-aridane\/#primaryimage\"},\"thumbnailUrl\":\"https:\/\/www.aridane.org\/city\/wp-content\/uploads\/2024\/02\/concurso_de_escaparates.png\",\"datePublished\":\"2024-03-11T12:26:00+00:00\",\"dateModified\":\"2024-03-12T15:26:57+00:00\",\"author\":{\"@id\":\"https:\/\/www.aridane.org\/city\/#\/schema\/person\/89ebd376b223dc94cc1dbcf200c8e6da\"},\"breadcrumb\":{\"@id\":\"https:\/\/www.aridane.org\/city\/2024\/03\/11\/ta-home-y-turquesa-ganan-el-i-concurso-de-escaparates-8m-de-los-llanos-de-aridane\/#breadcrumb\"},\"inLanguage\":\"es\",\"potentialAction\":[{\"@type\":\"ReadAction\",\"target\":[\"https:\/\/www.aridane.org\/city\/2024\/03\/11\/ta-home-y-turquesa-ganan-el-i-concurso-de-escaparates-8m-de-los-llanos-de-aridane\/\"]}]},{\"@type\":\"ImageObject\",\"inLanguage\":\"es\",\"@id\":\"https:\/\/www.aridane.org\/city\/2024\/03\/11\/ta-home-y-turquesa-ganan-el-i-concurso-de-escaparates-8m-de-los-llanos-de-aridane\/#primaryimage\",\"url\":\"https:\/\/www.aridane.org\/city\/wp-content\/uploads\/2024\/02\/concurso_de_escaparates.png\",\"contentUrl\":\"https:\/\/www.aridane.org\/city\/wp-content\/uploads\/2024\/02\/concurso_de_escaparates.png\",\"width\":1587,\"height\":2245},{\"@type\":\"BreadcrumbList\",\"@id\":\"https:\/\/www.aridane.org\/city\/2024\/03\/11\/ta-home-y-turquesa-ganan-el-i-concurso-de-escaparates-8m-de-los-llanos-de-aridane\/#breadcrumb\",\"itemListElement\":[{\"@type\":\"ListItem\",\"position\":1,\"name\":\"Portada\",\"item\":\"https:\/\/www.aridane.org\/city\/\"},{\"@type\":\"ListItem\",\"position\":2,\"name\":\"T&#038;A Home y Turquesa ganan el I Concurso de Escaparates 8M de Los Llanos de Aridane\"}]},{\"@type\":\"WebSite\",\"@id\":\"https:\/\/www.aridane.org\/city\/#website\",\"url\":\"https:\/\/www.aridane.org\/city\/\",\"name\":\"Ayuntamiento de Los Llanos de Aridane\",\"description\":\"\",\"potentialAction\":[{\"@type\":\"SearchAction\",\"target\":{\"@type\":\"EntryPoint\",\"urlTemplate\":\"https:\/\/www.aridane.org\/city\/?s={search_term_string}\"},\"query-input\":\"required name=search_term_string\"}],\"inLanguage\":\"es\"},{\"@type\":\"Person\",\"@id\":\"https:\/\/www.aridane.org\/city\/#\/schema\/person\/89ebd376b223dc94cc1dbcf200c8e6da\",\"name\":\"Corresponsal\",\"image\":{\"@type\":\"ImageObject\",\"inLanguage\":\"es\",\"@id\":\"https:\/\/www.aridane.org\/city\/#\/schema\/person\/image\/\",\"url\":\"https:\/\/secure.gravatar.com\/avatar\/1c476992411e4ccf153da63b2b2f5ea0bb4cb1c85f3ceab8512f04325ad5579c?s=96&d=mm&r=g\",\"contentUrl\":\"https:\/\/secure.gravatar.com\/avatar\/1c476992411e4ccf153da63b2b2f5ea0bb4cb1c85f3ceab8512f04325ad5579c?s=96&d=mm&r=g\",\"caption\":\"Corresponsal\"},\"url\":\"https:\/\/www.aridane.org\/city\/author\/corresponsal\/\"}]}<\/script>\n<!-- \/ Yoast SEO plugin. -->","yoast_head_json":{"title":"T&A Home y Turquesa ganan el I Concurso de Escaparates 8M de Los Llanos de Aridane - Ayuntamiento de Los Llanos de Aridane","robots":{"index":"index","follow":"follow","max-snippet":"max-snippet:-1","max-image-preview":"max-image-preview:large","max-video-preview":"max-video-preview:-1"},"canonical":"https:\/\/www.aridane.org\/city\/2024\/03\/11\/ta-home-y-turquesa-ganan-el-i-concurso-de-escaparates-8m-de-los-llanos-de-aridane\/","og_locale":"es_ES","og_type":"article","og_title":"T&A Home y Turquesa ganan el I Concurso de Escaparates 8M de Los Llanos de Aridane - Ayuntamiento de Los Llanos de Aridane","og_description":"La concejala de Igualdad agradece la participaci\u00f3n y dedicaci\u00f3n de los comercios participantes","og_url":"https:\/\/www.aridane.org\/city\/2024\/03\/11\/ta-home-y-turquesa-ganan-el-i-concurso-de-escaparates-8m-de-los-llanos-de-aridane\/","og_site_name":"Ayuntamiento de Los Llanos de Aridane","article_published_time":"2024-03-11T12:26:00+00:00","article_modified_time":"2024-03-12T15:26:57+00:00","og_image":[{"width":438,"height":620,"url":"https:\/\/www.aridane.org\/city\/wp-content\/uploads\/2024\/02\/concurso_de_escaparates-438x620.png","type":"image\/png"}],"author":"Corresponsal","twitter_card":"summary_large_image","twitter_misc":{"Escrito por":"Corresponsal","Tiempo de lectura":"2 minutos"},"schema":{"@context":"https:\/\/schema.org","@graph":[{"@type":"WebPage","@id":"https:\/\/www.aridane.org\/city\/2024\/03\/11\/ta-home-y-turquesa-ganan-el-i-concurso-de-escaparates-8m-de-los-llanos-de-aridane\/","url":"https:\/\/www.aridane.org\/city\/2024\/03\/11\/ta-home-y-turquesa-ganan-el-i-concurso-de-escaparates-8m-de-los-llanos-de-aridane\/","name":"T&A Home y Turquesa ganan el I Concurso de Escaparates 8M de Los Llanos de Aridane - Ayuntamiento de Los Llanos de Aridane","isPartOf":{"@id":"https:\/\/www.aridane.org\/city\/#website"},"primaryImageOfPage":{"@id":"https:\/\/www.aridane.org\/city\/2024\/03\/11\/ta-home-y-turquesa-ganan-el-i-concurso-de-escaparates-8m-de-los-llanos-de-aridane\/#primaryimage"},"image":{"@id":"https:\/\/www.aridane.org\/city\/2024\/03\/11\/ta-home-y-turquesa-ganan-el-i-concurso-de-escaparates-8m-de-los-llanos-de-aridane\/#primaryimage"},"thumbnailUrl":"https:\/\/www.aridane.org\/city\/wp-content\/uploads\/2024\/02\/concurso_de_escaparates.png","datePublished":"2024-03-11T12:26:00+00:00","dateModified":"2024-03-12T15:26:57+00:00","author":{"@id":"https:\/\/www.aridane.org\/city\/#\/schema\/person\/89ebd376b223dc94cc1dbcf200c8e6da"},"breadcrumb":{"@id":"https:\/\/www.aridane.org\/city\/2024\/03\/11\/ta-home-y-turquesa-ganan-el-i-concurso-de-escaparates-8m-de-los-llanos-de-aridane\/#breadcrumb"},"inLanguage":"es","potentialAction":[{"@type":"ReadAction","target":["https:\/\/www.aridane.org\/city\/2024\/03\/11\/ta-home-y-turquesa-ganan-el-i-concurso-de-escaparates-8m-de-los-llanos-de-aridane\/"]}]},{"@type":"ImageObject","inLanguage":"es","@id":"https:\/\/www.aridane.org\/city\/2024\/03\/11\/ta-home-y-turquesa-ganan-el-i-concurso-de-escaparates-8m-de-los-llanos-de-aridane\/#primaryimage","url":"https:\/\/www.aridane.org\/city\/wp-content\/uploads\/2024\/02\/concurso_de_escaparates.png","contentUrl":"https:\/\/www.aridane.org\/city\/wp-content\/uploads\/2024\/02\/concurso_de_escaparates.png","width":1587,"height":2245},{"@type":"BreadcrumbList","@id":"https:\/\/www.aridane.org\/city\/2024\/03\/11\/ta-home-y-turquesa-ganan-el-i-concurso-de-escaparates-8m-de-los-llanos-de-aridane\/#breadcrumb","itemListElement":[{"@type":"ListItem","position":1,"name":"Portada","item":"https:\/\/www.aridane.org\/city\/"},{"@type":"ListItem","position":2,"name":"T&#038;A Home y Turquesa ganan el I Concurso de Escaparates 8M de Los Llanos de Aridane"}]},{"@type":"WebSite","@id":"https:\/\/www.aridane.org\/city\/#website","url":"https:\/\/www.aridane.org\/city\/","name":"Ayuntamiento de Los Llanos de Aridane","description":"","potentialAction":[{"@type":"SearchAction","target":{"@type":"EntryPoint","urlTemplate":"https:\/\/www.aridane.org\/city\/?s={search_term_string}"},"query-input":"required name=search_term_string"}],"inLanguage":"es"},{"@type":"Person","@id":"https:\/\/www.aridane.org\/city\/#\/schema\/person\/89ebd376b223dc94cc1dbcf200c8e6da","name":"Corresponsal","image":{"@type":"ImageObject","inLanguage":"es","@id":"https:\/\/www.aridane.org\/city\/#\/schema\/person\/image\/","url":"https:\/\/secure.gravatar.com\/avatar\/1c476992411e4ccf153da63b2b2f5ea0bb4cb1c85f3ceab8512f04325ad5579c?s=96&d=mm&r=g","contentUrl":"https:\/\/secure.gravatar.com\/avatar\/1c476992411e4ccf153da63b2b2f5ea0bb4cb1c85f3ceab8512f04325ad5579c?s=96&d=mm&r=g","caption":"Corresponsal"},"url":"https:\/\/www.aridane.org\/city\/author\/corresponsal\/"}]}},"_links":{"self":[{"href":"https:\/\/www.aridane.org\/city\/wp-json\/wp\/v2\/posts\/3567","targetHints":{"allow":["GET"]}}],"collection":[{"href":"https:\/\/www.aridane.org\/city\/wp-json\/wp\/v2\/posts"}],"about":[{"href":"https:\/\/www.aridane.org\/city\/wp-json\/wp\/v2\/types\/post"}],"author":[{"embeddable":true,"href":"https:\/\/www.aridane.org\/city\/wp-json\/wp\/v2\/users\/4"}],"replies":[{"embeddable":true,"href":"https:\/\/www.aridane.org\/city\/wp-json\/wp\/v2\/comments?post=3567"}],"version-history":[{"count":1,"href":"https:\/\/www.aridane.org\/city\/wp-json\/wp\/v2\/posts\/3567\/revisions"}],"predecessor-version":[{"id":3568,"href":"https:\/\/www.aridane.org\/city\/wp-json\/wp\/v2\/posts\/3567\/revisions\/3568"}],"wp:featuredmedia":[{"embeddable":true,"href":"https:\/\/www.aridane.org\/city\/wp-json\/wp\/v2\/media\/3496"}],"wp:attachment":[{"href":"https:\/\/www.aridane.org\/city\/wp-json\/wp\/v2\/media?parent=3567"}],"wp:term":[{"taxonomy":"category","embeddable":true,"href":"https:\/\/www.aridane.org\/city\/wp-json\/wp\/v2\/categories?post=3567"},{"taxonomy":"post_tag","embeddable":true,"href":"https:\/\/www.aridane.org\/city\/wp-json\/wp\/v2\/tags?post=3567"}],"curies":[{"name":"wp","href":"https:\/\/api.w.org\/{rel}","templated":true}]}}