{"id":358,"date":"2020-11-23T17:56:48","date_gmt":"2020-11-23T17:56:48","guid":{"rendered":"https:\/\/aridane.org\/ciudad\/?p=358"},"modified":"2020-11-23T17:56:48","modified_gmt":"2020-11-23T17:56:48","slug":"el-ayuntamiento-de-los-llanos-abre-el-plazo-de-contratacion-a-50-desempleados-con-cargo-al-nuevo-plan-extraordinario-de-empleo","status":"publish","type":"post","link":"https:\/\/www.aridane.org\/city\/2020\/11\/23\/el-ayuntamiento-de-los-llanos-abre-el-plazo-de-contratacion-a-50-desempleados-con-cargo-al-nuevo-plan-extraordinario-de-empleo\/","title":{"rendered":"El Ayuntamiento de Los Llanos abre el plazo de contrataci\u00f3n a 50 desempleados con cargo al nuevo Plan Extraordinario de Empleo"},"content":{"rendered":"<p style=\"text-align: justify;\">El Ayuntamiento de Los Llanos de Aridane contratar\u00e1 a un total de 50 personas desempleadas a trav\u00e9s del Programa Extraordinario de Empleo 2020-2021 que permitir\u00e1 reforzar los servicios jur\u00eddicos municipales, la oficina t\u00e9cnica, o \u00e1reas estrat\u00e9gicas para la corporaci\u00f3n como las de servicios sociales, limpieza, mantenimiento, v\u00edas y obras.<\/p>\n<p style=\"text-align: justify;\">La alcaldesa, Noelia Garc\u00eda Leal, record\u00f3 que \u201cdesde hace varios a\u00f1os el Plan de Empleo constituye una prioridad econ\u00f3mica para Los Llanos de Aridane y, en particular, para este Grupo de Gobierno que lo ha convertido en uno de los Ayuntamientos que mayor aportaci\u00f3n econ\u00f3mica realiza con cargo a sus propios fondos no solo en La Palma, sino en toda Canarias\u201d.<br \/>\nEste a\u00f1o, agreg\u00f3 \u201ccon el Plan Extraordinario se podr\u00e1 contratar a personas que est\u00e1n desempleadas y que reforzar\u00e1n adem\u00e1s, los servicios municipales debido a las actuales circunstancias marcadas por la Covid\u201d.<\/p>\n<p style=\"text-align: justify;\"><strong>Perfiles profesionales<\/strong><\/p>\n<p style=\"text-align: justify;\">El Ayuntamiento de Los Llanos de Aridane requiere 1 licenciado en Derecho, 1 Ingeniero Industrial, 1 aparejador, 1 auxiliar administrativo, 6 auxiliares ayuda a domicilio, 21 peones de limpieza, 7 oficiales de primera alba\u00f1iles, 2 fontaneros, 2 pintores, 1 carpintero y 7 peones de la construcci\u00f3n.<\/p>\n<p style=\"text-align: justify;\">Para la selecci\u00f3n de los demandantes se aplicar\u00e1 el criterio de igualdad de g\u00e9nero. Los interesados deben presentar su solicitud en el Ayuntamiento hasta el 4 de diciembre. En caso de dudas, podr\u00e1n recibir informaci\u00f3n sobre los requisitos para participar en el programa y solicitar su inclusi\u00f3n como candidatos en la oficina de Atenci\u00f3n Ciudadana en el Ayuntamiento de Los Llanos de Aridane, en horario de atenci\u00f3n al p\u00fablico.<\/p>\n<p style=\"text-align: justify;\"><strong>Requisitos exigidos<\/strong><\/p>\n<p style=\"text-align: justify;\">Entre los requisitos exigidos para acceder a los diferentes puestos destacan tener entre 18 y 65 a\u00f1os, estar inscritos como demandantes de empleo durante un periodo m\u00ednimo de 6 meses en los \u00faltimos 24 meses, figurar dados de alta en el padr\u00f3n municipal con una antig\u00fcedad superior a seis meses, si bien en \u00e9ste \u00faltimo caso se podr\u00e1 obviar \u00fanicamente este requisito \u00fanicamente cuando queden puestos por cubrir, o en los casos de personas v\u00edctimas de violencia de g\u00e9nero.<\/p>\n<p style=\"text-align: justify;\">Adem\u00e1s, para participar en este programa se aplicar\u00e1 el criterio de rotaci\u00f3n y no repetici\u00f3n, es decir, estar\u00e1n excluidas aquellas personas que hayan participado en los \u00faltimos 12 meses en otras acciones propias de pol\u00edticas activas de empleo o planes de empleo social en los que dicha contrataci\u00f3n haya sido subvencionada, salvo que fuera por un per\u00edodo inferior a seis meses o no existan desempleados para cubrir las plazas ofertadas y garantizar as\u00ed la participaci\u00f3n del mayor n\u00famero de desempleados del municipio.<\/p>\n<p style=\"text-align: justify;\">Todos los profesionales deben tener un informe emitido por los Servicios Sociales del Ayuntamiento de Los Llanos de Aridane que certifique que se trata de personas desempleadas que forman parte de unidades familiares cuya media de ingresos no supere un importe de 450 euros por persona o que se trata de personas en situaci\u00f3n de exclusi\u00f3n social. Asimismo, se tendr\u00e1 en cuenta preferentemente la participaci\u00f3n de mujeres en una proporci\u00f3n superior al 50%, mayores de 45 a\u00f1os, desempleadas de larga duraci\u00f3n o personas con discapacidad.<\/p>\n<p style=\"text-align: justify;\">Todos los aspirantes que inicialmente no superen el proceso de selecci\u00f3n y que cumplan los requisitos pasar\u00e1n a formar parte de una lista de reserva, para futuros planes de empleo, con una duraci\u00f3n de 1 a\u00f1o. Estos aspirantes, siempre que mantengan los requisitos inicialmente exigidos, ser\u00e1n llamados por el orden de puntuaci\u00f3n obtenida y seg\u00fan sus perfiles profesionales.<\/p>\n","protected":false},"excerpt":{"rendered":"<p>El Ayuntamiento de Los Llanos de Aridane contratar\u00e1 a un total de 50 personas desempleadas a trav\u00e9s del Programa Extraordinario de Empleo 2020-2021 que permitir\u00e1 reforzar los servicios jur\u00eddicos municipales, la oficina t\u00e9cnica, o \u00e1reas estrat\u00e9gicas para la corporaci\u00f3n como las de servicios sociales, limpieza,&#8230;<\/p>\n","protected":false},"author":1,"featured_media":0,"comment_status":"closed","ping_status":"closed","sticky":false,"template":"","format":"standard","meta":{"footnotes":""},"categories":[6],"tags":[],"class_list":["post-358","post","type-post","status-publish","format-standard","hentry","category-prensa"],"yoast_head":"<!-- This site is optimized with the Yoast SEO plugin v22.7 - https:\/\/yoast.com\/wordpress\/plugins\/seo\/ -->\n<title>El Ayuntamiento de Los Llanos abre el plazo de contrataci\u00f3n a 50 desempleados con cargo al nuevo Plan Extraordinario de Empleo - Ayuntamiento de Los Llanos de Aridane<\/title>\n<meta name=\"robots\" content=\"index, follow, max-snippet:-1, max-image-preview:large, max-video-preview:-1\" \/>\n<link rel=\"canonical\" href=\"https:\/\/www.aridane.org\/city\/2020\/11\/23\/el-ayuntamiento-de-los-llanos-abre-el-plazo-de-contratacion-a-50-desempleados-con-cargo-al-nuevo-plan-extraordinario-de-empleo\/\" \/>\n<meta property=\"og:locale\" content=\"es_ES\" \/>\n<meta property=\"og:type\" content=\"article\" \/>\n<meta property=\"og:title\" content=\"El Ayuntamiento de Los Llanos abre el plazo de contrataci\u00f3n a 50 desempleados con cargo al nuevo Plan Extraordinario de Empleo - Ayuntamiento de Los Llanos de Aridane\" \/>\n<meta property=\"og:description\" content=\"El Ayuntamiento de Los Llanos de Aridane contratar\u00e1 a un total de 50 personas desempleadas a trav\u00e9s del Programa Extraordinario de Empleo 2020-2021 que permitir\u00e1 reforzar los servicios jur\u00eddicos municipales, la oficina t\u00e9cnica, o \u00e1reas estrat\u00e9gicas para la corporaci\u00f3n como las de servicios sociales, limpieza,...\" \/>\n<meta property=\"og:url\" content=\"https:\/\/www.aridane.org\/city\/2020\/11\/23\/el-ayuntamiento-de-los-llanos-abre-el-plazo-de-contratacion-a-50-desempleados-con-cargo-al-nuevo-plan-extraordinario-de-empleo\/\" \/>\n<meta property=\"og:site_name\" content=\"Ayuntamiento de Los Llanos de Aridane\" \/>\n<meta property=\"article:published_time\" content=\"2020-11-23T17:56:48+00:00\" \/>\n<meta name=\"author\" content=\"Richard Diaz\" \/>\n<meta name=\"twitter:card\" content=\"summary_large_image\" \/>\n<meta name=\"twitter:label1\" content=\"Escrito por\" \/>\n\t<meta name=\"twitter:data1\" content=\"Richard Diaz\" \/>\n\t<meta name=\"twitter:label2\" content=\"Tiempo de lectura\" \/>\n\t<meta name=\"twitter:data2\" content=\"3 minutos\" \/>\n<script type=\"application\/ld+json\" class=\"yoast-schema-graph\">{\"@context\":\"https:\/\/schema.org\",\"@graph\":[{\"@type\":\"WebPage\",\"@id\":\"https:\/\/www.aridane.org\/city\/2020\/11\/23\/el-ayuntamiento-de-los-llanos-abre-el-plazo-de-contratacion-a-50-desempleados-con-cargo-al-nuevo-plan-extraordinario-de-empleo\/\",\"url\":\"https:\/\/www.aridane.org\/city\/2020\/11\/23\/el-ayuntamiento-de-los-llanos-abre-el-plazo-de-contratacion-a-50-desempleados-con-cargo-al-nuevo-plan-extraordinario-de-empleo\/\",\"name\":\"El Ayuntamiento de Los Llanos abre el plazo de contrataci\u00f3n a 50 desempleados con cargo al nuevo Plan Extraordinario de Empleo - Ayuntamiento de Los Llanos de Aridane\",\"isPartOf\":{\"@id\":\"https:\/\/www.aridane.org\/city\/#website\"},\"datePublished\":\"2020-11-23T17:56:48+00:00\",\"dateModified\":\"2020-11-23T17:56:48+00:00\",\"author\":{\"@id\":\"https:\/\/www.aridane.org\/city\/#\/schema\/person\/7d352ec7f29881716f298394432e7209\"},\"breadcrumb\":{\"@id\":\"https:\/\/www.aridane.org\/city\/2020\/11\/23\/el-ayuntamiento-de-los-llanos-abre-el-plazo-de-contratacion-a-50-desempleados-con-cargo-al-nuevo-plan-extraordinario-de-empleo\/#breadcrumb\"},\"inLanguage\":\"es\",\"potentialAction\":[{\"@type\":\"ReadAction\",\"target\":[\"https:\/\/www.aridane.org\/city\/2020\/11\/23\/el-ayuntamiento-de-los-llanos-abre-el-plazo-de-contratacion-a-50-desempleados-con-cargo-al-nuevo-plan-extraordinario-de-empleo\/\"]}]},{\"@type\":\"BreadcrumbList\",\"@id\":\"https:\/\/www.aridane.org\/city\/2020\/11\/23\/el-ayuntamiento-de-los-llanos-abre-el-plazo-de-contratacion-a-50-desempleados-con-cargo-al-nuevo-plan-extraordinario-de-empleo\/#breadcrumb\",\"itemListElement\":[{\"@type\":\"ListItem\",\"position\":1,\"name\":\"Portada\",\"item\":\"https:\/\/www.aridane.org\/city\/\"},{\"@type\":\"ListItem\",\"position\":2,\"name\":\"El Ayuntamiento de Los Llanos abre el plazo de contrataci\u00f3n a 50 desempleados con cargo al nuevo Plan Extraordinario de Empleo\"}]},{\"@type\":\"WebSite\",\"@id\":\"https:\/\/www.aridane.org\/city\/#website\",\"url\":\"https:\/\/www.aridane.org\/city\/\",\"name\":\"Ayuntamiento de Los Llanos de Aridane\",\"description\":\"\",\"potentialAction\":[{\"@type\":\"SearchAction\",\"target\":{\"@type\":\"EntryPoint\",\"urlTemplate\":\"https:\/\/www.aridane.org\/city\/?s={search_term_string}\"},\"query-input\":\"required name=search_term_string\"}],\"inLanguage\":\"es\"},{\"@type\":\"Person\",\"@id\":\"https:\/\/www.aridane.org\/city\/#\/schema\/person\/7d352ec7f29881716f298394432e7209\",\"name\":\"Richard Diaz\",\"image\":{\"@type\":\"ImageObject\",\"inLanguage\":\"es\",\"@id\":\"https:\/\/www.aridane.org\/city\/#\/schema\/person\/image\/\",\"url\":\"https:\/\/secure.gravatar.com\/avatar\/bacd6aefc26a4a204943090a4c596cd10f0857081ef3cfd12084a70ecb3161d5?s=96&d=mm&r=g\",\"contentUrl\":\"https:\/\/secure.gravatar.com\/avatar\/bacd6aefc26a4a204943090a4c596cd10f0857081ef3cfd12084a70ecb3161d5?s=96&d=mm&r=g\",\"caption\":\"Richard Diaz\"},\"sameAs\":[\"https:\/\/www.aridane.org\/city\"],\"url\":\"https:\/\/www.aridane.org\/city\/author\/richard-diaz\/\"}]}<\/script>\n<!-- \/ Yoast SEO plugin. -->","yoast_head_json":{"title":"El Ayuntamiento de Los Llanos abre el plazo de contrataci\u00f3n a 50 desempleados con cargo al nuevo Plan Extraordinario de Empleo - Ayuntamiento de Los Llanos de Aridane","robots":{"index":"index","follow":"follow","max-snippet":"max-snippet:-1","max-image-preview":"max-image-preview:large","max-video-preview":"max-video-preview:-1"},"canonical":"https:\/\/www.aridane.org\/city\/2020\/11\/23\/el-ayuntamiento-de-los-llanos-abre-el-plazo-de-contratacion-a-50-desempleados-con-cargo-al-nuevo-plan-extraordinario-de-empleo\/","og_locale":"es_ES","og_type":"article","og_title":"El Ayuntamiento de Los Llanos abre el plazo de contrataci\u00f3n a 50 desempleados con cargo al nuevo Plan Extraordinario de Empleo - Ayuntamiento de Los Llanos de Aridane","og_description":"El Ayuntamiento de Los Llanos de Aridane contratar\u00e1 a un total de 50 personas desempleadas a trav\u00e9s del Programa Extraordinario de Empleo 2020-2021 que permitir\u00e1 reforzar los servicios jur\u00eddicos municipales, la oficina t\u00e9cnica, o \u00e1reas estrat\u00e9gicas para la corporaci\u00f3n como las de servicios sociales, limpieza,...","og_url":"https:\/\/www.aridane.org\/city\/2020\/11\/23\/el-ayuntamiento-de-los-llanos-abre-el-plazo-de-contratacion-a-50-desempleados-con-cargo-al-nuevo-plan-extraordinario-de-empleo\/","og_site_name":"Ayuntamiento de Los Llanos de Aridane","article_published_time":"2020-11-23T17:56:48+00:00","author":"Richard Diaz","twitter_card":"summary_large_image","twitter_misc":{"Escrito por":"Richard Diaz","Tiempo de lectura":"3 minutos"},"schema":{"@context":"https:\/\/schema.org","@graph":[{"@type":"WebPage","@id":"https:\/\/www.aridane.org\/city\/2020\/11\/23\/el-ayuntamiento-de-los-llanos-abre-el-plazo-de-contratacion-a-50-desempleados-con-cargo-al-nuevo-plan-extraordinario-de-empleo\/","url":"https:\/\/www.aridane.org\/city\/2020\/11\/23\/el-ayuntamiento-de-los-llanos-abre-el-plazo-de-contratacion-a-50-desempleados-con-cargo-al-nuevo-plan-extraordinario-de-empleo\/","name":"El Ayuntamiento de Los Llanos abre el plazo de contrataci\u00f3n a 50 desempleados con cargo al nuevo Plan Extraordinario de Empleo - Ayuntamiento de Los Llanos de Aridane","isPartOf":{"@id":"https:\/\/www.aridane.org\/city\/#website"},"datePublished":"2020-11-23T17:56:48+00:00","dateModified":"2020-11-23T17:56:48+00:00","author":{"@id":"https:\/\/www.aridane.org\/city\/#\/schema\/person\/7d352ec7f29881716f298394432e7209"},"breadcrumb":{"@id":"https:\/\/www.aridane.org\/city\/2020\/11\/23\/el-ayuntamiento-de-los-llanos-abre-el-plazo-de-contratacion-a-50-desempleados-con-cargo-al-nuevo-plan-extraordinario-de-empleo\/#breadcrumb"},"inLanguage":"es","potentialAction":[{"@type":"ReadAction","target":["https:\/\/www.aridane.org\/city\/2020\/11\/23\/el-ayuntamiento-de-los-llanos-abre-el-plazo-de-contratacion-a-50-desempleados-con-cargo-al-nuevo-plan-extraordinario-de-empleo\/"]}]},{"@type":"BreadcrumbList","@id":"https:\/\/www.aridane.org\/city\/2020\/11\/23\/el-ayuntamiento-de-los-llanos-abre-el-plazo-de-contratacion-a-50-desempleados-con-cargo-al-nuevo-plan-extraordinario-de-empleo\/#breadcrumb","itemListElement":[{"@type":"ListItem","position":1,"name":"Portada","item":"https:\/\/www.aridane.org\/city\/"},{"@type":"ListItem","position":2,"name":"El Ayuntamiento de Los Llanos abre el plazo de contrataci\u00f3n a 50 desempleados con cargo al nuevo Plan Extraordinario de Empleo"}]},{"@type":"WebSite","@id":"https:\/\/www.aridane.org\/city\/#website","url":"https:\/\/www.aridane.org\/city\/","name":"Ayuntamiento de Los Llanos de Aridane","description":"","potentialAction":[{"@type":"SearchAction","target":{"@type":"EntryPoint","urlTemplate":"https:\/\/www.aridane.org\/city\/?s={search_term_string}"},"query-input":"required name=search_term_string"}],"inLanguage":"es"},{"@type":"Person","@id":"https:\/\/www.aridane.org\/city\/#\/schema\/person\/7d352ec7f29881716f298394432e7209","name":"Richard Diaz","image":{"@type":"ImageObject","inLanguage":"es","@id":"https:\/\/www.aridane.org\/city\/#\/schema\/person\/image\/","url":"https:\/\/secure.gravatar.com\/avatar\/bacd6aefc26a4a204943090a4c596cd10f0857081ef3cfd12084a70ecb3161d5?s=96&d=mm&r=g","contentUrl":"https:\/\/secure.gravatar.com\/avatar\/bacd6aefc26a4a204943090a4c596cd10f0857081ef3cfd12084a70ecb3161d5?s=96&d=mm&r=g","caption":"Richard Diaz"},"sameAs":["https:\/\/www.aridane.org\/city"],"url":"https:\/\/www.aridane.org\/city\/author\/richard-diaz\/"}]}},"_links":{"self":[{"href":"https:\/\/www.aridane.org\/city\/wp-json\/wp\/v2\/posts\/358","targetHints":{"allow":["GET"]}}],"collection":[{"href":"https:\/\/www.aridane.org\/city\/wp-json\/wp\/v2\/posts"}],"about":[{"href":"https:\/\/www.aridane.org\/city\/wp-json\/wp\/v2\/types\/post"}],"author":[{"embeddable":true,"href":"https:\/\/www.aridane.org\/city\/wp-json\/wp\/v2\/users\/1"}],"replies":[{"embeddable":true,"href":"https:\/\/www.aridane.org\/city\/wp-json\/wp\/v2\/comments?post=358"}],"version-history":[{"count":0,"href":"https:\/\/www.aridane.org\/city\/wp-json\/wp\/v2\/posts\/358\/revisions"}],"wp:attachment":[{"href":"https:\/\/www.aridane.org\/city\/wp-json\/wp\/v2\/media?parent=358"}],"wp:term":[{"taxonomy":"category","embeddable":true,"href":"https:\/\/www.aridane.org\/city\/wp-json\/wp\/v2\/categories?post=358"},{"taxonomy":"post_tag","embeddable":true,"href":"https:\/\/www.aridane.org\/city\/wp-json\/wp\/v2\/tags?post=358"}],"curies":[{"name":"wp","href":"https:\/\/api.w.org\/{rel}","templated":true}]}}