{"id":3593,"date":"2024-03-18T15:34:10","date_gmt":"2024-03-18T15:34:10","guid":{"rendered":"https:\/\/www.aridane.org\/city\/?p=3593"},"modified":"2024-03-18T20:34:53","modified_gmt":"2024-03-18T20:34:53","slug":"los-llanos-de-aridane-incentiva-el-comercio-local-por-el-dia-del-padre","status":"publish","type":"post","link":"https:\/\/www.aridane.org\/city\/2024\/03\/18\/los-llanos-de-aridane-incentiva-el-comercio-local-por-el-dia-del-padre\/","title":{"rendered":"Los Llanos de Aridane incentiva el comercio local por el D\u00eda del Padre"},"content":{"rendered":"<p><em>La campa\u00f1a con Telpark para aparcar 20 minutos extra en la zona azul estar\u00e1 activa hasta este martes<\/em><br \/>\n<!--more--><\/p>\n<div id=\"v1forwardbody1\">\n<p>El Ayuntamiento de Los Llanos de Aridane, en colaboraci\u00f3n con la Asociaci\u00f3n Comercial Zona Abierta (Acza) y Zona Comercial Abierta (ZCA), incentiva el comercio del municipio impulsando a la poblaci\u00f3n a comprar por motivo del D\u00eda del Padre, que tendr\u00e1 lugar este martes, 19 de marzo.<\/p>\n<p>Con motivo de esta festividad, cada comercio recibi\u00f3 una tarjeta con una degustaci\u00f3n dulce para que las compras que se realizan este marzo reciban ese detalle. La concejala de Comercio de Los Llanos de Aridane, Ver\u00f3nica Gonz\u00e1lez, valoriza el producto local y anima a la ciudadan\u00eda a apoyar la econom\u00eda del municipio.<\/p>\n<p>\u201cEs importante para nosotros potenciar a los comercios de Los Llanos de Aridane\u201d, a\u00f1ade.<\/p>\n<p>Adem\u00e1s, el Ayuntamiento, en colaboraci\u00f3n con la empresa Telpark, ofrece 20 minutos extra gratis de aparcamiento en la zona azul previa reserva a trav\u00e9s de la aplicaci\u00f3n. La campa\u00f1a, que estar\u00e1 activa hasta el martes 19 de marzo, busca facilitar el acceso a los comercios de la ciudad en el marco del D\u00eda del Padre.<\/p>\n<p>Para disfrutar de esta campa\u00f1a, las personas deben reservar su estacionamiento a trav\u00e9s de la app de Telpark que te ofrece 20 minutos extra de forma gratuita.<\/p>\n<\/div>\n","protected":false},"excerpt":{"rendered":"<p>La campa\u00f1a con Telpark para aparcar 20 minutos extra en la zona azul estar\u00e1 activa hasta este martes<\/p>\n","protected":false},"author":4,"featured_media":3594,"comment_status":"open","ping_status":"open","sticky":false,"template":"","format":"standard","meta":{"footnotes":""},"categories":[1],"tags":[],"class_list":["post-3593","post","type-post","status-publish","format-standard","has-post-thumbnail","hentry","category-sin-categoria"],"yoast_head":"<!-- This site is optimized with the Yoast SEO plugin v22.7 - https:\/\/yoast.com\/wordpress\/plugins\/seo\/ -->\n<title>Los Llanos de Aridane incentiva el comercio local por el D\u00eda del Padre - Ayuntamiento de Los Llanos de Aridane<\/title>\n<meta name=\"robots\" content=\"index, follow, max-snippet:-1, max-image-preview:large, max-video-preview:-1\" \/>\n<link rel=\"canonical\" href=\"https:\/\/www.aridane.org\/city\/2024\/03\/18\/los-llanos-de-aridane-incentiva-el-comercio-local-por-el-dia-del-padre\/\" \/>\n<meta property=\"og:locale\" content=\"es_ES\" \/>\n<meta property=\"og:type\" content=\"article\" \/>\n<meta property=\"og:title\" content=\"Los Llanos de Aridane incentiva el comercio local por el D\u00eda del Padre - Ayuntamiento de Los Llanos de Aridane\" \/>\n<meta property=\"og:description\" content=\"La campa\u00f1a con Telpark para aparcar 20 minutos extra en la zona azul estar\u00e1 activa hasta este martes\" \/>\n<meta property=\"og:url\" content=\"https:\/\/www.aridane.org\/city\/2024\/03\/18\/los-llanos-de-aridane-incentiva-el-comercio-local-por-el-dia-del-padre\/\" \/>\n<meta property=\"og:site_name\" content=\"Ayuntamiento de Los Llanos de Aridane\" \/>\n<meta property=\"article:published_time\" content=\"2024-03-18T15:34:10+00:00\" \/>\n<meta property=\"article:modified_time\" content=\"2024-03-18T20:34:53+00:00\" \/>\n<meta property=\"og:image\" content=\"https:\/\/www.aridane.org\/city\/wp-content\/uploads\/2024\/03\/WhatsApp-Image-2024-03-14-at-10.40.44.jpeg\" \/>\n\t<meta property=\"og:image:width\" content=\"2048\" \/>\n\t<meta property=\"og:image:height\" content=\"1536\" \/>\n\t<meta property=\"og:image:type\" content=\"image\/jpeg\" \/>\n<meta name=\"author\" content=\"Corresponsal\" \/>\n<meta name=\"twitter:card\" content=\"summary_large_image\" \/>\n<meta name=\"twitter:label1\" content=\"Escrito por\" \/>\n\t<meta name=\"twitter:data1\" content=\"Corresponsal\" \/>\n\t<meta name=\"twitter:label2\" content=\"Tiempo de lectura\" \/>\n\t<meta name=\"twitter:data2\" content=\"2 minutos\" \/>\n<script type=\"application\/ld+json\" class=\"yoast-schema-graph\">{\"@context\":\"https:\/\/schema.org\",\"@graph\":[{\"@type\":\"WebPage\",\"@id\":\"https:\/\/www.aridane.org\/city\/2024\/03\/18\/los-llanos-de-aridane-incentiva-el-comercio-local-por-el-dia-del-padre\/\",\"url\":\"https:\/\/www.aridane.org\/city\/2024\/03\/18\/los-llanos-de-aridane-incentiva-el-comercio-local-por-el-dia-del-padre\/\",\"name\":\"Los Llanos de Aridane incentiva el comercio local por el D\u00eda del Padre - Ayuntamiento de Los Llanos de Aridane\",\"isPartOf\":{\"@id\":\"https:\/\/www.aridane.org\/city\/#website\"},\"primaryImageOfPage\":{\"@id\":\"https:\/\/www.aridane.org\/city\/2024\/03\/18\/los-llanos-de-aridane-incentiva-el-comercio-local-por-el-dia-del-padre\/#primaryimage\"},\"image\":{\"@id\":\"https:\/\/www.aridane.org\/city\/2024\/03\/18\/los-llanos-de-aridane-incentiva-el-comercio-local-por-el-dia-del-padre\/#primaryimage\"},\"thumbnailUrl\":\"https:\/\/www.aridane.org\/city\/wp-content\/uploads\/2024\/03\/WhatsApp-Image-2024-03-14-at-10.40.44.jpeg\",\"datePublished\":\"2024-03-18T15:34:10+00:00\",\"dateModified\":\"2024-03-18T20:34:53+00:00\",\"author\":{\"@id\":\"https:\/\/www.aridane.org\/city\/#\/schema\/person\/89ebd376b223dc94cc1dbcf200c8e6da\"},\"breadcrumb\":{\"@id\":\"https:\/\/www.aridane.org\/city\/2024\/03\/18\/los-llanos-de-aridane-incentiva-el-comercio-local-por-el-dia-del-padre\/#breadcrumb\"},\"inLanguage\":\"es\",\"potentialAction\":[{\"@type\":\"ReadAction\",\"target\":[\"https:\/\/www.aridane.org\/city\/2024\/03\/18\/los-llanos-de-aridane-incentiva-el-comercio-local-por-el-dia-del-padre\/\"]}]},{\"@type\":\"ImageObject\",\"inLanguage\":\"es\",\"@id\":\"https:\/\/www.aridane.org\/city\/2024\/03\/18\/los-llanos-de-aridane-incentiva-el-comercio-local-por-el-dia-del-padre\/#primaryimage\",\"url\":\"https:\/\/www.aridane.org\/city\/wp-content\/uploads\/2024\/03\/WhatsApp-Image-2024-03-14-at-10.40.44.jpeg\",\"contentUrl\":\"https:\/\/www.aridane.org\/city\/wp-content\/uploads\/2024\/03\/WhatsApp-Image-2024-03-14-at-10.40.44.jpeg\",\"width\":2048,\"height\":1536},{\"@type\":\"BreadcrumbList\",\"@id\":\"https:\/\/www.aridane.org\/city\/2024\/03\/18\/los-llanos-de-aridane-incentiva-el-comercio-local-por-el-dia-del-padre\/#breadcrumb\",\"itemListElement\":[{\"@type\":\"ListItem\",\"position\":1,\"name\":\"Portada\",\"item\":\"https:\/\/www.aridane.org\/city\/\"},{\"@type\":\"ListItem\",\"position\":2,\"name\":\"Los Llanos de Aridane incentiva el comercio local por el D\u00eda del Padre\"}]},{\"@type\":\"WebSite\",\"@id\":\"https:\/\/www.aridane.org\/city\/#website\",\"url\":\"https:\/\/www.aridane.org\/city\/\",\"name\":\"Ayuntamiento de Los Llanos de Aridane\",\"description\":\"\",\"potentialAction\":[{\"@type\":\"SearchAction\",\"target\":{\"@type\":\"EntryPoint\",\"urlTemplate\":\"https:\/\/www.aridane.org\/city\/?s={search_term_string}\"},\"query-input\":\"required name=search_term_string\"}],\"inLanguage\":\"es\"},{\"@type\":\"Person\",\"@id\":\"https:\/\/www.aridane.org\/city\/#\/schema\/person\/89ebd376b223dc94cc1dbcf200c8e6da\",\"name\":\"Corresponsal\",\"image\":{\"@type\":\"ImageObject\",\"inLanguage\":\"es\",\"@id\":\"https:\/\/www.aridane.org\/city\/#\/schema\/person\/image\/\",\"url\":\"https:\/\/secure.gravatar.com\/avatar\/1c476992411e4ccf153da63b2b2f5ea0bb4cb1c85f3ceab8512f04325ad5579c?s=96&d=mm&r=g\",\"contentUrl\":\"https:\/\/secure.gravatar.com\/avatar\/1c476992411e4ccf153da63b2b2f5ea0bb4cb1c85f3ceab8512f04325ad5579c?s=96&d=mm&r=g\",\"caption\":\"Corresponsal\"},\"url\":\"https:\/\/www.aridane.org\/city\/author\/corresponsal\/\"}]}<\/script>\n<!-- \/ Yoast SEO plugin. -->","yoast_head_json":{"title":"Los Llanos de Aridane incentiva el comercio local por el D\u00eda del Padre - Ayuntamiento de Los Llanos de Aridane","robots":{"index":"index","follow":"follow","max-snippet":"max-snippet:-1","max-image-preview":"max-image-preview:large","max-video-preview":"max-video-preview:-1"},"canonical":"https:\/\/www.aridane.org\/city\/2024\/03\/18\/los-llanos-de-aridane-incentiva-el-comercio-local-por-el-dia-del-padre\/","og_locale":"es_ES","og_type":"article","og_title":"Los Llanos de Aridane incentiva el comercio local por el D\u00eda del Padre - Ayuntamiento de Los Llanos de Aridane","og_description":"La campa\u00f1a con Telpark para aparcar 20 minutos extra en la zona azul estar\u00e1 activa hasta este martes","og_url":"https:\/\/www.aridane.org\/city\/2024\/03\/18\/los-llanos-de-aridane-incentiva-el-comercio-local-por-el-dia-del-padre\/","og_site_name":"Ayuntamiento de Los Llanos de Aridane","article_published_time":"2024-03-18T15:34:10+00:00","article_modified_time":"2024-03-18T20:34:53+00:00","og_image":[{"width":2048,"height":1536,"url":"https:\/\/www.aridane.org\/city\/wp-content\/uploads\/2024\/03\/WhatsApp-Image-2024-03-14-at-10.40.44.jpeg","type":"image\/jpeg"}],"author":"Corresponsal","twitter_card":"summary_large_image","twitter_misc":{"Escrito por":"Corresponsal","Tiempo de lectura":"2 minutos"},"schema":{"@context":"https:\/\/schema.org","@graph":[{"@type":"WebPage","@id":"https:\/\/www.aridane.org\/city\/2024\/03\/18\/los-llanos-de-aridane-incentiva-el-comercio-local-por-el-dia-del-padre\/","url":"https:\/\/www.aridane.org\/city\/2024\/03\/18\/los-llanos-de-aridane-incentiva-el-comercio-local-por-el-dia-del-padre\/","name":"Los Llanos de Aridane incentiva el comercio local por el D\u00eda del Padre - Ayuntamiento de Los Llanos de Aridane","isPartOf":{"@id":"https:\/\/www.aridane.org\/city\/#website"},"primaryImageOfPage":{"@id":"https:\/\/www.aridane.org\/city\/2024\/03\/18\/los-llanos-de-aridane-incentiva-el-comercio-local-por-el-dia-del-padre\/#primaryimage"},"image":{"@id":"https:\/\/www.aridane.org\/city\/2024\/03\/18\/los-llanos-de-aridane-incentiva-el-comercio-local-por-el-dia-del-padre\/#primaryimage"},"thumbnailUrl":"https:\/\/www.aridane.org\/city\/wp-content\/uploads\/2024\/03\/WhatsApp-Image-2024-03-14-at-10.40.44.jpeg","datePublished":"2024-03-18T15:34:10+00:00","dateModified":"2024-03-18T20:34:53+00:00","author":{"@id":"https:\/\/www.aridane.org\/city\/#\/schema\/person\/89ebd376b223dc94cc1dbcf200c8e6da"},"breadcrumb":{"@id":"https:\/\/www.aridane.org\/city\/2024\/03\/18\/los-llanos-de-aridane-incentiva-el-comercio-local-por-el-dia-del-padre\/#breadcrumb"},"inLanguage":"es","potentialAction":[{"@type":"ReadAction","target":["https:\/\/www.aridane.org\/city\/2024\/03\/18\/los-llanos-de-aridane-incentiva-el-comercio-local-por-el-dia-del-padre\/"]}]},{"@type":"ImageObject","inLanguage":"es","@id":"https:\/\/www.aridane.org\/city\/2024\/03\/18\/los-llanos-de-aridane-incentiva-el-comercio-local-por-el-dia-del-padre\/#primaryimage","url":"https:\/\/www.aridane.org\/city\/wp-content\/uploads\/2024\/03\/WhatsApp-Image-2024-03-14-at-10.40.44.jpeg","contentUrl":"https:\/\/www.aridane.org\/city\/wp-content\/uploads\/2024\/03\/WhatsApp-Image-2024-03-14-at-10.40.44.jpeg","width":2048,"height":1536},{"@type":"BreadcrumbList","@id":"https:\/\/www.aridane.org\/city\/2024\/03\/18\/los-llanos-de-aridane-incentiva-el-comercio-local-por-el-dia-del-padre\/#breadcrumb","itemListElement":[{"@type":"ListItem","position":1,"name":"Portada","item":"https:\/\/www.aridane.org\/city\/"},{"@type":"ListItem","position":2,"name":"Los Llanos de Aridane incentiva el comercio local por el D\u00eda del Padre"}]},{"@type":"WebSite","@id":"https:\/\/www.aridane.org\/city\/#website","url":"https:\/\/www.aridane.org\/city\/","name":"Ayuntamiento de Los Llanos de Aridane","description":"","potentialAction":[{"@type":"SearchAction","target":{"@type":"EntryPoint","urlTemplate":"https:\/\/www.aridane.org\/city\/?s={search_term_string}"},"query-input":"required name=search_term_string"}],"inLanguage":"es"},{"@type":"Person","@id":"https:\/\/www.aridane.org\/city\/#\/schema\/person\/89ebd376b223dc94cc1dbcf200c8e6da","name":"Corresponsal","image":{"@type":"ImageObject","inLanguage":"es","@id":"https:\/\/www.aridane.org\/city\/#\/schema\/person\/image\/","url":"https:\/\/secure.gravatar.com\/avatar\/1c476992411e4ccf153da63b2b2f5ea0bb4cb1c85f3ceab8512f04325ad5579c?s=96&d=mm&r=g","contentUrl":"https:\/\/secure.gravatar.com\/avatar\/1c476992411e4ccf153da63b2b2f5ea0bb4cb1c85f3ceab8512f04325ad5579c?s=96&d=mm&r=g","caption":"Corresponsal"},"url":"https:\/\/www.aridane.org\/city\/author\/corresponsal\/"}]}},"_links":{"self":[{"href":"https:\/\/www.aridane.org\/city\/wp-json\/wp\/v2\/posts\/3593","targetHints":{"allow":["GET"]}}],"collection":[{"href":"https:\/\/www.aridane.org\/city\/wp-json\/wp\/v2\/posts"}],"about":[{"href":"https:\/\/www.aridane.org\/city\/wp-json\/wp\/v2\/types\/post"}],"author":[{"embeddable":true,"href":"https:\/\/www.aridane.org\/city\/wp-json\/wp\/v2\/users\/4"}],"replies":[{"embeddable":true,"href":"https:\/\/www.aridane.org\/city\/wp-json\/wp\/v2\/comments?post=3593"}],"version-history":[{"count":1,"href":"https:\/\/www.aridane.org\/city\/wp-json\/wp\/v2\/posts\/3593\/revisions"}],"predecessor-version":[{"id":3595,"href":"https:\/\/www.aridane.org\/city\/wp-json\/wp\/v2\/posts\/3593\/revisions\/3595"}],"wp:featuredmedia":[{"embeddable":true,"href":"https:\/\/www.aridane.org\/city\/wp-json\/wp\/v2\/media\/3594"}],"wp:attachment":[{"href":"https:\/\/www.aridane.org\/city\/wp-json\/wp\/v2\/media?parent=3593"}],"wp:term":[{"taxonomy":"category","embeddable":true,"href":"https:\/\/www.aridane.org\/city\/wp-json\/wp\/v2\/categories?post=3593"},{"taxonomy":"post_tag","embeddable":true,"href":"https:\/\/www.aridane.org\/city\/wp-json\/wp\/v2\/tags?post=3593"}],"curies":[{"name":"wp","href":"https:\/\/api.w.org\/{rel}","templated":true}]}}