{"id":3598,"date":"2024-03-18T08:41:00","date_gmt":"2024-03-18T08:41:00","guid":{"rendered":"https:\/\/www.aridane.org\/city\/?p=3598"},"modified":"2024-03-25T08:44:15","modified_gmt":"2024-03-25T08:44:15","slug":"el-ayuntamiento-impulsa-las-obras-de-accesibilidad-de-la-calle-enrique-mederos","status":"publish","type":"post","link":"https:\/\/www.aridane.org\/city\/2024\/03\/18\/el-ayuntamiento-impulsa-las-obras-de-accesibilidad-de-la-calle-enrique-mederos\/","title":{"rendered":"El Ayuntamiento impulsa las obras de accesibilidad de la calle Enrique Mederos"},"content":{"rendered":"<p><em>Desde el Ayuntamiento se va a continuar con el compromiso de seguir trabajando en la accesibilidad universal del municipio<\/em><br \/>\n<!--more--><\/p>\n<div id=\"v1forwardbody1\">\n<p>El Ayuntamiento de Los Llanos de Aridane se encuentra inmerso en varias\u00a0 obras de mejora de la accesibilidad en una de las principales v\u00edas del municipio, la calle Enrique Mederos. Este proyecto ha sido puesto en marcha a propuesta de la ciudadan\u00eda en los Presupuestos Participativos y su evoluci\u00f3n ser\u00e1 estudiada con el prop\u00f3sito de realizar estas intervenciones en otros puntos del municipio.<\/p>\n<p>La concejala de Movilidad, Virginia Santaella, explica que esta actuaci\u00f3n se ejecuta con personal del convenio y pone de manifiesto el compromiso del Ayuntamiento con la accesibilidad universal.<\/p>\n<p>\u201cQueremos que las personas se desplacen de manera libre y sin obst\u00e1culos en cualquier entorno, independientemente de las condiciones f\u00edsicas, sensoriales o cognitivas que tengan. Estas actuaciones son para ello\u201d, a\u00f1ade Santaella.<\/p>\n<p>En este sentido, el alcalde, Javier Llamas, ratifica el compromiso de este grupo de gobierno con la accesibilidad universal en todos los espacios del municipio. \u201cSe trata de mejorar la calidad de vida de nuestra ciudadan\u00eda. Trabajamos por un municipio sin barreras de ning\u00fan tipo\u201d, a\u00f1ade.<\/p>\n<\/div>\n","protected":false},"excerpt":{"rendered":"<p>Desde el Ayuntamiento se va a continuar con el compromiso de seguir trabajando en la accesibilidad universal del municipio<\/p>\n","protected":false},"author":4,"featured_media":3599,"comment_status":"open","ping_status":"open","sticky":false,"template":"","format":"standard","meta":{"footnotes":""},"categories":[1],"tags":[],"class_list":["post-3598","post","type-post","status-publish","format-standard","has-post-thumbnail","hentry","category-sin-categoria"],"yoast_head":"<!-- This site is optimized with the Yoast SEO plugin v22.7 - https:\/\/yoast.com\/wordpress\/plugins\/seo\/ -->\n<title>El Ayuntamiento impulsa las obras de accesibilidad de la calle Enrique Mederos - Ayuntamiento de Los Llanos de Aridane<\/title>\n<meta name=\"robots\" content=\"index, follow, max-snippet:-1, max-image-preview:large, max-video-preview:-1\" \/>\n<link rel=\"canonical\" href=\"https:\/\/www.aridane.org\/city\/2024\/03\/18\/el-ayuntamiento-impulsa-las-obras-de-accesibilidad-de-la-calle-enrique-mederos\/\" \/>\n<meta property=\"og:locale\" content=\"es_ES\" \/>\n<meta property=\"og:type\" content=\"article\" \/>\n<meta property=\"og:title\" content=\"El Ayuntamiento impulsa las obras de accesibilidad de la calle Enrique Mederos - Ayuntamiento de Los Llanos de Aridane\" \/>\n<meta property=\"og:description\" content=\"Desde el Ayuntamiento se va a continuar con el compromiso de seguir trabajando en la accesibilidad universal del municipio\" \/>\n<meta property=\"og:url\" content=\"https:\/\/www.aridane.org\/city\/2024\/03\/18\/el-ayuntamiento-impulsa-las-obras-de-accesibilidad-de-la-calle-enrique-mederos\/\" \/>\n<meta property=\"og:site_name\" content=\"Ayuntamiento de Los Llanos de Aridane\" \/>\n<meta property=\"article:published_time\" content=\"2024-03-18T08:41:00+00:00\" \/>\n<meta property=\"article:modified_time\" content=\"2024-03-25T08:44:15+00:00\" \/>\n<meta property=\"og:image\" content=\"https:\/\/www.aridane.org\/city\/wp-content\/uploads\/2024\/03\/Obras-movilidad-Enrique-Mederos.jpeg\" \/>\n\t<meta property=\"og:image:width\" content=\"2048\" \/>\n\t<meta property=\"og:image:height\" content=\"1536\" \/>\n\t<meta property=\"og:image:type\" content=\"image\/jpeg\" \/>\n<meta name=\"author\" content=\"Corresponsal\" \/>\n<meta name=\"twitter:card\" content=\"summary_large_image\" \/>\n<meta name=\"twitter:label1\" content=\"Escrito por\" \/>\n\t<meta name=\"twitter:data1\" content=\"Corresponsal\" \/>\n\t<meta name=\"twitter:label2\" content=\"Tiempo de lectura\" \/>\n\t<meta name=\"twitter:data2\" content=\"2 minutos\" \/>\n<script type=\"application\/ld+json\" class=\"yoast-schema-graph\">{\"@context\":\"https:\/\/schema.org\",\"@graph\":[{\"@type\":\"WebPage\",\"@id\":\"https:\/\/www.aridane.org\/city\/2024\/03\/18\/el-ayuntamiento-impulsa-las-obras-de-accesibilidad-de-la-calle-enrique-mederos\/\",\"url\":\"https:\/\/www.aridane.org\/city\/2024\/03\/18\/el-ayuntamiento-impulsa-las-obras-de-accesibilidad-de-la-calle-enrique-mederos\/\",\"name\":\"El Ayuntamiento impulsa las obras de accesibilidad de la calle Enrique Mederos - Ayuntamiento de Los Llanos de Aridane\",\"isPartOf\":{\"@id\":\"https:\/\/www.aridane.org\/city\/#website\"},\"primaryImageOfPage\":{\"@id\":\"https:\/\/www.aridane.org\/city\/2024\/03\/18\/el-ayuntamiento-impulsa-las-obras-de-accesibilidad-de-la-calle-enrique-mederos\/#primaryimage\"},\"image\":{\"@id\":\"https:\/\/www.aridane.org\/city\/2024\/03\/18\/el-ayuntamiento-impulsa-las-obras-de-accesibilidad-de-la-calle-enrique-mederos\/#primaryimage\"},\"thumbnailUrl\":\"https:\/\/www.aridane.org\/city\/wp-content\/uploads\/2024\/03\/Obras-movilidad-Enrique-Mederos.jpeg\",\"datePublished\":\"2024-03-18T08:41:00+00:00\",\"dateModified\":\"2024-03-25T08:44:15+00:00\",\"author\":{\"@id\":\"https:\/\/www.aridane.org\/city\/#\/schema\/person\/89ebd376b223dc94cc1dbcf200c8e6da\"},\"breadcrumb\":{\"@id\":\"https:\/\/www.aridane.org\/city\/2024\/03\/18\/el-ayuntamiento-impulsa-las-obras-de-accesibilidad-de-la-calle-enrique-mederos\/#breadcrumb\"},\"inLanguage\":\"es\",\"potentialAction\":[{\"@type\":\"ReadAction\",\"target\":[\"https:\/\/www.aridane.org\/city\/2024\/03\/18\/el-ayuntamiento-impulsa-las-obras-de-accesibilidad-de-la-calle-enrique-mederos\/\"]}]},{\"@type\":\"ImageObject\",\"inLanguage\":\"es\",\"@id\":\"https:\/\/www.aridane.org\/city\/2024\/03\/18\/el-ayuntamiento-impulsa-las-obras-de-accesibilidad-de-la-calle-enrique-mederos\/#primaryimage\",\"url\":\"https:\/\/www.aridane.org\/city\/wp-content\/uploads\/2024\/03\/Obras-movilidad-Enrique-Mederos.jpeg\",\"contentUrl\":\"https:\/\/www.aridane.org\/city\/wp-content\/uploads\/2024\/03\/Obras-movilidad-Enrique-Mederos.jpeg\",\"width\":2048,\"height\":1536},{\"@type\":\"BreadcrumbList\",\"@id\":\"https:\/\/www.aridane.org\/city\/2024\/03\/18\/el-ayuntamiento-impulsa-las-obras-de-accesibilidad-de-la-calle-enrique-mederos\/#breadcrumb\",\"itemListElement\":[{\"@type\":\"ListItem\",\"position\":1,\"name\":\"Portada\",\"item\":\"https:\/\/www.aridane.org\/city\/\"},{\"@type\":\"ListItem\",\"position\":2,\"name\":\"El Ayuntamiento impulsa las obras de accesibilidad de la calle Enrique Mederos\"}]},{\"@type\":\"WebSite\",\"@id\":\"https:\/\/www.aridane.org\/city\/#website\",\"url\":\"https:\/\/www.aridane.org\/city\/\",\"name\":\"Ayuntamiento de Los Llanos de Aridane\",\"description\":\"\",\"potentialAction\":[{\"@type\":\"SearchAction\",\"target\":{\"@type\":\"EntryPoint\",\"urlTemplate\":\"https:\/\/www.aridane.org\/city\/?s={search_term_string}\"},\"query-input\":\"required name=search_term_string\"}],\"inLanguage\":\"es\"},{\"@type\":\"Person\",\"@id\":\"https:\/\/www.aridane.org\/city\/#\/schema\/person\/89ebd376b223dc94cc1dbcf200c8e6da\",\"name\":\"Corresponsal\",\"image\":{\"@type\":\"ImageObject\",\"inLanguage\":\"es\",\"@id\":\"https:\/\/www.aridane.org\/city\/#\/schema\/person\/image\/\",\"url\":\"https:\/\/secure.gravatar.com\/avatar\/1c476992411e4ccf153da63b2b2f5ea0bb4cb1c85f3ceab8512f04325ad5579c?s=96&d=mm&r=g\",\"contentUrl\":\"https:\/\/secure.gravatar.com\/avatar\/1c476992411e4ccf153da63b2b2f5ea0bb4cb1c85f3ceab8512f04325ad5579c?s=96&d=mm&r=g\",\"caption\":\"Corresponsal\"},\"url\":\"https:\/\/www.aridane.org\/city\/author\/corresponsal\/\"}]}<\/script>\n<!-- \/ Yoast SEO plugin. -->","yoast_head_json":{"title":"El Ayuntamiento impulsa las obras de accesibilidad de la calle Enrique Mederos - Ayuntamiento de Los Llanos de Aridane","robots":{"index":"index","follow":"follow","max-snippet":"max-snippet:-1","max-image-preview":"max-image-preview:large","max-video-preview":"max-video-preview:-1"},"canonical":"https:\/\/www.aridane.org\/city\/2024\/03\/18\/el-ayuntamiento-impulsa-las-obras-de-accesibilidad-de-la-calle-enrique-mederos\/","og_locale":"es_ES","og_type":"article","og_title":"El Ayuntamiento impulsa las obras de accesibilidad de la calle Enrique Mederos - Ayuntamiento de Los Llanos de Aridane","og_description":"Desde el Ayuntamiento se va a continuar con el compromiso de seguir trabajando en la accesibilidad universal del municipio","og_url":"https:\/\/www.aridane.org\/city\/2024\/03\/18\/el-ayuntamiento-impulsa-las-obras-de-accesibilidad-de-la-calle-enrique-mederos\/","og_site_name":"Ayuntamiento de Los Llanos de Aridane","article_published_time":"2024-03-18T08:41:00+00:00","article_modified_time":"2024-03-25T08:44:15+00:00","og_image":[{"width":2048,"height":1536,"url":"https:\/\/www.aridane.org\/city\/wp-content\/uploads\/2024\/03\/Obras-movilidad-Enrique-Mederos.jpeg","type":"image\/jpeg"}],"author":"Corresponsal","twitter_card":"summary_large_image","twitter_misc":{"Escrito por":"Corresponsal","Tiempo de lectura":"2 minutos"},"schema":{"@context":"https:\/\/schema.org","@graph":[{"@type":"WebPage","@id":"https:\/\/www.aridane.org\/city\/2024\/03\/18\/el-ayuntamiento-impulsa-las-obras-de-accesibilidad-de-la-calle-enrique-mederos\/","url":"https:\/\/www.aridane.org\/city\/2024\/03\/18\/el-ayuntamiento-impulsa-las-obras-de-accesibilidad-de-la-calle-enrique-mederos\/","name":"El Ayuntamiento impulsa las obras de accesibilidad de la calle Enrique Mederos - Ayuntamiento de Los Llanos de Aridane","isPartOf":{"@id":"https:\/\/www.aridane.org\/city\/#website"},"primaryImageOfPage":{"@id":"https:\/\/www.aridane.org\/city\/2024\/03\/18\/el-ayuntamiento-impulsa-las-obras-de-accesibilidad-de-la-calle-enrique-mederos\/#primaryimage"},"image":{"@id":"https:\/\/www.aridane.org\/city\/2024\/03\/18\/el-ayuntamiento-impulsa-las-obras-de-accesibilidad-de-la-calle-enrique-mederos\/#primaryimage"},"thumbnailUrl":"https:\/\/www.aridane.org\/city\/wp-content\/uploads\/2024\/03\/Obras-movilidad-Enrique-Mederos.jpeg","datePublished":"2024-03-18T08:41:00+00:00","dateModified":"2024-03-25T08:44:15+00:00","author":{"@id":"https:\/\/www.aridane.org\/city\/#\/schema\/person\/89ebd376b223dc94cc1dbcf200c8e6da"},"breadcrumb":{"@id":"https:\/\/www.aridane.org\/city\/2024\/03\/18\/el-ayuntamiento-impulsa-las-obras-de-accesibilidad-de-la-calle-enrique-mederos\/#breadcrumb"},"inLanguage":"es","potentialAction":[{"@type":"ReadAction","target":["https:\/\/www.aridane.org\/city\/2024\/03\/18\/el-ayuntamiento-impulsa-las-obras-de-accesibilidad-de-la-calle-enrique-mederos\/"]}]},{"@type":"ImageObject","inLanguage":"es","@id":"https:\/\/www.aridane.org\/city\/2024\/03\/18\/el-ayuntamiento-impulsa-las-obras-de-accesibilidad-de-la-calle-enrique-mederos\/#primaryimage","url":"https:\/\/www.aridane.org\/city\/wp-content\/uploads\/2024\/03\/Obras-movilidad-Enrique-Mederos.jpeg","contentUrl":"https:\/\/www.aridane.org\/city\/wp-content\/uploads\/2024\/03\/Obras-movilidad-Enrique-Mederos.jpeg","width":2048,"height":1536},{"@type":"BreadcrumbList","@id":"https:\/\/www.aridane.org\/city\/2024\/03\/18\/el-ayuntamiento-impulsa-las-obras-de-accesibilidad-de-la-calle-enrique-mederos\/#breadcrumb","itemListElement":[{"@type":"ListItem","position":1,"name":"Portada","item":"https:\/\/www.aridane.org\/city\/"},{"@type":"ListItem","position":2,"name":"El Ayuntamiento impulsa las obras de accesibilidad de la calle Enrique Mederos"}]},{"@type":"WebSite","@id":"https:\/\/www.aridane.org\/city\/#website","url":"https:\/\/www.aridane.org\/city\/","name":"Ayuntamiento de Los Llanos de Aridane","description":"","potentialAction":[{"@type":"SearchAction","target":{"@type":"EntryPoint","urlTemplate":"https:\/\/www.aridane.org\/city\/?s={search_term_string}"},"query-input":"required name=search_term_string"}],"inLanguage":"es"},{"@type":"Person","@id":"https:\/\/www.aridane.org\/city\/#\/schema\/person\/89ebd376b223dc94cc1dbcf200c8e6da","name":"Corresponsal","image":{"@type":"ImageObject","inLanguage":"es","@id":"https:\/\/www.aridane.org\/city\/#\/schema\/person\/image\/","url":"https:\/\/secure.gravatar.com\/avatar\/1c476992411e4ccf153da63b2b2f5ea0bb4cb1c85f3ceab8512f04325ad5579c?s=96&d=mm&r=g","contentUrl":"https:\/\/secure.gravatar.com\/avatar\/1c476992411e4ccf153da63b2b2f5ea0bb4cb1c85f3ceab8512f04325ad5579c?s=96&d=mm&r=g","caption":"Corresponsal"},"url":"https:\/\/www.aridane.org\/city\/author\/corresponsal\/"}]}},"_links":{"self":[{"href":"https:\/\/www.aridane.org\/city\/wp-json\/wp\/v2\/posts\/3598","targetHints":{"allow":["GET"]}}],"collection":[{"href":"https:\/\/www.aridane.org\/city\/wp-json\/wp\/v2\/posts"}],"about":[{"href":"https:\/\/www.aridane.org\/city\/wp-json\/wp\/v2\/types\/post"}],"author":[{"embeddable":true,"href":"https:\/\/www.aridane.org\/city\/wp-json\/wp\/v2\/users\/4"}],"replies":[{"embeddable":true,"href":"https:\/\/www.aridane.org\/city\/wp-json\/wp\/v2\/comments?post=3598"}],"version-history":[{"count":1,"href":"https:\/\/www.aridane.org\/city\/wp-json\/wp\/v2\/posts\/3598\/revisions"}],"predecessor-version":[{"id":3600,"href":"https:\/\/www.aridane.org\/city\/wp-json\/wp\/v2\/posts\/3598\/revisions\/3600"}],"wp:featuredmedia":[{"embeddable":true,"href":"https:\/\/www.aridane.org\/city\/wp-json\/wp\/v2\/media\/3599"}],"wp:attachment":[{"href":"https:\/\/www.aridane.org\/city\/wp-json\/wp\/v2\/media?parent=3598"}],"wp:term":[{"taxonomy":"category","embeddable":true,"href":"https:\/\/www.aridane.org\/city\/wp-json\/wp\/v2\/categories?post=3598"},{"taxonomy":"post_tag","embeddable":true,"href":"https:\/\/www.aridane.org\/city\/wp-json\/wp\/v2\/tags?post=3598"}],"curies":[{"name":"wp","href":"https:\/\/api.w.org\/{rel}","templated":true}]}}