{"id":3601,"date":"2024-03-19T08:44:40","date_gmt":"2024-03-19T08:44:40","guid":{"rendered":"https:\/\/www.aridane.org\/city\/?p=3601"},"modified":"2024-03-25T08:46:01","modified_gmt":"2024-03-25T08:46:01","slug":"festilij-aridane-promociona-la-literatura-juvenil-e-infantil-con-17-autores-de-renombre","status":"publish","type":"post","link":"https:\/\/www.aridane.org\/city\/2024\/03\/19\/festilij-aridane-promociona-la-literatura-juvenil-e-infantil-con-17-autores-de-renombre\/","title":{"rendered":"FestiLIJ Aridane promociona la literatura juvenil e infantil con 17 autores de renombre"},"content":{"rendered":"<p><em>Un evento promovido por el Ayuntamiento de Los Llanos de Aridane, junto con las librer\u00edas Estudiante y Serendipia, y en colaboraci\u00f3n con el Cabildo de La Palma<\/em><!--more--><\/p>\n<p>La literatura infantil y juvenil est\u00e1 de vuelta en Los Llanos de Aridane. La III edici\u00f3n del Festival de Literatura Infantil y Juvenil (FestiLIJ) Aridane dar\u00e1 comienzo el pr\u00f3ximo 25 de abril en la Biblioteca Municipal Mar\u00eda Nieves P\u00e9rez Acosta, con las actuaciones de hasta 17 autores, entre ellos Pedro Ma\u00f1as, Bego\u00f1a Oro, Mar\u00eda Men\u00e9ndez-Ponte, Margarita del Mazo, Jos\u00e9 Carlos Andr\u00e9s y Bruno Puelles.<\/p>\n<p>La concejala de Cultura, Marlene Gonz\u00e1lez, resalta la importancia de este festival, que\u00a0 \u201cbusca promocionar la literatura infantil y juvenil con el fin de convertir la cultura en algo din\u00e1mico, participativo y cercano\u201d.<\/p>\n<p>\u201cEl evento permite acercar a los lectores m\u00e1s j\u00f3venes a sus autores favoritos, tanto en encuentros en los colegios e institutos como en mesas redondas, talleres y cuentacuentos en la sede del festival, en la biblioteca\u201d, a\u00f1ade la concejala.<\/p>\n<p>En esta edici\u00f3n, habr\u00e1 actividades no solo para ni\u00f1os y adolescentes, sino tambi\u00e9n abiertas a padres y profesores como la charla \u2018Los ni\u00f1os en la guerra: c\u00f3mo la literatura infantil y juvenil retrata los conflictos armados\u2019, por Javier Fern\u00e1ndez Jim\u00e9nez o el taller \u2018C\u00f3mo usar la literatura infantil y juvenil para tratar la muerte y el duelo\u2019, por Javier Fonseca.<\/p>\n<p>Para los adolescentes a los que les guste escribir o ilustrar, algunas de las actividades espec\u00edficas para ellos son el taller \u2018C\u00f3mo escribir sin complejos\u2019, impartido por Margarita del Mazo o el \u2018Taller de ilustraci\u00f3n para adolescentes\u2019, impartido por la autora del cartel de esta edici\u00f3n, Elisabeth Karin Pav\u00f3n Rymer-Rythen.<\/p>\n<p>Para obtener m\u00e1s informaci\u00f3n sobre programa y autores invitados, se puede consultar la web www.festilijaridane.com<\/p>\n","protected":false},"excerpt":{"rendered":"<p>Un evento promovido por el Ayuntamiento de Los Llanos de Aridane, junto con las librer\u00edas Estudiante y Serendipia, y en colaboraci\u00f3n con el Cabildo de La Palma<\/p>\n","protected":false},"author":4,"featured_media":3602,"comment_status":"open","ping_status":"open","sticky":false,"template":"","format":"standard","meta":{"footnotes":""},"categories":[1],"tags":[],"class_list":["post-3601","post","type-post","status-publish","format-standard","has-post-thumbnail","hentry","category-sin-categoria"],"yoast_head":"<!-- This site is optimized with the Yoast SEO plugin v22.7 - https:\/\/yoast.com\/wordpress\/plugins\/seo\/ -->\n<title>FestiLIJ Aridane promociona la literatura juvenil e infantil con 17 autores de renombre - Ayuntamiento de Los Llanos de Aridane<\/title>\n<meta name=\"robots\" content=\"index, follow, max-snippet:-1, max-image-preview:large, max-video-preview:-1\" \/>\n<link rel=\"canonical\" href=\"https:\/\/www.aridane.org\/city\/2024\/03\/19\/festilij-aridane-promociona-la-literatura-juvenil-e-infantil-con-17-autores-de-renombre\/\" \/>\n<meta property=\"og:locale\" content=\"es_ES\" \/>\n<meta property=\"og:type\" content=\"article\" \/>\n<meta property=\"og:title\" content=\"FestiLIJ Aridane promociona la literatura juvenil e infantil con 17 autores de renombre - Ayuntamiento de Los Llanos de Aridane\" \/>\n<meta property=\"og:description\" content=\"Un evento promovido por el Ayuntamiento de Los Llanos de Aridane, junto con las librer\u00edas Estudiante y Serendipia, y en colaboraci\u00f3n con el Cabildo de La Palma\" \/>\n<meta property=\"og:url\" content=\"https:\/\/www.aridane.org\/city\/2024\/03\/19\/festilij-aridane-promociona-la-literatura-juvenil-e-infantil-con-17-autores-de-renombre\/\" \/>\n<meta property=\"og:site_name\" content=\"Ayuntamiento de Los Llanos de Aridane\" \/>\n<meta property=\"article:published_time\" content=\"2024-03-19T08:44:40+00:00\" \/>\n<meta property=\"article:modified_time\" content=\"2024-03-25T08:46:01+00:00\" \/>\n<meta property=\"og:image\" content=\"https:\/\/www.aridane.org\/city\/wp-content\/uploads\/2024\/03\/FestiLij-1.jpeg\" \/>\n\t<meta property=\"og:image:width\" content=\"1126\" \/>\n\t<meta property=\"og:image:height\" content=\"1531\" \/>\n\t<meta property=\"og:image:type\" content=\"image\/jpeg\" \/>\n<meta name=\"author\" content=\"Corresponsal\" \/>\n<meta name=\"twitter:card\" content=\"summary_large_image\" \/>\n<meta name=\"twitter:label1\" content=\"Escrito por\" \/>\n\t<meta name=\"twitter:data1\" content=\"Corresponsal\" \/>\n\t<meta name=\"twitter:label2\" content=\"Tiempo de lectura\" \/>\n\t<meta name=\"twitter:data2\" content=\"2 minutos\" \/>\n<script type=\"application\/ld+json\" class=\"yoast-schema-graph\">{\"@context\":\"https:\/\/schema.org\",\"@graph\":[{\"@type\":\"WebPage\",\"@id\":\"https:\/\/www.aridane.org\/city\/2024\/03\/19\/festilij-aridane-promociona-la-literatura-juvenil-e-infantil-con-17-autores-de-renombre\/\",\"url\":\"https:\/\/www.aridane.org\/city\/2024\/03\/19\/festilij-aridane-promociona-la-literatura-juvenil-e-infantil-con-17-autores-de-renombre\/\",\"name\":\"FestiLIJ Aridane promociona la literatura juvenil e infantil con 17 autores de renombre - Ayuntamiento de Los Llanos de Aridane\",\"isPartOf\":{\"@id\":\"https:\/\/www.aridane.org\/city\/#website\"},\"primaryImageOfPage\":{\"@id\":\"https:\/\/www.aridane.org\/city\/2024\/03\/19\/festilij-aridane-promociona-la-literatura-juvenil-e-infantil-con-17-autores-de-renombre\/#primaryimage\"},\"image\":{\"@id\":\"https:\/\/www.aridane.org\/city\/2024\/03\/19\/festilij-aridane-promociona-la-literatura-juvenil-e-infantil-con-17-autores-de-renombre\/#primaryimage\"},\"thumbnailUrl\":\"https:\/\/www.aridane.org\/city\/wp-content\/uploads\/2024\/03\/FestiLij-1.jpeg\",\"datePublished\":\"2024-03-19T08:44:40+00:00\",\"dateModified\":\"2024-03-25T08:46:01+00:00\",\"author\":{\"@id\":\"https:\/\/www.aridane.org\/city\/#\/schema\/person\/89ebd376b223dc94cc1dbcf200c8e6da\"},\"breadcrumb\":{\"@id\":\"https:\/\/www.aridane.org\/city\/2024\/03\/19\/festilij-aridane-promociona-la-literatura-juvenil-e-infantil-con-17-autores-de-renombre\/#breadcrumb\"},\"inLanguage\":\"es\",\"potentialAction\":[{\"@type\":\"ReadAction\",\"target\":[\"https:\/\/www.aridane.org\/city\/2024\/03\/19\/festilij-aridane-promociona-la-literatura-juvenil-e-infantil-con-17-autores-de-renombre\/\"]}]},{\"@type\":\"ImageObject\",\"inLanguage\":\"es\",\"@id\":\"https:\/\/www.aridane.org\/city\/2024\/03\/19\/festilij-aridane-promociona-la-literatura-juvenil-e-infantil-con-17-autores-de-renombre\/#primaryimage\",\"url\":\"https:\/\/www.aridane.org\/city\/wp-content\/uploads\/2024\/03\/FestiLij-1.jpeg\",\"contentUrl\":\"https:\/\/www.aridane.org\/city\/wp-content\/uploads\/2024\/03\/FestiLij-1.jpeg\",\"width\":1126,\"height\":1531},{\"@type\":\"BreadcrumbList\",\"@id\":\"https:\/\/www.aridane.org\/city\/2024\/03\/19\/festilij-aridane-promociona-la-literatura-juvenil-e-infantil-con-17-autores-de-renombre\/#breadcrumb\",\"itemListElement\":[{\"@type\":\"ListItem\",\"position\":1,\"name\":\"Portada\",\"item\":\"https:\/\/www.aridane.org\/city\/\"},{\"@type\":\"ListItem\",\"position\":2,\"name\":\"FestiLIJ Aridane promociona la literatura juvenil e infantil con 17 autores de renombre\"}]},{\"@type\":\"WebSite\",\"@id\":\"https:\/\/www.aridane.org\/city\/#website\",\"url\":\"https:\/\/www.aridane.org\/city\/\",\"name\":\"Ayuntamiento de Los Llanos de Aridane\",\"description\":\"\",\"potentialAction\":[{\"@type\":\"SearchAction\",\"target\":{\"@type\":\"EntryPoint\",\"urlTemplate\":\"https:\/\/www.aridane.org\/city\/?s={search_term_string}\"},\"query-input\":\"required name=search_term_string\"}],\"inLanguage\":\"es\"},{\"@type\":\"Person\",\"@id\":\"https:\/\/www.aridane.org\/city\/#\/schema\/person\/89ebd376b223dc94cc1dbcf200c8e6da\",\"name\":\"Corresponsal\",\"image\":{\"@type\":\"ImageObject\",\"inLanguage\":\"es\",\"@id\":\"https:\/\/www.aridane.org\/city\/#\/schema\/person\/image\/\",\"url\":\"https:\/\/secure.gravatar.com\/avatar\/1c476992411e4ccf153da63b2b2f5ea0bb4cb1c85f3ceab8512f04325ad5579c?s=96&d=mm&r=g\",\"contentUrl\":\"https:\/\/secure.gravatar.com\/avatar\/1c476992411e4ccf153da63b2b2f5ea0bb4cb1c85f3ceab8512f04325ad5579c?s=96&d=mm&r=g\",\"caption\":\"Corresponsal\"},\"url\":\"https:\/\/www.aridane.org\/city\/author\/corresponsal\/\"}]}<\/script>\n<!-- \/ Yoast SEO plugin. -->","yoast_head_json":{"title":"FestiLIJ Aridane promociona la literatura juvenil e infantil con 17 autores de renombre - Ayuntamiento de Los Llanos de Aridane","robots":{"index":"index","follow":"follow","max-snippet":"max-snippet:-1","max-image-preview":"max-image-preview:large","max-video-preview":"max-video-preview:-1"},"canonical":"https:\/\/www.aridane.org\/city\/2024\/03\/19\/festilij-aridane-promociona-la-literatura-juvenil-e-infantil-con-17-autores-de-renombre\/","og_locale":"es_ES","og_type":"article","og_title":"FestiLIJ Aridane promociona la literatura juvenil e infantil con 17 autores de renombre - Ayuntamiento de Los Llanos de Aridane","og_description":"Un evento promovido por el Ayuntamiento de Los Llanos de Aridane, junto con las librer\u00edas Estudiante y Serendipia, y en colaboraci\u00f3n con el Cabildo de La Palma","og_url":"https:\/\/www.aridane.org\/city\/2024\/03\/19\/festilij-aridane-promociona-la-literatura-juvenil-e-infantil-con-17-autores-de-renombre\/","og_site_name":"Ayuntamiento de Los Llanos de Aridane","article_published_time":"2024-03-19T08:44:40+00:00","article_modified_time":"2024-03-25T08:46:01+00:00","og_image":[{"width":1126,"height":1531,"url":"https:\/\/www.aridane.org\/city\/wp-content\/uploads\/2024\/03\/FestiLij-1.jpeg","type":"image\/jpeg"}],"author":"Corresponsal","twitter_card":"summary_large_image","twitter_misc":{"Escrito por":"Corresponsal","Tiempo de lectura":"2 minutos"},"schema":{"@context":"https:\/\/schema.org","@graph":[{"@type":"WebPage","@id":"https:\/\/www.aridane.org\/city\/2024\/03\/19\/festilij-aridane-promociona-la-literatura-juvenil-e-infantil-con-17-autores-de-renombre\/","url":"https:\/\/www.aridane.org\/city\/2024\/03\/19\/festilij-aridane-promociona-la-literatura-juvenil-e-infantil-con-17-autores-de-renombre\/","name":"FestiLIJ Aridane promociona la literatura juvenil e infantil con 17 autores de renombre - Ayuntamiento de Los Llanos de Aridane","isPartOf":{"@id":"https:\/\/www.aridane.org\/city\/#website"},"primaryImageOfPage":{"@id":"https:\/\/www.aridane.org\/city\/2024\/03\/19\/festilij-aridane-promociona-la-literatura-juvenil-e-infantil-con-17-autores-de-renombre\/#primaryimage"},"image":{"@id":"https:\/\/www.aridane.org\/city\/2024\/03\/19\/festilij-aridane-promociona-la-literatura-juvenil-e-infantil-con-17-autores-de-renombre\/#primaryimage"},"thumbnailUrl":"https:\/\/www.aridane.org\/city\/wp-content\/uploads\/2024\/03\/FestiLij-1.jpeg","datePublished":"2024-03-19T08:44:40+00:00","dateModified":"2024-03-25T08:46:01+00:00","author":{"@id":"https:\/\/www.aridane.org\/city\/#\/schema\/person\/89ebd376b223dc94cc1dbcf200c8e6da"},"breadcrumb":{"@id":"https:\/\/www.aridane.org\/city\/2024\/03\/19\/festilij-aridane-promociona-la-literatura-juvenil-e-infantil-con-17-autores-de-renombre\/#breadcrumb"},"inLanguage":"es","potentialAction":[{"@type":"ReadAction","target":["https:\/\/www.aridane.org\/city\/2024\/03\/19\/festilij-aridane-promociona-la-literatura-juvenil-e-infantil-con-17-autores-de-renombre\/"]}]},{"@type":"ImageObject","inLanguage":"es","@id":"https:\/\/www.aridane.org\/city\/2024\/03\/19\/festilij-aridane-promociona-la-literatura-juvenil-e-infantil-con-17-autores-de-renombre\/#primaryimage","url":"https:\/\/www.aridane.org\/city\/wp-content\/uploads\/2024\/03\/FestiLij-1.jpeg","contentUrl":"https:\/\/www.aridane.org\/city\/wp-content\/uploads\/2024\/03\/FestiLij-1.jpeg","width":1126,"height":1531},{"@type":"BreadcrumbList","@id":"https:\/\/www.aridane.org\/city\/2024\/03\/19\/festilij-aridane-promociona-la-literatura-juvenil-e-infantil-con-17-autores-de-renombre\/#breadcrumb","itemListElement":[{"@type":"ListItem","position":1,"name":"Portada","item":"https:\/\/www.aridane.org\/city\/"},{"@type":"ListItem","position":2,"name":"FestiLIJ Aridane promociona la literatura juvenil e infantil con 17 autores de renombre"}]},{"@type":"WebSite","@id":"https:\/\/www.aridane.org\/city\/#website","url":"https:\/\/www.aridane.org\/city\/","name":"Ayuntamiento de Los Llanos de Aridane","description":"","potentialAction":[{"@type":"SearchAction","target":{"@type":"EntryPoint","urlTemplate":"https:\/\/www.aridane.org\/city\/?s={search_term_string}"},"query-input":"required name=search_term_string"}],"inLanguage":"es"},{"@type":"Person","@id":"https:\/\/www.aridane.org\/city\/#\/schema\/person\/89ebd376b223dc94cc1dbcf200c8e6da","name":"Corresponsal","image":{"@type":"ImageObject","inLanguage":"es","@id":"https:\/\/www.aridane.org\/city\/#\/schema\/person\/image\/","url":"https:\/\/secure.gravatar.com\/avatar\/1c476992411e4ccf153da63b2b2f5ea0bb4cb1c85f3ceab8512f04325ad5579c?s=96&d=mm&r=g","contentUrl":"https:\/\/secure.gravatar.com\/avatar\/1c476992411e4ccf153da63b2b2f5ea0bb4cb1c85f3ceab8512f04325ad5579c?s=96&d=mm&r=g","caption":"Corresponsal"},"url":"https:\/\/www.aridane.org\/city\/author\/corresponsal\/"}]}},"_links":{"self":[{"href":"https:\/\/www.aridane.org\/city\/wp-json\/wp\/v2\/posts\/3601","targetHints":{"allow":["GET"]}}],"collection":[{"href":"https:\/\/www.aridane.org\/city\/wp-json\/wp\/v2\/posts"}],"about":[{"href":"https:\/\/www.aridane.org\/city\/wp-json\/wp\/v2\/types\/post"}],"author":[{"embeddable":true,"href":"https:\/\/www.aridane.org\/city\/wp-json\/wp\/v2\/users\/4"}],"replies":[{"embeddable":true,"href":"https:\/\/www.aridane.org\/city\/wp-json\/wp\/v2\/comments?post=3601"}],"version-history":[{"count":1,"href":"https:\/\/www.aridane.org\/city\/wp-json\/wp\/v2\/posts\/3601\/revisions"}],"predecessor-version":[{"id":3603,"href":"https:\/\/www.aridane.org\/city\/wp-json\/wp\/v2\/posts\/3601\/revisions\/3603"}],"wp:featuredmedia":[{"embeddable":true,"href":"https:\/\/www.aridane.org\/city\/wp-json\/wp\/v2\/media\/3602"}],"wp:attachment":[{"href":"https:\/\/www.aridane.org\/city\/wp-json\/wp\/v2\/media?parent=3601"}],"wp:term":[{"taxonomy":"category","embeddable":true,"href":"https:\/\/www.aridane.org\/city\/wp-json\/wp\/v2\/categories?post=3601"},{"taxonomy":"post_tag","embeddable":true,"href":"https:\/\/www.aridane.org\/city\/wp-json\/wp\/v2\/tags?post=3601"}],"curies":[{"name":"wp","href":"https:\/\/api.w.org\/{rel}","templated":true}]}}