{"id":3604,"date":"2024-03-20T08:46:06","date_gmt":"2024-03-20T08:46:06","guid":{"rendered":"https:\/\/www.aridane.org\/city\/?p=3604"},"modified":"2024-03-25T08:47:17","modified_gmt":"2024-03-25T08:47:17","slug":"los-llanos-de-aridane-acoge-una-nueva-edicion-de-la-escuelita-del-emprendedor","status":"publish","type":"post","link":"https:\/\/www.aridane.org\/city\/2024\/03\/20\/los-llanos-de-aridane-acoge-una-nueva-edicion-de-la-escuelita-del-emprendedor\/","title":{"rendered":"Los Llanos de Aridane acoge una nueva edici\u00f3n de la Escuelita del Emprendedor\u00a0"},"content":{"rendered":"<p><em>La iniciativa, para la que ya est\u00e1 abierto el plazo de inscripci\u00f3n, se celebrar\u00e1 el 27 de marzo en la Plaza de Espa\u00f1a<\/em><br \/>\n<!--more--><\/p>\n<div id=\"v1forwardbody1\">\n<p>El Ayuntamiento de Los Llanos de Aridane acoge una nueva edici\u00f3n de la Escuelita del Emprendedor, con la que se pretende fomentar la innovaci\u00f3n y emprendimiento entre ni\u00f1os y ni\u00f1as de 7 a 12 a\u00f1os. La iniciativa tendr\u00e1 lugar en la Plaza de Espa\u00f1a el pr\u00f3ximo mi\u00e9rcoles, 27 de marzo.<\/p>\n<p>El concejal de Juventud de Los Llanos de Aridane, Eduardo P\u00e9rez, comenta el gran valor que tiene este tipo de iniciativas para los m\u00e1s j\u00f3venes de la Isla.<\/p>\n<p>\u201cImpulsar el talento de los peque\u00f1os es fundamental para su desarrollo. No existe mejor formar de aprender que hacerlo mientras se juega\u201d, a\u00f1ade, recordando que \u201ctambi\u00e9n es una buena iniciativa para mejorar la conciliaci\u00f3n familiar durante las vacaciones de Semana Santa\u201d.<\/p>\n<p>La Escuelita del Emprendedor es un programa dirigido por Jos\u00e9 Manuel Cabello Montesinos y C\u00e9sar Garc\u00eda Rodr\u00edguez. En ella, los m\u00e1s j\u00f3venes se adentran en nuevos conceptos de desarrollo personal, inteligencia emocional, el aprendizaje de habilidades para las finanzas y nociones de emprendimiento.<\/p>\n<p>Estas actividades pretenden cultivar en cada participante competencias vitales que le sirvan para su desarrollo personal y social. Asimismo, tambi\u00e9n est\u00e1n dise\u00f1adas para preparar los posibles retos empresariales que se puedan encontrar en un futuro.<\/p>\n<p>Ya est\u00e1 disponible el formulario de inscripci\u00f3n para que todas las familias puedan acceder a la informaci\u00f3n y datos necesarios para la participaci\u00f3n\u00a0<a href=\"https:\/\/docs.google.com\/forms\/d\/e\/1FAIpQLSfFEqOk1-pJlqMwyKsx6Tl-9wt7kJCnbAgErrHcC8OqwaVtvg\/viewform\" target=\"_blank\" rel=\"noopener noreferrer\">https:\/\/docs.google.com\/forms\/d\/e\/1FAIpQLSfFEqOk1-pJlqMwyKsx6Tl-9wt7kJCnbAgErrHcC8OqwaVtvg\/viewform<\/a><\/p>\n<\/div>\n","protected":false},"excerpt":{"rendered":"<p>La iniciativa, para la que ya est\u00e1 abierto el plazo de inscripci\u00f3n, se celebrar\u00e1 el 27 de marzo en la Plaza de Espa\u00f1a<\/p>\n","protected":false},"author":4,"featured_media":3605,"comment_status":"open","ping_status":"open","sticky":false,"template":"","format":"standard","meta":{"footnotes":""},"categories":[1],"tags":[],"class_list":["post-3604","post","type-post","status-publish","format-standard","has-post-thumbnail","hentry","category-sin-categoria"],"yoast_head":"<!-- This site is optimized with the Yoast SEO plugin v22.7 - https:\/\/yoast.com\/wordpress\/plugins\/seo\/ -->\n<title>Los Llanos de Aridane acoge una nueva edici\u00f3n de la Escuelita del Emprendedor\u00a0 - Ayuntamiento de Los Llanos de Aridane<\/title>\n<meta name=\"robots\" content=\"index, follow, max-snippet:-1, max-image-preview:large, max-video-preview:-1\" \/>\n<link rel=\"canonical\" href=\"https:\/\/www.aridane.org\/city\/2024\/03\/20\/los-llanos-de-aridane-acoge-una-nueva-edicion-de-la-escuelita-del-emprendedor\/\" \/>\n<meta property=\"og:locale\" content=\"es_ES\" \/>\n<meta property=\"og:type\" content=\"article\" \/>\n<meta property=\"og:title\" content=\"Los Llanos de Aridane acoge una nueva edici\u00f3n de la Escuelita del Emprendedor\u00a0 - Ayuntamiento de Los Llanos de Aridane\" \/>\n<meta property=\"og:description\" content=\"La iniciativa, para la que ya est\u00e1 abierto el plazo de inscripci\u00f3n, se celebrar\u00e1 el 27 de marzo en la Plaza de Espa\u00f1a\" \/>\n<meta property=\"og:url\" content=\"https:\/\/www.aridane.org\/city\/2024\/03\/20\/los-llanos-de-aridane-acoge-una-nueva-edicion-de-la-escuelita-del-emprendedor\/\" \/>\n<meta property=\"og:site_name\" content=\"Ayuntamiento de Los Llanos de Aridane\" \/>\n<meta property=\"article:published_time\" content=\"2024-03-20T08:46:06+00:00\" \/>\n<meta property=\"article:modified_time\" content=\"2024-03-25T08:47:17+00:00\" \/>\n<meta property=\"og:image\" content=\"https:\/\/www.aridane.org\/city\/wp-content\/uploads\/2024\/03\/Diplomas-Escuelita-Emprendedor.jpeg\" \/>\n\t<meta property=\"og:image:width\" content=\"1600\" \/>\n\t<meta property=\"og:image:height\" content=\"1067\" \/>\n\t<meta property=\"og:image:type\" content=\"image\/jpeg\" \/>\n<meta name=\"author\" content=\"Corresponsal\" \/>\n<meta name=\"twitter:card\" content=\"summary_large_image\" \/>\n<meta name=\"twitter:label1\" content=\"Escrito por\" \/>\n\t<meta name=\"twitter:data1\" content=\"Corresponsal\" \/>\n\t<meta name=\"twitter:label2\" content=\"Tiempo de lectura\" \/>\n\t<meta name=\"twitter:data2\" content=\"2 minutos\" \/>\n<script type=\"application\/ld+json\" class=\"yoast-schema-graph\">{\"@context\":\"https:\/\/schema.org\",\"@graph\":[{\"@type\":\"WebPage\",\"@id\":\"https:\/\/www.aridane.org\/city\/2024\/03\/20\/los-llanos-de-aridane-acoge-una-nueva-edicion-de-la-escuelita-del-emprendedor\/\",\"url\":\"https:\/\/www.aridane.org\/city\/2024\/03\/20\/los-llanos-de-aridane-acoge-una-nueva-edicion-de-la-escuelita-del-emprendedor\/\",\"name\":\"Los Llanos de Aridane acoge una nueva edici\u00f3n de la Escuelita del Emprendedor\u00a0 - Ayuntamiento de Los Llanos de Aridane\",\"isPartOf\":{\"@id\":\"https:\/\/www.aridane.org\/city\/#website\"},\"primaryImageOfPage\":{\"@id\":\"https:\/\/www.aridane.org\/city\/2024\/03\/20\/los-llanos-de-aridane-acoge-una-nueva-edicion-de-la-escuelita-del-emprendedor\/#primaryimage\"},\"image\":{\"@id\":\"https:\/\/www.aridane.org\/city\/2024\/03\/20\/los-llanos-de-aridane-acoge-una-nueva-edicion-de-la-escuelita-del-emprendedor\/#primaryimage\"},\"thumbnailUrl\":\"https:\/\/www.aridane.org\/city\/wp-content\/uploads\/2024\/03\/Diplomas-Escuelita-Emprendedor.jpeg\",\"datePublished\":\"2024-03-20T08:46:06+00:00\",\"dateModified\":\"2024-03-25T08:47:17+00:00\",\"author\":{\"@id\":\"https:\/\/www.aridane.org\/city\/#\/schema\/person\/89ebd376b223dc94cc1dbcf200c8e6da\"},\"breadcrumb\":{\"@id\":\"https:\/\/www.aridane.org\/city\/2024\/03\/20\/los-llanos-de-aridane-acoge-una-nueva-edicion-de-la-escuelita-del-emprendedor\/#breadcrumb\"},\"inLanguage\":\"es\",\"potentialAction\":[{\"@type\":\"ReadAction\",\"target\":[\"https:\/\/www.aridane.org\/city\/2024\/03\/20\/los-llanos-de-aridane-acoge-una-nueva-edicion-de-la-escuelita-del-emprendedor\/\"]}]},{\"@type\":\"ImageObject\",\"inLanguage\":\"es\",\"@id\":\"https:\/\/www.aridane.org\/city\/2024\/03\/20\/los-llanos-de-aridane-acoge-una-nueva-edicion-de-la-escuelita-del-emprendedor\/#primaryimage\",\"url\":\"https:\/\/www.aridane.org\/city\/wp-content\/uploads\/2024\/03\/Diplomas-Escuelita-Emprendedor.jpeg\",\"contentUrl\":\"https:\/\/www.aridane.org\/city\/wp-content\/uploads\/2024\/03\/Diplomas-Escuelita-Emprendedor.jpeg\",\"width\":1600,\"height\":1067},{\"@type\":\"BreadcrumbList\",\"@id\":\"https:\/\/www.aridane.org\/city\/2024\/03\/20\/los-llanos-de-aridane-acoge-una-nueva-edicion-de-la-escuelita-del-emprendedor\/#breadcrumb\",\"itemListElement\":[{\"@type\":\"ListItem\",\"position\":1,\"name\":\"Portada\",\"item\":\"https:\/\/www.aridane.org\/city\/\"},{\"@type\":\"ListItem\",\"position\":2,\"name\":\"Los Llanos de Aridane acoge una nueva edici\u00f3n de la Escuelita del Emprendedor\u00a0\"}]},{\"@type\":\"WebSite\",\"@id\":\"https:\/\/www.aridane.org\/city\/#website\",\"url\":\"https:\/\/www.aridane.org\/city\/\",\"name\":\"Ayuntamiento de Los Llanos de Aridane\",\"description\":\"\",\"potentialAction\":[{\"@type\":\"SearchAction\",\"target\":{\"@type\":\"EntryPoint\",\"urlTemplate\":\"https:\/\/www.aridane.org\/city\/?s={search_term_string}\"},\"query-input\":\"required name=search_term_string\"}],\"inLanguage\":\"es\"},{\"@type\":\"Person\",\"@id\":\"https:\/\/www.aridane.org\/city\/#\/schema\/person\/89ebd376b223dc94cc1dbcf200c8e6da\",\"name\":\"Corresponsal\",\"image\":{\"@type\":\"ImageObject\",\"inLanguage\":\"es\",\"@id\":\"https:\/\/www.aridane.org\/city\/#\/schema\/person\/image\/\",\"url\":\"https:\/\/secure.gravatar.com\/avatar\/1c476992411e4ccf153da63b2b2f5ea0bb4cb1c85f3ceab8512f04325ad5579c?s=96&d=mm&r=g\",\"contentUrl\":\"https:\/\/secure.gravatar.com\/avatar\/1c476992411e4ccf153da63b2b2f5ea0bb4cb1c85f3ceab8512f04325ad5579c?s=96&d=mm&r=g\",\"caption\":\"Corresponsal\"},\"url\":\"https:\/\/www.aridane.org\/city\/author\/corresponsal\/\"}]}<\/script>\n<!-- \/ Yoast SEO plugin. -->","yoast_head_json":{"title":"Los Llanos de Aridane acoge una nueva edici\u00f3n de la Escuelita del Emprendedor\u00a0 - Ayuntamiento de Los Llanos de Aridane","robots":{"index":"index","follow":"follow","max-snippet":"max-snippet:-1","max-image-preview":"max-image-preview:large","max-video-preview":"max-video-preview:-1"},"canonical":"https:\/\/www.aridane.org\/city\/2024\/03\/20\/los-llanos-de-aridane-acoge-una-nueva-edicion-de-la-escuelita-del-emprendedor\/","og_locale":"es_ES","og_type":"article","og_title":"Los Llanos de Aridane acoge una nueva edici\u00f3n de la Escuelita del Emprendedor\u00a0 - Ayuntamiento de Los Llanos de Aridane","og_description":"La iniciativa, para la que ya est\u00e1 abierto el plazo de inscripci\u00f3n, se celebrar\u00e1 el 27 de marzo en la Plaza de Espa\u00f1a","og_url":"https:\/\/www.aridane.org\/city\/2024\/03\/20\/los-llanos-de-aridane-acoge-una-nueva-edicion-de-la-escuelita-del-emprendedor\/","og_site_name":"Ayuntamiento de Los Llanos de Aridane","article_published_time":"2024-03-20T08:46:06+00:00","article_modified_time":"2024-03-25T08:47:17+00:00","og_image":[{"width":1600,"height":1067,"url":"https:\/\/www.aridane.org\/city\/wp-content\/uploads\/2024\/03\/Diplomas-Escuelita-Emprendedor.jpeg","type":"image\/jpeg"}],"author":"Corresponsal","twitter_card":"summary_large_image","twitter_misc":{"Escrito por":"Corresponsal","Tiempo de lectura":"2 minutos"},"schema":{"@context":"https:\/\/schema.org","@graph":[{"@type":"WebPage","@id":"https:\/\/www.aridane.org\/city\/2024\/03\/20\/los-llanos-de-aridane-acoge-una-nueva-edicion-de-la-escuelita-del-emprendedor\/","url":"https:\/\/www.aridane.org\/city\/2024\/03\/20\/los-llanos-de-aridane-acoge-una-nueva-edicion-de-la-escuelita-del-emprendedor\/","name":"Los Llanos de Aridane acoge una nueva edici\u00f3n de la Escuelita del Emprendedor\u00a0 - Ayuntamiento de Los Llanos de Aridane","isPartOf":{"@id":"https:\/\/www.aridane.org\/city\/#website"},"primaryImageOfPage":{"@id":"https:\/\/www.aridane.org\/city\/2024\/03\/20\/los-llanos-de-aridane-acoge-una-nueva-edicion-de-la-escuelita-del-emprendedor\/#primaryimage"},"image":{"@id":"https:\/\/www.aridane.org\/city\/2024\/03\/20\/los-llanos-de-aridane-acoge-una-nueva-edicion-de-la-escuelita-del-emprendedor\/#primaryimage"},"thumbnailUrl":"https:\/\/www.aridane.org\/city\/wp-content\/uploads\/2024\/03\/Diplomas-Escuelita-Emprendedor.jpeg","datePublished":"2024-03-20T08:46:06+00:00","dateModified":"2024-03-25T08:47:17+00:00","author":{"@id":"https:\/\/www.aridane.org\/city\/#\/schema\/person\/89ebd376b223dc94cc1dbcf200c8e6da"},"breadcrumb":{"@id":"https:\/\/www.aridane.org\/city\/2024\/03\/20\/los-llanos-de-aridane-acoge-una-nueva-edicion-de-la-escuelita-del-emprendedor\/#breadcrumb"},"inLanguage":"es","potentialAction":[{"@type":"ReadAction","target":["https:\/\/www.aridane.org\/city\/2024\/03\/20\/los-llanos-de-aridane-acoge-una-nueva-edicion-de-la-escuelita-del-emprendedor\/"]}]},{"@type":"ImageObject","inLanguage":"es","@id":"https:\/\/www.aridane.org\/city\/2024\/03\/20\/los-llanos-de-aridane-acoge-una-nueva-edicion-de-la-escuelita-del-emprendedor\/#primaryimage","url":"https:\/\/www.aridane.org\/city\/wp-content\/uploads\/2024\/03\/Diplomas-Escuelita-Emprendedor.jpeg","contentUrl":"https:\/\/www.aridane.org\/city\/wp-content\/uploads\/2024\/03\/Diplomas-Escuelita-Emprendedor.jpeg","width":1600,"height":1067},{"@type":"BreadcrumbList","@id":"https:\/\/www.aridane.org\/city\/2024\/03\/20\/los-llanos-de-aridane-acoge-una-nueva-edicion-de-la-escuelita-del-emprendedor\/#breadcrumb","itemListElement":[{"@type":"ListItem","position":1,"name":"Portada","item":"https:\/\/www.aridane.org\/city\/"},{"@type":"ListItem","position":2,"name":"Los Llanos de Aridane acoge una nueva edici\u00f3n de la Escuelita del Emprendedor\u00a0"}]},{"@type":"WebSite","@id":"https:\/\/www.aridane.org\/city\/#website","url":"https:\/\/www.aridane.org\/city\/","name":"Ayuntamiento de Los Llanos de Aridane","description":"","potentialAction":[{"@type":"SearchAction","target":{"@type":"EntryPoint","urlTemplate":"https:\/\/www.aridane.org\/city\/?s={search_term_string}"},"query-input":"required name=search_term_string"}],"inLanguage":"es"},{"@type":"Person","@id":"https:\/\/www.aridane.org\/city\/#\/schema\/person\/89ebd376b223dc94cc1dbcf200c8e6da","name":"Corresponsal","image":{"@type":"ImageObject","inLanguage":"es","@id":"https:\/\/www.aridane.org\/city\/#\/schema\/person\/image\/","url":"https:\/\/secure.gravatar.com\/avatar\/1c476992411e4ccf153da63b2b2f5ea0bb4cb1c85f3ceab8512f04325ad5579c?s=96&d=mm&r=g","contentUrl":"https:\/\/secure.gravatar.com\/avatar\/1c476992411e4ccf153da63b2b2f5ea0bb4cb1c85f3ceab8512f04325ad5579c?s=96&d=mm&r=g","caption":"Corresponsal"},"url":"https:\/\/www.aridane.org\/city\/author\/corresponsal\/"}]}},"_links":{"self":[{"href":"https:\/\/www.aridane.org\/city\/wp-json\/wp\/v2\/posts\/3604","targetHints":{"allow":["GET"]}}],"collection":[{"href":"https:\/\/www.aridane.org\/city\/wp-json\/wp\/v2\/posts"}],"about":[{"href":"https:\/\/www.aridane.org\/city\/wp-json\/wp\/v2\/types\/post"}],"author":[{"embeddable":true,"href":"https:\/\/www.aridane.org\/city\/wp-json\/wp\/v2\/users\/4"}],"replies":[{"embeddable":true,"href":"https:\/\/www.aridane.org\/city\/wp-json\/wp\/v2\/comments?post=3604"}],"version-history":[{"count":1,"href":"https:\/\/www.aridane.org\/city\/wp-json\/wp\/v2\/posts\/3604\/revisions"}],"predecessor-version":[{"id":3606,"href":"https:\/\/www.aridane.org\/city\/wp-json\/wp\/v2\/posts\/3604\/revisions\/3606"}],"wp:featuredmedia":[{"embeddable":true,"href":"https:\/\/www.aridane.org\/city\/wp-json\/wp\/v2\/media\/3605"}],"wp:attachment":[{"href":"https:\/\/www.aridane.org\/city\/wp-json\/wp\/v2\/media?parent=3604"}],"wp:term":[{"taxonomy":"category","embeddable":true,"href":"https:\/\/www.aridane.org\/city\/wp-json\/wp\/v2\/categories?post=3604"},{"taxonomy":"post_tag","embeddable":true,"href":"https:\/\/www.aridane.org\/city\/wp-json\/wp\/v2\/tags?post=3604"}],"curies":[{"name":"wp","href":"https:\/\/api.w.org\/{rel}","templated":true}]}}