{"id":3607,"date":"2024-03-22T08:47:51","date_gmt":"2024-03-22T08:47:51","guid":{"rendered":"https:\/\/www.aridane.org\/city\/?p=3607"},"modified":"2024-03-25T08:48:56","modified_gmt":"2024-03-25T08:48:56","slug":"los-llanos-de-aridane-lleva-el-cemfac-hasta-paraguay","status":"publish","type":"post","link":"https:\/\/www.aridane.org\/city\/2024\/03\/22\/los-llanos-de-aridane-lleva-el-cemfac-hasta-paraguay\/","title":{"rendered":"Los Llanos de Aridane lleva el CEMFAC hasta Paraguay"},"content":{"rendered":"<p><em>La nueva obra, del pintor Diego Vicente, se encuentra en el Centro Cultural Juan de Salazar, en Asunci\u00f3n<\/em><!--more--><\/p>\n<p>El Ayuntamiento de Los Llanos de Aridane contin\u00faa con el proceso de internacionalizaci\u00f3n del CEMFAC-La Ciudad en el Museo, Foro de Arte Contempor\u00e1neo. Este martes, 19 de marzo, se inaugur\u00f3 en Asunci\u00f3n, Paraguay, un mural en la fachada del Centro Cultural de Espa\u00f1a Juan de Salazar. La obra es del pintor espa\u00f1ol Diego Vicente, en colaboraci\u00f3n con Ricardo Su\u00e1rez, t\u00e9cnico de Cultura del consistorio aridanense. Adem\u00e1s de Vicente y Su\u00e1rez, a la presentaci\u00f3n acudi\u00f3 la embajadora de Espa\u00f1a en Paraguay, Carmen Castiella Ruiz de Velasco.<\/p>\n<p>Los ejes llevados a cabo en este programa de internacionalizaci\u00f3n fueron el fomento de la participaci\u00f3n, la recuperaci\u00f3n del espacio p\u00fablico, el fortalecimiento de las instituciones culturales y la formaci\u00f3n de agentes culturales en el \u00e1mbito de la gesti\u00f3n y el arte urbano.<\/p>\n<p>El alcalde Javier Llamas destaca el alcance de la CEMFAC y su impacto en la imagen y promoci\u00f3n del municipio.<\/p>\n<p>\u201cEl arte es una poderosa herramienta para cruzar fronteras, intercambiar culturas y promocionar la imagen de Los Llanos de Aridane en el exterior. Que el museo en la calle que naci\u00f3 en nuestro municipio hace dos d\u00e9cadas tambi\u00e9n se encuentre en ciudades de \u00c1frica y Suram\u00e9rica es un orgullo. Seguiremos conect\u00e1ndonos con el mundo a trav\u00e9s del arte\u201d, apunta, al tiempo que agradece el trabajo y la dedicaci\u00f3n de Ricardo Su\u00e1rez con el CEMFAC.<\/p>\n<p>En este sentido, la concejala de Cultura de Los Llanos de Aridane, Marlene Gonz\u00e1lez, destaca como La Ciudad en el Museo se ha convertido en \u201cun referente en el mundo de la pl\u00e1stica moderna en espa\u00adcios p\u00fablicos\u201d.<\/p>\n<p>La concejala define el CEMFAC como un viaje de \u201cida y vuelta\u201d. De ah\u00ed el compromiso del Ayuntamiento, no s\u00f3lo de seguir enriqueciendo el museo callejero de Los Llanos de Aridane, sino de continuar con el proceso de internacionalizaci\u00f3n.<\/p>\n<h2><strong>La obra de Diego Vicente en Paraguay<\/strong><\/h2>\n<p>El artista espa\u00f1ol Diego Vicente explica que su objetivo era dotar de una \u201cnueva piel\u201d al Centro Cultural de Espa\u00f1a Juan de Salazar. Mientras mantuvo su estilo original, experiment\u00f3 con colores y abstracci\u00f3n para armonizar lo contempor\u00e1neo con el pasado representado en la estructura, generando un di\u00e1logo est\u00e9tico entre ambos per\u00edodos.<\/p>\n<p>Vicente reconoce la arquitectura y la naturaleza como los principales atractivos de Paraguay y busca capturar esa esencia en su obra.<\/p>\n","protected":false},"excerpt":{"rendered":"<p>La nueva obra, del pintor Diego Vicente, se encuentra en el Centro Cultural Juan de Salazar, en Asunci\u00f3n<\/p>\n","protected":false},"author":4,"featured_media":3608,"comment_status":"open","ping_status":"open","sticky":false,"template":"","format":"standard","meta":{"footnotes":""},"categories":[1],"tags":[],"class_list":["post-3607","post","type-post","status-publish","format-standard","has-post-thumbnail","hentry","category-sin-categoria"],"yoast_head":"<!-- This site is optimized with the Yoast SEO plugin v22.7 - https:\/\/yoast.com\/wordpress\/plugins\/seo\/ -->\n<title>Los Llanos de Aridane lleva el CEMFAC hasta Paraguay - Ayuntamiento de Los Llanos de Aridane<\/title>\n<meta name=\"robots\" content=\"index, follow, max-snippet:-1, max-image-preview:large, max-video-preview:-1\" \/>\n<link rel=\"canonical\" href=\"https:\/\/www.aridane.org\/city\/2024\/03\/22\/los-llanos-de-aridane-lleva-el-cemfac-hasta-paraguay\/\" \/>\n<meta property=\"og:locale\" content=\"es_ES\" \/>\n<meta property=\"og:type\" content=\"article\" \/>\n<meta property=\"og:title\" content=\"Los Llanos de Aridane lleva el CEMFAC hasta Paraguay - Ayuntamiento de Los Llanos de Aridane\" \/>\n<meta property=\"og:description\" content=\"La nueva obra, del pintor Diego Vicente, se encuentra en el Centro Cultural Juan de Salazar, en Asunci\u00f3n\" \/>\n<meta property=\"og:url\" content=\"https:\/\/www.aridane.org\/city\/2024\/03\/22\/los-llanos-de-aridane-lleva-el-cemfac-hasta-paraguay\/\" \/>\n<meta property=\"og:site_name\" content=\"Ayuntamiento de Los Llanos de Aridane\" \/>\n<meta property=\"article:published_time\" content=\"2024-03-22T08:47:51+00:00\" \/>\n<meta property=\"article:modified_time\" content=\"2024-03-25T08:48:56+00:00\" \/>\n<meta property=\"og:image\" content=\"https:\/\/www.aridane.org\/city\/wp-content\/uploads\/2024\/03\/CEMFAC1.jpg\" \/>\n\t<meta property=\"og:image:width\" content=\"1440\" \/>\n\t<meta property=\"og:image:height\" content=\"1080\" \/>\n\t<meta property=\"og:image:type\" content=\"image\/jpeg\" \/>\n<meta name=\"author\" content=\"Corresponsal\" \/>\n<meta name=\"twitter:card\" content=\"summary_large_image\" \/>\n<meta name=\"twitter:label1\" content=\"Escrito por\" \/>\n\t<meta name=\"twitter:data1\" content=\"Corresponsal\" \/>\n\t<meta name=\"twitter:label2\" content=\"Tiempo de lectura\" \/>\n\t<meta name=\"twitter:data2\" content=\"3 minutos\" \/>\n<script type=\"application\/ld+json\" class=\"yoast-schema-graph\">{\"@context\":\"https:\/\/schema.org\",\"@graph\":[{\"@type\":\"WebPage\",\"@id\":\"https:\/\/www.aridane.org\/city\/2024\/03\/22\/los-llanos-de-aridane-lleva-el-cemfac-hasta-paraguay\/\",\"url\":\"https:\/\/www.aridane.org\/city\/2024\/03\/22\/los-llanos-de-aridane-lleva-el-cemfac-hasta-paraguay\/\",\"name\":\"Los Llanos de Aridane lleva el CEMFAC hasta Paraguay - Ayuntamiento de Los Llanos de Aridane\",\"isPartOf\":{\"@id\":\"https:\/\/www.aridane.org\/city\/#website\"},\"primaryImageOfPage\":{\"@id\":\"https:\/\/www.aridane.org\/city\/2024\/03\/22\/los-llanos-de-aridane-lleva-el-cemfac-hasta-paraguay\/#primaryimage\"},\"image\":{\"@id\":\"https:\/\/www.aridane.org\/city\/2024\/03\/22\/los-llanos-de-aridane-lleva-el-cemfac-hasta-paraguay\/#primaryimage\"},\"thumbnailUrl\":\"https:\/\/www.aridane.org\/city\/wp-content\/uploads\/2024\/03\/CEMFAC1.jpg\",\"datePublished\":\"2024-03-22T08:47:51+00:00\",\"dateModified\":\"2024-03-25T08:48:56+00:00\",\"author\":{\"@id\":\"https:\/\/www.aridane.org\/city\/#\/schema\/person\/89ebd376b223dc94cc1dbcf200c8e6da\"},\"breadcrumb\":{\"@id\":\"https:\/\/www.aridane.org\/city\/2024\/03\/22\/los-llanos-de-aridane-lleva-el-cemfac-hasta-paraguay\/#breadcrumb\"},\"inLanguage\":\"es\",\"potentialAction\":[{\"@type\":\"ReadAction\",\"target\":[\"https:\/\/www.aridane.org\/city\/2024\/03\/22\/los-llanos-de-aridane-lleva-el-cemfac-hasta-paraguay\/\"]}]},{\"@type\":\"ImageObject\",\"inLanguage\":\"es\",\"@id\":\"https:\/\/www.aridane.org\/city\/2024\/03\/22\/los-llanos-de-aridane-lleva-el-cemfac-hasta-paraguay\/#primaryimage\",\"url\":\"https:\/\/www.aridane.org\/city\/wp-content\/uploads\/2024\/03\/CEMFAC1.jpg\",\"contentUrl\":\"https:\/\/www.aridane.org\/city\/wp-content\/uploads\/2024\/03\/CEMFAC1.jpg\",\"width\":1440,\"height\":1080},{\"@type\":\"BreadcrumbList\",\"@id\":\"https:\/\/www.aridane.org\/city\/2024\/03\/22\/los-llanos-de-aridane-lleva-el-cemfac-hasta-paraguay\/#breadcrumb\",\"itemListElement\":[{\"@type\":\"ListItem\",\"position\":1,\"name\":\"Portada\",\"item\":\"https:\/\/www.aridane.org\/city\/\"},{\"@type\":\"ListItem\",\"position\":2,\"name\":\"Los Llanos de Aridane lleva el CEMFAC hasta Paraguay\"}]},{\"@type\":\"WebSite\",\"@id\":\"https:\/\/www.aridane.org\/city\/#website\",\"url\":\"https:\/\/www.aridane.org\/city\/\",\"name\":\"Ayuntamiento de Los Llanos de Aridane\",\"description\":\"\",\"potentialAction\":[{\"@type\":\"SearchAction\",\"target\":{\"@type\":\"EntryPoint\",\"urlTemplate\":\"https:\/\/www.aridane.org\/city\/?s={search_term_string}\"},\"query-input\":\"required name=search_term_string\"}],\"inLanguage\":\"es\"},{\"@type\":\"Person\",\"@id\":\"https:\/\/www.aridane.org\/city\/#\/schema\/person\/89ebd376b223dc94cc1dbcf200c8e6da\",\"name\":\"Corresponsal\",\"image\":{\"@type\":\"ImageObject\",\"inLanguage\":\"es\",\"@id\":\"https:\/\/www.aridane.org\/city\/#\/schema\/person\/image\/\",\"url\":\"https:\/\/secure.gravatar.com\/avatar\/1c476992411e4ccf153da63b2b2f5ea0bb4cb1c85f3ceab8512f04325ad5579c?s=96&d=mm&r=g\",\"contentUrl\":\"https:\/\/secure.gravatar.com\/avatar\/1c476992411e4ccf153da63b2b2f5ea0bb4cb1c85f3ceab8512f04325ad5579c?s=96&d=mm&r=g\",\"caption\":\"Corresponsal\"},\"url\":\"https:\/\/www.aridane.org\/city\/author\/corresponsal\/\"}]}<\/script>\n<!-- \/ Yoast SEO plugin. -->","yoast_head_json":{"title":"Los Llanos de Aridane lleva el CEMFAC hasta Paraguay - Ayuntamiento de Los Llanos de Aridane","robots":{"index":"index","follow":"follow","max-snippet":"max-snippet:-1","max-image-preview":"max-image-preview:large","max-video-preview":"max-video-preview:-1"},"canonical":"https:\/\/www.aridane.org\/city\/2024\/03\/22\/los-llanos-de-aridane-lleva-el-cemfac-hasta-paraguay\/","og_locale":"es_ES","og_type":"article","og_title":"Los Llanos de Aridane lleva el CEMFAC hasta Paraguay - Ayuntamiento de Los Llanos de Aridane","og_description":"La nueva obra, del pintor Diego Vicente, se encuentra en el Centro Cultural Juan de Salazar, en Asunci\u00f3n","og_url":"https:\/\/www.aridane.org\/city\/2024\/03\/22\/los-llanos-de-aridane-lleva-el-cemfac-hasta-paraguay\/","og_site_name":"Ayuntamiento de Los Llanos de Aridane","article_published_time":"2024-03-22T08:47:51+00:00","article_modified_time":"2024-03-25T08:48:56+00:00","og_image":[{"width":1440,"height":1080,"url":"https:\/\/www.aridane.org\/city\/wp-content\/uploads\/2024\/03\/CEMFAC1.jpg","type":"image\/jpeg"}],"author":"Corresponsal","twitter_card":"summary_large_image","twitter_misc":{"Escrito por":"Corresponsal","Tiempo de lectura":"3 minutos"},"schema":{"@context":"https:\/\/schema.org","@graph":[{"@type":"WebPage","@id":"https:\/\/www.aridane.org\/city\/2024\/03\/22\/los-llanos-de-aridane-lleva-el-cemfac-hasta-paraguay\/","url":"https:\/\/www.aridane.org\/city\/2024\/03\/22\/los-llanos-de-aridane-lleva-el-cemfac-hasta-paraguay\/","name":"Los Llanos de Aridane lleva el CEMFAC hasta Paraguay - Ayuntamiento de Los Llanos de Aridane","isPartOf":{"@id":"https:\/\/www.aridane.org\/city\/#website"},"primaryImageOfPage":{"@id":"https:\/\/www.aridane.org\/city\/2024\/03\/22\/los-llanos-de-aridane-lleva-el-cemfac-hasta-paraguay\/#primaryimage"},"image":{"@id":"https:\/\/www.aridane.org\/city\/2024\/03\/22\/los-llanos-de-aridane-lleva-el-cemfac-hasta-paraguay\/#primaryimage"},"thumbnailUrl":"https:\/\/www.aridane.org\/city\/wp-content\/uploads\/2024\/03\/CEMFAC1.jpg","datePublished":"2024-03-22T08:47:51+00:00","dateModified":"2024-03-25T08:48:56+00:00","author":{"@id":"https:\/\/www.aridane.org\/city\/#\/schema\/person\/89ebd376b223dc94cc1dbcf200c8e6da"},"breadcrumb":{"@id":"https:\/\/www.aridane.org\/city\/2024\/03\/22\/los-llanos-de-aridane-lleva-el-cemfac-hasta-paraguay\/#breadcrumb"},"inLanguage":"es","potentialAction":[{"@type":"ReadAction","target":["https:\/\/www.aridane.org\/city\/2024\/03\/22\/los-llanos-de-aridane-lleva-el-cemfac-hasta-paraguay\/"]}]},{"@type":"ImageObject","inLanguage":"es","@id":"https:\/\/www.aridane.org\/city\/2024\/03\/22\/los-llanos-de-aridane-lleva-el-cemfac-hasta-paraguay\/#primaryimage","url":"https:\/\/www.aridane.org\/city\/wp-content\/uploads\/2024\/03\/CEMFAC1.jpg","contentUrl":"https:\/\/www.aridane.org\/city\/wp-content\/uploads\/2024\/03\/CEMFAC1.jpg","width":1440,"height":1080},{"@type":"BreadcrumbList","@id":"https:\/\/www.aridane.org\/city\/2024\/03\/22\/los-llanos-de-aridane-lleva-el-cemfac-hasta-paraguay\/#breadcrumb","itemListElement":[{"@type":"ListItem","position":1,"name":"Portada","item":"https:\/\/www.aridane.org\/city\/"},{"@type":"ListItem","position":2,"name":"Los Llanos de Aridane lleva el CEMFAC hasta Paraguay"}]},{"@type":"WebSite","@id":"https:\/\/www.aridane.org\/city\/#website","url":"https:\/\/www.aridane.org\/city\/","name":"Ayuntamiento de Los Llanos de Aridane","description":"","potentialAction":[{"@type":"SearchAction","target":{"@type":"EntryPoint","urlTemplate":"https:\/\/www.aridane.org\/city\/?s={search_term_string}"},"query-input":"required name=search_term_string"}],"inLanguage":"es"},{"@type":"Person","@id":"https:\/\/www.aridane.org\/city\/#\/schema\/person\/89ebd376b223dc94cc1dbcf200c8e6da","name":"Corresponsal","image":{"@type":"ImageObject","inLanguage":"es","@id":"https:\/\/www.aridane.org\/city\/#\/schema\/person\/image\/","url":"https:\/\/secure.gravatar.com\/avatar\/1c476992411e4ccf153da63b2b2f5ea0bb4cb1c85f3ceab8512f04325ad5579c?s=96&d=mm&r=g","contentUrl":"https:\/\/secure.gravatar.com\/avatar\/1c476992411e4ccf153da63b2b2f5ea0bb4cb1c85f3ceab8512f04325ad5579c?s=96&d=mm&r=g","caption":"Corresponsal"},"url":"https:\/\/www.aridane.org\/city\/author\/corresponsal\/"}]}},"_links":{"self":[{"href":"https:\/\/www.aridane.org\/city\/wp-json\/wp\/v2\/posts\/3607","targetHints":{"allow":["GET"]}}],"collection":[{"href":"https:\/\/www.aridane.org\/city\/wp-json\/wp\/v2\/posts"}],"about":[{"href":"https:\/\/www.aridane.org\/city\/wp-json\/wp\/v2\/types\/post"}],"author":[{"embeddable":true,"href":"https:\/\/www.aridane.org\/city\/wp-json\/wp\/v2\/users\/4"}],"replies":[{"embeddable":true,"href":"https:\/\/www.aridane.org\/city\/wp-json\/wp\/v2\/comments?post=3607"}],"version-history":[{"count":1,"href":"https:\/\/www.aridane.org\/city\/wp-json\/wp\/v2\/posts\/3607\/revisions"}],"predecessor-version":[{"id":3609,"href":"https:\/\/www.aridane.org\/city\/wp-json\/wp\/v2\/posts\/3607\/revisions\/3609"}],"wp:featuredmedia":[{"embeddable":true,"href":"https:\/\/www.aridane.org\/city\/wp-json\/wp\/v2\/media\/3608"}],"wp:attachment":[{"href":"https:\/\/www.aridane.org\/city\/wp-json\/wp\/v2\/media?parent=3607"}],"wp:term":[{"taxonomy":"category","embeddable":true,"href":"https:\/\/www.aridane.org\/city\/wp-json\/wp\/v2\/categories?post=3607"},{"taxonomy":"post_tag","embeddable":true,"href":"https:\/\/www.aridane.org\/city\/wp-json\/wp\/v2\/tags?post=3607"}],"curies":[{"name":"wp","href":"https:\/\/api.w.org\/{rel}","templated":true}]}}