{"id":361,"date":"2020-11-24T17:59:10","date_gmt":"2020-11-24T17:59:10","guid":{"rendered":"https:\/\/aridane.org\/ciudad\/?p=361"},"modified":"2020-11-24T17:59:10","modified_gmt":"2020-11-24T17:59:10","slug":"los-llanos-celebrara-el-mercado-de-navidad-con-todas-las-medidas-de-seguridad","status":"publish","type":"post","link":"https:\/\/www.aridane.org\/city\/2020\/11\/24\/los-llanos-celebrara-el-mercado-de-navidad-con-todas-las-medidas-de-seguridad\/","title":{"rendered":"Los Llanos celebrar\u00e1 el Mercado de Navidad con todas las medidas de seguridad"},"content":{"rendered":"<p style=\"text-align: justify;\">El Ayuntamiento de Los Llanos de Aridane, a trav\u00e9s de la Concejal\u00eda de Comercio, junto a la Asociaci\u00f3n de Comerciantes Zona Abierta (ACZA) ha organizado el tradicional Mercado de Navidad que tendr\u00e1 lugar los d\u00edas 27,28 y 29 de noviembre en la Plaza de Espa\u00f1a.<\/p>\n<p style=\"text-align: justify;\">Este a\u00f1o, para garantizar la separaci\u00f3n entre las casetas participantes se ha optado por utilizar el amplio espacio que ofrece la Plaza de Espa\u00f1a\u00a0 y as\u00ed poder garantizar las distancias de seguridad necesarias. Adem\u00e1s, los puestos del mercado deber\u00e1n disponer de gel hidroalcoh\u00f3lico y el uso de mascarilla ser\u00e1 obligatorio.<\/p>\n<p style=\"text-align: justify;\">Asimismo, el Mercado contar\u00e1 con itinerarios de entrada y de salida\u00a0 as\u00ed como con el refuerzo de Protecci\u00f3n Civil y de Polic\u00eda Local para el control de aforos y del cumplimiento de las medidas frente a la Covid-19.<\/p>\n<p style=\"text-align: justify;\">\u201cEl Ayuntamiento de Los Llanos de Aridane apuesta por realizar esta actividad siguiendo escrupulosamente las medidas de seguridad,\u00a0 donde el principal objetivo es dinamizar el comercio local, incentivando las compras navide\u00f1as en un espacio seguro tanto para los comerciantes como para el p\u00fablico, al ser una actividad que se desarrolla al aire libre\u00bb, destac\u00f3 Inmaculada Fern\u00e1ndez, concejala de Desarrollo Local.<\/p>\n<p style=\"text-align: justify;\"><strong>Sorteo de Navidad<\/strong><\/p>\n<p style=\"text-align: justify;\">Para este fin de semana, todas las compras que se realicen en los puesto del Mercado de Navidad participar\u00e1n de un sorteo en el que el \u00e1rea de Promoci\u00f3n Econ\u00f3mica del Ayuntamiento aridanense invertir\u00e1 3.000\u20ac en premios.<\/p>\n<p style=\"text-align: justify;\">La campa\u00f1a consistir\u00e1 en 30 bonos de 100\u20ac cada uno que se podr\u00e1n invertir en cualquier establecimiento comercial del municipio hasta el d\u00eda 5 de enero inclusive.\u00a0 El sorteo se llevar\u00e1 a cabo el 9 de diciembre en el Sal\u00f3n de Plenos del Ayuntamiento.<\/p>\n<p style=\"text-align: justify;\">Desde el Consistorio se hace un llamamiento a la poblaci\u00f3n para que \u201cpodamos disfrutar con responsabilidad del mercado, escalonando las visitas, evitando las horas punta y las aglomeraciones\u00bb, afirma la concejal de Desarrollo Local.<\/p>\n","protected":false},"excerpt":{"rendered":"<p>El Ayuntamiento de Los Llanos de Aridane, a trav\u00e9s de la Concejal\u00eda de Comercio, junto a la Asociaci\u00f3n de Comerciantes Zona Abierta (ACZA) ha organizado el tradicional Mercado de Navidad que tendr\u00e1 lugar los d\u00edas 27,28 y 29 de noviembre en la Plaza de Espa\u00f1a&#8230;.<\/p>\n","protected":false},"author":1,"featured_media":0,"comment_status":"closed","ping_status":"closed","sticky":false,"template":"","format":"standard","meta":{"footnotes":""},"categories":[6],"tags":[],"class_list":["post-361","post","type-post","status-publish","format-standard","hentry","category-prensa"],"yoast_head":"<!-- This site is optimized with the Yoast SEO plugin v22.7 - https:\/\/yoast.com\/wordpress\/plugins\/seo\/ -->\n<title>Los Llanos celebrar\u00e1 el Mercado de Navidad con todas las medidas de seguridad - Ayuntamiento de Los Llanos de Aridane<\/title>\n<meta name=\"robots\" content=\"index, follow, max-snippet:-1, max-image-preview:large, max-video-preview:-1\" \/>\n<link rel=\"canonical\" href=\"https:\/\/www.aridane.org\/city\/2020\/11\/24\/los-llanos-celebrara-el-mercado-de-navidad-con-todas-las-medidas-de-seguridad\/\" \/>\n<meta property=\"og:locale\" content=\"es_ES\" \/>\n<meta property=\"og:type\" content=\"article\" \/>\n<meta property=\"og:title\" content=\"Los Llanos celebrar\u00e1 el Mercado de Navidad con todas las medidas de seguridad - Ayuntamiento de Los Llanos de Aridane\" \/>\n<meta property=\"og:description\" content=\"El Ayuntamiento de Los Llanos de Aridane, a trav\u00e9s de la Concejal\u00eda de Comercio, junto a la Asociaci\u00f3n de Comerciantes Zona Abierta (ACZA) ha organizado el tradicional Mercado de Navidad que tendr\u00e1 lugar los d\u00edas 27,28 y 29 de noviembre en la Plaza de Espa\u00f1a....\" \/>\n<meta property=\"og:url\" content=\"https:\/\/www.aridane.org\/city\/2020\/11\/24\/los-llanos-celebrara-el-mercado-de-navidad-con-todas-las-medidas-de-seguridad\/\" \/>\n<meta property=\"og:site_name\" content=\"Ayuntamiento de Los Llanos de Aridane\" \/>\n<meta property=\"article:published_time\" content=\"2020-11-24T17:59:10+00:00\" \/>\n<meta name=\"author\" content=\"Richard Diaz\" \/>\n<meta name=\"twitter:card\" content=\"summary_large_image\" \/>\n<meta name=\"twitter:label1\" content=\"Escrito por\" \/>\n\t<meta name=\"twitter:data1\" content=\"Richard Diaz\" \/>\n\t<meta name=\"twitter:label2\" content=\"Tiempo de lectura\" \/>\n\t<meta name=\"twitter:data2\" content=\"2 minutos\" \/>\n<script type=\"application\/ld+json\" class=\"yoast-schema-graph\">{\"@context\":\"https:\/\/schema.org\",\"@graph\":[{\"@type\":\"WebPage\",\"@id\":\"https:\/\/www.aridane.org\/city\/2020\/11\/24\/los-llanos-celebrara-el-mercado-de-navidad-con-todas-las-medidas-de-seguridad\/\",\"url\":\"https:\/\/www.aridane.org\/city\/2020\/11\/24\/los-llanos-celebrara-el-mercado-de-navidad-con-todas-las-medidas-de-seguridad\/\",\"name\":\"Los Llanos celebrar\u00e1 el Mercado de Navidad con todas las medidas de seguridad - Ayuntamiento de Los Llanos de Aridane\",\"isPartOf\":{\"@id\":\"https:\/\/www.aridane.org\/city\/#website\"},\"datePublished\":\"2020-11-24T17:59:10+00:00\",\"dateModified\":\"2020-11-24T17:59:10+00:00\",\"author\":{\"@id\":\"https:\/\/www.aridane.org\/city\/#\/schema\/person\/7d352ec7f29881716f298394432e7209\"},\"breadcrumb\":{\"@id\":\"https:\/\/www.aridane.org\/city\/2020\/11\/24\/los-llanos-celebrara-el-mercado-de-navidad-con-todas-las-medidas-de-seguridad\/#breadcrumb\"},\"inLanguage\":\"es\",\"potentialAction\":[{\"@type\":\"ReadAction\",\"target\":[\"https:\/\/www.aridane.org\/city\/2020\/11\/24\/los-llanos-celebrara-el-mercado-de-navidad-con-todas-las-medidas-de-seguridad\/\"]}]},{\"@type\":\"BreadcrumbList\",\"@id\":\"https:\/\/www.aridane.org\/city\/2020\/11\/24\/los-llanos-celebrara-el-mercado-de-navidad-con-todas-las-medidas-de-seguridad\/#breadcrumb\",\"itemListElement\":[{\"@type\":\"ListItem\",\"position\":1,\"name\":\"Portada\",\"item\":\"https:\/\/www.aridane.org\/city\/\"},{\"@type\":\"ListItem\",\"position\":2,\"name\":\"Los Llanos celebrar\u00e1 el Mercado de Navidad con todas las medidas de seguridad\"}]},{\"@type\":\"WebSite\",\"@id\":\"https:\/\/www.aridane.org\/city\/#website\",\"url\":\"https:\/\/www.aridane.org\/city\/\",\"name\":\"Ayuntamiento de Los Llanos de Aridane\",\"description\":\"\",\"potentialAction\":[{\"@type\":\"SearchAction\",\"target\":{\"@type\":\"EntryPoint\",\"urlTemplate\":\"https:\/\/www.aridane.org\/city\/?s={search_term_string}\"},\"query-input\":\"required name=search_term_string\"}],\"inLanguage\":\"es\"},{\"@type\":\"Person\",\"@id\":\"https:\/\/www.aridane.org\/city\/#\/schema\/person\/7d352ec7f29881716f298394432e7209\",\"name\":\"Richard Diaz\",\"image\":{\"@type\":\"ImageObject\",\"inLanguage\":\"es\",\"@id\":\"https:\/\/www.aridane.org\/city\/#\/schema\/person\/image\/\",\"url\":\"https:\/\/secure.gravatar.com\/avatar\/bacd6aefc26a4a204943090a4c596cd10f0857081ef3cfd12084a70ecb3161d5?s=96&d=mm&r=g\",\"contentUrl\":\"https:\/\/secure.gravatar.com\/avatar\/bacd6aefc26a4a204943090a4c596cd10f0857081ef3cfd12084a70ecb3161d5?s=96&d=mm&r=g\",\"caption\":\"Richard Diaz\"},\"sameAs\":[\"https:\/\/www.aridane.org\/city\"],\"url\":\"https:\/\/www.aridane.org\/city\/author\/richard-diaz\/\"}]}<\/script>\n<!-- \/ Yoast SEO plugin. -->","yoast_head_json":{"title":"Los Llanos celebrar\u00e1 el Mercado de Navidad con todas las medidas de seguridad - Ayuntamiento de Los Llanos de Aridane","robots":{"index":"index","follow":"follow","max-snippet":"max-snippet:-1","max-image-preview":"max-image-preview:large","max-video-preview":"max-video-preview:-1"},"canonical":"https:\/\/www.aridane.org\/city\/2020\/11\/24\/los-llanos-celebrara-el-mercado-de-navidad-con-todas-las-medidas-de-seguridad\/","og_locale":"es_ES","og_type":"article","og_title":"Los Llanos celebrar\u00e1 el Mercado de Navidad con todas las medidas de seguridad - Ayuntamiento de Los Llanos de Aridane","og_description":"El Ayuntamiento de Los Llanos de Aridane, a trav\u00e9s de la Concejal\u00eda de Comercio, junto a la Asociaci\u00f3n de Comerciantes Zona Abierta (ACZA) ha organizado el tradicional Mercado de Navidad que tendr\u00e1 lugar los d\u00edas 27,28 y 29 de noviembre en la Plaza de Espa\u00f1a....","og_url":"https:\/\/www.aridane.org\/city\/2020\/11\/24\/los-llanos-celebrara-el-mercado-de-navidad-con-todas-las-medidas-de-seguridad\/","og_site_name":"Ayuntamiento de Los Llanos de Aridane","article_published_time":"2020-11-24T17:59:10+00:00","author":"Richard Diaz","twitter_card":"summary_large_image","twitter_misc":{"Escrito por":"Richard Diaz","Tiempo de lectura":"2 minutos"},"schema":{"@context":"https:\/\/schema.org","@graph":[{"@type":"WebPage","@id":"https:\/\/www.aridane.org\/city\/2020\/11\/24\/los-llanos-celebrara-el-mercado-de-navidad-con-todas-las-medidas-de-seguridad\/","url":"https:\/\/www.aridane.org\/city\/2020\/11\/24\/los-llanos-celebrara-el-mercado-de-navidad-con-todas-las-medidas-de-seguridad\/","name":"Los Llanos celebrar\u00e1 el Mercado de Navidad con todas las medidas de seguridad - Ayuntamiento de Los Llanos de Aridane","isPartOf":{"@id":"https:\/\/www.aridane.org\/city\/#website"},"datePublished":"2020-11-24T17:59:10+00:00","dateModified":"2020-11-24T17:59:10+00:00","author":{"@id":"https:\/\/www.aridane.org\/city\/#\/schema\/person\/7d352ec7f29881716f298394432e7209"},"breadcrumb":{"@id":"https:\/\/www.aridane.org\/city\/2020\/11\/24\/los-llanos-celebrara-el-mercado-de-navidad-con-todas-las-medidas-de-seguridad\/#breadcrumb"},"inLanguage":"es","potentialAction":[{"@type":"ReadAction","target":["https:\/\/www.aridane.org\/city\/2020\/11\/24\/los-llanos-celebrara-el-mercado-de-navidad-con-todas-las-medidas-de-seguridad\/"]}]},{"@type":"BreadcrumbList","@id":"https:\/\/www.aridane.org\/city\/2020\/11\/24\/los-llanos-celebrara-el-mercado-de-navidad-con-todas-las-medidas-de-seguridad\/#breadcrumb","itemListElement":[{"@type":"ListItem","position":1,"name":"Portada","item":"https:\/\/www.aridane.org\/city\/"},{"@type":"ListItem","position":2,"name":"Los Llanos celebrar\u00e1 el Mercado de Navidad con todas las medidas de seguridad"}]},{"@type":"WebSite","@id":"https:\/\/www.aridane.org\/city\/#website","url":"https:\/\/www.aridane.org\/city\/","name":"Ayuntamiento de Los Llanos de Aridane","description":"","potentialAction":[{"@type":"SearchAction","target":{"@type":"EntryPoint","urlTemplate":"https:\/\/www.aridane.org\/city\/?s={search_term_string}"},"query-input":"required name=search_term_string"}],"inLanguage":"es"},{"@type":"Person","@id":"https:\/\/www.aridane.org\/city\/#\/schema\/person\/7d352ec7f29881716f298394432e7209","name":"Richard Diaz","image":{"@type":"ImageObject","inLanguage":"es","@id":"https:\/\/www.aridane.org\/city\/#\/schema\/person\/image\/","url":"https:\/\/secure.gravatar.com\/avatar\/bacd6aefc26a4a204943090a4c596cd10f0857081ef3cfd12084a70ecb3161d5?s=96&d=mm&r=g","contentUrl":"https:\/\/secure.gravatar.com\/avatar\/bacd6aefc26a4a204943090a4c596cd10f0857081ef3cfd12084a70ecb3161d5?s=96&d=mm&r=g","caption":"Richard Diaz"},"sameAs":["https:\/\/www.aridane.org\/city"],"url":"https:\/\/www.aridane.org\/city\/author\/richard-diaz\/"}]}},"_links":{"self":[{"href":"https:\/\/www.aridane.org\/city\/wp-json\/wp\/v2\/posts\/361","targetHints":{"allow":["GET"]}}],"collection":[{"href":"https:\/\/www.aridane.org\/city\/wp-json\/wp\/v2\/posts"}],"about":[{"href":"https:\/\/www.aridane.org\/city\/wp-json\/wp\/v2\/types\/post"}],"author":[{"embeddable":true,"href":"https:\/\/www.aridane.org\/city\/wp-json\/wp\/v2\/users\/1"}],"replies":[{"embeddable":true,"href":"https:\/\/www.aridane.org\/city\/wp-json\/wp\/v2\/comments?post=361"}],"version-history":[{"count":0,"href":"https:\/\/www.aridane.org\/city\/wp-json\/wp\/v2\/posts\/361\/revisions"}],"wp:attachment":[{"href":"https:\/\/www.aridane.org\/city\/wp-json\/wp\/v2\/media?parent=361"}],"wp:term":[{"taxonomy":"category","embeddable":true,"href":"https:\/\/www.aridane.org\/city\/wp-json\/wp\/v2\/categories?post=361"},{"taxonomy":"post_tag","embeddable":true,"href":"https:\/\/www.aridane.org\/city\/wp-json\/wp\/v2\/tags?post=361"}],"curies":[{"name":"wp","href":"https:\/\/api.w.org\/{rel}","templated":true}]}}