{"id":3610,"date":"2024-03-23T08:49:04","date_gmt":"2024-03-23T08:49:04","guid":{"rendered":"https:\/\/www.aridane.org\/city\/?p=3610"},"modified":"2024-03-25T08:50:22","modified_gmt":"2024-03-25T08:50:22","slug":"en-abril-abre-el-plazo-de-inscripciones-para-la-escuela-infantil-nina-lola-albelo-de-los-llanos-de-aridane","status":"publish","type":"post","link":"https:\/\/www.aridane.org\/city\/2024\/03\/23\/en-abril-abre-el-plazo-de-inscripciones-para-la-escuela-infantil-nina-lola-albelo-de-los-llanos-de-aridane\/","title":{"rendered":"En abril abre el plazo de inscripciones para la Escuela Infantil Nina Lola Albelo de Los Llanos de Aridane"},"content":{"rendered":"<p><em>Entre los d\u00edas 1 y 6 de abril tendr\u00e1n lugar unas jornadas de puertas abiertas, adem\u00e1s de una mejora en las instalaciones y una ampliaci\u00f3n de personal<\/em><!--more--><\/p>\n<p>El Ayuntamiento de Los Llanos de Aridane abre el plazo de inscripci\u00f3n para el curso escolar 2024-2025 de la Escuela Infantil Nina Lola Albelo durante todo el mes de abril.<\/p>\n<p>El concejal de Educaci\u00f3n, Eduardo P\u00e9rez, explica que habr\u00e1 unas jornadas de puertas abiertas entre el d\u00eda 1 y 6 de abril, para que las familias puedan conocer las instalaciones. \u201cLas edades comprendidas para acceder a las plazas disponibles ser\u00e1n entre los cuatro meses y los que antes del 31 de diciembre no hayan cumplido los tres a\u00f1os\u201d, aclara.<\/p>\n<p>Tambi\u00e9n detalla que se realizar\u00e1n mejoras en las instalaciones as\u00ed como una ampliaci\u00f3n de personal en el centro educativo de cara al pr\u00f3ximo curso.<\/p>\n<h2><strong>Sobre la inscripci\u00f3n<\/strong><\/h2>\n<p>La inscripci\u00f3n en la Escuela Infantil Nina Lola Albelo es apta para todo el territorio insular.<\/p>\n<p>La situaci\u00f3n econ\u00f3mica de la unidad familiar, el n\u00famero de personas que la constituyen, la situaci\u00f3n laboral de los padres y madres o tutores legales de los y las menores junto a otros criterios complementarios, son algunos de los aspectos que evaluar\u00e1 la Comisi\u00f3n responsable de baremaci\u00f3n de las solicitudes.<\/p>\n<p>Todos aquellos interesados pueden ponerse en contacto con el centro en el correo electr\u00f3nico escuelainfantil@aridane.org o en el tel\u00e9fono 922 46 01 11 ext. 1489 o en el m\u00f3vil 690 60 63 42.\u00a0 La relaci\u00f3n provisional de admitidos se dar\u00e1 a conocer en la primera quincena del mes de junio.<\/p>\n","protected":false},"excerpt":{"rendered":"<p>Entre los d\u00edas 1 y 6 de abril tendr\u00e1n lugar unas jornadas de puertas abiertas, adem\u00e1s de una mejora en las instalaciones y una ampliaci\u00f3n de personal<\/p>\n","protected":false},"author":4,"featured_media":3611,"comment_status":"open","ping_status":"open","sticky":false,"template":"","format":"standard","meta":{"footnotes":""},"categories":[1],"tags":[],"class_list":["post-3610","post","type-post","status-publish","format-standard","has-post-thumbnail","hentry","category-sin-categoria"],"yoast_head":"<!-- This site is optimized with the Yoast SEO plugin v22.7 - https:\/\/yoast.com\/wordpress\/plugins\/seo\/ -->\n<title>En abril abre el plazo de inscripciones para la Escuela Infantil Nina Lola Albelo de Los Llanos de Aridane - Ayuntamiento de Los Llanos de Aridane<\/title>\n<meta name=\"robots\" content=\"index, follow, max-snippet:-1, max-image-preview:large, max-video-preview:-1\" \/>\n<link rel=\"canonical\" href=\"https:\/\/www.aridane.org\/city\/2024\/03\/23\/en-abril-abre-el-plazo-de-inscripciones-para-la-escuela-infantil-nina-lola-albelo-de-los-llanos-de-aridane\/\" \/>\n<meta property=\"og:locale\" content=\"es_ES\" \/>\n<meta property=\"og:type\" content=\"article\" \/>\n<meta property=\"og:title\" content=\"En abril abre el plazo de inscripciones para la Escuela Infantil Nina Lola Albelo de Los Llanos de Aridane - Ayuntamiento de Los Llanos de Aridane\" \/>\n<meta property=\"og:description\" content=\"Entre los d\u00edas 1 y 6 de abril tendr\u00e1n lugar unas jornadas de puertas abiertas, adem\u00e1s de una mejora en las instalaciones y una ampliaci\u00f3n de personal\" \/>\n<meta property=\"og:url\" content=\"https:\/\/www.aridane.org\/city\/2024\/03\/23\/en-abril-abre-el-plazo-de-inscripciones-para-la-escuela-infantil-nina-lola-albelo-de-los-llanos-de-aridane\/\" \/>\n<meta property=\"og:site_name\" content=\"Ayuntamiento de Los Llanos de Aridane\" \/>\n<meta property=\"article:published_time\" content=\"2024-03-23T08:49:04+00:00\" \/>\n<meta property=\"article:modified_time\" content=\"2024-03-25T08:50:22+00:00\" \/>\n<meta property=\"og:image\" content=\"https:\/\/www.aridane.org\/city\/wp-content\/uploads\/2024\/03\/Escuela-Infantil-1.jpeg\" \/>\n\t<meta property=\"og:image:width\" content=\"2000\" \/>\n\t<meta property=\"og:image:height\" content=\"1500\" \/>\n\t<meta property=\"og:image:type\" content=\"image\/jpeg\" \/>\n<meta name=\"author\" content=\"Corresponsal\" \/>\n<meta name=\"twitter:card\" content=\"summary_large_image\" \/>\n<meta name=\"twitter:label1\" content=\"Escrito por\" \/>\n\t<meta name=\"twitter:data1\" content=\"Corresponsal\" \/>\n\t<meta name=\"twitter:label2\" content=\"Tiempo de lectura\" \/>\n\t<meta name=\"twitter:data2\" content=\"2 minutos\" \/>\n<script type=\"application\/ld+json\" class=\"yoast-schema-graph\">{\"@context\":\"https:\/\/schema.org\",\"@graph\":[{\"@type\":\"WebPage\",\"@id\":\"https:\/\/www.aridane.org\/city\/2024\/03\/23\/en-abril-abre-el-plazo-de-inscripciones-para-la-escuela-infantil-nina-lola-albelo-de-los-llanos-de-aridane\/\",\"url\":\"https:\/\/www.aridane.org\/city\/2024\/03\/23\/en-abril-abre-el-plazo-de-inscripciones-para-la-escuela-infantil-nina-lola-albelo-de-los-llanos-de-aridane\/\",\"name\":\"En abril abre el plazo de inscripciones para la Escuela Infantil Nina Lola Albelo de Los Llanos de Aridane - Ayuntamiento de Los Llanos de Aridane\",\"isPartOf\":{\"@id\":\"https:\/\/www.aridane.org\/city\/#website\"},\"primaryImageOfPage\":{\"@id\":\"https:\/\/www.aridane.org\/city\/2024\/03\/23\/en-abril-abre-el-plazo-de-inscripciones-para-la-escuela-infantil-nina-lola-albelo-de-los-llanos-de-aridane\/#primaryimage\"},\"image\":{\"@id\":\"https:\/\/www.aridane.org\/city\/2024\/03\/23\/en-abril-abre-el-plazo-de-inscripciones-para-la-escuela-infantil-nina-lola-albelo-de-los-llanos-de-aridane\/#primaryimage\"},\"thumbnailUrl\":\"https:\/\/www.aridane.org\/city\/wp-content\/uploads\/2024\/03\/Escuela-Infantil-1.jpeg\",\"datePublished\":\"2024-03-23T08:49:04+00:00\",\"dateModified\":\"2024-03-25T08:50:22+00:00\",\"author\":{\"@id\":\"https:\/\/www.aridane.org\/city\/#\/schema\/person\/89ebd376b223dc94cc1dbcf200c8e6da\"},\"breadcrumb\":{\"@id\":\"https:\/\/www.aridane.org\/city\/2024\/03\/23\/en-abril-abre-el-plazo-de-inscripciones-para-la-escuela-infantil-nina-lola-albelo-de-los-llanos-de-aridane\/#breadcrumb\"},\"inLanguage\":\"es\",\"potentialAction\":[{\"@type\":\"ReadAction\",\"target\":[\"https:\/\/www.aridane.org\/city\/2024\/03\/23\/en-abril-abre-el-plazo-de-inscripciones-para-la-escuela-infantil-nina-lola-albelo-de-los-llanos-de-aridane\/\"]}]},{\"@type\":\"ImageObject\",\"inLanguage\":\"es\",\"@id\":\"https:\/\/www.aridane.org\/city\/2024\/03\/23\/en-abril-abre-el-plazo-de-inscripciones-para-la-escuela-infantil-nina-lola-albelo-de-los-llanos-de-aridane\/#primaryimage\",\"url\":\"https:\/\/www.aridane.org\/city\/wp-content\/uploads\/2024\/03\/Escuela-Infantil-1.jpeg\",\"contentUrl\":\"https:\/\/www.aridane.org\/city\/wp-content\/uploads\/2024\/03\/Escuela-Infantil-1.jpeg\",\"width\":2000,\"height\":1500},{\"@type\":\"BreadcrumbList\",\"@id\":\"https:\/\/www.aridane.org\/city\/2024\/03\/23\/en-abril-abre-el-plazo-de-inscripciones-para-la-escuela-infantil-nina-lola-albelo-de-los-llanos-de-aridane\/#breadcrumb\",\"itemListElement\":[{\"@type\":\"ListItem\",\"position\":1,\"name\":\"Portada\",\"item\":\"https:\/\/www.aridane.org\/city\/\"},{\"@type\":\"ListItem\",\"position\":2,\"name\":\"En abril abre el plazo de inscripciones para la Escuela Infantil Nina Lola Albelo de Los Llanos de Aridane\"}]},{\"@type\":\"WebSite\",\"@id\":\"https:\/\/www.aridane.org\/city\/#website\",\"url\":\"https:\/\/www.aridane.org\/city\/\",\"name\":\"Ayuntamiento de Los Llanos de Aridane\",\"description\":\"\",\"potentialAction\":[{\"@type\":\"SearchAction\",\"target\":{\"@type\":\"EntryPoint\",\"urlTemplate\":\"https:\/\/www.aridane.org\/city\/?s={search_term_string}\"},\"query-input\":\"required name=search_term_string\"}],\"inLanguage\":\"es\"},{\"@type\":\"Person\",\"@id\":\"https:\/\/www.aridane.org\/city\/#\/schema\/person\/89ebd376b223dc94cc1dbcf200c8e6da\",\"name\":\"Corresponsal\",\"image\":{\"@type\":\"ImageObject\",\"inLanguage\":\"es\",\"@id\":\"https:\/\/www.aridane.org\/city\/#\/schema\/person\/image\/\",\"url\":\"https:\/\/secure.gravatar.com\/avatar\/1c476992411e4ccf153da63b2b2f5ea0bb4cb1c85f3ceab8512f04325ad5579c?s=96&d=mm&r=g\",\"contentUrl\":\"https:\/\/secure.gravatar.com\/avatar\/1c476992411e4ccf153da63b2b2f5ea0bb4cb1c85f3ceab8512f04325ad5579c?s=96&d=mm&r=g\",\"caption\":\"Corresponsal\"},\"url\":\"https:\/\/www.aridane.org\/city\/author\/corresponsal\/\"}]}<\/script>\n<!-- \/ Yoast SEO plugin. -->","yoast_head_json":{"title":"En abril abre el plazo de inscripciones para la Escuela Infantil Nina Lola Albelo de Los Llanos de Aridane - Ayuntamiento de Los Llanos de Aridane","robots":{"index":"index","follow":"follow","max-snippet":"max-snippet:-1","max-image-preview":"max-image-preview:large","max-video-preview":"max-video-preview:-1"},"canonical":"https:\/\/www.aridane.org\/city\/2024\/03\/23\/en-abril-abre-el-plazo-de-inscripciones-para-la-escuela-infantil-nina-lola-albelo-de-los-llanos-de-aridane\/","og_locale":"es_ES","og_type":"article","og_title":"En abril abre el plazo de inscripciones para la Escuela Infantil Nina Lola Albelo de Los Llanos de Aridane - Ayuntamiento de Los Llanos de Aridane","og_description":"Entre los d\u00edas 1 y 6 de abril tendr\u00e1n lugar unas jornadas de puertas abiertas, adem\u00e1s de una mejora en las instalaciones y una ampliaci\u00f3n de personal","og_url":"https:\/\/www.aridane.org\/city\/2024\/03\/23\/en-abril-abre-el-plazo-de-inscripciones-para-la-escuela-infantil-nina-lola-albelo-de-los-llanos-de-aridane\/","og_site_name":"Ayuntamiento de Los Llanos de Aridane","article_published_time":"2024-03-23T08:49:04+00:00","article_modified_time":"2024-03-25T08:50:22+00:00","og_image":[{"width":2000,"height":1500,"url":"https:\/\/www.aridane.org\/city\/wp-content\/uploads\/2024\/03\/Escuela-Infantil-1.jpeg","type":"image\/jpeg"}],"author":"Corresponsal","twitter_card":"summary_large_image","twitter_misc":{"Escrito por":"Corresponsal","Tiempo de lectura":"2 minutos"},"schema":{"@context":"https:\/\/schema.org","@graph":[{"@type":"WebPage","@id":"https:\/\/www.aridane.org\/city\/2024\/03\/23\/en-abril-abre-el-plazo-de-inscripciones-para-la-escuela-infantil-nina-lola-albelo-de-los-llanos-de-aridane\/","url":"https:\/\/www.aridane.org\/city\/2024\/03\/23\/en-abril-abre-el-plazo-de-inscripciones-para-la-escuela-infantil-nina-lola-albelo-de-los-llanos-de-aridane\/","name":"En abril abre el plazo de inscripciones para la Escuela Infantil Nina Lola Albelo de Los Llanos de Aridane - Ayuntamiento de Los Llanos de Aridane","isPartOf":{"@id":"https:\/\/www.aridane.org\/city\/#website"},"primaryImageOfPage":{"@id":"https:\/\/www.aridane.org\/city\/2024\/03\/23\/en-abril-abre-el-plazo-de-inscripciones-para-la-escuela-infantil-nina-lola-albelo-de-los-llanos-de-aridane\/#primaryimage"},"image":{"@id":"https:\/\/www.aridane.org\/city\/2024\/03\/23\/en-abril-abre-el-plazo-de-inscripciones-para-la-escuela-infantil-nina-lola-albelo-de-los-llanos-de-aridane\/#primaryimage"},"thumbnailUrl":"https:\/\/www.aridane.org\/city\/wp-content\/uploads\/2024\/03\/Escuela-Infantil-1.jpeg","datePublished":"2024-03-23T08:49:04+00:00","dateModified":"2024-03-25T08:50:22+00:00","author":{"@id":"https:\/\/www.aridane.org\/city\/#\/schema\/person\/89ebd376b223dc94cc1dbcf200c8e6da"},"breadcrumb":{"@id":"https:\/\/www.aridane.org\/city\/2024\/03\/23\/en-abril-abre-el-plazo-de-inscripciones-para-la-escuela-infantil-nina-lola-albelo-de-los-llanos-de-aridane\/#breadcrumb"},"inLanguage":"es","potentialAction":[{"@type":"ReadAction","target":["https:\/\/www.aridane.org\/city\/2024\/03\/23\/en-abril-abre-el-plazo-de-inscripciones-para-la-escuela-infantil-nina-lola-albelo-de-los-llanos-de-aridane\/"]}]},{"@type":"ImageObject","inLanguage":"es","@id":"https:\/\/www.aridane.org\/city\/2024\/03\/23\/en-abril-abre-el-plazo-de-inscripciones-para-la-escuela-infantil-nina-lola-albelo-de-los-llanos-de-aridane\/#primaryimage","url":"https:\/\/www.aridane.org\/city\/wp-content\/uploads\/2024\/03\/Escuela-Infantil-1.jpeg","contentUrl":"https:\/\/www.aridane.org\/city\/wp-content\/uploads\/2024\/03\/Escuela-Infantil-1.jpeg","width":2000,"height":1500},{"@type":"BreadcrumbList","@id":"https:\/\/www.aridane.org\/city\/2024\/03\/23\/en-abril-abre-el-plazo-de-inscripciones-para-la-escuela-infantil-nina-lola-albelo-de-los-llanos-de-aridane\/#breadcrumb","itemListElement":[{"@type":"ListItem","position":1,"name":"Portada","item":"https:\/\/www.aridane.org\/city\/"},{"@type":"ListItem","position":2,"name":"En abril abre el plazo de inscripciones para la Escuela Infantil Nina Lola Albelo de Los Llanos de Aridane"}]},{"@type":"WebSite","@id":"https:\/\/www.aridane.org\/city\/#website","url":"https:\/\/www.aridane.org\/city\/","name":"Ayuntamiento de Los Llanos de Aridane","description":"","potentialAction":[{"@type":"SearchAction","target":{"@type":"EntryPoint","urlTemplate":"https:\/\/www.aridane.org\/city\/?s={search_term_string}"},"query-input":"required name=search_term_string"}],"inLanguage":"es"},{"@type":"Person","@id":"https:\/\/www.aridane.org\/city\/#\/schema\/person\/89ebd376b223dc94cc1dbcf200c8e6da","name":"Corresponsal","image":{"@type":"ImageObject","inLanguage":"es","@id":"https:\/\/www.aridane.org\/city\/#\/schema\/person\/image\/","url":"https:\/\/secure.gravatar.com\/avatar\/1c476992411e4ccf153da63b2b2f5ea0bb4cb1c85f3ceab8512f04325ad5579c?s=96&d=mm&r=g","contentUrl":"https:\/\/secure.gravatar.com\/avatar\/1c476992411e4ccf153da63b2b2f5ea0bb4cb1c85f3ceab8512f04325ad5579c?s=96&d=mm&r=g","caption":"Corresponsal"},"url":"https:\/\/www.aridane.org\/city\/author\/corresponsal\/"}]}},"_links":{"self":[{"href":"https:\/\/www.aridane.org\/city\/wp-json\/wp\/v2\/posts\/3610","targetHints":{"allow":["GET"]}}],"collection":[{"href":"https:\/\/www.aridane.org\/city\/wp-json\/wp\/v2\/posts"}],"about":[{"href":"https:\/\/www.aridane.org\/city\/wp-json\/wp\/v2\/types\/post"}],"author":[{"embeddable":true,"href":"https:\/\/www.aridane.org\/city\/wp-json\/wp\/v2\/users\/4"}],"replies":[{"embeddable":true,"href":"https:\/\/www.aridane.org\/city\/wp-json\/wp\/v2\/comments?post=3610"}],"version-history":[{"count":1,"href":"https:\/\/www.aridane.org\/city\/wp-json\/wp\/v2\/posts\/3610\/revisions"}],"predecessor-version":[{"id":3612,"href":"https:\/\/www.aridane.org\/city\/wp-json\/wp\/v2\/posts\/3610\/revisions\/3612"}],"wp:featuredmedia":[{"embeddable":true,"href":"https:\/\/www.aridane.org\/city\/wp-json\/wp\/v2\/media\/3611"}],"wp:attachment":[{"href":"https:\/\/www.aridane.org\/city\/wp-json\/wp\/v2\/media?parent=3610"}],"wp:term":[{"taxonomy":"category","embeddable":true,"href":"https:\/\/www.aridane.org\/city\/wp-json\/wp\/v2\/categories?post=3610"},{"taxonomy":"post_tag","embeddable":true,"href":"https:\/\/www.aridane.org\/city\/wp-json\/wp\/v2\/tags?post=3610"}],"curies":[{"name":"wp","href":"https:\/\/api.w.org\/{rel}","templated":true}]}}