{"id":3613,"date":"2024-03-25T08:51:38","date_gmt":"2024-03-25T08:51:38","guid":{"rendered":"https:\/\/www.aridane.org\/city\/?p=3613"},"modified":"2024-03-25T08:51:38","modified_gmt":"2024-03-25T08:51:38","slug":"los-llanos-de-aridane-se-convierte-en-el-epicentro-del-atletismo-canario-con-la-viii-neon-run-spain","status":"publish","type":"post","link":"https:\/\/www.aridane.org\/city\/2024\/03\/25\/los-llanos-de-aridane-se-convierte-en-el-epicentro-del-atletismo-canario-con-la-viii-neon-run-spain\/","title":{"rendered":"Los Llanos de Aridane se convierte en el epicentro del atletismo canario con la VIII Neon Run Spain\u00a0"},"content":{"rendered":"<p><em>Ana Boull\u00f3n Sab\u00edn y Francisco Cabrera Galindo se proclaman campeones de Canarias de 10KM en ruta<\/em><br \/>\n<!--more--><\/p>\n<div id=\"v1forwardbody1\">\n<p>La VIII Neon Run Spain de Los Llanos de Aridane concluy\u00f3 este s\u00e1bado, 23 de marzo, con \u00e9xito de participaci\u00f3n y un ambiente inmejorable. M\u00e1s de 1.150 inscritos se reunieron en el centro del municipio para hacerlo brillar con sus neones y energ\u00eda.<\/p>\n<p>Adem\u00e1s del espect\u00e1culo visual, Los Llanos de Aridane fue el epicentro del mejor atletismo del archipi\u00e9lago, siendo Ana Boull\u00f3n Sab\u00edn y Francisco Cabrera Galindo los nuevos campeones de Canarias de la categor\u00eda de 10KM en ruta.<\/p>\n<p>El concejal de Deportes del Ayuntamiento, V\u00edctor Gonz\u00e1lez, agradece el trabajo a todas las personas e instituciones involucradas en la Neon Run. \u201cDesde el equipo organizador, los patrocinadores y el personal municipal, hasta todas y cada una de esas personas que se dieron cita ayer en la l\u00ednea de salida, ya sea con el dorsal, o como espectadores para llevar en volandas a los y las corredoras\u201d, a\u00f1ade.<\/p>\n<h2><strong>5KM VIII Neon Run<\/strong><\/h2>\n<p>En la modalidad masculina de 5KM el ganador fue Sa\u00fal Castro Santana, del club Tenerife CajaCanarias. El segundo puesto fue para An\u00edbal L\u00f3pez Alonso, tambi\u00e9n del equipo Tenerife CajaCanarias. La tercera posici\u00f3n fue para Alejandro D\u00edaz D\u00edaz, del Trajocade Odecan SL.<\/p>\n<p>La m\u00e1s r\u00e1pida del lado femenino fue Johanna Ardel. La segunda, Irene Lorenzo Hern\u00e1ndez, del equipo Tenerife Caja Canarias. Tercera fue Mar\u00eda Camacho P\u00e9rez, del equipo Brisas de El Paso.<\/p>\n<h2><strong>10KM VIII Neon Run\u00a0<\/strong><\/h2>\n<p>En la modalidad de 10KM, v\u00e1lida para el Campeonato de Canarias en Ruta, el m\u00e1s r\u00e1pido de la categor\u00eda masculina fue Francisco Cabrera Galindo. Segundo qued\u00f3 Tinguaro Quintero del Rosario. Mientras que el tercer lugar fue para Aday Salas Lutzardo. Estos tres corredores forman parte del club Tenerife CajaCanarias<\/p>\n<p>En la modalidad femenina, la m\u00e1s r\u00e1pida fue Ana Boull\u00f3n Sab\u00edn del equipo Vallivana. Segunda qued\u00f3 Valentina Pelosi. Y tercera Yurena Dom\u00ednguez Hern\u00e1ndez, del CA Puerto Cruz Realejos.<\/p>\n<\/div>\n","protected":false},"excerpt":{"rendered":"<p>Ana Boull\u00f3n Sab\u00edn y Francisco Cabrera Galindo se proclaman campeones de Canarias de 10KM en ruta<\/p>\n","protected":false},"author":4,"featured_media":3614,"comment_status":"open","ping_status":"open","sticky":false,"template":"","format":"standard","meta":{"footnotes":""},"categories":[1],"tags":[],"class_list":["post-3613","post","type-post","status-publish","format-standard","has-post-thumbnail","hentry","category-sin-categoria"],"yoast_head":"<!-- This site is optimized with the Yoast SEO plugin v22.7 - https:\/\/yoast.com\/wordpress\/plugins\/seo\/ -->\n<title>Los Llanos de Aridane se convierte en el epicentro del atletismo canario con la VIII Neon Run Spain\u00a0 - Ayuntamiento de Los Llanos de Aridane<\/title>\n<meta name=\"robots\" content=\"index, follow, max-snippet:-1, max-image-preview:large, max-video-preview:-1\" \/>\n<link rel=\"canonical\" href=\"https:\/\/www.aridane.org\/city\/2024\/03\/25\/los-llanos-de-aridane-se-convierte-en-el-epicentro-del-atletismo-canario-con-la-viii-neon-run-spain\/\" \/>\n<meta property=\"og:locale\" content=\"es_ES\" \/>\n<meta property=\"og:type\" content=\"article\" \/>\n<meta property=\"og:title\" content=\"Los Llanos de Aridane se convierte en el epicentro del atletismo canario con la VIII Neon Run Spain\u00a0 - Ayuntamiento de Los Llanos de Aridane\" \/>\n<meta property=\"og:description\" content=\"Ana Boull\u00f3n Sab\u00edn y Francisco Cabrera Galindo se proclaman campeones de Canarias de 10KM en ruta\" \/>\n<meta property=\"og:url\" content=\"https:\/\/www.aridane.org\/city\/2024\/03\/25\/los-llanos-de-aridane-se-convierte-en-el-epicentro-del-atletismo-canario-con-la-viii-neon-run-spain\/\" \/>\n<meta property=\"og:site_name\" content=\"Ayuntamiento de Los Llanos de Aridane\" \/>\n<meta property=\"article:published_time\" content=\"2024-03-25T08:51:38+00:00\" \/>\n<meta property=\"og:image\" content=\"https:\/\/www.aridane.org\/city\/wp-content\/uploads\/2024\/03\/Neon-2024.jpeg\" \/>\n\t<meta property=\"og:image:width\" content=\"1570\" \/>\n\t<meta property=\"og:image:height\" content=\"1049\" \/>\n\t<meta property=\"og:image:type\" content=\"image\/jpeg\" \/>\n<meta name=\"author\" content=\"Corresponsal\" \/>\n<meta name=\"twitter:card\" content=\"summary_large_image\" \/>\n<meta name=\"twitter:label1\" content=\"Escrito por\" \/>\n\t<meta name=\"twitter:data1\" content=\"Corresponsal\" \/>\n\t<meta name=\"twitter:label2\" content=\"Tiempo de lectura\" \/>\n\t<meta name=\"twitter:data2\" content=\"2 minutos\" \/>\n<script type=\"application\/ld+json\" class=\"yoast-schema-graph\">{\"@context\":\"https:\/\/schema.org\",\"@graph\":[{\"@type\":\"WebPage\",\"@id\":\"https:\/\/www.aridane.org\/city\/2024\/03\/25\/los-llanos-de-aridane-se-convierte-en-el-epicentro-del-atletismo-canario-con-la-viii-neon-run-spain\/\",\"url\":\"https:\/\/www.aridane.org\/city\/2024\/03\/25\/los-llanos-de-aridane-se-convierte-en-el-epicentro-del-atletismo-canario-con-la-viii-neon-run-spain\/\",\"name\":\"Los Llanos de Aridane se convierte en el epicentro del atletismo canario con la VIII Neon Run Spain\u00a0 - Ayuntamiento de Los Llanos de Aridane\",\"isPartOf\":{\"@id\":\"https:\/\/www.aridane.org\/city\/#website\"},\"primaryImageOfPage\":{\"@id\":\"https:\/\/www.aridane.org\/city\/2024\/03\/25\/los-llanos-de-aridane-se-convierte-en-el-epicentro-del-atletismo-canario-con-la-viii-neon-run-spain\/#primaryimage\"},\"image\":{\"@id\":\"https:\/\/www.aridane.org\/city\/2024\/03\/25\/los-llanos-de-aridane-se-convierte-en-el-epicentro-del-atletismo-canario-con-la-viii-neon-run-spain\/#primaryimage\"},\"thumbnailUrl\":\"https:\/\/www.aridane.org\/city\/wp-content\/uploads\/2024\/03\/Neon-2024.jpeg\",\"datePublished\":\"2024-03-25T08:51:38+00:00\",\"dateModified\":\"2024-03-25T08:51:38+00:00\",\"author\":{\"@id\":\"https:\/\/www.aridane.org\/city\/#\/schema\/person\/89ebd376b223dc94cc1dbcf200c8e6da\"},\"breadcrumb\":{\"@id\":\"https:\/\/www.aridane.org\/city\/2024\/03\/25\/los-llanos-de-aridane-se-convierte-en-el-epicentro-del-atletismo-canario-con-la-viii-neon-run-spain\/#breadcrumb\"},\"inLanguage\":\"es\",\"potentialAction\":[{\"@type\":\"ReadAction\",\"target\":[\"https:\/\/www.aridane.org\/city\/2024\/03\/25\/los-llanos-de-aridane-se-convierte-en-el-epicentro-del-atletismo-canario-con-la-viii-neon-run-spain\/\"]}]},{\"@type\":\"ImageObject\",\"inLanguage\":\"es\",\"@id\":\"https:\/\/www.aridane.org\/city\/2024\/03\/25\/los-llanos-de-aridane-se-convierte-en-el-epicentro-del-atletismo-canario-con-la-viii-neon-run-spain\/#primaryimage\",\"url\":\"https:\/\/www.aridane.org\/city\/wp-content\/uploads\/2024\/03\/Neon-2024.jpeg\",\"contentUrl\":\"https:\/\/www.aridane.org\/city\/wp-content\/uploads\/2024\/03\/Neon-2024.jpeg\",\"width\":1570,\"height\":1049},{\"@type\":\"BreadcrumbList\",\"@id\":\"https:\/\/www.aridane.org\/city\/2024\/03\/25\/los-llanos-de-aridane-se-convierte-en-el-epicentro-del-atletismo-canario-con-la-viii-neon-run-spain\/#breadcrumb\",\"itemListElement\":[{\"@type\":\"ListItem\",\"position\":1,\"name\":\"Portada\",\"item\":\"https:\/\/www.aridane.org\/city\/\"},{\"@type\":\"ListItem\",\"position\":2,\"name\":\"Los Llanos de Aridane se convierte en el epicentro del atletismo canario con la VIII Neon Run Spain\u00a0\"}]},{\"@type\":\"WebSite\",\"@id\":\"https:\/\/www.aridane.org\/city\/#website\",\"url\":\"https:\/\/www.aridane.org\/city\/\",\"name\":\"Ayuntamiento de Los Llanos de Aridane\",\"description\":\"\",\"potentialAction\":[{\"@type\":\"SearchAction\",\"target\":{\"@type\":\"EntryPoint\",\"urlTemplate\":\"https:\/\/www.aridane.org\/city\/?s={search_term_string}\"},\"query-input\":\"required name=search_term_string\"}],\"inLanguage\":\"es\"},{\"@type\":\"Person\",\"@id\":\"https:\/\/www.aridane.org\/city\/#\/schema\/person\/89ebd376b223dc94cc1dbcf200c8e6da\",\"name\":\"Corresponsal\",\"image\":{\"@type\":\"ImageObject\",\"inLanguage\":\"es\",\"@id\":\"https:\/\/www.aridane.org\/city\/#\/schema\/person\/image\/\",\"url\":\"https:\/\/secure.gravatar.com\/avatar\/1c476992411e4ccf153da63b2b2f5ea0bb4cb1c85f3ceab8512f04325ad5579c?s=96&d=mm&r=g\",\"contentUrl\":\"https:\/\/secure.gravatar.com\/avatar\/1c476992411e4ccf153da63b2b2f5ea0bb4cb1c85f3ceab8512f04325ad5579c?s=96&d=mm&r=g\",\"caption\":\"Corresponsal\"},\"url\":\"https:\/\/www.aridane.org\/city\/author\/corresponsal\/\"}]}<\/script>\n<!-- \/ Yoast SEO plugin. -->","yoast_head_json":{"title":"Los Llanos de Aridane se convierte en el epicentro del atletismo canario con la VIII Neon Run Spain\u00a0 - Ayuntamiento de Los Llanos de Aridane","robots":{"index":"index","follow":"follow","max-snippet":"max-snippet:-1","max-image-preview":"max-image-preview:large","max-video-preview":"max-video-preview:-1"},"canonical":"https:\/\/www.aridane.org\/city\/2024\/03\/25\/los-llanos-de-aridane-se-convierte-en-el-epicentro-del-atletismo-canario-con-la-viii-neon-run-spain\/","og_locale":"es_ES","og_type":"article","og_title":"Los Llanos de Aridane se convierte en el epicentro del atletismo canario con la VIII Neon Run Spain\u00a0 - Ayuntamiento de Los Llanos de Aridane","og_description":"Ana Boull\u00f3n Sab\u00edn y Francisco Cabrera Galindo se proclaman campeones de Canarias de 10KM en ruta","og_url":"https:\/\/www.aridane.org\/city\/2024\/03\/25\/los-llanos-de-aridane-se-convierte-en-el-epicentro-del-atletismo-canario-con-la-viii-neon-run-spain\/","og_site_name":"Ayuntamiento de Los Llanos de Aridane","article_published_time":"2024-03-25T08:51:38+00:00","og_image":[{"width":1570,"height":1049,"url":"https:\/\/www.aridane.org\/city\/wp-content\/uploads\/2024\/03\/Neon-2024.jpeg","type":"image\/jpeg"}],"author":"Corresponsal","twitter_card":"summary_large_image","twitter_misc":{"Escrito por":"Corresponsal","Tiempo de lectura":"2 minutos"},"schema":{"@context":"https:\/\/schema.org","@graph":[{"@type":"WebPage","@id":"https:\/\/www.aridane.org\/city\/2024\/03\/25\/los-llanos-de-aridane-se-convierte-en-el-epicentro-del-atletismo-canario-con-la-viii-neon-run-spain\/","url":"https:\/\/www.aridane.org\/city\/2024\/03\/25\/los-llanos-de-aridane-se-convierte-en-el-epicentro-del-atletismo-canario-con-la-viii-neon-run-spain\/","name":"Los Llanos de Aridane se convierte en el epicentro del atletismo canario con la VIII Neon Run Spain\u00a0 - Ayuntamiento de Los Llanos de Aridane","isPartOf":{"@id":"https:\/\/www.aridane.org\/city\/#website"},"primaryImageOfPage":{"@id":"https:\/\/www.aridane.org\/city\/2024\/03\/25\/los-llanos-de-aridane-se-convierte-en-el-epicentro-del-atletismo-canario-con-la-viii-neon-run-spain\/#primaryimage"},"image":{"@id":"https:\/\/www.aridane.org\/city\/2024\/03\/25\/los-llanos-de-aridane-se-convierte-en-el-epicentro-del-atletismo-canario-con-la-viii-neon-run-spain\/#primaryimage"},"thumbnailUrl":"https:\/\/www.aridane.org\/city\/wp-content\/uploads\/2024\/03\/Neon-2024.jpeg","datePublished":"2024-03-25T08:51:38+00:00","dateModified":"2024-03-25T08:51:38+00:00","author":{"@id":"https:\/\/www.aridane.org\/city\/#\/schema\/person\/89ebd376b223dc94cc1dbcf200c8e6da"},"breadcrumb":{"@id":"https:\/\/www.aridane.org\/city\/2024\/03\/25\/los-llanos-de-aridane-se-convierte-en-el-epicentro-del-atletismo-canario-con-la-viii-neon-run-spain\/#breadcrumb"},"inLanguage":"es","potentialAction":[{"@type":"ReadAction","target":["https:\/\/www.aridane.org\/city\/2024\/03\/25\/los-llanos-de-aridane-se-convierte-en-el-epicentro-del-atletismo-canario-con-la-viii-neon-run-spain\/"]}]},{"@type":"ImageObject","inLanguage":"es","@id":"https:\/\/www.aridane.org\/city\/2024\/03\/25\/los-llanos-de-aridane-se-convierte-en-el-epicentro-del-atletismo-canario-con-la-viii-neon-run-spain\/#primaryimage","url":"https:\/\/www.aridane.org\/city\/wp-content\/uploads\/2024\/03\/Neon-2024.jpeg","contentUrl":"https:\/\/www.aridane.org\/city\/wp-content\/uploads\/2024\/03\/Neon-2024.jpeg","width":1570,"height":1049},{"@type":"BreadcrumbList","@id":"https:\/\/www.aridane.org\/city\/2024\/03\/25\/los-llanos-de-aridane-se-convierte-en-el-epicentro-del-atletismo-canario-con-la-viii-neon-run-spain\/#breadcrumb","itemListElement":[{"@type":"ListItem","position":1,"name":"Portada","item":"https:\/\/www.aridane.org\/city\/"},{"@type":"ListItem","position":2,"name":"Los Llanos de Aridane se convierte en el epicentro del atletismo canario con la VIII Neon Run Spain\u00a0"}]},{"@type":"WebSite","@id":"https:\/\/www.aridane.org\/city\/#website","url":"https:\/\/www.aridane.org\/city\/","name":"Ayuntamiento de Los Llanos de Aridane","description":"","potentialAction":[{"@type":"SearchAction","target":{"@type":"EntryPoint","urlTemplate":"https:\/\/www.aridane.org\/city\/?s={search_term_string}"},"query-input":"required name=search_term_string"}],"inLanguage":"es"},{"@type":"Person","@id":"https:\/\/www.aridane.org\/city\/#\/schema\/person\/89ebd376b223dc94cc1dbcf200c8e6da","name":"Corresponsal","image":{"@type":"ImageObject","inLanguage":"es","@id":"https:\/\/www.aridane.org\/city\/#\/schema\/person\/image\/","url":"https:\/\/secure.gravatar.com\/avatar\/1c476992411e4ccf153da63b2b2f5ea0bb4cb1c85f3ceab8512f04325ad5579c?s=96&d=mm&r=g","contentUrl":"https:\/\/secure.gravatar.com\/avatar\/1c476992411e4ccf153da63b2b2f5ea0bb4cb1c85f3ceab8512f04325ad5579c?s=96&d=mm&r=g","caption":"Corresponsal"},"url":"https:\/\/www.aridane.org\/city\/author\/corresponsal\/"}]}},"_links":{"self":[{"href":"https:\/\/www.aridane.org\/city\/wp-json\/wp\/v2\/posts\/3613","targetHints":{"allow":["GET"]}}],"collection":[{"href":"https:\/\/www.aridane.org\/city\/wp-json\/wp\/v2\/posts"}],"about":[{"href":"https:\/\/www.aridane.org\/city\/wp-json\/wp\/v2\/types\/post"}],"author":[{"embeddable":true,"href":"https:\/\/www.aridane.org\/city\/wp-json\/wp\/v2\/users\/4"}],"replies":[{"embeddable":true,"href":"https:\/\/www.aridane.org\/city\/wp-json\/wp\/v2\/comments?post=3613"}],"version-history":[{"count":1,"href":"https:\/\/www.aridane.org\/city\/wp-json\/wp\/v2\/posts\/3613\/revisions"}],"predecessor-version":[{"id":3615,"href":"https:\/\/www.aridane.org\/city\/wp-json\/wp\/v2\/posts\/3613\/revisions\/3615"}],"wp:featuredmedia":[{"embeddable":true,"href":"https:\/\/www.aridane.org\/city\/wp-json\/wp\/v2\/media\/3614"}],"wp:attachment":[{"href":"https:\/\/www.aridane.org\/city\/wp-json\/wp\/v2\/media?parent=3613"}],"wp:term":[{"taxonomy":"category","embeddable":true,"href":"https:\/\/www.aridane.org\/city\/wp-json\/wp\/v2\/categories?post=3613"},{"taxonomy":"post_tag","embeddable":true,"href":"https:\/\/www.aridane.org\/city\/wp-json\/wp\/v2\/tags?post=3613"}],"curies":[{"name":"wp","href":"https:\/\/api.w.org\/{rel}","templated":true}]}}