{"id":3616,"date":"2024-03-25T08:52:47","date_gmt":"2024-03-25T08:52:47","guid":{"rendered":"https:\/\/www.aridane.org\/city\/?p=3616"},"modified":"2024-03-25T08:52:57","modified_gmt":"2024-03-25T08:52:57","slug":"los-llanos-de-aridane-atiende-a-los-proyectos-de-reconstruccion-de-la-universidad-internacional-de-cataluna","status":"publish","type":"post","link":"https:\/\/www.aridane.org\/city\/2024\/03\/25\/los-llanos-de-aridane-atiende-a-los-proyectos-de-reconstruccion-de-la-universidad-internacional-de-cataluna\/","title":{"rendered":"Los Llanos de Aridane atiende a los proyectos de reconstrucci\u00f3n de la Universidad Internacional de Catalu\u00f1a"},"content":{"rendered":"<p><em>El alumnado del m\u00e1ster MICSEA present\u00f3 propuestas de mejoras para las viviendas temporales, as\u00ed como para las definitivas<\/em><br \/>\n<!--more--><\/p>\n<div id=\"v1forwardbody1\">\n<p>El Ayuntamiento de Los Llanos de Aridane atiende las propuestas del alumnado del M\u00e1ster de Cooperaci\u00f3n Internacional en Arquitectura de Emergencia (MICSEA) de la Universidad Internacional de Catalu\u00f1a, el cual colabora con Cruz Roja para favorecer el proceso de reconstrucci\u00f3n de La Palma.<\/p>\n<p>Los proyectos de MICSEA buscan mejorar la situaci\u00f3n de las personas afectadas por el volc\u00e1n que viven en viviendas temporales, as\u00ed como iniciativas que contribuyan a la reconstrucci\u00f3n de sus viviendas introduciendo un aspecto tan importante como la adecuaci\u00f3n cultural en los hogares.<\/p>\n<p>El alcalde Javier Llamas valora el talento del alumnado, as\u00ed como la calidad de sus propuestas. \u201cEsperamos que estas ideas pronto se hagan realidad. Hablamos de iniciativas que van a mejorar la calidad de vida de las personas afectadas y que siembran esperanza en un futuro postvolc\u00e1n. Sin duda las tendremos en cuenta\u201d, apunta.<\/p>\n<p>En este sentido, la concejala de Urbanismo, Tamara P\u00e9rez, asegura que este proceso supone un apoyo importante en la reconstrucci\u00f3n, dado que complementa los esfuerzos que se emprenden desde las instituciones locales y regionales.<\/p>\n<h2><strong>Sobre el taller<\/strong><\/h2>\n<p>El taller internacional de regeneraci\u00f3n urbana del MICSEA tiene como objetivo que el alumnado contribuya al proceso de reconstrucci\u00f3n de La Palma con los conocimientos adquiridos.<\/p>\n<p>Este es el segundo a\u00f1o consecutivo que la comunidad educativa del MICSEA trabajen en el contexto palmero post erupci\u00f3n. Este a\u00f1o el taller utiliz\u00f3 de base el trabajo realizado en marzo 2023, que inclu\u00eda un an\u00e1lisis de los asentamientos temporales de Los Llanos y El Paso y propuestas de mejoras t\u00e1cticas para las viviendas y dem\u00e1s espacios p\u00fablicos.<\/p>\n<\/div>\n","protected":false},"excerpt":{"rendered":"<p>El alumnado del m\u00e1ster MICSEA present\u00f3 propuestas de mejoras para las viviendas temporales, as\u00ed como para las definitivas<\/p>\n","protected":false},"author":4,"featured_media":3617,"comment_status":"open","ping_status":"open","sticky":false,"template":"","format":"standard","meta":{"footnotes":""},"categories":[1],"tags":[],"class_list":["post-3616","post","type-post","status-publish","format-standard","has-post-thumbnail","hentry","category-sin-categoria"],"yoast_head":"<!-- This site is optimized with the Yoast SEO plugin v22.7 - https:\/\/yoast.com\/wordpress\/plugins\/seo\/ -->\n<title>Los Llanos de Aridane atiende a los proyectos de reconstrucci\u00f3n de la Universidad Internacional de Catalu\u00f1a - Ayuntamiento de Los Llanos de Aridane<\/title>\n<meta name=\"robots\" content=\"index, follow, max-snippet:-1, max-image-preview:large, max-video-preview:-1\" \/>\n<link rel=\"canonical\" href=\"https:\/\/www.aridane.org\/city\/2024\/03\/25\/los-llanos-de-aridane-atiende-a-los-proyectos-de-reconstruccion-de-la-universidad-internacional-de-cataluna\/\" \/>\n<meta property=\"og:locale\" content=\"es_ES\" \/>\n<meta property=\"og:type\" content=\"article\" \/>\n<meta property=\"og:title\" content=\"Los Llanos de Aridane atiende a los proyectos de reconstrucci\u00f3n de la Universidad Internacional de Catalu\u00f1a - Ayuntamiento de Los Llanos de Aridane\" \/>\n<meta property=\"og:description\" content=\"El alumnado del m\u00e1ster MICSEA present\u00f3 propuestas de mejoras para las viviendas temporales, as\u00ed como para las definitivas\" \/>\n<meta property=\"og:url\" content=\"https:\/\/www.aridane.org\/city\/2024\/03\/25\/los-llanos-de-aridane-atiende-a-los-proyectos-de-reconstruccion-de-la-universidad-internacional-de-cataluna\/\" \/>\n<meta property=\"og:site_name\" content=\"Ayuntamiento de Los Llanos de Aridane\" \/>\n<meta property=\"article:published_time\" content=\"2024-03-25T08:52:47+00:00\" \/>\n<meta property=\"article:modified_time\" content=\"2024-03-25T08:52:57+00:00\" \/>\n<meta property=\"og:image\" content=\"https:\/\/www.aridane.org\/city\/wp-content\/uploads\/2024\/03\/Urbanismo3.jpeg\" \/>\n\t<meta property=\"og:image:width\" content=\"1600\" \/>\n\t<meta property=\"og:image:height\" content=\"1200\" \/>\n\t<meta property=\"og:image:type\" content=\"image\/jpeg\" \/>\n<meta name=\"author\" content=\"Corresponsal\" \/>\n<meta name=\"twitter:card\" content=\"summary_large_image\" \/>\n<meta name=\"twitter:label1\" content=\"Escrito por\" \/>\n\t<meta name=\"twitter:data1\" content=\"Corresponsal\" \/>\n\t<meta name=\"twitter:label2\" content=\"Tiempo de lectura\" \/>\n\t<meta name=\"twitter:data2\" content=\"2 minutos\" \/>\n<script type=\"application\/ld+json\" class=\"yoast-schema-graph\">{\"@context\":\"https:\/\/schema.org\",\"@graph\":[{\"@type\":\"WebPage\",\"@id\":\"https:\/\/www.aridane.org\/city\/2024\/03\/25\/los-llanos-de-aridane-atiende-a-los-proyectos-de-reconstruccion-de-la-universidad-internacional-de-cataluna\/\",\"url\":\"https:\/\/www.aridane.org\/city\/2024\/03\/25\/los-llanos-de-aridane-atiende-a-los-proyectos-de-reconstruccion-de-la-universidad-internacional-de-cataluna\/\",\"name\":\"Los Llanos de Aridane atiende a los proyectos de reconstrucci\u00f3n de la Universidad Internacional de Catalu\u00f1a - Ayuntamiento de Los Llanos de Aridane\",\"isPartOf\":{\"@id\":\"https:\/\/www.aridane.org\/city\/#website\"},\"primaryImageOfPage\":{\"@id\":\"https:\/\/www.aridane.org\/city\/2024\/03\/25\/los-llanos-de-aridane-atiende-a-los-proyectos-de-reconstruccion-de-la-universidad-internacional-de-cataluna\/#primaryimage\"},\"image\":{\"@id\":\"https:\/\/www.aridane.org\/city\/2024\/03\/25\/los-llanos-de-aridane-atiende-a-los-proyectos-de-reconstruccion-de-la-universidad-internacional-de-cataluna\/#primaryimage\"},\"thumbnailUrl\":\"https:\/\/www.aridane.org\/city\/wp-content\/uploads\/2024\/03\/Urbanismo3.jpeg\",\"datePublished\":\"2024-03-25T08:52:47+00:00\",\"dateModified\":\"2024-03-25T08:52:57+00:00\",\"author\":{\"@id\":\"https:\/\/www.aridane.org\/city\/#\/schema\/person\/89ebd376b223dc94cc1dbcf200c8e6da\"},\"breadcrumb\":{\"@id\":\"https:\/\/www.aridane.org\/city\/2024\/03\/25\/los-llanos-de-aridane-atiende-a-los-proyectos-de-reconstruccion-de-la-universidad-internacional-de-cataluna\/#breadcrumb\"},\"inLanguage\":\"es\",\"potentialAction\":[{\"@type\":\"ReadAction\",\"target\":[\"https:\/\/www.aridane.org\/city\/2024\/03\/25\/los-llanos-de-aridane-atiende-a-los-proyectos-de-reconstruccion-de-la-universidad-internacional-de-cataluna\/\"]}]},{\"@type\":\"ImageObject\",\"inLanguage\":\"es\",\"@id\":\"https:\/\/www.aridane.org\/city\/2024\/03\/25\/los-llanos-de-aridane-atiende-a-los-proyectos-de-reconstruccion-de-la-universidad-internacional-de-cataluna\/#primaryimage\",\"url\":\"https:\/\/www.aridane.org\/city\/wp-content\/uploads\/2024\/03\/Urbanismo3.jpeg\",\"contentUrl\":\"https:\/\/www.aridane.org\/city\/wp-content\/uploads\/2024\/03\/Urbanismo3.jpeg\",\"width\":1600,\"height\":1200},{\"@type\":\"BreadcrumbList\",\"@id\":\"https:\/\/www.aridane.org\/city\/2024\/03\/25\/los-llanos-de-aridane-atiende-a-los-proyectos-de-reconstruccion-de-la-universidad-internacional-de-cataluna\/#breadcrumb\",\"itemListElement\":[{\"@type\":\"ListItem\",\"position\":1,\"name\":\"Portada\",\"item\":\"https:\/\/www.aridane.org\/city\/\"},{\"@type\":\"ListItem\",\"position\":2,\"name\":\"Los Llanos de Aridane atiende a los proyectos de reconstrucci\u00f3n de la Universidad Internacional de Catalu\u00f1a\"}]},{\"@type\":\"WebSite\",\"@id\":\"https:\/\/www.aridane.org\/city\/#website\",\"url\":\"https:\/\/www.aridane.org\/city\/\",\"name\":\"Ayuntamiento de Los Llanos de Aridane\",\"description\":\"\",\"potentialAction\":[{\"@type\":\"SearchAction\",\"target\":{\"@type\":\"EntryPoint\",\"urlTemplate\":\"https:\/\/www.aridane.org\/city\/?s={search_term_string}\"},\"query-input\":\"required name=search_term_string\"}],\"inLanguage\":\"es\"},{\"@type\":\"Person\",\"@id\":\"https:\/\/www.aridane.org\/city\/#\/schema\/person\/89ebd376b223dc94cc1dbcf200c8e6da\",\"name\":\"Corresponsal\",\"image\":{\"@type\":\"ImageObject\",\"inLanguage\":\"es\",\"@id\":\"https:\/\/www.aridane.org\/city\/#\/schema\/person\/image\/\",\"url\":\"https:\/\/secure.gravatar.com\/avatar\/1c476992411e4ccf153da63b2b2f5ea0bb4cb1c85f3ceab8512f04325ad5579c?s=96&d=mm&r=g\",\"contentUrl\":\"https:\/\/secure.gravatar.com\/avatar\/1c476992411e4ccf153da63b2b2f5ea0bb4cb1c85f3ceab8512f04325ad5579c?s=96&d=mm&r=g\",\"caption\":\"Corresponsal\"},\"url\":\"https:\/\/www.aridane.org\/city\/author\/corresponsal\/\"}]}<\/script>\n<!-- \/ Yoast SEO plugin. -->","yoast_head_json":{"title":"Los Llanos de Aridane atiende a los proyectos de reconstrucci\u00f3n de la Universidad Internacional de Catalu\u00f1a - Ayuntamiento de Los Llanos de Aridane","robots":{"index":"index","follow":"follow","max-snippet":"max-snippet:-1","max-image-preview":"max-image-preview:large","max-video-preview":"max-video-preview:-1"},"canonical":"https:\/\/www.aridane.org\/city\/2024\/03\/25\/los-llanos-de-aridane-atiende-a-los-proyectos-de-reconstruccion-de-la-universidad-internacional-de-cataluna\/","og_locale":"es_ES","og_type":"article","og_title":"Los Llanos de Aridane atiende a los proyectos de reconstrucci\u00f3n de la Universidad Internacional de Catalu\u00f1a - Ayuntamiento de Los Llanos de Aridane","og_description":"El alumnado del m\u00e1ster MICSEA present\u00f3 propuestas de mejoras para las viviendas temporales, as\u00ed como para las definitivas","og_url":"https:\/\/www.aridane.org\/city\/2024\/03\/25\/los-llanos-de-aridane-atiende-a-los-proyectos-de-reconstruccion-de-la-universidad-internacional-de-cataluna\/","og_site_name":"Ayuntamiento de Los Llanos de Aridane","article_published_time":"2024-03-25T08:52:47+00:00","article_modified_time":"2024-03-25T08:52:57+00:00","og_image":[{"width":1600,"height":1200,"url":"https:\/\/www.aridane.org\/city\/wp-content\/uploads\/2024\/03\/Urbanismo3.jpeg","type":"image\/jpeg"}],"author":"Corresponsal","twitter_card":"summary_large_image","twitter_misc":{"Escrito por":"Corresponsal","Tiempo de lectura":"2 minutos"},"schema":{"@context":"https:\/\/schema.org","@graph":[{"@type":"WebPage","@id":"https:\/\/www.aridane.org\/city\/2024\/03\/25\/los-llanos-de-aridane-atiende-a-los-proyectos-de-reconstruccion-de-la-universidad-internacional-de-cataluna\/","url":"https:\/\/www.aridane.org\/city\/2024\/03\/25\/los-llanos-de-aridane-atiende-a-los-proyectos-de-reconstruccion-de-la-universidad-internacional-de-cataluna\/","name":"Los Llanos de Aridane atiende a los proyectos de reconstrucci\u00f3n de la Universidad Internacional de Catalu\u00f1a - Ayuntamiento de Los Llanos de Aridane","isPartOf":{"@id":"https:\/\/www.aridane.org\/city\/#website"},"primaryImageOfPage":{"@id":"https:\/\/www.aridane.org\/city\/2024\/03\/25\/los-llanos-de-aridane-atiende-a-los-proyectos-de-reconstruccion-de-la-universidad-internacional-de-cataluna\/#primaryimage"},"image":{"@id":"https:\/\/www.aridane.org\/city\/2024\/03\/25\/los-llanos-de-aridane-atiende-a-los-proyectos-de-reconstruccion-de-la-universidad-internacional-de-cataluna\/#primaryimage"},"thumbnailUrl":"https:\/\/www.aridane.org\/city\/wp-content\/uploads\/2024\/03\/Urbanismo3.jpeg","datePublished":"2024-03-25T08:52:47+00:00","dateModified":"2024-03-25T08:52:57+00:00","author":{"@id":"https:\/\/www.aridane.org\/city\/#\/schema\/person\/89ebd376b223dc94cc1dbcf200c8e6da"},"breadcrumb":{"@id":"https:\/\/www.aridane.org\/city\/2024\/03\/25\/los-llanos-de-aridane-atiende-a-los-proyectos-de-reconstruccion-de-la-universidad-internacional-de-cataluna\/#breadcrumb"},"inLanguage":"es","potentialAction":[{"@type":"ReadAction","target":["https:\/\/www.aridane.org\/city\/2024\/03\/25\/los-llanos-de-aridane-atiende-a-los-proyectos-de-reconstruccion-de-la-universidad-internacional-de-cataluna\/"]}]},{"@type":"ImageObject","inLanguage":"es","@id":"https:\/\/www.aridane.org\/city\/2024\/03\/25\/los-llanos-de-aridane-atiende-a-los-proyectos-de-reconstruccion-de-la-universidad-internacional-de-cataluna\/#primaryimage","url":"https:\/\/www.aridane.org\/city\/wp-content\/uploads\/2024\/03\/Urbanismo3.jpeg","contentUrl":"https:\/\/www.aridane.org\/city\/wp-content\/uploads\/2024\/03\/Urbanismo3.jpeg","width":1600,"height":1200},{"@type":"BreadcrumbList","@id":"https:\/\/www.aridane.org\/city\/2024\/03\/25\/los-llanos-de-aridane-atiende-a-los-proyectos-de-reconstruccion-de-la-universidad-internacional-de-cataluna\/#breadcrumb","itemListElement":[{"@type":"ListItem","position":1,"name":"Portada","item":"https:\/\/www.aridane.org\/city\/"},{"@type":"ListItem","position":2,"name":"Los Llanos de Aridane atiende a los proyectos de reconstrucci\u00f3n de la Universidad Internacional de Catalu\u00f1a"}]},{"@type":"WebSite","@id":"https:\/\/www.aridane.org\/city\/#website","url":"https:\/\/www.aridane.org\/city\/","name":"Ayuntamiento de Los Llanos de Aridane","description":"","potentialAction":[{"@type":"SearchAction","target":{"@type":"EntryPoint","urlTemplate":"https:\/\/www.aridane.org\/city\/?s={search_term_string}"},"query-input":"required name=search_term_string"}],"inLanguage":"es"},{"@type":"Person","@id":"https:\/\/www.aridane.org\/city\/#\/schema\/person\/89ebd376b223dc94cc1dbcf200c8e6da","name":"Corresponsal","image":{"@type":"ImageObject","inLanguage":"es","@id":"https:\/\/www.aridane.org\/city\/#\/schema\/person\/image\/","url":"https:\/\/secure.gravatar.com\/avatar\/1c476992411e4ccf153da63b2b2f5ea0bb4cb1c85f3ceab8512f04325ad5579c?s=96&d=mm&r=g","contentUrl":"https:\/\/secure.gravatar.com\/avatar\/1c476992411e4ccf153da63b2b2f5ea0bb4cb1c85f3ceab8512f04325ad5579c?s=96&d=mm&r=g","caption":"Corresponsal"},"url":"https:\/\/www.aridane.org\/city\/author\/corresponsal\/"}]}},"_links":{"self":[{"href":"https:\/\/www.aridane.org\/city\/wp-json\/wp\/v2\/posts\/3616","targetHints":{"allow":["GET"]}}],"collection":[{"href":"https:\/\/www.aridane.org\/city\/wp-json\/wp\/v2\/posts"}],"about":[{"href":"https:\/\/www.aridane.org\/city\/wp-json\/wp\/v2\/types\/post"}],"author":[{"embeddable":true,"href":"https:\/\/www.aridane.org\/city\/wp-json\/wp\/v2\/users\/4"}],"replies":[{"embeddable":true,"href":"https:\/\/www.aridane.org\/city\/wp-json\/wp\/v2\/comments?post=3616"}],"version-history":[{"count":1,"href":"https:\/\/www.aridane.org\/city\/wp-json\/wp\/v2\/posts\/3616\/revisions"}],"predecessor-version":[{"id":3618,"href":"https:\/\/www.aridane.org\/city\/wp-json\/wp\/v2\/posts\/3616\/revisions\/3618"}],"wp:featuredmedia":[{"embeddable":true,"href":"https:\/\/www.aridane.org\/city\/wp-json\/wp\/v2\/media\/3617"}],"wp:attachment":[{"href":"https:\/\/www.aridane.org\/city\/wp-json\/wp\/v2\/media?parent=3616"}],"wp:term":[{"taxonomy":"category","embeddable":true,"href":"https:\/\/www.aridane.org\/city\/wp-json\/wp\/v2\/categories?post=3616"},{"taxonomy":"post_tag","embeddable":true,"href":"https:\/\/www.aridane.org\/city\/wp-json\/wp\/v2\/tags?post=3616"}],"curies":[{"name":"wp","href":"https:\/\/api.w.org\/{rel}","templated":true}]}}