{"id":364,"date":"2020-11-25T18:02:19","date_gmt":"2020-11-25T18:02:19","guid":{"rendered":"https:\/\/aridane.org\/ciudad\/?p=364"},"modified":"2020-11-25T18:02:19","modified_gmt":"2020-11-25T18:02:19","slug":"los-hombres-dan-la-cara-en-los-llanos-de-aridane-y-dicen-no-a-la-violencia-de-genero","status":"publish","type":"post","link":"https:\/\/www.aridane.org\/city\/2020\/11\/25\/los-hombres-dan-la-cara-en-los-llanos-de-aridane-y-dicen-no-a-la-violencia-de-genero\/","title":{"rendered":"Los hombres dan la cara en Los Llanos de Aridane y dicen \u201cNo a la violencia de g\u00e9nero\u201d"},"content":{"rendered":"<p style=\"text-align: justify;\">Una gran lona con fotos de hombres aridanenses, deportistas, profesores, pol\u00edticos, empresarios, estudiantes, trabajadores, han decidido participar para dar la cara pidiendo a otros hombres que digan no a la violencia contra las mujeres. No, no solo de palabra sino con hechos, comprometi\u00e9ndose en su vida diaria con la igualdad.<\/p>\n<p style=\"text-align: justify;\">La Concejal\u00eda de Igualdad del Ayuntamiento de Los Llanos de Aridane que dirige Elena Pais, pone en marcha una campa\u00f1a de sensibilizaci\u00f3n, con motivo hoy, 25 de noviembre del D\u00eda de la Eliminaci\u00f3n de la Violencia hacia las Mujeres dirigida a los hombres bajo el lema, \u201c- palabras + hechos, yo me comprometo con la igualdad\u201d.<\/p>\n<p style=\"text-align: justify;\">En esta campa\u00f1a aparecen hombres cercanos, conocidos y reconocidos que dan la cara\u00a0 contra la violencia\u00a0 y que est\u00e1n dispuestos a involucrarse en la lucha contra violencia creyendo firmemente en otros modelos de relaci\u00f3n basados en el respeto, la igualdad y libre violencia. Hombres que creen que con la igualdad ganamos todos y todos.<\/p>\n<p style=\"text-align: justify;\">Son los hombres los que en esta ocasi\u00f3n plantan cara y se suman a la reivindicaci\u00f3n de las mujeres contra esta lacra social y deciden ser ellos los que dicen basta ya, porque entienden que la violencia es un problema de los hombres que sufren las mujeres. Por ese motivo es necesario \u201cque los hombres reflexionen sobre\u00a0 c\u00f3mo est\u00e1 construida su masculinidad, que renuncien a sus privilegios\u00a0 y que promuevan relaciones igualitarias entendiendo que esto tiene una repercusi\u00f3n directa en la prevenci\u00f3n y reducci\u00f3n de las violencias machistas y que tambi\u00e9n puede traer consigo otros efectos beneficiosos para ellos, en los \u00e1mbitos de la salud y los cuidados\u201d, explic\u00f3 la concejala.<\/p>\n<p style=\"text-align: justify;\">Por \u00faltimo, desde la Concejal\u00eda de Igualdad agradecen la participaci\u00f3n de los institutos de Educaci\u00f3n Secundaria del municipio as\u00ed como a todos los trabajadores del Ayuntamiento, deportistas del Club Baloncesto Aridane y Club de F\u00fatbol Sala Valle de Aridane y ciudadanos en general que no han dudado en participar en esta campa\u00f1a con la que se pretende la implicaci\u00f3n cada vez m\u00e1s de los hombres, \u201cen que sean ellos los que\u00a0rompan el silencio c\u00f3mplice y digan basta ya de violencia hacia las mujeres\u201d, destac\u00f3 la edil.<\/p>\n","protected":false},"excerpt":{"rendered":"<p>Una gran lona con fotos de hombres aridanenses, deportistas, profesores, pol\u00edticos, empresarios, estudiantes, trabajadores, han decidido participar para dar la cara pidiendo a otros hombres que digan no a la violencia contra las mujeres. No, no solo de palabra sino con hechos, comprometi\u00e9ndose en su&#8230;<\/p>\n","protected":false},"author":1,"featured_media":0,"comment_status":"closed","ping_status":"closed","sticky":false,"template":"","format":"standard","meta":{"footnotes":""},"categories":[6],"tags":[],"class_list":["post-364","post","type-post","status-publish","format-standard","hentry","category-prensa"],"yoast_head":"<!-- This site is optimized with the Yoast SEO plugin v22.7 - https:\/\/yoast.com\/wordpress\/plugins\/seo\/ -->\n<title>Los hombres dan la cara en Los Llanos de Aridane y dicen \u201cNo a la violencia de g\u00e9nero\u201d - Ayuntamiento de Los Llanos de Aridane<\/title>\n<meta name=\"robots\" content=\"index, follow, max-snippet:-1, max-image-preview:large, max-video-preview:-1\" \/>\n<link rel=\"canonical\" href=\"https:\/\/www.aridane.org\/city\/2020\/11\/25\/los-hombres-dan-la-cara-en-los-llanos-de-aridane-y-dicen-no-a-la-violencia-de-genero\/\" \/>\n<meta property=\"og:locale\" content=\"es_ES\" \/>\n<meta property=\"og:type\" content=\"article\" \/>\n<meta property=\"og:title\" content=\"Los hombres dan la cara en Los Llanos de Aridane y dicen \u201cNo a la violencia de g\u00e9nero\u201d - Ayuntamiento de Los Llanos de Aridane\" \/>\n<meta property=\"og:description\" content=\"Una gran lona con fotos de hombres aridanenses, deportistas, profesores, pol\u00edticos, empresarios, estudiantes, trabajadores, han decidido participar para dar la cara pidiendo a otros hombres que digan no a la violencia contra las mujeres. No, no solo de palabra sino con hechos, comprometi\u00e9ndose en su...\" \/>\n<meta property=\"og:url\" content=\"https:\/\/www.aridane.org\/city\/2020\/11\/25\/los-hombres-dan-la-cara-en-los-llanos-de-aridane-y-dicen-no-a-la-violencia-de-genero\/\" \/>\n<meta property=\"og:site_name\" content=\"Ayuntamiento de Los Llanos de Aridane\" \/>\n<meta property=\"article:published_time\" content=\"2020-11-25T18:02:19+00:00\" \/>\n<meta name=\"author\" content=\"Richard Diaz\" \/>\n<meta name=\"twitter:card\" content=\"summary_large_image\" \/>\n<meta name=\"twitter:label1\" content=\"Escrito por\" \/>\n\t<meta name=\"twitter:data1\" content=\"Richard Diaz\" \/>\n\t<meta name=\"twitter:label2\" content=\"Tiempo de lectura\" \/>\n\t<meta name=\"twitter:data2\" content=\"2 minutos\" \/>\n<script type=\"application\/ld+json\" class=\"yoast-schema-graph\">{\"@context\":\"https:\/\/schema.org\",\"@graph\":[{\"@type\":\"WebPage\",\"@id\":\"https:\/\/www.aridane.org\/city\/2020\/11\/25\/los-hombres-dan-la-cara-en-los-llanos-de-aridane-y-dicen-no-a-la-violencia-de-genero\/\",\"url\":\"https:\/\/www.aridane.org\/city\/2020\/11\/25\/los-hombres-dan-la-cara-en-los-llanos-de-aridane-y-dicen-no-a-la-violencia-de-genero\/\",\"name\":\"Los hombres dan la cara en Los Llanos de Aridane y dicen \u201cNo a la violencia de g\u00e9nero\u201d - Ayuntamiento de Los Llanos de Aridane\",\"isPartOf\":{\"@id\":\"https:\/\/www.aridane.org\/city\/#website\"},\"datePublished\":\"2020-11-25T18:02:19+00:00\",\"dateModified\":\"2020-11-25T18:02:19+00:00\",\"author\":{\"@id\":\"https:\/\/www.aridane.org\/city\/#\/schema\/person\/7d352ec7f29881716f298394432e7209\"},\"breadcrumb\":{\"@id\":\"https:\/\/www.aridane.org\/city\/2020\/11\/25\/los-hombres-dan-la-cara-en-los-llanos-de-aridane-y-dicen-no-a-la-violencia-de-genero\/#breadcrumb\"},\"inLanguage\":\"es\",\"potentialAction\":[{\"@type\":\"ReadAction\",\"target\":[\"https:\/\/www.aridane.org\/city\/2020\/11\/25\/los-hombres-dan-la-cara-en-los-llanos-de-aridane-y-dicen-no-a-la-violencia-de-genero\/\"]}]},{\"@type\":\"BreadcrumbList\",\"@id\":\"https:\/\/www.aridane.org\/city\/2020\/11\/25\/los-hombres-dan-la-cara-en-los-llanos-de-aridane-y-dicen-no-a-la-violencia-de-genero\/#breadcrumb\",\"itemListElement\":[{\"@type\":\"ListItem\",\"position\":1,\"name\":\"Portada\",\"item\":\"https:\/\/www.aridane.org\/city\/\"},{\"@type\":\"ListItem\",\"position\":2,\"name\":\"Los hombres dan la cara en Los Llanos de Aridane y dicen \u201cNo a la violencia de g\u00e9nero\u201d\"}]},{\"@type\":\"WebSite\",\"@id\":\"https:\/\/www.aridane.org\/city\/#website\",\"url\":\"https:\/\/www.aridane.org\/city\/\",\"name\":\"Ayuntamiento de Los Llanos de Aridane\",\"description\":\"\",\"potentialAction\":[{\"@type\":\"SearchAction\",\"target\":{\"@type\":\"EntryPoint\",\"urlTemplate\":\"https:\/\/www.aridane.org\/city\/?s={search_term_string}\"},\"query-input\":\"required name=search_term_string\"}],\"inLanguage\":\"es\"},{\"@type\":\"Person\",\"@id\":\"https:\/\/www.aridane.org\/city\/#\/schema\/person\/7d352ec7f29881716f298394432e7209\",\"name\":\"Richard Diaz\",\"image\":{\"@type\":\"ImageObject\",\"inLanguage\":\"es\",\"@id\":\"https:\/\/www.aridane.org\/city\/#\/schema\/person\/image\/\",\"url\":\"https:\/\/secure.gravatar.com\/avatar\/bacd6aefc26a4a204943090a4c596cd10f0857081ef3cfd12084a70ecb3161d5?s=96&d=mm&r=g\",\"contentUrl\":\"https:\/\/secure.gravatar.com\/avatar\/bacd6aefc26a4a204943090a4c596cd10f0857081ef3cfd12084a70ecb3161d5?s=96&d=mm&r=g\",\"caption\":\"Richard Diaz\"},\"sameAs\":[\"https:\/\/www.aridane.org\/city\"],\"url\":\"https:\/\/www.aridane.org\/city\/author\/richard-diaz\/\"}]}<\/script>\n<!-- \/ Yoast SEO plugin. -->","yoast_head_json":{"title":"Los hombres dan la cara en Los Llanos de Aridane y dicen \u201cNo a la violencia de g\u00e9nero\u201d - Ayuntamiento de Los Llanos de Aridane","robots":{"index":"index","follow":"follow","max-snippet":"max-snippet:-1","max-image-preview":"max-image-preview:large","max-video-preview":"max-video-preview:-1"},"canonical":"https:\/\/www.aridane.org\/city\/2020\/11\/25\/los-hombres-dan-la-cara-en-los-llanos-de-aridane-y-dicen-no-a-la-violencia-de-genero\/","og_locale":"es_ES","og_type":"article","og_title":"Los hombres dan la cara en Los Llanos de Aridane y dicen \u201cNo a la violencia de g\u00e9nero\u201d - Ayuntamiento de Los Llanos de Aridane","og_description":"Una gran lona con fotos de hombres aridanenses, deportistas, profesores, pol\u00edticos, empresarios, estudiantes, trabajadores, han decidido participar para dar la cara pidiendo a otros hombres que digan no a la violencia contra las mujeres. No, no solo de palabra sino con hechos, comprometi\u00e9ndose en su...","og_url":"https:\/\/www.aridane.org\/city\/2020\/11\/25\/los-hombres-dan-la-cara-en-los-llanos-de-aridane-y-dicen-no-a-la-violencia-de-genero\/","og_site_name":"Ayuntamiento de Los Llanos de Aridane","article_published_time":"2020-11-25T18:02:19+00:00","author":"Richard Diaz","twitter_card":"summary_large_image","twitter_misc":{"Escrito por":"Richard Diaz","Tiempo de lectura":"2 minutos"},"schema":{"@context":"https:\/\/schema.org","@graph":[{"@type":"WebPage","@id":"https:\/\/www.aridane.org\/city\/2020\/11\/25\/los-hombres-dan-la-cara-en-los-llanos-de-aridane-y-dicen-no-a-la-violencia-de-genero\/","url":"https:\/\/www.aridane.org\/city\/2020\/11\/25\/los-hombres-dan-la-cara-en-los-llanos-de-aridane-y-dicen-no-a-la-violencia-de-genero\/","name":"Los hombres dan la cara en Los Llanos de Aridane y dicen \u201cNo a la violencia de g\u00e9nero\u201d - Ayuntamiento de Los Llanos de Aridane","isPartOf":{"@id":"https:\/\/www.aridane.org\/city\/#website"},"datePublished":"2020-11-25T18:02:19+00:00","dateModified":"2020-11-25T18:02:19+00:00","author":{"@id":"https:\/\/www.aridane.org\/city\/#\/schema\/person\/7d352ec7f29881716f298394432e7209"},"breadcrumb":{"@id":"https:\/\/www.aridane.org\/city\/2020\/11\/25\/los-hombres-dan-la-cara-en-los-llanos-de-aridane-y-dicen-no-a-la-violencia-de-genero\/#breadcrumb"},"inLanguage":"es","potentialAction":[{"@type":"ReadAction","target":["https:\/\/www.aridane.org\/city\/2020\/11\/25\/los-hombres-dan-la-cara-en-los-llanos-de-aridane-y-dicen-no-a-la-violencia-de-genero\/"]}]},{"@type":"BreadcrumbList","@id":"https:\/\/www.aridane.org\/city\/2020\/11\/25\/los-hombres-dan-la-cara-en-los-llanos-de-aridane-y-dicen-no-a-la-violencia-de-genero\/#breadcrumb","itemListElement":[{"@type":"ListItem","position":1,"name":"Portada","item":"https:\/\/www.aridane.org\/city\/"},{"@type":"ListItem","position":2,"name":"Los hombres dan la cara en Los Llanos de Aridane y dicen \u201cNo a la violencia de g\u00e9nero\u201d"}]},{"@type":"WebSite","@id":"https:\/\/www.aridane.org\/city\/#website","url":"https:\/\/www.aridane.org\/city\/","name":"Ayuntamiento de Los Llanos de Aridane","description":"","potentialAction":[{"@type":"SearchAction","target":{"@type":"EntryPoint","urlTemplate":"https:\/\/www.aridane.org\/city\/?s={search_term_string}"},"query-input":"required name=search_term_string"}],"inLanguage":"es"},{"@type":"Person","@id":"https:\/\/www.aridane.org\/city\/#\/schema\/person\/7d352ec7f29881716f298394432e7209","name":"Richard Diaz","image":{"@type":"ImageObject","inLanguage":"es","@id":"https:\/\/www.aridane.org\/city\/#\/schema\/person\/image\/","url":"https:\/\/secure.gravatar.com\/avatar\/bacd6aefc26a4a204943090a4c596cd10f0857081ef3cfd12084a70ecb3161d5?s=96&d=mm&r=g","contentUrl":"https:\/\/secure.gravatar.com\/avatar\/bacd6aefc26a4a204943090a4c596cd10f0857081ef3cfd12084a70ecb3161d5?s=96&d=mm&r=g","caption":"Richard Diaz"},"sameAs":["https:\/\/www.aridane.org\/city"],"url":"https:\/\/www.aridane.org\/city\/author\/richard-diaz\/"}]}},"_links":{"self":[{"href":"https:\/\/www.aridane.org\/city\/wp-json\/wp\/v2\/posts\/364","targetHints":{"allow":["GET"]}}],"collection":[{"href":"https:\/\/www.aridane.org\/city\/wp-json\/wp\/v2\/posts"}],"about":[{"href":"https:\/\/www.aridane.org\/city\/wp-json\/wp\/v2\/types\/post"}],"author":[{"embeddable":true,"href":"https:\/\/www.aridane.org\/city\/wp-json\/wp\/v2\/users\/1"}],"replies":[{"embeddable":true,"href":"https:\/\/www.aridane.org\/city\/wp-json\/wp\/v2\/comments?post=364"}],"version-history":[{"count":0,"href":"https:\/\/www.aridane.org\/city\/wp-json\/wp\/v2\/posts\/364\/revisions"}],"wp:attachment":[{"href":"https:\/\/www.aridane.org\/city\/wp-json\/wp\/v2\/media?parent=364"}],"wp:term":[{"taxonomy":"category","embeddable":true,"href":"https:\/\/www.aridane.org\/city\/wp-json\/wp\/v2\/categories?post=364"},{"taxonomy":"post_tag","embeddable":true,"href":"https:\/\/www.aridane.org\/city\/wp-json\/wp\/v2\/tags?post=364"}],"curies":[{"name":"wp","href":"https:\/\/api.w.org\/{rel}","templated":true}]}}