{"id":3661,"date":"2024-04-04T07:24:45","date_gmt":"2024-04-04T07:24:45","guid":{"rendered":"https:\/\/www.aridane.org\/city\/?p=3661"},"modified":"2024-04-04T07:24:45","modified_gmt":"2024-04-04T07:24:45","slug":"arrancadilla-cultural-regresa-al-panorama-de-eventos-de-los-llanos-de-aridane","status":"publish","type":"post","link":"https:\/\/www.aridane.org\/city\/2024\/04\/04\/arrancadilla-cultural-regresa-al-panorama-de-eventos-de-los-llanos-de-aridane\/","title":{"rendered":"\u2018Arrancadilla cultural\u2019 regresa al panorama de eventos de Los Llanos de Aridane\u00a0"},"content":{"rendered":"<p><em>El festival vuelve el s\u00e1bado 6 de abril, desde las 12:00 hasta las 23:00 horas<\/em><br \/>\n<!--more--><\/p>\n<div id=\"v1forwardbody1\">\n<p>El Ayuntamiento de Los Llanos de Aridane, con apoyo del Cabildo de La Palma, rescata uno de los eventos m\u00e1s exitosos de los \u00faltimos a\u00f1os en materia de juventud y cultura: el festival \u2018Arrancadilla Cultural\u2019.<\/p>\n<p>El evento se celebrar\u00e1 el s\u00e1bado 6 de abril durante todo el d\u00eda en la Plaza de Espa\u00f1a. Una iniciativa de la artista \u00c1ngela Gonz\u00e1lez apoyada por el consistorio, que busca brindar un espacio para esa poblaci\u00f3n joven que demanda m\u00e1s actividades din\u00e1micas de ocio.<\/p>\n<p>El concejal de Educaci\u00f3n, Eduardo P\u00e9rez, explica que Arrancadilla Cultural busca \u201cconectar a las personas para crear comunidades y ra\u00edces, adem\u00e1s de darle visibilidad al talento y al trabajo que existe en las islas\u201d.<\/p>\n<p>\u201cA trav\u00e9s del arte, la m\u00fasica y diversas actividades realizadas por nuestra juventud y siempre trabajando alrededor de unas tem\u00e1ticas sociales que nos atraviesan como personas isle\u00f1as\u201d, a\u00f1ade el concejal.<\/p>\n<p>\u2018Arrancadilla Cultural\u2019 vive su novena edici\u00f3n, despu\u00e9s de ocho ediciones realizadas entre 2022 y 2023. El s\u00e1bado 6 de abril, desde las 12:00 horas hasta las 23:00 horas en la Plaza de Espa\u00f1a, podremos disfrutar del talento de los j\u00f3venes de diferentes disciplinas musicales como Hirahi Afonso, Macaca Radiata, Alba Gil Aceytuno y DJ Mirriss. Adem\u00e1s habr\u00e1 numerosas actividades y Mercado de Arte.<\/p>\n<div id=\"v1v1signature\">&#8212;<\/div>\n<\/div>\n","protected":false},"excerpt":{"rendered":"<p>El festival vuelve el s\u00e1bado 6 de abril, desde las 12:00 hasta las 23:00 horas<\/p>\n","protected":false},"author":4,"featured_media":3662,"comment_status":"open","ping_status":"open","sticky":false,"template":"","format":"standard","meta":{"footnotes":""},"categories":[1],"tags":[],"class_list":["post-3661","post","type-post","status-publish","format-standard","has-post-thumbnail","hentry","category-sin-categoria"],"yoast_head":"<!-- This site is optimized with the Yoast SEO plugin v22.7 - https:\/\/yoast.com\/wordpress\/plugins\/seo\/ -->\n<title>\u2018Arrancadilla cultural\u2019 regresa al panorama de eventos de Los Llanos de Aridane\u00a0 - Ayuntamiento de Los Llanos de Aridane<\/title>\n<meta name=\"robots\" content=\"index, follow, max-snippet:-1, max-image-preview:large, max-video-preview:-1\" \/>\n<link rel=\"canonical\" href=\"https:\/\/www.aridane.org\/city\/2024\/04\/04\/arrancadilla-cultural-regresa-al-panorama-de-eventos-de-los-llanos-de-aridane\/\" \/>\n<meta property=\"og:locale\" content=\"es_ES\" \/>\n<meta property=\"og:type\" content=\"article\" \/>\n<meta property=\"og:title\" content=\"\u2018Arrancadilla cultural\u2019 regresa al panorama de eventos de Los Llanos de Aridane\u00a0 - Ayuntamiento de Los Llanos de Aridane\" \/>\n<meta property=\"og:description\" content=\"El festival vuelve el s\u00e1bado 6 de abril, desde las 12:00 hasta las 23:00 horas\" \/>\n<meta property=\"og:url\" content=\"https:\/\/www.aridane.org\/city\/2024\/04\/04\/arrancadilla-cultural-regresa-al-panorama-de-eventos-de-los-llanos-de-aridane\/\" \/>\n<meta property=\"og:site_name\" content=\"Ayuntamiento de Los Llanos de Aridane\" \/>\n<meta property=\"article:published_time\" content=\"2024-04-04T07:24:45+00:00\" \/>\n<meta property=\"og:image\" content=\"https:\/\/www.aridane.org\/city\/wp-content\/uploads\/2024\/04\/Arrancadilla-cultural.jpeg\" \/>\n\t<meta property=\"og:image:width\" content=\"1600\" \/>\n\t<meta property=\"og:image:height\" content=\"1067\" \/>\n\t<meta property=\"og:image:type\" content=\"image\/jpeg\" \/>\n<meta name=\"author\" content=\"Corresponsal\" \/>\n<meta name=\"twitter:card\" content=\"summary_large_image\" \/>\n<meta name=\"twitter:label1\" content=\"Escrito por\" \/>\n\t<meta name=\"twitter:data1\" content=\"Corresponsal\" \/>\n\t<meta name=\"twitter:label2\" content=\"Tiempo de lectura\" \/>\n\t<meta name=\"twitter:data2\" content=\"2 minutos\" \/>\n<script type=\"application\/ld+json\" class=\"yoast-schema-graph\">{\"@context\":\"https:\/\/schema.org\",\"@graph\":[{\"@type\":\"WebPage\",\"@id\":\"https:\/\/www.aridane.org\/city\/2024\/04\/04\/arrancadilla-cultural-regresa-al-panorama-de-eventos-de-los-llanos-de-aridane\/\",\"url\":\"https:\/\/www.aridane.org\/city\/2024\/04\/04\/arrancadilla-cultural-regresa-al-panorama-de-eventos-de-los-llanos-de-aridane\/\",\"name\":\"\u2018Arrancadilla cultural\u2019 regresa al panorama de eventos de Los Llanos de Aridane\u00a0 - Ayuntamiento de Los Llanos de Aridane\",\"isPartOf\":{\"@id\":\"https:\/\/www.aridane.org\/city\/#website\"},\"primaryImageOfPage\":{\"@id\":\"https:\/\/www.aridane.org\/city\/2024\/04\/04\/arrancadilla-cultural-regresa-al-panorama-de-eventos-de-los-llanos-de-aridane\/#primaryimage\"},\"image\":{\"@id\":\"https:\/\/www.aridane.org\/city\/2024\/04\/04\/arrancadilla-cultural-regresa-al-panorama-de-eventos-de-los-llanos-de-aridane\/#primaryimage\"},\"thumbnailUrl\":\"https:\/\/www.aridane.org\/city\/wp-content\/uploads\/2024\/04\/Arrancadilla-cultural.jpeg\",\"datePublished\":\"2024-04-04T07:24:45+00:00\",\"dateModified\":\"2024-04-04T07:24:45+00:00\",\"author\":{\"@id\":\"https:\/\/www.aridane.org\/city\/#\/schema\/person\/89ebd376b223dc94cc1dbcf200c8e6da\"},\"breadcrumb\":{\"@id\":\"https:\/\/www.aridane.org\/city\/2024\/04\/04\/arrancadilla-cultural-regresa-al-panorama-de-eventos-de-los-llanos-de-aridane\/#breadcrumb\"},\"inLanguage\":\"es\",\"potentialAction\":[{\"@type\":\"ReadAction\",\"target\":[\"https:\/\/www.aridane.org\/city\/2024\/04\/04\/arrancadilla-cultural-regresa-al-panorama-de-eventos-de-los-llanos-de-aridane\/\"]}]},{\"@type\":\"ImageObject\",\"inLanguage\":\"es\",\"@id\":\"https:\/\/www.aridane.org\/city\/2024\/04\/04\/arrancadilla-cultural-regresa-al-panorama-de-eventos-de-los-llanos-de-aridane\/#primaryimage\",\"url\":\"https:\/\/www.aridane.org\/city\/wp-content\/uploads\/2024\/04\/Arrancadilla-cultural.jpeg\",\"contentUrl\":\"https:\/\/www.aridane.org\/city\/wp-content\/uploads\/2024\/04\/Arrancadilla-cultural.jpeg\",\"width\":1600,\"height\":1067},{\"@type\":\"BreadcrumbList\",\"@id\":\"https:\/\/www.aridane.org\/city\/2024\/04\/04\/arrancadilla-cultural-regresa-al-panorama-de-eventos-de-los-llanos-de-aridane\/#breadcrumb\",\"itemListElement\":[{\"@type\":\"ListItem\",\"position\":1,\"name\":\"Portada\",\"item\":\"https:\/\/www.aridane.org\/city\/\"},{\"@type\":\"ListItem\",\"position\":2,\"name\":\"\u2018Arrancadilla cultural\u2019 regresa al panorama de eventos de Los Llanos de Aridane\u00a0\"}]},{\"@type\":\"WebSite\",\"@id\":\"https:\/\/www.aridane.org\/city\/#website\",\"url\":\"https:\/\/www.aridane.org\/city\/\",\"name\":\"Ayuntamiento de Los Llanos de Aridane\",\"description\":\"\",\"potentialAction\":[{\"@type\":\"SearchAction\",\"target\":{\"@type\":\"EntryPoint\",\"urlTemplate\":\"https:\/\/www.aridane.org\/city\/?s={search_term_string}\"},\"query-input\":\"required name=search_term_string\"}],\"inLanguage\":\"es\"},{\"@type\":\"Person\",\"@id\":\"https:\/\/www.aridane.org\/city\/#\/schema\/person\/89ebd376b223dc94cc1dbcf200c8e6da\",\"name\":\"Corresponsal\",\"image\":{\"@type\":\"ImageObject\",\"inLanguage\":\"es\",\"@id\":\"https:\/\/www.aridane.org\/city\/#\/schema\/person\/image\/\",\"url\":\"https:\/\/secure.gravatar.com\/avatar\/1c476992411e4ccf153da63b2b2f5ea0bb4cb1c85f3ceab8512f04325ad5579c?s=96&d=mm&r=g\",\"contentUrl\":\"https:\/\/secure.gravatar.com\/avatar\/1c476992411e4ccf153da63b2b2f5ea0bb4cb1c85f3ceab8512f04325ad5579c?s=96&d=mm&r=g\",\"caption\":\"Corresponsal\"},\"url\":\"https:\/\/www.aridane.org\/city\/author\/corresponsal\/\"}]}<\/script>\n<!-- \/ Yoast SEO plugin. -->","yoast_head_json":{"title":"\u2018Arrancadilla cultural\u2019 regresa al panorama de eventos de Los Llanos de Aridane\u00a0 - Ayuntamiento de Los Llanos de Aridane","robots":{"index":"index","follow":"follow","max-snippet":"max-snippet:-1","max-image-preview":"max-image-preview:large","max-video-preview":"max-video-preview:-1"},"canonical":"https:\/\/www.aridane.org\/city\/2024\/04\/04\/arrancadilla-cultural-regresa-al-panorama-de-eventos-de-los-llanos-de-aridane\/","og_locale":"es_ES","og_type":"article","og_title":"\u2018Arrancadilla cultural\u2019 regresa al panorama de eventos de Los Llanos de Aridane\u00a0 - Ayuntamiento de Los Llanos de Aridane","og_description":"El festival vuelve el s\u00e1bado 6 de abril, desde las 12:00 hasta las 23:00 horas","og_url":"https:\/\/www.aridane.org\/city\/2024\/04\/04\/arrancadilla-cultural-regresa-al-panorama-de-eventos-de-los-llanos-de-aridane\/","og_site_name":"Ayuntamiento de Los Llanos de Aridane","article_published_time":"2024-04-04T07:24:45+00:00","og_image":[{"width":1600,"height":1067,"url":"https:\/\/www.aridane.org\/city\/wp-content\/uploads\/2024\/04\/Arrancadilla-cultural.jpeg","type":"image\/jpeg"}],"author":"Corresponsal","twitter_card":"summary_large_image","twitter_misc":{"Escrito por":"Corresponsal","Tiempo de lectura":"2 minutos"},"schema":{"@context":"https:\/\/schema.org","@graph":[{"@type":"WebPage","@id":"https:\/\/www.aridane.org\/city\/2024\/04\/04\/arrancadilla-cultural-regresa-al-panorama-de-eventos-de-los-llanos-de-aridane\/","url":"https:\/\/www.aridane.org\/city\/2024\/04\/04\/arrancadilla-cultural-regresa-al-panorama-de-eventos-de-los-llanos-de-aridane\/","name":"\u2018Arrancadilla cultural\u2019 regresa al panorama de eventos de Los Llanos de Aridane\u00a0 - Ayuntamiento de Los Llanos de Aridane","isPartOf":{"@id":"https:\/\/www.aridane.org\/city\/#website"},"primaryImageOfPage":{"@id":"https:\/\/www.aridane.org\/city\/2024\/04\/04\/arrancadilla-cultural-regresa-al-panorama-de-eventos-de-los-llanos-de-aridane\/#primaryimage"},"image":{"@id":"https:\/\/www.aridane.org\/city\/2024\/04\/04\/arrancadilla-cultural-regresa-al-panorama-de-eventos-de-los-llanos-de-aridane\/#primaryimage"},"thumbnailUrl":"https:\/\/www.aridane.org\/city\/wp-content\/uploads\/2024\/04\/Arrancadilla-cultural.jpeg","datePublished":"2024-04-04T07:24:45+00:00","dateModified":"2024-04-04T07:24:45+00:00","author":{"@id":"https:\/\/www.aridane.org\/city\/#\/schema\/person\/89ebd376b223dc94cc1dbcf200c8e6da"},"breadcrumb":{"@id":"https:\/\/www.aridane.org\/city\/2024\/04\/04\/arrancadilla-cultural-regresa-al-panorama-de-eventos-de-los-llanos-de-aridane\/#breadcrumb"},"inLanguage":"es","potentialAction":[{"@type":"ReadAction","target":["https:\/\/www.aridane.org\/city\/2024\/04\/04\/arrancadilla-cultural-regresa-al-panorama-de-eventos-de-los-llanos-de-aridane\/"]}]},{"@type":"ImageObject","inLanguage":"es","@id":"https:\/\/www.aridane.org\/city\/2024\/04\/04\/arrancadilla-cultural-regresa-al-panorama-de-eventos-de-los-llanos-de-aridane\/#primaryimage","url":"https:\/\/www.aridane.org\/city\/wp-content\/uploads\/2024\/04\/Arrancadilla-cultural.jpeg","contentUrl":"https:\/\/www.aridane.org\/city\/wp-content\/uploads\/2024\/04\/Arrancadilla-cultural.jpeg","width":1600,"height":1067},{"@type":"BreadcrumbList","@id":"https:\/\/www.aridane.org\/city\/2024\/04\/04\/arrancadilla-cultural-regresa-al-panorama-de-eventos-de-los-llanos-de-aridane\/#breadcrumb","itemListElement":[{"@type":"ListItem","position":1,"name":"Portada","item":"https:\/\/www.aridane.org\/city\/"},{"@type":"ListItem","position":2,"name":"\u2018Arrancadilla cultural\u2019 regresa al panorama de eventos de Los Llanos de Aridane\u00a0"}]},{"@type":"WebSite","@id":"https:\/\/www.aridane.org\/city\/#website","url":"https:\/\/www.aridane.org\/city\/","name":"Ayuntamiento de Los Llanos de Aridane","description":"","potentialAction":[{"@type":"SearchAction","target":{"@type":"EntryPoint","urlTemplate":"https:\/\/www.aridane.org\/city\/?s={search_term_string}"},"query-input":"required name=search_term_string"}],"inLanguage":"es"},{"@type":"Person","@id":"https:\/\/www.aridane.org\/city\/#\/schema\/person\/89ebd376b223dc94cc1dbcf200c8e6da","name":"Corresponsal","image":{"@type":"ImageObject","inLanguage":"es","@id":"https:\/\/www.aridane.org\/city\/#\/schema\/person\/image\/","url":"https:\/\/secure.gravatar.com\/avatar\/1c476992411e4ccf153da63b2b2f5ea0bb4cb1c85f3ceab8512f04325ad5579c?s=96&d=mm&r=g","contentUrl":"https:\/\/secure.gravatar.com\/avatar\/1c476992411e4ccf153da63b2b2f5ea0bb4cb1c85f3ceab8512f04325ad5579c?s=96&d=mm&r=g","caption":"Corresponsal"},"url":"https:\/\/www.aridane.org\/city\/author\/corresponsal\/"}]}},"_links":{"self":[{"href":"https:\/\/www.aridane.org\/city\/wp-json\/wp\/v2\/posts\/3661","targetHints":{"allow":["GET"]}}],"collection":[{"href":"https:\/\/www.aridane.org\/city\/wp-json\/wp\/v2\/posts"}],"about":[{"href":"https:\/\/www.aridane.org\/city\/wp-json\/wp\/v2\/types\/post"}],"author":[{"embeddable":true,"href":"https:\/\/www.aridane.org\/city\/wp-json\/wp\/v2\/users\/4"}],"replies":[{"embeddable":true,"href":"https:\/\/www.aridane.org\/city\/wp-json\/wp\/v2\/comments?post=3661"}],"version-history":[{"count":1,"href":"https:\/\/www.aridane.org\/city\/wp-json\/wp\/v2\/posts\/3661\/revisions"}],"predecessor-version":[{"id":3663,"href":"https:\/\/www.aridane.org\/city\/wp-json\/wp\/v2\/posts\/3661\/revisions\/3663"}],"wp:featuredmedia":[{"embeddable":true,"href":"https:\/\/www.aridane.org\/city\/wp-json\/wp\/v2\/media\/3662"}],"wp:attachment":[{"href":"https:\/\/www.aridane.org\/city\/wp-json\/wp\/v2\/media?parent=3661"}],"wp:term":[{"taxonomy":"category","embeddable":true,"href":"https:\/\/www.aridane.org\/city\/wp-json\/wp\/v2\/categories?post=3661"},{"taxonomy":"post_tag","embeddable":true,"href":"https:\/\/www.aridane.org\/city\/wp-json\/wp\/v2\/tags?post=3661"}],"curies":[{"name":"wp","href":"https:\/\/api.w.org\/{rel}","templated":true}]}}