{"id":3671,"date":"2024-03-27T10:22:05","date_gmt":"2024-03-27T10:22:05","guid":{"rendered":"https:\/\/www.aridane.org\/city\/?p=3671"},"modified":"2024-04-09T10:25:03","modified_gmt":"2024-04-09T10:25:03","slug":"los-llanos-de-aridane-retira-mas-de-70-coches-abandonados-de-sus-vias","status":"publish","type":"post","link":"https:\/\/www.aridane.org\/city\/2024\/03\/27\/los-llanos-de-aridane-retira-mas-de-70-coches-abandonados-de-sus-vias\/","title":{"rendered":"Los Llanos de Aridane retira m\u00e1s de 70 coches abandonados de sus v\u00edas"},"content":{"rendered":"<p><em>En lo que va de 2024 se han retirado 35 veh\u00edculos entre renuncias y abandonos<\/em><!--more--><\/p>\n<p>El Ayuntamiento de Los Llanos de Aridane retira m\u00e1s de 70 veh\u00edculos abandonados de la v\u00eda p\u00fablica como consecuencia de la campa\u00f1a de recogida impulsada durante este mandato. Se trata de una acci\u00f3n coordinada desde la \u00e1reas de Servicios Municipales y Seguridad con el fin de mejorar el estado de las calles y aumentar la disponibilidad de aparcamientos.<\/p>\n<p>Durante el segundo semestre de 2023, se retiraron 37 veh\u00edculos de las v\u00edas entre renuncias voluntarias y abandonos, mientras que en lo que va de 2024 ya son 35 los coches retirados.<\/p>\n<p>El concejal de Servicios Municipales, Rubens D\u00edaz, agradece la colaboraci\u00f3n ciudadana para hacer de la v\u00eda p\u00fablica un lugar m\u00e1s seguro y est\u00e9tico, al tiempo que valora el impacto que esta medida est\u00e1 teniendo en la disponibilidad de aparcamiento.<\/p>\n<h2><strong>C\u00f3mo retirar un veh\u00edculo abandonado<\/strong><\/h2>\n<p>La campa\u00f1a de recogida del Ayuntamiento est\u00e1 dirigida a las personas propietarias de veh\u00edculos abandonados. Si una persona identifica un coche en ese estado, deber\u00e1 hacer la denuncia pertinente para que el Ayuntamiento tome acci\u00f3n.<\/p>\n<p>Por tanto, para que la instituci\u00f3n municipal pueda retirar los veh\u00edculos, la persona propietaria debe proporcionar al Ayuntamiento la documentaci\u00f3n que respalde la propiedad del veh\u00edculo y su abandono en la v\u00eda p\u00fablica.<\/p>\n<p>Una vez que haya notificado al Ayuntamiento y proporcionado la documentaci\u00f3n necesaria, deber\u00e1 estar dispuesto a renunciar al veh\u00edculo abandonado. Esto significa que el veh\u00edculo pasar\u00e1 a ser propiedad del Ayuntamiento, que se encargar\u00e1 de su retiro y tratamiento adecuado.<\/p>\n<p>Desde el Ayuntamiento se invita a todos los residentes del municipio a colaborar en la iniciativa y a tomar medidas para retirar los veh\u00edculos abandonados de las calles de manera responsable y eficiente.<\/p>\n","protected":false},"excerpt":{"rendered":"<p>En lo que va de 2024 se han retirado 35 veh\u00edculos entre renuncias y abandonos<\/p>\n","protected":false},"author":4,"featured_media":3672,"comment_status":"open","ping_status":"open","sticky":false,"template":"","format":"standard","meta":{"footnotes":""},"categories":[1],"tags":[],"class_list":["post-3671","post","type-post","status-publish","format-standard","has-post-thumbnail","hentry","category-sin-categoria"],"yoast_head":"<!-- This site is optimized with the Yoast SEO plugin v22.7 - https:\/\/yoast.com\/wordpress\/plugins\/seo\/ -->\n<title>Los Llanos de Aridane retira m\u00e1s de 70 coches abandonados de sus v\u00edas - Ayuntamiento de Los Llanos de Aridane<\/title>\n<meta name=\"robots\" content=\"index, follow, max-snippet:-1, max-image-preview:large, max-video-preview:-1\" \/>\n<link rel=\"canonical\" href=\"https:\/\/www.aridane.org\/city\/2024\/03\/27\/los-llanos-de-aridane-retira-mas-de-70-coches-abandonados-de-sus-vias\/\" \/>\n<meta property=\"og:locale\" content=\"es_ES\" \/>\n<meta property=\"og:type\" content=\"article\" \/>\n<meta property=\"og:title\" content=\"Los Llanos de Aridane retira m\u00e1s de 70 coches abandonados de sus v\u00edas - Ayuntamiento de Los Llanos de Aridane\" \/>\n<meta property=\"og:description\" content=\"En lo que va de 2024 se han retirado 35 veh\u00edculos entre renuncias y abandonos\" \/>\n<meta property=\"og:url\" content=\"https:\/\/www.aridane.org\/city\/2024\/03\/27\/los-llanos-de-aridane-retira-mas-de-70-coches-abandonados-de-sus-vias\/\" \/>\n<meta property=\"og:site_name\" content=\"Ayuntamiento de Los Llanos de Aridane\" \/>\n<meta property=\"article:published_time\" content=\"2024-03-27T10:22:05+00:00\" \/>\n<meta property=\"article:modified_time\" content=\"2024-04-09T10:25:03+00:00\" \/>\n<meta property=\"og:image\" content=\"https:\/\/www.aridane.org\/city\/wp-content\/uploads\/2024\/04\/Los-Llanos-de-Aridane-vista-aerea-620x349.png\" \/>\n\t<meta property=\"og:image:width\" content=\"620\" \/>\n\t<meta property=\"og:image:height\" content=\"349\" \/>\n\t<meta property=\"og:image:type\" content=\"image\/png\" \/>\n<meta name=\"author\" content=\"Corresponsal\" \/>\n<meta name=\"twitter:card\" content=\"summary_large_image\" \/>\n<meta name=\"twitter:label1\" content=\"Escrito por\" \/>\n\t<meta name=\"twitter:data1\" content=\"Corresponsal\" \/>\n\t<meta name=\"twitter:label2\" content=\"Tiempo de lectura\" \/>\n\t<meta name=\"twitter:data2\" content=\"2 minutos\" \/>\n<script type=\"application\/ld+json\" class=\"yoast-schema-graph\">{\"@context\":\"https:\/\/schema.org\",\"@graph\":[{\"@type\":\"WebPage\",\"@id\":\"https:\/\/www.aridane.org\/city\/2024\/03\/27\/los-llanos-de-aridane-retira-mas-de-70-coches-abandonados-de-sus-vias\/\",\"url\":\"https:\/\/www.aridane.org\/city\/2024\/03\/27\/los-llanos-de-aridane-retira-mas-de-70-coches-abandonados-de-sus-vias\/\",\"name\":\"Los Llanos de Aridane retira m\u00e1s de 70 coches abandonados de sus v\u00edas - Ayuntamiento de Los Llanos de Aridane\",\"isPartOf\":{\"@id\":\"https:\/\/www.aridane.org\/city\/#website\"},\"primaryImageOfPage\":{\"@id\":\"https:\/\/www.aridane.org\/city\/2024\/03\/27\/los-llanos-de-aridane-retira-mas-de-70-coches-abandonados-de-sus-vias\/#primaryimage\"},\"image\":{\"@id\":\"https:\/\/www.aridane.org\/city\/2024\/03\/27\/los-llanos-de-aridane-retira-mas-de-70-coches-abandonados-de-sus-vias\/#primaryimage\"},\"thumbnailUrl\":\"https:\/\/www.aridane.org\/city\/wp-content\/uploads\/2024\/04\/Los-Llanos-de-Aridane-vista-aerea.png\",\"datePublished\":\"2024-03-27T10:22:05+00:00\",\"dateModified\":\"2024-04-09T10:25:03+00:00\",\"author\":{\"@id\":\"https:\/\/www.aridane.org\/city\/#\/schema\/person\/89ebd376b223dc94cc1dbcf200c8e6da\"},\"breadcrumb\":{\"@id\":\"https:\/\/www.aridane.org\/city\/2024\/03\/27\/los-llanos-de-aridane-retira-mas-de-70-coches-abandonados-de-sus-vias\/#breadcrumb\"},\"inLanguage\":\"es\",\"potentialAction\":[{\"@type\":\"ReadAction\",\"target\":[\"https:\/\/www.aridane.org\/city\/2024\/03\/27\/los-llanos-de-aridane-retira-mas-de-70-coches-abandonados-de-sus-vias\/\"]}]},{\"@type\":\"ImageObject\",\"inLanguage\":\"es\",\"@id\":\"https:\/\/www.aridane.org\/city\/2024\/03\/27\/los-llanos-de-aridane-retira-mas-de-70-coches-abandonados-de-sus-vias\/#primaryimage\",\"url\":\"https:\/\/www.aridane.org\/city\/wp-content\/uploads\/2024\/04\/Los-Llanos-de-Aridane-vista-aerea.png\",\"contentUrl\":\"https:\/\/www.aridane.org\/city\/wp-content\/uploads\/2024\/04\/Los-Llanos-de-Aridane-vista-aerea.png\",\"width\":1920,\"height\":1080},{\"@type\":\"BreadcrumbList\",\"@id\":\"https:\/\/www.aridane.org\/city\/2024\/03\/27\/los-llanos-de-aridane-retira-mas-de-70-coches-abandonados-de-sus-vias\/#breadcrumb\",\"itemListElement\":[{\"@type\":\"ListItem\",\"position\":1,\"name\":\"Portada\",\"item\":\"https:\/\/www.aridane.org\/city\/\"},{\"@type\":\"ListItem\",\"position\":2,\"name\":\"Los Llanos de Aridane retira m\u00e1s de 70 coches abandonados de sus v\u00edas\"}]},{\"@type\":\"WebSite\",\"@id\":\"https:\/\/www.aridane.org\/city\/#website\",\"url\":\"https:\/\/www.aridane.org\/city\/\",\"name\":\"Ayuntamiento de Los Llanos de Aridane\",\"description\":\"\",\"potentialAction\":[{\"@type\":\"SearchAction\",\"target\":{\"@type\":\"EntryPoint\",\"urlTemplate\":\"https:\/\/www.aridane.org\/city\/?s={search_term_string}\"},\"query-input\":\"required name=search_term_string\"}],\"inLanguage\":\"es\"},{\"@type\":\"Person\",\"@id\":\"https:\/\/www.aridane.org\/city\/#\/schema\/person\/89ebd376b223dc94cc1dbcf200c8e6da\",\"name\":\"Corresponsal\",\"image\":{\"@type\":\"ImageObject\",\"inLanguage\":\"es\",\"@id\":\"https:\/\/www.aridane.org\/city\/#\/schema\/person\/image\/\",\"url\":\"https:\/\/secure.gravatar.com\/avatar\/1c476992411e4ccf153da63b2b2f5ea0bb4cb1c85f3ceab8512f04325ad5579c?s=96&d=mm&r=g\",\"contentUrl\":\"https:\/\/secure.gravatar.com\/avatar\/1c476992411e4ccf153da63b2b2f5ea0bb4cb1c85f3ceab8512f04325ad5579c?s=96&d=mm&r=g\",\"caption\":\"Corresponsal\"},\"url\":\"https:\/\/www.aridane.org\/city\/author\/corresponsal\/\"}]}<\/script>\n<!-- \/ Yoast SEO plugin. -->","yoast_head_json":{"title":"Los Llanos de Aridane retira m\u00e1s de 70 coches abandonados de sus v\u00edas - Ayuntamiento de Los Llanos de Aridane","robots":{"index":"index","follow":"follow","max-snippet":"max-snippet:-1","max-image-preview":"max-image-preview:large","max-video-preview":"max-video-preview:-1"},"canonical":"https:\/\/www.aridane.org\/city\/2024\/03\/27\/los-llanos-de-aridane-retira-mas-de-70-coches-abandonados-de-sus-vias\/","og_locale":"es_ES","og_type":"article","og_title":"Los Llanos de Aridane retira m\u00e1s de 70 coches abandonados de sus v\u00edas - Ayuntamiento de Los Llanos de Aridane","og_description":"En lo que va de 2024 se han retirado 35 veh\u00edculos entre renuncias y abandonos","og_url":"https:\/\/www.aridane.org\/city\/2024\/03\/27\/los-llanos-de-aridane-retira-mas-de-70-coches-abandonados-de-sus-vias\/","og_site_name":"Ayuntamiento de Los Llanos de Aridane","article_published_time":"2024-03-27T10:22:05+00:00","article_modified_time":"2024-04-09T10:25:03+00:00","og_image":[{"width":620,"height":349,"url":"https:\/\/www.aridane.org\/city\/wp-content\/uploads\/2024\/04\/Los-Llanos-de-Aridane-vista-aerea-620x349.png","type":"image\/png"}],"author":"Corresponsal","twitter_card":"summary_large_image","twitter_misc":{"Escrito por":"Corresponsal","Tiempo de lectura":"2 minutos"},"schema":{"@context":"https:\/\/schema.org","@graph":[{"@type":"WebPage","@id":"https:\/\/www.aridane.org\/city\/2024\/03\/27\/los-llanos-de-aridane-retira-mas-de-70-coches-abandonados-de-sus-vias\/","url":"https:\/\/www.aridane.org\/city\/2024\/03\/27\/los-llanos-de-aridane-retira-mas-de-70-coches-abandonados-de-sus-vias\/","name":"Los Llanos de Aridane retira m\u00e1s de 70 coches abandonados de sus v\u00edas - Ayuntamiento de Los Llanos de Aridane","isPartOf":{"@id":"https:\/\/www.aridane.org\/city\/#website"},"primaryImageOfPage":{"@id":"https:\/\/www.aridane.org\/city\/2024\/03\/27\/los-llanos-de-aridane-retira-mas-de-70-coches-abandonados-de-sus-vias\/#primaryimage"},"image":{"@id":"https:\/\/www.aridane.org\/city\/2024\/03\/27\/los-llanos-de-aridane-retira-mas-de-70-coches-abandonados-de-sus-vias\/#primaryimage"},"thumbnailUrl":"https:\/\/www.aridane.org\/city\/wp-content\/uploads\/2024\/04\/Los-Llanos-de-Aridane-vista-aerea.png","datePublished":"2024-03-27T10:22:05+00:00","dateModified":"2024-04-09T10:25:03+00:00","author":{"@id":"https:\/\/www.aridane.org\/city\/#\/schema\/person\/89ebd376b223dc94cc1dbcf200c8e6da"},"breadcrumb":{"@id":"https:\/\/www.aridane.org\/city\/2024\/03\/27\/los-llanos-de-aridane-retira-mas-de-70-coches-abandonados-de-sus-vias\/#breadcrumb"},"inLanguage":"es","potentialAction":[{"@type":"ReadAction","target":["https:\/\/www.aridane.org\/city\/2024\/03\/27\/los-llanos-de-aridane-retira-mas-de-70-coches-abandonados-de-sus-vias\/"]}]},{"@type":"ImageObject","inLanguage":"es","@id":"https:\/\/www.aridane.org\/city\/2024\/03\/27\/los-llanos-de-aridane-retira-mas-de-70-coches-abandonados-de-sus-vias\/#primaryimage","url":"https:\/\/www.aridane.org\/city\/wp-content\/uploads\/2024\/04\/Los-Llanos-de-Aridane-vista-aerea.png","contentUrl":"https:\/\/www.aridane.org\/city\/wp-content\/uploads\/2024\/04\/Los-Llanos-de-Aridane-vista-aerea.png","width":1920,"height":1080},{"@type":"BreadcrumbList","@id":"https:\/\/www.aridane.org\/city\/2024\/03\/27\/los-llanos-de-aridane-retira-mas-de-70-coches-abandonados-de-sus-vias\/#breadcrumb","itemListElement":[{"@type":"ListItem","position":1,"name":"Portada","item":"https:\/\/www.aridane.org\/city\/"},{"@type":"ListItem","position":2,"name":"Los Llanos de Aridane retira m\u00e1s de 70 coches abandonados de sus v\u00edas"}]},{"@type":"WebSite","@id":"https:\/\/www.aridane.org\/city\/#website","url":"https:\/\/www.aridane.org\/city\/","name":"Ayuntamiento de Los Llanos de Aridane","description":"","potentialAction":[{"@type":"SearchAction","target":{"@type":"EntryPoint","urlTemplate":"https:\/\/www.aridane.org\/city\/?s={search_term_string}"},"query-input":"required name=search_term_string"}],"inLanguage":"es"},{"@type":"Person","@id":"https:\/\/www.aridane.org\/city\/#\/schema\/person\/89ebd376b223dc94cc1dbcf200c8e6da","name":"Corresponsal","image":{"@type":"ImageObject","inLanguage":"es","@id":"https:\/\/www.aridane.org\/city\/#\/schema\/person\/image\/","url":"https:\/\/secure.gravatar.com\/avatar\/1c476992411e4ccf153da63b2b2f5ea0bb4cb1c85f3ceab8512f04325ad5579c?s=96&d=mm&r=g","contentUrl":"https:\/\/secure.gravatar.com\/avatar\/1c476992411e4ccf153da63b2b2f5ea0bb4cb1c85f3ceab8512f04325ad5579c?s=96&d=mm&r=g","caption":"Corresponsal"},"url":"https:\/\/www.aridane.org\/city\/author\/corresponsal\/"}]}},"_links":{"self":[{"href":"https:\/\/www.aridane.org\/city\/wp-json\/wp\/v2\/posts\/3671","targetHints":{"allow":["GET"]}}],"collection":[{"href":"https:\/\/www.aridane.org\/city\/wp-json\/wp\/v2\/posts"}],"about":[{"href":"https:\/\/www.aridane.org\/city\/wp-json\/wp\/v2\/types\/post"}],"author":[{"embeddable":true,"href":"https:\/\/www.aridane.org\/city\/wp-json\/wp\/v2\/users\/4"}],"replies":[{"embeddable":true,"href":"https:\/\/www.aridane.org\/city\/wp-json\/wp\/v2\/comments?post=3671"}],"version-history":[{"count":1,"href":"https:\/\/www.aridane.org\/city\/wp-json\/wp\/v2\/posts\/3671\/revisions"}],"predecessor-version":[{"id":3673,"href":"https:\/\/www.aridane.org\/city\/wp-json\/wp\/v2\/posts\/3671\/revisions\/3673"}],"wp:featuredmedia":[{"embeddable":true,"href":"https:\/\/www.aridane.org\/city\/wp-json\/wp\/v2\/media\/3672"}],"wp:attachment":[{"href":"https:\/\/www.aridane.org\/city\/wp-json\/wp\/v2\/media?parent=3671"}],"wp:term":[{"taxonomy":"category","embeddable":true,"href":"https:\/\/www.aridane.org\/city\/wp-json\/wp\/v2\/categories?post=3671"},{"taxonomy":"post_tag","embeddable":true,"href":"https:\/\/www.aridane.org\/city\/wp-json\/wp\/v2\/tags?post=3671"}],"curies":[{"name":"wp","href":"https:\/\/api.w.org\/{rel}","templated":true}]}}