{"id":3680,"date":"2024-04-05T10:28:13","date_gmt":"2024-04-05T10:28:13","guid":{"rendered":"https:\/\/www.aridane.org\/city\/?p=3680"},"modified":"2024-04-09T10:30:34","modified_gmt":"2024-04-09T10:30:34","slug":"los-llanos-de-aridane-inaugura-el-circuito-nacional-de-padel-cupra-fip-tour","status":"publish","type":"post","link":"https:\/\/www.aridane.org\/city\/2024\/04\/05\/los-llanos-de-aridane-inaugura-el-circuito-nacional-de-padel-cupra-fip-tour\/","title":{"rendered":"Los Llanos de Aridane inaugura el circuito nacional de p\u00e1del Cupra FIP Tour"},"content":{"rendered":"<p><em>El evento supone un est\u00edmulo importante para dinamizar la econom\u00eda, fomentar la salud y el deporte<\/em><!--more--><\/p>\n<p>El Ayuntamiento de Los Llanos de Aridane, en colaboraci\u00f3n con el Gobierno de Canarias y el Cabildo de La Palma, organiza el FIP Rise Isla de la Palma, que comienza el pr\u00f3ximo lunes, 8 de abril.\u00a0El torneo, respaldado por la Federaci\u00f3n Canaria de P\u00e1del, contar\u00e1 con la participaci\u00f3n de alrededor de 200 jugadores de diversas nacionalidades en lo que ser\u00e1 el primer evento de esta categor\u00eda en Espa\u00f1a dentro del circuito internacional CUPRA FIP Tour 2024, organizado por el club deportivo Baga Tazo 2008.<\/p>\n<p>La competici\u00f3n comenzar\u00e1 el pr\u00f3ximo lunes, 8 de abril, para dar paso a la fase de clasificaci\u00f3n los d\u00edas 9 y 10. El cuadro principal tendr\u00e1 lugar entre el 11 y el 13 de abril, d\u00eda en el se disputar\u00e1 la gran final. Los partidos se ubicar\u00e1n en la nueva pista central en la Plaza Juan Pablo II de Los Llanos de Aridane, con el Club de Tenis Valle de Aridane como sede de apoyo.<\/p>\n<p>El alcalde de Los Llanos de Aridane, Javier Llamas, afirma estar emocionado por ser sede de este \u201cprestigioso torneo que posiciona a la ciudad en el mapa internacional del p\u00e1del\u201d y anuncia que traer\u00e1 consigo un importante impacto econ\u00f3mico. \u201cEl evento se estima que dejar\u00e1 m\u00e1s de 120.000 euros en nuestro municipio, beneficiando a nuestra comunidad en diversos aspectos. Este es un claro ejemplo de c\u00f3mo el deporte puede impulsar el desarrollo local y estamos agradecidos por esta oportunidad\u201d, declara.<\/p>\n<p>El primer teniente de alcalde y concejal de Deportes, V\u00edctor Gonz\u00e1lez, se\u00f1ala que el FIP Rise Isla de la Palma \u201crepresenta una oportunidad \u00fanica para mostrar la belleza de la isla y promover el deporte entre los residentes y visitantes\u201d. En este sentido, extiende un agradecimiento especial al presidente de la Federaci\u00f3n Canaria de P\u00e1del, Diego Miguel Gil, as\u00ed como al organizador del torneo, Nahum Mart\u00edn, por \u201csu decidida apuesta\u201d por el municipio y el deporte.<\/p>\n<p>Por su parte, el viceconsejero de Deportes del\u00a0Gobierno de Canarias pone en valor la colaboraci\u00f3n institucional en un proyecto \u201cque promete ser un \u00e9xito\u201d e invita a toda la ciudadan\u00eda palmera a \u201cdisfrutar de esta emocionante competici\u00f3n\u201d. Asimismo, realza el compromiso de Los Llanos de Aridane con el deporte y el fomento de una vida sana y activa.<\/p>\n<p>El torneo contar\u00e1 con un premio en efectivo de hasta 12.500 euros y 31 puntos para el ranking de la FIP para las parejas ganadoras.<\/p>\n","protected":false},"excerpt":{"rendered":"<p>El evento supone un est\u00edmulo importante para dinamizar la econom\u00eda, fomentar la salud y el deporte<\/p>\n","protected":false},"author":4,"featured_media":3682,"comment_status":"open","ping_status":"open","sticky":false,"template":"","format":"standard","meta":{"footnotes":""},"categories":[1],"tags":[],"class_list":["post-3680","post","type-post","status-publish","format-standard","has-post-thumbnail","hentry","category-sin-categoria"],"yoast_head":"<!-- This site is optimized with the Yoast SEO plugin v22.7 - https:\/\/yoast.com\/wordpress\/plugins\/seo\/ -->\n<title>Los Llanos de Aridane inaugura el circuito nacional de p\u00e1del Cupra FIP Tour - Ayuntamiento de Los Llanos de Aridane<\/title>\n<meta name=\"robots\" content=\"index, follow, max-snippet:-1, max-image-preview:large, max-video-preview:-1\" \/>\n<link rel=\"canonical\" href=\"https:\/\/www.aridane.org\/city\/2024\/04\/05\/los-llanos-de-aridane-inaugura-el-circuito-nacional-de-padel-cupra-fip-tour\/\" \/>\n<meta property=\"og:locale\" content=\"es_ES\" \/>\n<meta property=\"og:type\" content=\"article\" \/>\n<meta property=\"og:title\" content=\"Los Llanos de Aridane inaugura el circuito nacional de p\u00e1del Cupra FIP Tour - Ayuntamiento de Los Llanos de Aridane\" \/>\n<meta property=\"og:description\" content=\"El evento supone un est\u00edmulo importante para dinamizar la econom\u00eda, fomentar la salud y el deporte\" \/>\n<meta property=\"og:url\" content=\"https:\/\/www.aridane.org\/city\/2024\/04\/05\/los-llanos-de-aridane-inaugura-el-circuito-nacional-de-padel-cupra-fip-tour\/\" \/>\n<meta property=\"og:site_name\" content=\"Ayuntamiento de Los Llanos de Aridane\" \/>\n<meta property=\"article:published_time\" content=\"2024-04-05T10:28:13+00:00\" \/>\n<meta property=\"article:modified_time\" content=\"2024-04-09T10:30:34+00:00\" \/>\n<meta property=\"og:image\" content=\"https:\/\/www.aridane.org\/city\/wp-content\/uploads\/2024\/04\/Foto-padel-2.jpeg\" \/>\n\t<meta property=\"og:image:width\" content=\"2048\" \/>\n\t<meta property=\"og:image:height\" content=\"1364\" \/>\n\t<meta property=\"og:image:type\" content=\"image\/jpeg\" \/>\n<meta name=\"author\" content=\"Corresponsal\" \/>\n<meta name=\"twitter:card\" content=\"summary_large_image\" \/>\n<meta name=\"twitter:label1\" content=\"Escrito por\" \/>\n\t<meta name=\"twitter:data1\" content=\"Corresponsal\" \/>\n\t<meta name=\"twitter:label2\" content=\"Tiempo de lectura\" \/>\n\t<meta name=\"twitter:data2\" content=\"3 minutos\" \/>\n<script type=\"application\/ld+json\" class=\"yoast-schema-graph\">{\"@context\":\"https:\/\/schema.org\",\"@graph\":[{\"@type\":\"WebPage\",\"@id\":\"https:\/\/www.aridane.org\/city\/2024\/04\/05\/los-llanos-de-aridane-inaugura-el-circuito-nacional-de-padel-cupra-fip-tour\/\",\"url\":\"https:\/\/www.aridane.org\/city\/2024\/04\/05\/los-llanos-de-aridane-inaugura-el-circuito-nacional-de-padel-cupra-fip-tour\/\",\"name\":\"Los Llanos de Aridane inaugura el circuito nacional de p\u00e1del Cupra FIP Tour - Ayuntamiento de Los Llanos de Aridane\",\"isPartOf\":{\"@id\":\"https:\/\/www.aridane.org\/city\/#website\"},\"primaryImageOfPage\":{\"@id\":\"https:\/\/www.aridane.org\/city\/2024\/04\/05\/los-llanos-de-aridane-inaugura-el-circuito-nacional-de-padel-cupra-fip-tour\/#primaryimage\"},\"image\":{\"@id\":\"https:\/\/www.aridane.org\/city\/2024\/04\/05\/los-llanos-de-aridane-inaugura-el-circuito-nacional-de-padel-cupra-fip-tour\/#primaryimage\"},\"thumbnailUrl\":\"https:\/\/www.aridane.org\/city\/wp-content\/uploads\/2024\/04\/Foto-padel-2.jpeg\",\"datePublished\":\"2024-04-05T10:28:13+00:00\",\"dateModified\":\"2024-04-09T10:30:34+00:00\",\"author\":{\"@id\":\"https:\/\/www.aridane.org\/city\/#\/schema\/person\/89ebd376b223dc94cc1dbcf200c8e6da\"},\"breadcrumb\":{\"@id\":\"https:\/\/www.aridane.org\/city\/2024\/04\/05\/los-llanos-de-aridane-inaugura-el-circuito-nacional-de-padel-cupra-fip-tour\/#breadcrumb\"},\"inLanguage\":\"es\",\"potentialAction\":[{\"@type\":\"ReadAction\",\"target\":[\"https:\/\/www.aridane.org\/city\/2024\/04\/05\/los-llanos-de-aridane-inaugura-el-circuito-nacional-de-padel-cupra-fip-tour\/\"]}]},{\"@type\":\"ImageObject\",\"inLanguage\":\"es\",\"@id\":\"https:\/\/www.aridane.org\/city\/2024\/04\/05\/los-llanos-de-aridane-inaugura-el-circuito-nacional-de-padel-cupra-fip-tour\/#primaryimage\",\"url\":\"https:\/\/www.aridane.org\/city\/wp-content\/uploads\/2024\/04\/Foto-padel-2.jpeg\",\"contentUrl\":\"https:\/\/www.aridane.org\/city\/wp-content\/uploads\/2024\/04\/Foto-padel-2.jpeg\",\"width\":2048,\"height\":1364},{\"@type\":\"BreadcrumbList\",\"@id\":\"https:\/\/www.aridane.org\/city\/2024\/04\/05\/los-llanos-de-aridane-inaugura-el-circuito-nacional-de-padel-cupra-fip-tour\/#breadcrumb\",\"itemListElement\":[{\"@type\":\"ListItem\",\"position\":1,\"name\":\"Portada\",\"item\":\"https:\/\/www.aridane.org\/city\/\"},{\"@type\":\"ListItem\",\"position\":2,\"name\":\"Los Llanos de Aridane inaugura el circuito nacional de p\u00e1del Cupra FIP Tour\"}]},{\"@type\":\"WebSite\",\"@id\":\"https:\/\/www.aridane.org\/city\/#website\",\"url\":\"https:\/\/www.aridane.org\/city\/\",\"name\":\"Ayuntamiento de Los Llanos de Aridane\",\"description\":\"\",\"potentialAction\":[{\"@type\":\"SearchAction\",\"target\":{\"@type\":\"EntryPoint\",\"urlTemplate\":\"https:\/\/www.aridane.org\/city\/?s={search_term_string}\"},\"query-input\":\"required name=search_term_string\"}],\"inLanguage\":\"es\"},{\"@type\":\"Person\",\"@id\":\"https:\/\/www.aridane.org\/city\/#\/schema\/person\/89ebd376b223dc94cc1dbcf200c8e6da\",\"name\":\"Corresponsal\",\"image\":{\"@type\":\"ImageObject\",\"inLanguage\":\"es\",\"@id\":\"https:\/\/www.aridane.org\/city\/#\/schema\/person\/image\/\",\"url\":\"https:\/\/secure.gravatar.com\/avatar\/1c476992411e4ccf153da63b2b2f5ea0bb4cb1c85f3ceab8512f04325ad5579c?s=96&d=mm&r=g\",\"contentUrl\":\"https:\/\/secure.gravatar.com\/avatar\/1c476992411e4ccf153da63b2b2f5ea0bb4cb1c85f3ceab8512f04325ad5579c?s=96&d=mm&r=g\",\"caption\":\"Corresponsal\"},\"url\":\"https:\/\/www.aridane.org\/city\/author\/corresponsal\/\"}]}<\/script>\n<!-- \/ Yoast SEO plugin. -->","yoast_head_json":{"title":"Los Llanos de Aridane inaugura el circuito nacional de p\u00e1del Cupra FIP Tour - Ayuntamiento de Los Llanos de Aridane","robots":{"index":"index","follow":"follow","max-snippet":"max-snippet:-1","max-image-preview":"max-image-preview:large","max-video-preview":"max-video-preview:-1"},"canonical":"https:\/\/www.aridane.org\/city\/2024\/04\/05\/los-llanos-de-aridane-inaugura-el-circuito-nacional-de-padel-cupra-fip-tour\/","og_locale":"es_ES","og_type":"article","og_title":"Los Llanos de Aridane inaugura el circuito nacional de p\u00e1del Cupra FIP Tour - Ayuntamiento de Los Llanos de Aridane","og_description":"El evento supone un est\u00edmulo importante para dinamizar la econom\u00eda, fomentar la salud y el deporte","og_url":"https:\/\/www.aridane.org\/city\/2024\/04\/05\/los-llanos-de-aridane-inaugura-el-circuito-nacional-de-padel-cupra-fip-tour\/","og_site_name":"Ayuntamiento de Los Llanos de Aridane","article_published_time":"2024-04-05T10:28:13+00:00","article_modified_time":"2024-04-09T10:30:34+00:00","og_image":[{"width":2048,"height":1364,"url":"https:\/\/www.aridane.org\/city\/wp-content\/uploads\/2024\/04\/Foto-padel-2.jpeg","type":"image\/jpeg"}],"author":"Corresponsal","twitter_card":"summary_large_image","twitter_misc":{"Escrito por":"Corresponsal","Tiempo de lectura":"3 minutos"},"schema":{"@context":"https:\/\/schema.org","@graph":[{"@type":"WebPage","@id":"https:\/\/www.aridane.org\/city\/2024\/04\/05\/los-llanos-de-aridane-inaugura-el-circuito-nacional-de-padel-cupra-fip-tour\/","url":"https:\/\/www.aridane.org\/city\/2024\/04\/05\/los-llanos-de-aridane-inaugura-el-circuito-nacional-de-padel-cupra-fip-tour\/","name":"Los Llanos de Aridane inaugura el circuito nacional de p\u00e1del Cupra FIP Tour - Ayuntamiento de Los Llanos de Aridane","isPartOf":{"@id":"https:\/\/www.aridane.org\/city\/#website"},"primaryImageOfPage":{"@id":"https:\/\/www.aridane.org\/city\/2024\/04\/05\/los-llanos-de-aridane-inaugura-el-circuito-nacional-de-padel-cupra-fip-tour\/#primaryimage"},"image":{"@id":"https:\/\/www.aridane.org\/city\/2024\/04\/05\/los-llanos-de-aridane-inaugura-el-circuito-nacional-de-padel-cupra-fip-tour\/#primaryimage"},"thumbnailUrl":"https:\/\/www.aridane.org\/city\/wp-content\/uploads\/2024\/04\/Foto-padel-2.jpeg","datePublished":"2024-04-05T10:28:13+00:00","dateModified":"2024-04-09T10:30:34+00:00","author":{"@id":"https:\/\/www.aridane.org\/city\/#\/schema\/person\/89ebd376b223dc94cc1dbcf200c8e6da"},"breadcrumb":{"@id":"https:\/\/www.aridane.org\/city\/2024\/04\/05\/los-llanos-de-aridane-inaugura-el-circuito-nacional-de-padel-cupra-fip-tour\/#breadcrumb"},"inLanguage":"es","potentialAction":[{"@type":"ReadAction","target":["https:\/\/www.aridane.org\/city\/2024\/04\/05\/los-llanos-de-aridane-inaugura-el-circuito-nacional-de-padel-cupra-fip-tour\/"]}]},{"@type":"ImageObject","inLanguage":"es","@id":"https:\/\/www.aridane.org\/city\/2024\/04\/05\/los-llanos-de-aridane-inaugura-el-circuito-nacional-de-padel-cupra-fip-tour\/#primaryimage","url":"https:\/\/www.aridane.org\/city\/wp-content\/uploads\/2024\/04\/Foto-padel-2.jpeg","contentUrl":"https:\/\/www.aridane.org\/city\/wp-content\/uploads\/2024\/04\/Foto-padel-2.jpeg","width":2048,"height":1364},{"@type":"BreadcrumbList","@id":"https:\/\/www.aridane.org\/city\/2024\/04\/05\/los-llanos-de-aridane-inaugura-el-circuito-nacional-de-padel-cupra-fip-tour\/#breadcrumb","itemListElement":[{"@type":"ListItem","position":1,"name":"Portada","item":"https:\/\/www.aridane.org\/city\/"},{"@type":"ListItem","position":2,"name":"Los Llanos de Aridane inaugura el circuito nacional de p\u00e1del Cupra FIP Tour"}]},{"@type":"WebSite","@id":"https:\/\/www.aridane.org\/city\/#website","url":"https:\/\/www.aridane.org\/city\/","name":"Ayuntamiento de Los Llanos de Aridane","description":"","potentialAction":[{"@type":"SearchAction","target":{"@type":"EntryPoint","urlTemplate":"https:\/\/www.aridane.org\/city\/?s={search_term_string}"},"query-input":"required name=search_term_string"}],"inLanguage":"es"},{"@type":"Person","@id":"https:\/\/www.aridane.org\/city\/#\/schema\/person\/89ebd376b223dc94cc1dbcf200c8e6da","name":"Corresponsal","image":{"@type":"ImageObject","inLanguage":"es","@id":"https:\/\/www.aridane.org\/city\/#\/schema\/person\/image\/","url":"https:\/\/secure.gravatar.com\/avatar\/1c476992411e4ccf153da63b2b2f5ea0bb4cb1c85f3ceab8512f04325ad5579c?s=96&d=mm&r=g","contentUrl":"https:\/\/secure.gravatar.com\/avatar\/1c476992411e4ccf153da63b2b2f5ea0bb4cb1c85f3ceab8512f04325ad5579c?s=96&d=mm&r=g","caption":"Corresponsal"},"url":"https:\/\/www.aridane.org\/city\/author\/corresponsal\/"}]}},"_links":{"self":[{"href":"https:\/\/www.aridane.org\/city\/wp-json\/wp\/v2\/posts\/3680","targetHints":{"allow":["GET"]}}],"collection":[{"href":"https:\/\/www.aridane.org\/city\/wp-json\/wp\/v2\/posts"}],"about":[{"href":"https:\/\/www.aridane.org\/city\/wp-json\/wp\/v2\/types\/post"}],"author":[{"embeddable":true,"href":"https:\/\/www.aridane.org\/city\/wp-json\/wp\/v2\/users\/4"}],"replies":[{"embeddable":true,"href":"https:\/\/www.aridane.org\/city\/wp-json\/wp\/v2\/comments?post=3680"}],"version-history":[{"count":1,"href":"https:\/\/www.aridane.org\/city\/wp-json\/wp\/v2\/posts\/3680\/revisions"}],"predecessor-version":[{"id":3681,"href":"https:\/\/www.aridane.org\/city\/wp-json\/wp\/v2\/posts\/3680\/revisions\/3681"}],"wp:featuredmedia":[{"embeddable":true,"href":"https:\/\/www.aridane.org\/city\/wp-json\/wp\/v2\/media\/3682"}],"wp:attachment":[{"href":"https:\/\/www.aridane.org\/city\/wp-json\/wp\/v2\/media?parent=3680"}],"wp:term":[{"taxonomy":"category","embeddable":true,"href":"https:\/\/www.aridane.org\/city\/wp-json\/wp\/v2\/categories?post=3680"},{"taxonomy":"post_tag","embeddable":true,"href":"https:\/\/www.aridane.org\/city\/wp-json\/wp\/v2\/tags?post=3680"}],"curies":[{"name":"wp","href":"https:\/\/api.w.org\/{rel}","templated":true}]}}