{"id":3683,"date":"2024-04-08T10:32:19","date_gmt":"2024-04-08T10:32:19","guid":{"rendered":"https:\/\/www.aridane.org\/city\/?p=3683"},"modified":"2024-04-09T10:32:44","modified_gmt":"2024-04-09T10:32:44","slug":"los-llanos-de-aridane-habilita-32-nuevos-aparcamientos-en-la-zona-del-jable","status":"publish","type":"post","link":"https:\/\/www.aridane.org\/city\/2024\/04\/08\/los-llanos-de-aridane-habilita-32-nuevos-aparcamientos-en-la-zona-del-jable\/","title":{"rendered":"Los Llanos de Aridane habilita 32 nuevos aparcamientos en la zona del Jable"},"content":{"rendered":"<p><em>Se trata de una acci\u00f3n importante, en una zona donde confluye la actividad de varias instalaciones deportivas, y el d\u00eda a d\u00eda del CEIP Mariela C\u00e1ceres<\/em><!--more--><\/p>\n<p>El Ayuntamiento de Los Llanos de Aridane crea una nueva bolsa de aparcamiento en zona del Jable. Para ello, ha reordenado el tr\u00e1fico en la calle Jos\u00e9 Viera y Clavijo, sustituyendo el carril sentido oeste-este para habilitar 32 estacionamientos en l\u00ednea.<\/p>\n<p>El alcalde Javier Llamas asegura que se trata de una acci\u00f3n importante para mejorar la movilidad del municipio, y facilitar el d\u00eda a d\u00eda de la ciudadan\u00eda.<\/p>\n<p>\u201cEspecialmente en una zona muy din\u00e1mica, en la que confluyen las actividades que se realizan en el Estadio Municipal Acer\u00f3, la piscina municipal y el CEIP Mariela C\u00e1ceres\u201d, apunta el alcalde, recordando que desde el Ayuntamiento \u201ces una prioridad\u201d seguir habilitando nuevas zonas de aparcamiento.<\/p>\n<p>En este sentido, el concejal de Seguridad, Francisco Acosta, agradece el trabajo conjunto que realiza el Ayuntamiento junto con la Oficina T\u00e9cnica y la Polic\u00eda Local para habilitar esta y otras bolsas de estacionamiento.<\/p>\n<p>Asimismo, el concejal recuerda otras acciones que emprende el consistorio para mejorar la movilidad en el municipio, como la campa\u00f1a de retirada gratuita de veh\u00edculos abandonados que coordinan las \u00e1reas de Seguridad y Servicios Municipales.<\/p>\n<p>\u201cA d\u00eda de hoy ya son m\u00e1s de 80 veh\u00edculos los que hemos conseguido retirar de las v\u00edas p\u00fablicas con la campa\u00f1a de retirada de veh\u00edculos. Esto no s\u00f3lo desbloquea nuevas plazas de aparcamiento, sino que refuerza la seguridad de las v\u00edas. En un territorio limitado como el nuestro, es importante apoyarse de los t\u00e9cnicos para impulsar soluciones innovadoras y efectivas\u201d, se\u00f1ala el concejal.<\/p>\n","protected":false},"excerpt":{"rendered":"<p>Se trata de una acci\u00f3n importante, en una zona donde confluye la actividad de varias instalaciones deportivas, y el d\u00eda a d\u00eda del CEIP Mariela C\u00e1ceres<\/p>\n","protected":false},"author":4,"featured_media":3684,"comment_status":"open","ping_status":"open","sticky":false,"template":"","format":"standard","meta":{"footnotes":""},"categories":[1],"tags":[],"class_list":["post-3683","post","type-post","status-publish","format-standard","has-post-thumbnail","hentry","category-sin-categoria"],"yoast_head":"<!-- This site is optimized with the Yoast SEO plugin v22.7 - https:\/\/yoast.com\/wordpress\/plugins\/seo\/ -->\n<title>Los Llanos de Aridane habilita 32 nuevos aparcamientos en la zona del Jable - Ayuntamiento de Los Llanos de Aridane<\/title>\n<meta name=\"robots\" content=\"index, follow, max-snippet:-1, max-image-preview:large, max-video-preview:-1\" \/>\n<link rel=\"canonical\" href=\"https:\/\/www.aridane.org\/city\/2024\/04\/08\/los-llanos-de-aridane-habilita-32-nuevos-aparcamientos-en-la-zona-del-jable\/\" \/>\n<meta property=\"og:locale\" content=\"es_ES\" \/>\n<meta property=\"og:type\" content=\"article\" \/>\n<meta property=\"og:title\" content=\"Los Llanos de Aridane habilita 32 nuevos aparcamientos en la zona del Jable - Ayuntamiento de Los Llanos de Aridane\" \/>\n<meta property=\"og:description\" content=\"Se trata de una acci\u00f3n importante, en una zona donde confluye la actividad de varias instalaciones deportivas, y el d\u00eda a d\u00eda del CEIP Mariela C\u00e1ceres\" \/>\n<meta property=\"og:url\" content=\"https:\/\/www.aridane.org\/city\/2024\/04\/08\/los-llanos-de-aridane-habilita-32-nuevos-aparcamientos-en-la-zona-del-jable\/\" \/>\n<meta property=\"og:site_name\" content=\"Ayuntamiento de Los Llanos de Aridane\" \/>\n<meta property=\"article:published_time\" content=\"2024-04-08T10:32:19+00:00\" \/>\n<meta property=\"article:modified_time\" content=\"2024-04-09T10:32:44+00:00\" \/>\n<meta property=\"og:image\" content=\"https:\/\/www.aridane.org\/city\/wp-content\/uploads\/2024\/04\/Aparcamientos1.jpeg\" \/>\n\t<meta property=\"og:image:width\" content=\"1599\" \/>\n\t<meta property=\"og:image:height\" content=\"899\" \/>\n\t<meta property=\"og:image:type\" content=\"image\/jpeg\" \/>\n<meta name=\"author\" content=\"Corresponsal\" \/>\n<meta name=\"twitter:card\" content=\"summary_large_image\" \/>\n<meta name=\"twitter:label1\" content=\"Escrito por\" \/>\n\t<meta name=\"twitter:data1\" content=\"Corresponsal\" \/>\n\t<meta name=\"twitter:label2\" content=\"Tiempo de lectura\" \/>\n\t<meta name=\"twitter:data2\" content=\"2 minutos\" \/>\n<script type=\"application\/ld+json\" class=\"yoast-schema-graph\">{\"@context\":\"https:\/\/schema.org\",\"@graph\":[{\"@type\":\"WebPage\",\"@id\":\"https:\/\/www.aridane.org\/city\/2024\/04\/08\/los-llanos-de-aridane-habilita-32-nuevos-aparcamientos-en-la-zona-del-jable\/\",\"url\":\"https:\/\/www.aridane.org\/city\/2024\/04\/08\/los-llanos-de-aridane-habilita-32-nuevos-aparcamientos-en-la-zona-del-jable\/\",\"name\":\"Los Llanos de Aridane habilita 32 nuevos aparcamientos en la zona del Jable - Ayuntamiento de Los Llanos de Aridane\",\"isPartOf\":{\"@id\":\"https:\/\/www.aridane.org\/city\/#website\"},\"primaryImageOfPage\":{\"@id\":\"https:\/\/www.aridane.org\/city\/2024\/04\/08\/los-llanos-de-aridane-habilita-32-nuevos-aparcamientos-en-la-zona-del-jable\/#primaryimage\"},\"image\":{\"@id\":\"https:\/\/www.aridane.org\/city\/2024\/04\/08\/los-llanos-de-aridane-habilita-32-nuevos-aparcamientos-en-la-zona-del-jable\/#primaryimage\"},\"thumbnailUrl\":\"https:\/\/www.aridane.org\/city\/wp-content\/uploads\/2024\/04\/Aparcamientos1.jpeg\",\"datePublished\":\"2024-04-08T10:32:19+00:00\",\"dateModified\":\"2024-04-09T10:32:44+00:00\",\"author\":{\"@id\":\"https:\/\/www.aridane.org\/city\/#\/schema\/person\/89ebd376b223dc94cc1dbcf200c8e6da\"},\"breadcrumb\":{\"@id\":\"https:\/\/www.aridane.org\/city\/2024\/04\/08\/los-llanos-de-aridane-habilita-32-nuevos-aparcamientos-en-la-zona-del-jable\/#breadcrumb\"},\"inLanguage\":\"es\",\"potentialAction\":[{\"@type\":\"ReadAction\",\"target\":[\"https:\/\/www.aridane.org\/city\/2024\/04\/08\/los-llanos-de-aridane-habilita-32-nuevos-aparcamientos-en-la-zona-del-jable\/\"]}]},{\"@type\":\"ImageObject\",\"inLanguage\":\"es\",\"@id\":\"https:\/\/www.aridane.org\/city\/2024\/04\/08\/los-llanos-de-aridane-habilita-32-nuevos-aparcamientos-en-la-zona-del-jable\/#primaryimage\",\"url\":\"https:\/\/www.aridane.org\/city\/wp-content\/uploads\/2024\/04\/Aparcamientos1.jpeg\",\"contentUrl\":\"https:\/\/www.aridane.org\/city\/wp-content\/uploads\/2024\/04\/Aparcamientos1.jpeg\",\"width\":1599,\"height\":899},{\"@type\":\"BreadcrumbList\",\"@id\":\"https:\/\/www.aridane.org\/city\/2024\/04\/08\/los-llanos-de-aridane-habilita-32-nuevos-aparcamientos-en-la-zona-del-jable\/#breadcrumb\",\"itemListElement\":[{\"@type\":\"ListItem\",\"position\":1,\"name\":\"Portada\",\"item\":\"https:\/\/www.aridane.org\/city\/\"},{\"@type\":\"ListItem\",\"position\":2,\"name\":\"Los Llanos de Aridane habilita 32 nuevos aparcamientos en la zona del Jable\"}]},{\"@type\":\"WebSite\",\"@id\":\"https:\/\/www.aridane.org\/city\/#website\",\"url\":\"https:\/\/www.aridane.org\/city\/\",\"name\":\"Ayuntamiento de Los Llanos de Aridane\",\"description\":\"\",\"potentialAction\":[{\"@type\":\"SearchAction\",\"target\":{\"@type\":\"EntryPoint\",\"urlTemplate\":\"https:\/\/www.aridane.org\/city\/?s={search_term_string}\"},\"query-input\":\"required name=search_term_string\"}],\"inLanguage\":\"es\"},{\"@type\":\"Person\",\"@id\":\"https:\/\/www.aridane.org\/city\/#\/schema\/person\/89ebd376b223dc94cc1dbcf200c8e6da\",\"name\":\"Corresponsal\",\"image\":{\"@type\":\"ImageObject\",\"inLanguage\":\"es\",\"@id\":\"https:\/\/www.aridane.org\/city\/#\/schema\/person\/image\/\",\"url\":\"https:\/\/secure.gravatar.com\/avatar\/1c476992411e4ccf153da63b2b2f5ea0bb4cb1c85f3ceab8512f04325ad5579c?s=96&d=mm&r=g\",\"contentUrl\":\"https:\/\/secure.gravatar.com\/avatar\/1c476992411e4ccf153da63b2b2f5ea0bb4cb1c85f3ceab8512f04325ad5579c?s=96&d=mm&r=g\",\"caption\":\"Corresponsal\"},\"url\":\"https:\/\/www.aridane.org\/city\/author\/corresponsal\/\"}]}<\/script>\n<!-- \/ Yoast SEO plugin. -->","yoast_head_json":{"title":"Los Llanos de Aridane habilita 32 nuevos aparcamientos en la zona del Jable - Ayuntamiento de Los Llanos de Aridane","robots":{"index":"index","follow":"follow","max-snippet":"max-snippet:-1","max-image-preview":"max-image-preview:large","max-video-preview":"max-video-preview:-1"},"canonical":"https:\/\/www.aridane.org\/city\/2024\/04\/08\/los-llanos-de-aridane-habilita-32-nuevos-aparcamientos-en-la-zona-del-jable\/","og_locale":"es_ES","og_type":"article","og_title":"Los Llanos de Aridane habilita 32 nuevos aparcamientos en la zona del Jable - Ayuntamiento de Los Llanos de Aridane","og_description":"Se trata de una acci\u00f3n importante, en una zona donde confluye la actividad de varias instalaciones deportivas, y el d\u00eda a d\u00eda del CEIP Mariela C\u00e1ceres","og_url":"https:\/\/www.aridane.org\/city\/2024\/04\/08\/los-llanos-de-aridane-habilita-32-nuevos-aparcamientos-en-la-zona-del-jable\/","og_site_name":"Ayuntamiento de Los Llanos de Aridane","article_published_time":"2024-04-08T10:32:19+00:00","article_modified_time":"2024-04-09T10:32:44+00:00","og_image":[{"width":1599,"height":899,"url":"https:\/\/www.aridane.org\/city\/wp-content\/uploads\/2024\/04\/Aparcamientos1.jpeg","type":"image\/jpeg"}],"author":"Corresponsal","twitter_card":"summary_large_image","twitter_misc":{"Escrito por":"Corresponsal","Tiempo de lectura":"2 minutos"},"schema":{"@context":"https:\/\/schema.org","@graph":[{"@type":"WebPage","@id":"https:\/\/www.aridane.org\/city\/2024\/04\/08\/los-llanos-de-aridane-habilita-32-nuevos-aparcamientos-en-la-zona-del-jable\/","url":"https:\/\/www.aridane.org\/city\/2024\/04\/08\/los-llanos-de-aridane-habilita-32-nuevos-aparcamientos-en-la-zona-del-jable\/","name":"Los Llanos de Aridane habilita 32 nuevos aparcamientos en la zona del Jable - Ayuntamiento de Los Llanos de Aridane","isPartOf":{"@id":"https:\/\/www.aridane.org\/city\/#website"},"primaryImageOfPage":{"@id":"https:\/\/www.aridane.org\/city\/2024\/04\/08\/los-llanos-de-aridane-habilita-32-nuevos-aparcamientos-en-la-zona-del-jable\/#primaryimage"},"image":{"@id":"https:\/\/www.aridane.org\/city\/2024\/04\/08\/los-llanos-de-aridane-habilita-32-nuevos-aparcamientos-en-la-zona-del-jable\/#primaryimage"},"thumbnailUrl":"https:\/\/www.aridane.org\/city\/wp-content\/uploads\/2024\/04\/Aparcamientos1.jpeg","datePublished":"2024-04-08T10:32:19+00:00","dateModified":"2024-04-09T10:32:44+00:00","author":{"@id":"https:\/\/www.aridane.org\/city\/#\/schema\/person\/89ebd376b223dc94cc1dbcf200c8e6da"},"breadcrumb":{"@id":"https:\/\/www.aridane.org\/city\/2024\/04\/08\/los-llanos-de-aridane-habilita-32-nuevos-aparcamientos-en-la-zona-del-jable\/#breadcrumb"},"inLanguage":"es","potentialAction":[{"@type":"ReadAction","target":["https:\/\/www.aridane.org\/city\/2024\/04\/08\/los-llanos-de-aridane-habilita-32-nuevos-aparcamientos-en-la-zona-del-jable\/"]}]},{"@type":"ImageObject","inLanguage":"es","@id":"https:\/\/www.aridane.org\/city\/2024\/04\/08\/los-llanos-de-aridane-habilita-32-nuevos-aparcamientos-en-la-zona-del-jable\/#primaryimage","url":"https:\/\/www.aridane.org\/city\/wp-content\/uploads\/2024\/04\/Aparcamientos1.jpeg","contentUrl":"https:\/\/www.aridane.org\/city\/wp-content\/uploads\/2024\/04\/Aparcamientos1.jpeg","width":1599,"height":899},{"@type":"BreadcrumbList","@id":"https:\/\/www.aridane.org\/city\/2024\/04\/08\/los-llanos-de-aridane-habilita-32-nuevos-aparcamientos-en-la-zona-del-jable\/#breadcrumb","itemListElement":[{"@type":"ListItem","position":1,"name":"Portada","item":"https:\/\/www.aridane.org\/city\/"},{"@type":"ListItem","position":2,"name":"Los Llanos de Aridane habilita 32 nuevos aparcamientos en la zona del Jable"}]},{"@type":"WebSite","@id":"https:\/\/www.aridane.org\/city\/#website","url":"https:\/\/www.aridane.org\/city\/","name":"Ayuntamiento de Los Llanos de Aridane","description":"","potentialAction":[{"@type":"SearchAction","target":{"@type":"EntryPoint","urlTemplate":"https:\/\/www.aridane.org\/city\/?s={search_term_string}"},"query-input":"required name=search_term_string"}],"inLanguage":"es"},{"@type":"Person","@id":"https:\/\/www.aridane.org\/city\/#\/schema\/person\/89ebd376b223dc94cc1dbcf200c8e6da","name":"Corresponsal","image":{"@type":"ImageObject","inLanguage":"es","@id":"https:\/\/www.aridane.org\/city\/#\/schema\/person\/image\/","url":"https:\/\/secure.gravatar.com\/avatar\/1c476992411e4ccf153da63b2b2f5ea0bb4cb1c85f3ceab8512f04325ad5579c?s=96&d=mm&r=g","contentUrl":"https:\/\/secure.gravatar.com\/avatar\/1c476992411e4ccf153da63b2b2f5ea0bb4cb1c85f3ceab8512f04325ad5579c?s=96&d=mm&r=g","caption":"Corresponsal"},"url":"https:\/\/www.aridane.org\/city\/author\/corresponsal\/"}]}},"_links":{"self":[{"href":"https:\/\/www.aridane.org\/city\/wp-json\/wp\/v2\/posts\/3683","targetHints":{"allow":["GET"]}}],"collection":[{"href":"https:\/\/www.aridane.org\/city\/wp-json\/wp\/v2\/posts"}],"about":[{"href":"https:\/\/www.aridane.org\/city\/wp-json\/wp\/v2\/types\/post"}],"author":[{"embeddable":true,"href":"https:\/\/www.aridane.org\/city\/wp-json\/wp\/v2\/users\/4"}],"replies":[{"embeddable":true,"href":"https:\/\/www.aridane.org\/city\/wp-json\/wp\/v2\/comments?post=3683"}],"version-history":[{"count":1,"href":"https:\/\/www.aridane.org\/city\/wp-json\/wp\/v2\/posts\/3683\/revisions"}],"predecessor-version":[{"id":3685,"href":"https:\/\/www.aridane.org\/city\/wp-json\/wp\/v2\/posts\/3683\/revisions\/3685"}],"wp:featuredmedia":[{"embeddable":true,"href":"https:\/\/www.aridane.org\/city\/wp-json\/wp\/v2\/media\/3684"}],"wp:attachment":[{"href":"https:\/\/www.aridane.org\/city\/wp-json\/wp\/v2\/media?parent=3683"}],"wp:term":[{"taxonomy":"category","embeddable":true,"href":"https:\/\/www.aridane.org\/city\/wp-json\/wp\/v2\/categories?post=3683"},{"taxonomy":"post_tag","embeddable":true,"href":"https:\/\/www.aridane.org\/city\/wp-json\/wp\/v2\/tags?post=3683"}],"curies":[{"name":"wp","href":"https:\/\/api.w.org\/{rel}","templated":true}]}}