{"id":3686,"date":"2024-04-09T10:34:19","date_gmt":"2024-04-09T10:34:19","guid":{"rendered":"https:\/\/www.aridane.org\/city\/?p=3686"},"modified":"2024-04-09T10:34:42","modified_gmt":"2024-04-09T10:34:42","slug":"los-llanos-de-aridane-impulsa-la-diversidad-a-traves-del-arte-en-el-ies-eusebio-barreto-lorenzo","status":"publish","type":"post","link":"https:\/\/www.aridane.org\/city\/2024\/04\/09\/los-llanos-de-aridane-impulsa-la-diversidad-a-traves-del-arte-en-el-ies-eusebio-barreto-lorenzo\/","title":{"rendered":"Los Llanos de Aridane impulsa la diversidad a trav\u00e9s del arte en el IES Eusebio Barreto Lorenzo"},"content":{"rendered":"<p><em>El mural, de la artista Andrea Trigos, \u201ces una composici\u00f3n pict\u00f3rica basada en la diversidad\u201d<\/em><!--more--><\/p>\n<p>El Ayuntamiento de Los Llanos de Aridane, en el marco de promover la igualdad y visibilizar la diversidad, sigue impulsando acciones en los centros educativos a trav\u00e9s del arte. Este lunes, 8 de abril, present\u00f3, junto a la directiva del IES Eusebio Barreto Lorenzo, el mural\u00a0<em>Distintas flores hacen un jard\u00edn.\u00a0<\/em><\/p>\n<p>Se trata de<em>\u00a0<\/em>una obra<em>\u00a0<\/em>de la artista Andrea Trigos, tambi\u00e9n conocida como \u2018andreamitaniart\u2019. quien ya ha realizado algunas pinturas en diferentes centros.<\/p>\n<p>La concejala de Igualdad, Idaira P\u00e9rez, manifiesta la importancia de difundir ideas a trav\u00e9s del arte y resalta su impacto a la hora de transmitir valores. \u201cHoy, y siempre, debemos promocionar valores que lleguen a los j\u00f3venes en formatos que gusten y penetren en la vida de todos\u201d, a\u00f1ade, refiri\u00e9ndose a la importancia de visibilizar estas cuestiones.<\/p>\n<p>Por su parte, Trigos explica que este mural es \u201cuna composici\u00f3n pict\u00f3rica basada en la diversidad, representada en colores y en distintos tipos de personas con mensaje alusivo a la variedad creada para la obra:\u00a0 \u2018distintas flores hacen un jard\u00edn\u2019\u201d.<\/p>\n<p>En los \u00faltimos meses, el \u00c1rea de Igualdad tambi\u00e9n ha inaugurado murales en el IES Jos\u00e9 Mar\u00eda P\u00e9rez Pulido, as\u00ed como bancos reivindicativos. El Ayuntamiento tambi\u00e9n trabaja de la mano con la comunidad educativa para construir una sociedad m\u00e1s igualitaria.<\/p>\n","protected":false},"excerpt":{"rendered":"<p>El mural, de la artista Andrea Trigos, \u201ces una composici\u00f3n pict\u00f3rica basada en la diversidad\u201d<\/p>\n","protected":false},"author":4,"featured_media":3687,"comment_status":"open","ping_status":"open","sticky":false,"template":"","format":"standard","meta":{"footnotes":""},"categories":[1],"tags":[],"class_list":["post-3686","post","type-post","status-publish","format-standard","has-post-thumbnail","hentry","category-sin-categoria"],"yoast_head":"<!-- This site is optimized with the Yoast SEO plugin v22.7 - https:\/\/yoast.com\/wordpress\/plugins\/seo\/ -->\n<title>Los Llanos de Aridane impulsa la diversidad a trav\u00e9s del arte en el IES Eusebio Barreto Lorenzo - Ayuntamiento de Los Llanos de Aridane<\/title>\n<meta name=\"robots\" content=\"index, follow, max-snippet:-1, max-image-preview:large, max-video-preview:-1\" \/>\n<link rel=\"canonical\" href=\"https:\/\/www.aridane.org\/city\/2024\/04\/09\/los-llanos-de-aridane-impulsa-la-diversidad-a-traves-del-arte-en-el-ies-eusebio-barreto-lorenzo\/\" \/>\n<meta property=\"og:locale\" content=\"es_ES\" \/>\n<meta property=\"og:type\" content=\"article\" \/>\n<meta property=\"og:title\" content=\"Los Llanos de Aridane impulsa la diversidad a trav\u00e9s del arte en el IES Eusebio Barreto Lorenzo - Ayuntamiento de Los Llanos de Aridane\" \/>\n<meta property=\"og:description\" content=\"El mural, de la artista Andrea Trigos, \u201ces una composici\u00f3n pict\u00f3rica basada en la diversidad\u201d\" \/>\n<meta property=\"og:url\" content=\"https:\/\/www.aridane.org\/city\/2024\/04\/09\/los-llanos-de-aridane-impulsa-la-diversidad-a-traves-del-arte-en-el-ies-eusebio-barreto-lorenzo\/\" \/>\n<meta property=\"og:site_name\" content=\"Ayuntamiento de Los Llanos de Aridane\" \/>\n<meta property=\"article:published_time\" content=\"2024-04-09T10:34:19+00:00\" \/>\n<meta property=\"article:modified_time\" content=\"2024-04-09T10:34:42+00:00\" \/>\n<meta property=\"og:image\" content=\"https:\/\/www.aridane.org\/city\/wp-content\/uploads\/2024\/04\/MuralEusebio-scaled.jpeg\" \/>\n\t<meta property=\"og:image:width\" content=\"2560\" \/>\n\t<meta property=\"og:image:height\" content=\"1706\" \/>\n\t<meta property=\"og:image:type\" content=\"image\/jpeg\" \/>\n<meta name=\"author\" content=\"Corresponsal\" \/>\n<meta name=\"twitter:card\" content=\"summary_large_image\" \/>\n<meta name=\"twitter:label1\" content=\"Escrito por\" \/>\n\t<meta name=\"twitter:data1\" content=\"Corresponsal\" \/>\n\t<meta name=\"twitter:label2\" content=\"Tiempo de lectura\" \/>\n\t<meta name=\"twitter:data2\" content=\"2 minutos\" \/>\n<script type=\"application\/ld+json\" class=\"yoast-schema-graph\">{\"@context\":\"https:\/\/schema.org\",\"@graph\":[{\"@type\":\"WebPage\",\"@id\":\"https:\/\/www.aridane.org\/city\/2024\/04\/09\/los-llanos-de-aridane-impulsa-la-diversidad-a-traves-del-arte-en-el-ies-eusebio-barreto-lorenzo\/\",\"url\":\"https:\/\/www.aridane.org\/city\/2024\/04\/09\/los-llanos-de-aridane-impulsa-la-diversidad-a-traves-del-arte-en-el-ies-eusebio-barreto-lorenzo\/\",\"name\":\"Los Llanos de Aridane impulsa la diversidad a trav\u00e9s del arte en el IES Eusebio Barreto Lorenzo - Ayuntamiento de Los Llanos de Aridane\",\"isPartOf\":{\"@id\":\"https:\/\/www.aridane.org\/city\/#website\"},\"primaryImageOfPage\":{\"@id\":\"https:\/\/www.aridane.org\/city\/2024\/04\/09\/los-llanos-de-aridane-impulsa-la-diversidad-a-traves-del-arte-en-el-ies-eusebio-barreto-lorenzo\/#primaryimage\"},\"image\":{\"@id\":\"https:\/\/www.aridane.org\/city\/2024\/04\/09\/los-llanos-de-aridane-impulsa-la-diversidad-a-traves-del-arte-en-el-ies-eusebio-barreto-lorenzo\/#primaryimage\"},\"thumbnailUrl\":\"https:\/\/www.aridane.org\/city\/wp-content\/uploads\/2024\/04\/MuralEusebio-scaled.jpeg\",\"datePublished\":\"2024-04-09T10:34:19+00:00\",\"dateModified\":\"2024-04-09T10:34:42+00:00\",\"author\":{\"@id\":\"https:\/\/www.aridane.org\/city\/#\/schema\/person\/89ebd376b223dc94cc1dbcf200c8e6da\"},\"breadcrumb\":{\"@id\":\"https:\/\/www.aridane.org\/city\/2024\/04\/09\/los-llanos-de-aridane-impulsa-la-diversidad-a-traves-del-arte-en-el-ies-eusebio-barreto-lorenzo\/#breadcrumb\"},\"inLanguage\":\"es\",\"potentialAction\":[{\"@type\":\"ReadAction\",\"target\":[\"https:\/\/www.aridane.org\/city\/2024\/04\/09\/los-llanos-de-aridane-impulsa-la-diversidad-a-traves-del-arte-en-el-ies-eusebio-barreto-lorenzo\/\"]}]},{\"@type\":\"ImageObject\",\"inLanguage\":\"es\",\"@id\":\"https:\/\/www.aridane.org\/city\/2024\/04\/09\/los-llanos-de-aridane-impulsa-la-diversidad-a-traves-del-arte-en-el-ies-eusebio-barreto-lorenzo\/#primaryimage\",\"url\":\"https:\/\/www.aridane.org\/city\/wp-content\/uploads\/2024\/04\/MuralEusebio-scaled.jpeg\",\"contentUrl\":\"https:\/\/www.aridane.org\/city\/wp-content\/uploads\/2024\/04\/MuralEusebio-scaled.jpeg\",\"width\":2560,\"height\":1706},{\"@type\":\"BreadcrumbList\",\"@id\":\"https:\/\/www.aridane.org\/city\/2024\/04\/09\/los-llanos-de-aridane-impulsa-la-diversidad-a-traves-del-arte-en-el-ies-eusebio-barreto-lorenzo\/#breadcrumb\",\"itemListElement\":[{\"@type\":\"ListItem\",\"position\":1,\"name\":\"Portada\",\"item\":\"https:\/\/www.aridane.org\/city\/\"},{\"@type\":\"ListItem\",\"position\":2,\"name\":\"Los Llanos de Aridane impulsa la diversidad a trav\u00e9s del arte en el IES Eusebio Barreto Lorenzo\"}]},{\"@type\":\"WebSite\",\"@id\":\"https:\/\/www.aridane.org\/city\/#website\",\"url\":\"https:\/\/www.aridane.org\/city\/\",\"name\":\"Ayuntamiento de Los Llanos de Aridane\",\"description\":\"\",\"potentialAction\":[{\"@type\":\"SearchAction\",\"target\":{\"@type\":\"EntryPoint\",\"urlTemplate\":\"https:\/\/www.aridane.org\/city\/?s={search_term_string}\"},\"query-input\":\"required name=search_term_string\"}],\"inLanguage\":\"es\"},{\"@type\":\"Person\",\"@id\":\"https:\/\/www.aridane.org\/city\/#\/schema\/person\/89ebd376b223dc94cc1dbcf200c8e6da\",\"name\":\"Corresponsal\",\"image\":{\"@type\":\"ImageObject\",\"inLanguage\":\"es\",\"@id\":\"https:\/\/www.aridane.org\/city\/#\/schema\/person\/image\/\",\"url\":\"https:\/\/secure.gravatar.com\/avatar\/1c476992411e4ccf153da63b2b2f5ea0bb4cb1c85f3ceab8512f04325ad5579c?s=96&d=mm&r=g\",\"contentUrl\":\"https:\/\/secure.gravatar.com\/avatar\/1c476992411e4ccf153da63b2b2f5ea0bb4cb1c85f3ceab8512f04325ad5579c?s=96&d=mm&r=g\",\"caption\":\"Corresponsal\"},\"url\":\"https:\/\/www.aridane.org\/city\/author\/corresponsal\/\"}]}<\/script>\n<!-- \/ Yoast SEO plugin. -->","yoast_head_json":{"title":"Los Llanos de Aridane impulsa la diversidad a trav\u00e9s del arte en el IES Eusebio Barreto Lorenzo - Ayuntamiento de Los Llanos de Aridane","robots":{"index":"index","follow":"follow","max-snippet":"max-snippet:-1","max-image-preview":"max-image-preview:large","max-video-preview":"max-video-preview:-1"},"canonical":"https:\/\/www.aridane.org\/city\/2024\/04\/09\/los-llanos-de-aridane-impulsa-la-diversidad-a-traves-del-arte-en-el-ies-eusebio-barreto-lorenzo\/","og_locale":"es_ES","og_type":"article","og_title":"Los Llanos de Aridane impulsa la diversidad a trav\u00e9s del arte en el IES Eusebio Barreto Lorenzo - Ayuntamiento de Los Llanos de Aridane","og_description":"El mural, de la artista Andrea Trigos, \u201ces una composici\u00f3n pict\u00f3rica basada en la diversidad\u201d","og_url":"https:\/\/www.aridane.org\/city\/2024\/04\/09\/los-llanos-de-aridane-impulsa-la-diversidad-a-traves-del-arte-en-el-ies-eusebio-barreto-lorenzo\/","og_site_name":"Ayuntamiento de Los Llanos de Aridane","article_published_time":"2024-04-09T10:34:19+00:00","article_modified_time":"2024-04-09T10:34:42+00:00","og_image":[{"width":2560,"height":1706,"url":"https:\/\/www.aridane.org\/city\/wp-content\/uploads\/2024\/04\/MuralEusebio-scaled.jpeg","type":"image\/jpeg"}],"author":"Corresponsal","twitter_card":"summary_large_image","twitter_misc":{"Escrito por":"Corresponsal","Tiempo de lectura":"2 minutos"},"schema":{"@context":"https:\/\/schema.org","@graph":[{"@type":"WebPage","@id":"https:\/\/www.aridane.org\/city\/2024\/04\/09\/los-llanos-de-aridane-impulsa-la-diversidad-a-traves-del-arte-en-el-ies-eusebio-barreto-lorenzo\/","url":"https:\/\/www.aridane.org\/city\/2024\/04\/09\/los-llanos-de-aridane-impulsa-la-diversidad-a-traves-del-arte-en-el-ies-eusebio-barreto-lorenzo\/","name":"Los Llanos de Aridane impulsa la diversidad a trav\u00e9s del arte en el IES Eusebio Barreto Lorenzo - Ayuntamiento de Los Llanos de Aridane","isPartOf":{"@id":"https:\/\/www.aridane.org\/city\/#website"},"primaryImageOfPage":{"@id":"https:\/\/www.aridane.org\/city\/2024\/04\/09\/los-llanos-de-aridane-impulsa-la-diversidad-a-traves-del-arte-en-el-ies-eusebio-barreto-lorenzo\/#primaryimage"},"image":{"@id":"https:\/\/www.aridane.org\/city\/2024\/04\/09\/los-llanos-de-aridane-impulsa-la-diversidad-a-traves-del-arte-en-el-ies-eusebio-barreto-lorenzo\/#primaryimage"},"thumbnailUrl":"https:\/\/www.aridane.org\/city\/wp-content\/uploads\/2024\/04\/MuralEusebio-scaled.jpeg","datePublished":"2024-04-09T10:34:19+00:00","dateModified":"2024-04-09T10:34:42+00:00","author":{"@id":"https:\/\/www.aridane.org\/city\/#\/schema\/person\/89ebd376b223dc94cc1dbcf200c8e6da"},"breadcrumb":{"@id":"https:\/\/www.aridane.org\/city\/2024\/04\/09\/los-llanos-de-aridane-impulsa-la-diversidad-a-traves-del-arte-en-el-ies-eusebio-barreto-lorenzo\/#breadcrumb"},"inLanguage":"es","potentialAction":[{"@type":"ReadAction","target":["https:\/\/www.aridane.org\/city\/2024\/04\/09\/los-llanos-de-aridane-impulsa-la-diversidad-a-traves-del-arte-en-el-ies-eusebio-barreto-lorenzo\/"]}]},{"@type":"ImageObject","inLanguage":"es","@id":"https:\/\/www.aridane.org\/city\/2024\/04\/09\/los-llanos-de-aridane-impulsa-la-diversidad-a-traves-del-arte-en-el-ies-eusebio-barreto-lorenzo\/#primaryimage","url":"https:\/\/www.aridane.org\/city\/wp-content\/uploads\/2024\/04\/MuralEusebio-scaled.jpeg","contentUrl":"https:\/\/www.aridane.org\/city\/wp-content\/uploads\/2024\/04\/MuralEusebio-scaled.jpeg","width":2560,"height":1706},{"@type":"BreadcrumbList","@id":"https:\/\/www.aridane.org\/city\/2024\/04\/09\/los-llanos-de-aridane-impulsa-la-diversidad-a-traves-del-arte-en-el-ies-eusebio-barreto-lorenzo\/#breadcrumb","itemListElement":[{"@type":"ListItem","position":1,"name":"Portada","item":"https:\/\/www.aridane.org\/city\/"},{"@type":"ListItem","position":2,"name":"Los Llanos de Aridane impulsa la diversidad a trav\u00e9s del arte en el IES Eusebio Barreto Lorenzo"}]},{"@type":"WebSite","@id":"https:\/\/www.aridane.org\/city\/#website","url":"https:\/\/www.aridane.org\/city\/","name":"Ayuntamiento de Los Llanos de Aridane","description":"","potentialAction":[{"@type":"SearchAction","target":{"@type":"EntryPoint","urlTemplate":"https:\/\/www.aridane.org\/city\/?s={search_term_string}"},"query-input":"required name=search_term_string"}],"inLanguage":"es"},{"@type":"Person","@id":"https:\/\/www.aridane.org\/city\/#\/schema\/person\/89ebd376b223dc94cc1dbcf200c8e6da","name":"Corresponsal","image":{"@type":"ImageObject","inLanguage":"es","@id":"https:\/\/www.aridane.org\/city\/#\/schema\/person\/image\/","url":"https:\/\/secure.gravatar.com\/avatar\/1c476992411e4ccf153da63b2b2f5ea0bb4cb1c85f3ceab8512f04325ad5579c?s=96&d=mm&r=g","contentUrl":"https:\/\/secure.gravatar.com\/avatar\/1c476992411e4ccf153da63b2b2f5ea0bb4cb1c85f3ceab8512f04325ad5579c?s=96&d=mm&r=g","caption":"Corresponsal"},"url":"https:\/\/www.aridane.org\/city\/author\/corresponsal\/"}]}},"_links":{"self":[{"href":"https:\/\/www.aridane.org\/city\/wp-json\/wp\/v2\/posts\/3686","targetHints":{"allow":["GET"]}}],"collection":[{"href":"https:\/\/www.aridane.org\/city\/wp-json\/wp\/v2\/posts"}],"about":[{"href":"https:\/\/www.aridane.org\/city\/wp-json\/wp\/v2\/types\/post"}],"author":[{"embeddable":true,"href":"https:\/\/www.aridane.org\/city\/wp-json\/wp\/v2\/users\/4"}],"replies":[{"embeddable":true,"href":"https:\/\/www.aridane.org\/city\/wp-json\/wp\/v2\/comments?post=3686"}],"version-history":[{"count":1,"href":"https:\/\/www.aridane.org\/city\/wp-json\/wp\/v2\/posts\/3686\/revisions"}],"predecessor-version":[{"id":3688,"href":"https:\/\/www.aridane.org\/city\/wp-json\/wp\/v2\/posts\/3686\/revisions\/3688"}],"wp:featuredmedia":[{"embeddable":true,"href":"https:\/\/www.aridane.org\/city\/wp-json\/wp\/v2\/media\/3687"}],"wp:attachment":[{"href":"https:\/\/www.aridane.org\/city\/wp-json\/wp\/v2\/media?parent=3686"}],"wp:term":[{"taxonomy":"category","embeddable":true,"href":"https:\/\/www.aridane.org\/city\/wp-json\/wp\/v2\/categories?post=3686"},{"taxonomy":"post_tag","embeddable":true,"href":"https:\/\/www.aridane.org\/city\/wp-json\/wp\/v2\/tags?post=3686"}],"curies":[{"name":"wp","href":"https:\/\/api.w.org\/{rel}","templated":true}]}}