{"id":3689,"date":"2024-04-09T10:36:13","date_gmt":"2024-04-09T10:36:13","guid":{"rendered":"https:\/\/www.aridane.org\/city\/?p=3689"},"modified":"2024-04-09T10:36:13","modified_gmt":"2024-04-09T10:36:13","slug":"los-llanos-de-aridane-se-viste-de-color-con-el-valle-de-las-flores","status":"publish","type":"post","link":"https:\/\/www.aridane.org\/city\/2024\/04\/09\/los-llanos-de-aridane-se-viste-de-color-con-el-valle-de-las-flores\/","title":{"rendered":"Los Llanos de Aridane se viste de color con el Valle de Las Flores"},"content":{"rendered":"<p><em>Los preparativos comenzar\u00e1n ma\u00f1ana 9 de abril, para terminar y exponer el viernes 12<\/em><br \/>\n<!--more--><\/p>\n<div id=\"v1forwardbody1\">\n<p>Los Llanos de Aridane se prepara para vivir una nueva edici\u00f3n del \u2018Valle de Las Flores\u2019. Una iniciativa que surge de las concejal\u00edas de Turismo y Fiestas y el artista tinerfe\u00f1o Carlos Curbelo, en colaboraci\u00f3n con las florister\u00edas del municipio.<\/p>\n<p>El martes, 9 de abril comenzar\u00e1 el periodo de confecci\u00f3n de dichos adornos, para su posterior exposici\u00f3n el viernes, d\u00eda 12. Tambi\u00e9n, el s\u00e1bado 13 tendr\u00e1 lugar un tributo al cantante colombiano Camilo a cargo de Kevin Carballo, en La Plaza de Espa\u00f1a a las 13:00 horas.<\/p>\n<p>La concejala de Turismo, Inmaculada Fern\u00e1ndez, agradece tanto al artista Carlos Curbelo como a las florister\u00edas del municipio su colaboraci\u00f3n. Por otro lado, hace hincapi\u00e9 en \u201cel buen trato y respeto por las estructuras, para que se pueda conservar la exposici\u00f3n el mayor tiempo posible\u201d. Asimismo, recuerda que el cartel es una colaboraci\u00f3n de la Escuela Manolo Blahnik.<\/p>\n<p>Por su parte, el concejal de Fiestas, \u00c1lvaro Pages, invita a la ciudadan\u00eda a disfrutar del evento musical \u201cque complementar\u00e1 el colorido de los adornos florales con el ambiente festivo propio de la m\u00fasica de la estrella colombiana Camilo, todo gracias al talento extraordinario del artista Kevin Carballo\u201d.<\/p>\n<p>Este evento vive su cuarta edici\u00f3n, despu\u00e9s del \u00e9xito de las ediciones anteriores. Este a\u00f1o, se podr\u00e1 disfrutar de cuatro esculturas distribuidas en las cuatro localizaciones habituales: La Plaza de Espa\u00f1a, el balc\u00f3n del Ayuntamiento, las letras de Los Llanos de Aridane y las jardineras de la D\u00edaz Pimienta.<\/p>\n<\/div>\n","protected":false},"excerpt":{"rendered":"<p>Los preparativos comenzar\u00e1n ma\u00f1ana 9 de abril, para terminar y exponer el viernes 12<\/p>\n","protected":false},"author":4,"featured_media":3690,"comment_status":"open","ping_status":"open","sticky":false,"template":"","format":"standard","meta":{"footnotes":""},"categories":[1],"tags":[],"class_list":["post-3689","post","type-post","status-publish","format-standard","has-post-thumbnail","hentry","category-sin-categoria"],"yoast_head":"<!-- This site is optimized with the Yoast SEO plugin v22.7 - https:\/\/yoast.com\/wordpress\/plugins\/seo\/ -->\n<title>Los Llanos de Aridane se viste de color con el Valle de Las Flores - Ayuntamiento de Los Llanos de Aridane<\/title>\n<meta name=\"robots\" content=\"index, follow, max-snippet:-1, max-image-preview:large, max-video-preview:-1\" \/>\n<link rel=\"canonical\" href=\"https:\/\/www.aridane.org\/city\/2024\/04\/09\/los-llanos-de-aridane-se-viste-de-color-con-el-valle-de-las-flores\/\" \/>\n<meta property=\"og:locale\" content=\"es_ES\" \/>\n<meta property=\"og:type\" content=\"article\" \/>\n<meta property=\"og:title\" content=\"Los Llanos de Aridane se viste de color con el Valle de Las Flores - Ayuntamiento de Los Llanos de Aridane\" \/>\n<meta property=\"og:description\" content=\"Los preparativos comenzar\u00e1n ma\u00f1ana 9 de abril, para terminar y exponer el viernes 12\" \/>\n<meta property=\"og:url\" content=\"https:\/\/www.aridane.org\/city\/2024\/04\/09\/los-llanos-de-aridane-se-viste-de-color-con-el-valle-de-las-flores\/\" \/>\n<meta property=\"og:site_name\" content=\"Ayuntamiento de Los Llanos de Aridane\" \/>\n<meta property=\"article:published_time\" content=\"2024-04-09T10:36:13+00:00\" \/>\n<meta property=\"og:image\" content=\"https:\/\/www.aridane.org\/city\/wp-content\/uploads\/2024\/04\/El-Valle-de-Las-Flores.jpeg\" \/>\n\t<meta property=\"og:image:width\" content=\"1143\" \/>\n\t<meta property=\"og:image:height\" content=\"1600\" \/>\n\t<meta property=\"og:image:type\" content=\"image\/jpeg\" \/>\n<meta name=\"author\" content=\"Corresponsal\" \/>\n<meta name=\"twitter:card\" content=\"summary_large_image\" \/>\n<meta name=\"twitter:label1\" content=\"Escrito por\" \/>\n\t<meta name=\"twitter:data1\" content=\"Corresponsal\" \/>\n\t<meta name=\"twitter:label2\" content=\"Tiempo de lectura\" \/>\n\t<meta name=\"twitter:data2\" content=\"2 minutos\" \/>\n<script type=\"application\/ld+json\" class=\"yoast-schema-graph\">{\"@context\":\"https:\/\/schema.org\",\"@graph\":[{\"@type\":\"WebPage\",\"@id\":\"https:\/\/www.aridane.org\/city\/2024\/04\/09\/los-llanos-de-aridane-se-viste-de-color-con-el-valle-de-las-flores\/\",\"url\":\"https:\/\/www.aridane.org\/city\/2024\/04\/09\/los-llanos-de-aridane-se-viste-de-color-con-el-valle-de-las-flores\/\",\"name\":\"Los Llanos de Aridane se viste de color con el Valle de Las Flores - Ayuntamiento de Los Llanos de Aridane\",\"isPartOf\":{\"@id\":\"https:\/\/www.aridane.org\/city\/#website\"},\"primaryImageOfPage\":{\"@id\":\"https:\/\/www.aridane.org\/city\/2024\/04\/09\/los-llanos-de-aridane-se-viste-de-color-con-el-valle-de-las-flores\/#primaryimage\"},\"image\":{\"@id\":\"https:\/\/www.aridane.org\/city\/2024\/04\/09\/los-llanos-de-aridane-se-viste-de-color-con-el-valle-de-las-flores\/#primaryimage\"},\"thumbnailUrl\":\"https:\/\/www.aridane.org\/city\/wp-content\/uploads\/2024\/04\/El-Valle-de-Las-Flores.jpeg\",\"datePublished\":\"2024-04-09T10:36:13+00:00\",\"dateModified\":\"2024-04-09T10:36:13+00:00\",\"author\":{\"@id\":\"https:\/\/www.aridane.org\/city\/#\/schema\/person\/89ebd376b223dc94cc1dbcf200c8e6da\"},\"breadcrumb\":{\"@id\":\"https:\/\/www.aridane.org\/city\/2024\/04\/09\/los-llanos-de-aridane-se-viste-de-color-con-el-valle-de-las-flores\/#breadcrumb\"},\"inLanguage\":\"es\",\"potentialAction\":[{\"@type\":\"ReadAction\",\"target\":[\"https:\/\/www.aridane.org\/city\/2024\/04\/09\/los-llanos-de-aridane-se-viste-de-color-con-el-valle-de-las-flores\/\"]}]},{\"@type\":\"ImageObject\",\"inLanguage\":\"es\",\"@id\":\"https:\/\/www.aridane.org\/city\/2024\/04\/09\/los-llanos-de-aridane-se-viste-de-color-con-el-valle-de-las-flores\/#primaryimage\",\"url\":\"https:\/\/www.aridane.org\/city\/wp-content\/uploads\/2024\/04\/El-Valle-de-Las-Flores.jpeg\",\"contentUrl\":\"https:\/\/www.aridane.org\/city\/wp-content\/uploads\/2024\/04\/El-Valle-de-Las-Flores.jpeg\",\"width\":1143,\"height\":1600},{\"@type\":\"BreadcrumbList\",\"@id\":\"https:\/\/www.aridane.org\/city\/2024\/04\/09\/los-llanos-de-aridane-se-viste-de-color-con-el-valle-de-las-flores\/#breadcrumb\",\"itemListElement\":[{\"@type\":\"ListItem\",\"position\":1,\"name\":\"Portada\",\"item\":\"https:\/\/www.aridane.org\/city\/\"},{\"@type\":\"ListItem\",\"position\":2,\"name\":\"Los Llanos de Aridane se viste de color con el Valle de Las Flores\"}]},{\"@type\":\"WebSite\",\"@id\":\"https:\/\/www.aridane.org\/city\/#website\",\"url\":\"https:\/\/www.aridane.org\/city\/\",\"name\":\"Ayuntamiento de Los Llanos de Aridane\",\"description\":\"\",\"potentialAction\":[{\"@type\":\"SearchAction\",\"target\":{\"@type\":\"EntryPoint\",\"urlTemplate\":\"https:\/\/www.aridane.org\/city\/?s={search_term_string}\"},\"query-input\":\"required name=search_term_string\"}],\"inLanguage\":\"es\"},{\"@type\":\"Person\",\"@id\":\"https:\/\/www.aridane.org\/city\/#\/schema\/person\/89ebd376b223dc94cc1dbcf200c8e6da\",\"name\":\"Corresponsal\",\"image\":{\"@type\":\"ImageObject\",\"inLanguage\":\"es\",\"@id\":\"https:\/\/www.aridane.org\/city\/#\/schema\/person\/image\/\",\"url\":\"https:\/\/secure.gravatar.com\/avatar\/1c476992411e4ccf153da63b2b2f5ea0bb4cb1c85f3ceab8512f04325ad5579c?s=96&d=mm&r=g\",\"contentUrl\":\"https:\/\/secure.gravatar.com\/avatar\/1c476992411e4ccf153da63b2b2f5ea0bb4cb1c85f3ceab8512f04325ad5579c?s=96&d=mm&r=g\",\"caption\":\"Corresponsal\"},\"url\":\"https:\/\/www.aridane.org\/city\/author\/corresponsal\/\"}]}<\/script>\n<!-- \/ Yoast SEO plugin. -->","yoast_head_json":{"title":"Los Llanos de Aridane se viste de color con el Valle de Las Flores - Ayuntamiento de Los Llanos de Aridane","robots":{"index":"index","follow":"follow","max-snippet":"max-snippet:-1","max-image-preview":"max-image-preview:large","max-video-preview":"max-video-preview:-1"},"canonical":"https:\/\/www.aridane.org\/city\/2024\/04\/09\/los-llanos-de-aridane-se-viste-de-color-con-el-valle-de-las-flores\/","og_locale":"es_ES","og_type":"article","og_title":"Los Llanos de Aridane se viste de color con el Valle de Las Flores - Ayuntamiento de Los Llanos de Aridane","og_description":"Los preparativos comenzar\u00e1n ma\u00f1ana 9 de abril, para terminar y exponer el viernes 12","og_url":"https:\/\/www.aridane.org\/city\/2024\/04\/09\/los-llanos-de-aridane-se-viste-de-color-con-el-valle-de-las-flores\/","og_site_name":"Ayuntamiento de Los Llanos de Aridane","article_published_time":"2024-04-09T10:36:13+00:00","og_image":[{"width":1143,"height":1600,"url":"https:\/\/www.aridane.org\/city\/wp-content\/uploads\/2024\/04\/El-Valle-de-Las-Flores.jpeg","type":"image\/jpeg"}],"author":"Corresponsal","twitter_card":"summary_large_image","twitter_misc":{"Escrito por":"Corresponsal","Tiempo de lectura":"2 minutos"},"schema":{"@context":"https:\/\/schema.org","@graph":[{"@type":"WebPage","@id":"https:\/\/www.aridane.org\/city\/2024\/04\/09\/los-llanos-de-aridane-se-viste-de-color-con-el-valle-de-las-flores\/","url":"https:\/\/www.aridane.org\/city\/2024\/04\/09\/los-llanos-de-aridane-se-viste-de-color-con-el-valle-de-las-flores\/","name":"Los Llanos de Aridane se viste de color con el Valle de Las Flores - Ayuntamiento de Los Llanos de Aridane","isPartOf":{"@id":"https:\/\/www.aridane.org\/city\/#website"},"primaryImageOfPage":{"@id":"https:\/\/www.aridane.org\/city\/2024\/04\/09\/los-llanos-de-aridane-se-viste-de-color-con-el-valle-de-las-flores\/#primaryimage"},"image":{"@id":"https:\/\/www.aridane.org\/city\/2024\/04\/09\/los-llanos-de-aridane-se-viste-de-color-con-el-valle-de-las-flores\/#primaryimage"},"thumbnailUrl":"https:\/\/www.aridane.org\/city\/wp-content\/uploads\/2024\/04\/El-Valle-de-Las-Flores.jpeg","datePublished":"2024-04-09T10:36:13+00:00","dateModified":"2024-04-09T10:36:13+00:00","author":{"@id":"https:\/\/www.aridane.org\/city\/#\/schema\/person\/89ebd376b223dc94cc1dbcf200c8e6da"},"breadcrumb":{"@id":"https:\/\/www.aridane.org\/city\/2024\/04\/09\/los-llanos-de-aridane-se-viste-de-color-con-el-valle-de-las-flores\/#breadcrumb"},"inLanguage":"es","potentialAction":[{"@type":"ReadAction","target":["https:\/\/www.aridane.org\/city\/2024\/04\/09\/los-llanos-de-aridane-se-viste-de-color-con-el-valle-de-las-flores\/"]}]},{"@type":"ImageObject","inLanguage":"es","@id":"https:\/\/www.aridane.org\/city\/2024\/04\/09\/los-llanos-de-aridane-se-viste-de-color-con-el-valle-de-las-flores\/#primaryimage","url":"https:\/\/www.aridane.org\/city\/wp-content\/uploads\/2024\/04\/El-Valle-de-Las-Flores.jpeg","contentUrl":"https:\/\/www.aridane.org\/city\/wp-content\/uploads\/2024\/04\/El-Valle-de-Las-Flores.jpeg","width":1143,"height":1600},{"@type":"BreadcrumbList","@id":"https:\/\/www.aridane.org\/city\/2024\/04\/09\/los-llanos-de-aridane-se-viste-de-color-con-el-valle-de-las-flores\/#breadcrumb","itemListElement":[{"@type":"ListItem","position":1,"name":"Portada","item":"https:\/\/www.aridane.org\/city\/"},{"@type":"ListItem","position":2,"name":"Los Llanos de Aridane se viste de color con el Valle de Las Flores"}]},{"@type":"WebSite","@id":"https:\/\/www.aridane.org\/city\/#website","url":"https:\/\/www.aridane.org\/city\/","name":"Ayuntamiento de Los Llanos de Aridane","description":"","potentialAction":[{"@type":"SearchAction","target":{"@type":"EntryPoint","urlTemplate":"https:\/\/www.aridane.org\/city\/?s={search_term_string}"},"query-input":"required name=search_term_string"}],"inLanguage":"es"},{"@type":"Person","@id":"https:\/\/www.aridane.org\/city\/#\/schema\/person\/89ebd376b223dc94cc1dbcf200c8e6da","name":"Corresponsal","image":{"@type":"ImageObject","inLanguage":"es","@id":"https:\/\/www.aridane.org\/city\/#\/schema\/person\/image\/","url":"https:\/\/secure.gravatar.com\/avatar\/1c476992411e4ccf153da63b2b2f5ea0bb4cb1c85f3ceab8512f04325ad5579c?s=96&d=mm&r=g","contentUrl":"https:\/\/secure.gravatar.com\/avatar\/1c476992411e4ccf153da63b2b2f5ea0bb4cb1c85f3ceab8512f04325ad5579c?s=96&d=mm&r=g","caption":"Corresponsal"},"url":"https:\/\/www.aridane.org\/city\/author\/corresponsal\/"}]}},"_links":{"self":[{"href":"https:\/\/www.aridane.org\/city\/wp-json\/wp\/v2\/posts\/3689","targetHints":{"allow":["GET"]}}],"collection":[{"href":"https:\/\/www.aridane.org\/city\/wp-json\/wp\/v2\/posts"}],"about":[{"href":"https:\/\/www.aridane.org\/city\/wp-json\/wp\/v2\/types\/post"}],"author":[{"embeddable":true,"href":"https:\/\/www.aridane.org\/city\/wp-json\/wp\/v2\/users\/4"}],"replies":[{"embeddable":true,"href":"https:\/\/www.aridane.org\/city\/wp-json\/wp\/v2\/comments?post=3689"}],"version-history":[{"count":1,"href":"https:\/\/www.aridane.org\/city\/wp-json\/wp\/v2\/posts\/3689\/revisions"}],"predecessor-version":[{"id":3691,"href":"https:\/\/www.aridane.org\/city\/wp-json\/wp\/v2\/posts\/3689\/revisions\/3691"}],"wp:featuredmedia":[{"embeddable":true,"href":"https:\/\/www.aridane.org\/city\/wp-json\/wp\/v2\/media\/3690"}],"wp:attachment":[{"href":"https:\/\/www.aridane.org\/city\/wp-json\/wp\/v2\/media?parent=3689"}],"wp:term":[{"taxonomy":"category","embeddable":true,"href":"https:\/\/www.aridane.org\/city\/wp-json\/wp\/v2\/categories?post=3689"},{"taxonomy":"post_tag","embeddable":true,"href":"https:\/\/www.aridane.org\/city\/wp-json\/wp\/v2\/tags?post=3689"}],"curies":[{"name":"wp","href":"https:\/\/api.w.org\/{rel}","templated":true}]}}