{"id":3692,"date":"2024-04-10T09:48:09","date_gmt":"2024-04-10T09:48:09","guid":{"rendered":"https:\/\/www.aridane.org\/city\/?p=3692"},"modified":"2024-04-10T09:48:09","modified_gmt":"2024-04-10T09:48:09","slug":"la-musica-de-camilo-llenara-de-ritmo-los-llanos-de-aridane-este-sabado","status":"publish","type":"post","link":"https:\/\/www.aridane.org\/city\/2024\/04\/10\/la-musica-de-camilo-llenara-de-ritmo-los-llanos-de-aridane-este-sabado\/","title":{"rendered":"La m\u00fasica de Camilo llenar\u00e1 de ritmo Los Llanos de Aridane este s\u00e1bado"},"content":{"rendered":"<p><em>El tributo al cantautor colombiano, de la mano de Kevin Carballo, tendr\u00e1 lugar el pr\u00f3ximo 13 de abril<\/em><br \/>\n<!--more--><\/p>\n<div id=\"v1forwardbody1\">\n<p>Los Llanos de Aridane se inundar\u00e1 de ritmo y armon\u00eda este s\u00e1bado, 13 de abril, con el tributo al cantautor colombiano Camilo, de la mano del cantante canario Kevin Carballo.<\/p>\n<p>Este concierto, organizado por las concejal\u00edas de Juventud y Fiestas, y con la colaboraci\u00f3n de Enrale producciones, forma parte del evento El Valle de Las Flores, y tendr\u00e1 lugar en la Plaza de Espa\u00f1a a partir de las 13:00 horas.<\/p>\n<p>El concejal de Fiestas, \u00c1lvaro Pages, afirma que \u201cse sigue progresando en nuestra premisa de tener un municipio din\u00e1mico con continuos eventos que llenan de ambiente las calles de Los Llanos de Aridane.\u201d<\/p>\n<p>Por su parte, el concejal de Juventud, Eduardo P\u00e9rez, recuerda que el colombiano Camilo \u201ces un referente en el \u00e1mbito musical para la juventud a nivel internacional, y no cabe duda que este tributo tendr\u00e1 la acogida que merece\u201d.<\/p>\n<\/div>\n","protected":false},"excerpt":{"rendered":"<p>El tributo al cantautor colombiano, de la mano de Kevin Carballo, tendr\u00e1 lugar el pr\u00f3ximo 13 de abril<\/p>\n","protected":false},"author":4,"featured_media":3693,"comment_status":"open","ping_status":"open","sticky":false,"template":"","format":"standard","meta":{"footnotes":""},"categories":[1],"tags":[],"class_list":["post-3692","post","type-post","status-publish","format-standard","has-post-thumbnail","hentry","category-sin-categoria"],"yoast_head":"<!-- This site is optimized with the Yoast SEO plugin v22.7 - https:\/\/yoast.com\/wordpress\/plugins\/seo\/ -->\n<title>La m\u00fasica de Camilo llenar\u00e1 de ritmo Los Llanos de Aridane este s\u00e1bado - Ayuntamiento de Los Llanos de Aridane<\/title>\n<meta name=\"robots\" content=\"index, follow, max-snippet:-1, max-image-preview:large, max-video-preview:-1\" \/>\n<link rel=\"canonical\" href=\"https:\/\/www.aridane.org\/city\/2024\/04\/10\/la-musica-de-camilo-llenara-de-ritmo-los-llanos-de-aridane-este-sabado\/\" \/>\n<meta property=\"og:locale\" content=\"es_ES\" \/>\n<meta property=\"og:type\" content=\"article\" \/>\n<meta property=\"og:title\" content=\"La m\u00fasica de Camilo llenar\u00e1 de ritmo Los Llanos de Aridane este s\u00e1bado - Ayuntamiento de Los Llanos de Aridane\" \/>\n<meta property=\"og:description\" content=\"El tributo al cantautor colombiano, de la mano de Kevin Carballo, tendr\u00e1 lugar el pr\u00f3ximo 13 de abril\" \/>\n<meta property=\"og:url\" content=\"https:\/\/www.aridane.org\/city\/2024\/04\/10\/la-musica-de-camilo-llenara-de-ritmo-los-llanos-de-aridane-este-sabado\/\" \/>\n<meta property=\"og:site_name\" content=\"Ayuntamiento de Los Llanos de Aridane\" \/>\n<meta property=\"article:published_time\" content=\"2024-04-10T09:48:09+00:00\" \/>\n<meta property=\"og:image\" content=\"https:\/\/www.aridane.org\/city\/wp-content\/uploads\/2024\/04\/Tributo-a-Camilo.jpeg\" \/>\n\t<meta property=\"og:image:width\" content=\"1409\" \/>\n\t<meta property=\"og:image:height\" content=\"1600\" \/>\n\t<meta property=\"og:image:type\" content=\"image\/jpeg\" \/>\n<meta name=\"author\" content=\"Corresponsal\" \/>\n<meta name=\"twitter:card\" content=\"summary_large_image\" \/>\n<meta name=\"twitter:label1\" content=\"Escrito por\" \/>\n\t<meta name=\"twitter:data1\" content=\"Corresponsal\" \/>\n\t<meta name=\"twitter:label2\" content=\"Tiempo de lectura\" \/>\n\t<meta name=\"twitter:data2\" content=\"1 minuto\" \/>\n<script type=\"application\/ld+json\" class=\"yoast-schema-graph\">{\"@context\":\"https:\/\/schema.org\",\"@graph\":[{\"@type\":\"WebPage\",\"@id\":\"https:\/\/www.aridane.org\/city\/2024\/04\/10\/la-musica-de-camilo-llenara-de-ritmo-los-llanos-de-aridane-este-sabado\/\",\"url\":\"https:\/\/www.aridane.org\/city\/2024\/04\/10\/la-musica-de-camilo-llenara-de-ritmo-los-llanos-de-aridane-este-sabado\/\",\"name\":\"La m\u00fasica de Camilo llenar\u00e1 de ritmo Los Llanos de Aridane este s\u00e1bado - Ayuntamiento de Los Llanos de Aridane\",\"isPartOf\":{\"@id\":\"https:\/\/www.aridane.org\/city\/#website\"},\"primaryImageOfPage\":{\"@id\":\"https:\/\/www.aridane.org\/city\/2024\/04\/10\/la-musica-de-camilo-llenara-de-ritmo-los-llanos-de-aridane-este-sabado\/#primaryimage\"},\"image\":{\"@id\":\"https:\/\/www.aridane.org\/city\/2024\/04\/10\/la-musica-de-camilo-llenara-de-ritmo-los-llanos-de-aridane-este-sabado\/#primaryimage\"},\"thumbnailUrl\":\"https:\/\/www.aridane.org\/city\/wp-content\/uploads\/2024\/04\/Tributo-a-Camilo.jpeg\",\"datePublished\":\"2024-04-10T09:48:09+00:00\",\"dateModified\":\"2024-04-10T09:48:09+00:00\",\"author\":{\"@id\":\"https:\/\/www.aridane.org\/city\/#\/schema\/person\/89ebd376b223dc94cc1dbcf200c8e6da\"},\"breadcrumb\":{\"@id\":\"https:\/\/www.aridane.org\/city\/2024\/04\/10\/la-musica-de-camilo-llenara-de-ritmo-los-llanos-de-aridane-este-sabado\/#breadcrumb\"},\"inLanguage\":\"es\",\"potentialAction\":[{\"@type\":\"ReadAction\",\"target\":[\"https:\/\/www.aridane.org\/city\/2024\/04\/10\/la-musica-de-camilo-llenara-de-ritmo-los-llanos-de-aridane-este-sabado\/\"]}]},{\"@type\":\"ImageObject\",\"inLanguage\":\"es\",\"@id\":\"https:\/\/www.aridane.org\/city\/2024\/04\/10\/la-musica-de-camilo-llenara-de-ritmo-los-llanos-de-aridane-este-sabado\/#primaryimage\",\"url\":\"https:\/\/www.aridane.org\/city\/wp-content\/uploads\/2024\/04\/Tributo-a-Camilo.jpeg\",\"contentUrl\":\"https:\/\/www.aridane.org\/city\/wp-content\/uploads\/2024\/04\/Tributo-a-Camilo.jpeg\",\"width\":1409,\"height\":1600},{\"@type\":\"BreadcrumbList\",\"@id\":\"https:\/\/www.aridane.org\/city\/2024\/04\/10\/la-musica-de-camilo-llenara-de-ritmo-los-llanos-de-aridane-este-sabado\/#breadcrumb\",\"itemListElement\":[{\"@type\":\"ListItem\",\"position\":1,\"name\":\"Portada\",\"item\":\"https:\/\/www.aridane.org\/city\/\"},{\"@type\":\"ListItem\",\"position\":2,\"name\":\"La m\u00fasica de Camilo llenar\u00e1 de ritmo Los Llanos de Aridane este s\u00e1bado\"}]},{\"@type\":\"WebSite\",\"@id\":\"https:\/\/www.aridane.org\/city\/#website\",\"url\":\"https:\/\/www.aridane.org\/city\/\",\"name\":\"Ayuntamiento de Los Llanos de Aridane\",\"description\":\"\",\"potentialAction\":[{\"@type\":\"SearchAction\",\"target\":{\"@type\":\"EntryPoint\",\"urlTemplate\":\"https:\/\/www.aridane.org\/city\/?s={search_term_string}\"},\"query-input\":\"required name=search_term_string\"}],\"inLanguage\":\"es\"},{\"@type\":\"Person\",\"@id\":\"https:\/\/www.aridane.org\/city\/#\/schema\/person\/89ebd376b223dc94cc1dbcf200c8e6da\",\"name\":\"Corresponsal\",\"image\":{\"@type\":\"ImageObject\",\"inLanguage\":\"es\",\"@id\":\"https:\/\/www.aridane.org\/city\/#\/schema\/person\/image\/\",\"url\":\"https:\/\/secure.gravatar.com\/avatar\/1c476992411e4ccf153da63b2b2f5ea0bb4cb1c85f3ceab8512f04325ad5579c?s=96&d=mm&r=g\",\"contentUrl\":\"https:\/\/secure.gravatar.com\/avatar\/1c476992411e4ccf153da63b2b2f5ea0bb4cb1c85f3ceab8512f04325ad5579c?s=96&d=mm&r=g\",\"caption\":\"Corresponsal\"},\"url\":\"https:\/\/www.aridane.org\/city\/author\/corresponsal\/\"}]}<\/script>\n<!-- \/ Yoast SEO plugin. -->","yoast_head_json":{"title":"La m\u00fasica de Camilo llenar\u00e1 de ritmo Los Llanos de Aridane este s\u00e1bado - Ayuntamiento de Los Llanos de Aridane","robots":{"index":"index","follow":"follow","max-snippet":"max-snippet:-1","max-image-preview":"max-image-preview:large","max-video-preview":"max-video-preview:-1"},"canonical":"https:\/\/www.aridane.org\/city\/2024\/04\/10\/la-musica-de-camilo-llenara-de-ritmo-los-llanos-de-aridane-este-sabado\/","og_locale":"es_ES","og_type":"article","og_title":"La m\u00fasica de Camilo llenar\u00e1 de ritmo Los Llanos de Aridane este s\u00e1bado - Ayuntamiento de Los Llanos de Aridane","og_description":"El tributo al cantautor colombiano, de la mano de Kevin Carballo, tendr\u00e1 lugar el pr\u00f3ximo 13 de abril","og_url":"https:\/\/www.aridane.org\/city\/2024\/04\/10\/la-musica-de-camilo-llenara-de-ritmo-los-llanos-de-aridane-este-sabado\/","og_site_name":"Ayuntamiento de Los Llanos de Aridane","article_published_time":"2024-04-10T09:48:09+00:00","og_image":[{"width":1409,"height":1600,"url":"https:\/\/www.aridane.org\/city\/wp-content\/uploads\/2024\/04\/Tributo-a-Camilo.jpeg","type":"image\/jpeg"}],"author":"Corresponsal","twitter_card":"summary_large_image","twitter_misc":{"Escrito por":"Corresponsal","Tiempo de lectura":"1 minuto"},"schema":{"@context":"https:\/\/schema.org","@graph":[{"@type":"WebPage","@id":"https:\/\/www.aridane.org\/city\/2024\/04\/10\/la-musica-de-camilo-llenara-de-ritmo-los-llanos-de-aridane-este-sabado\/","url":"https:\/\/www.aridane.org\/city\/2024\/04\/10\/la-musica-de-camilo-llenara-de-ritmo-los-llanos-de-aridane-este-sabado\/","name":"La m\u00fasica de Camilo llenar\u00e1 de ritmo Los Llanos de Aridane este s\u00e1bado - Ayuntamiento de Los Llanos de Aridane","isPartOf":{"@id":"https:\/\/www.aridane.org\/city\/#website"},"primaryImageOfPage":{"@id":"https:\/\/www.aridane.org\/city\/2024\/04\/10\/la-musica-de-camilo-llenara-de-ritmo-los-llanos-de-aridane-este-sabado\/#primaryimage"},"image":{"@id":"https:\/\/www.aridane.org\/city\/2024\/04\/10\/la-musica-de-camilo-llenara-de-ritmo-los-llanos-de-aridane-este-sabado\/#primaryimage"},"thumbnailUrl":"https:\/\/www.aridane.org\/city\/wp-content\/uploads\/2024\/04\/Tributo-a-Camilo.jpeg","datePublished":"2024-04-10T09:48:09+00:00","dateModified":"2024-04-10T09:48:09+00:00","author":{"@id":"https:\/\/www.aridane.org\/city\/#\/schema\/person\/89ebd376b223dc94cc1dbcf200c8e6da"},"breadcrumb":{"@id":"https:\/\/www.aridane.org\/city\/2024\/04\/10\/la-musica-de-camilo-llenara-de-ritmo-los-llanos-de-aridane-este-sabado\/#breadcrumb"},"inLanguage":"es","potentialAction":[{"@type":"ReadAction","target":["https:\/\/www.aridane.org\/city\/2024\/04\/10\/la-musica-de-camilo-llenara-de-ritmo-los-llanos-de-aridane-este-sabado\/"]}]},{"@type":"ImageObject","inLanguage":"es","@id":"https:\/\/www.aridane.org\/city\/2024\/04\/10\/la-musica-de-camilo-llenara-de-ritmo-los-llanos-de-aridane-este-sabado\/#primaryimage","url":"https:\/\/www.aridane.org\/city\/wp-content\/uploads\/2024\/04\/Tributo-a-Camilo.jpeg","contentUrl":"https:\/\/www.aridane.org\/city\/wp-content\/uploads\/2024\/04\/Tributo-a-Camilo.jpeg","width":1409,"height":1600},{"@type":"BreadcrumbList","@id":"https:\/\/www.aridane.org\/city\/2024\/04\/10\/la-musica-de-camilo-llenara-de-ritmo-los-llanos-de-aridane-este-sabado\/#breadcrumb","itemListElement":[{"@type":"ListItem","position":1,"name":"Portada","item":"https:\/\/www.aridane.org\/city\/"},{"@type":"ListItem","position":2,"name":"La m\u00fasica de Camilo llenar\u00e1 de ritmo Los Llanos de Aridane este s\u00e1bado"}]},{"@type":"WebSite","@id":"https:\/\/www.aridane.org\/city\/#website","url":"https:\/\/www.aridane.org\/city\/","name":"Ayuntamiento de Los Llanos de Aridane","description":"","potentialAction":[{"@type":"SearchAction","target":{"@type":"EntryPoint","urlTemplate":"https:\/\/www.aridane.org\/city\/?s={search_term_string}"},"query-input":"required name=search_term_string"}],"inLanguage":"es"},{"@type":"Person","@id":"https:\/\/www.aridane.org\/city\/#\/schema\/person\/89ebd376b223dc94cc1dbcf200c8e6da","name":"Corresponsal","image":{"@type":"ImageObject","inLanguage":"es","@id":"https:\/\/www.aridane.org\/city\/#\/schema\/person\/image\/","url":"https:\/\/secure.gravatar.com\/avatar\/1c476992411e4ccf153da63b2b2f5ea0bb4cb1c85f3ceab8512f04325ad5579c?s=96&d=mm&r=g","contentUrl":"https:\/\/secure.gravatar.com\/avatar\/1c476992411e4ccf153da63b2b2f5ea0bb4cb1c85f3ceab8512f04325ad5579c?s=96&d=mm&r=g","caption":"Corresponsal"},"url":"https:\/\/www.aridane.org\/city\/author\/corresponsal\/"}]}},"_links":{"self":[{"href":"https:\/\/www.aridane.org\/city\/wp-json\/wp\/v2\/posts\/3692","targetHints":{"allow":["GET"]}}],"collection":[{"href":"https:\/\/www.aridane.org\/city\/wp-json\/wp\/v2\/posts"}],"about":[{"href":"https:\/\/www.aridane.org\/city\/wp-json\/wp\/v2\/types\/post"}],"author":[{"embeddable":true,"href":"https:\/\/www.aridane.org\/city\/wp-json\/wp\/v2\/users\/4"}],"replies":[{"embeddable":true,"href":"https:\/\/www.aridane.org\/city\/wp-json\/wp\/v2\/comments?post=3692"}],"version-history":[{"count":1,"href":"https:\/\/www.aridane.org\/city\/wp-json\/wp\/v2\/posts\/3692\/revisions"}],"predecessor-version":[{"id":3694,"href":"https:\/\/www.aridane.org\/city\/wp-json\/wp\/v2\/posts\/3692\/revisions\/3694"}],"wp:featuredmedia":[{"embeddable":true,"href":"https:\/\/www.aridane.org\/city\/wp-json\/wp\/v2\/media\/3693"}],"wp:attachment":[{"href":"https:\/\/www.aridane.org\/city\/wp-json\/wp\/v2\/media?parent=3692"}],"wp:term":[{"taxonomy":"category","embeddable":true,"href":"https:\/\/www.aridane.org\/city\/wp-json\/wp\/v2\/categories?post=3692"},{"taxonomy":"post_tag","embeddable":true,"href":"https:\/\/www.aridane.org\/city\/wp-json\/wp\/v2\/tags?post=3692"}],"curies":[{"name":"wp","href":"https:\/\/api.w.org\/{rel}","templated":true}]}}