{"id":370,"date":"2020-11-27T18:04:15","date_gmt":"2020-11-27T18:04:15","guid":{"rendered":"https:\/\/aridane.org\/ciudad\/?p=370"},"modified":"2020-11-27T18:04:15","modified_gmt":"2020-11-27T18:04:15","slug":"el-ayuntamiento-aprueba-el-pacto-para-la-reactivacion-del-municipio-aridane-por-mucho-mas","status":"publish","type":"post","link":"https:\/\/www.aridane.org\/city\/2020\/11\/27\/el-ayuntamiento-aprueba-el-pacto-para-la-reactivacion-del-municipio-aridane-por-mucho-mas\/","title":{"rendered":"El Ayuntamiento aprueba el pacto para la reactivaci\u00f3n del municipio \u201cAridane por Mucho M\u00e1s\u201d"},"content":{"rendered":"<p>El Grupo de Gobierno del Ayuntamiento de Los Llanos de Aridane con el apoyo del Partido Socialista ha aprobado el denominado pacto por el impulso del municipio \u201cAridane por mucho m\u00e1s\u201d. El documento, en el cual se lleva trabajando desde que comenz\u00f3 la crisis sanitaria provocada por la Covid, no cont\u00f3 con los apoyos de Coalici\u00f3n Canaria y de Izquierda Unida Canaria.<\/p>\n<p>La Alcaldesa aridanense agradeci\u00f3 al Partido Socialista que haya apoyado este Pacto y destaca que \u201cno es momento para la discrepancia, sino para ofrecer soluciones a problemas que ha generado la crisis provocada por la pandemia del Covid\u201d, declar\u00f3 Noelia Garc\u00eda Leal.<\/p>\n<p>El pacto por el impulso \u201cAridane por mucho m\u00e1s\u201d recoge todas las medidas acordadas con los distintos agentes sociales y econ\u00f3micos del municipio as\u00ed como con las aportaciones realizadas por los partidos pol\u00edticos representados en la corporaci\u00f3n aridanense que busca actuar en el \u00e1mbito de las competencias propias de la administraci\u00f3n local y estableciendo como criterio principal la complementariedad de las medidas adoptadas por otras administraciones con el fin de optimizar los recursos p\u00fablicos, poniendo siempre en el centro de actuaci\u00f3n a las personas.<\/p>\n<p>Este paquete de medidas extraordinarias que son consideradas como vital en un momento de crisis generalizada como la actual ya que incide en el refuerzo a la protecci\u00f3n social a las familias que se han visto afectadas por los efectos de la pandemia. Desarrolla adem\u00e1s medidas de impulso y de reactivaci\u00f3n de la econom\u00eda en el municipio, teniendo en cuenta las necesidades del tejido econ\u00f3mico de Los Llanos de Aridane.<\/p>\n<p>Dentro de las medidas contempladas en este pacto que ya se est\u00e1n ejecutando en el municipio se encuentran la de agilizar el pago a las entidades deportivas, las subvenciones a las ONGs, as\u00ed como el pago a desplazamientos de estudiantes fuera del municipio. Tambi\u00e9n agilizar el pago a proveedores, o la colaboraci\u00f3n con los centros educativos del municipio para el inicio del curso escolar.<\/p>\n<p>Adem\u00e1s, otras de las acciones realizadas y que contempla este Pacto por la reactivaci\u00f3n corresponde a material de protecci\u00f3n para trabajadores municipales y para la poblaci\u00f3n en general; los protocolos de actuaci\u00f3n en las Escuelas Municipales y la Escuela Infantil; el personal extra que se ha contratado para ofrecer trabajo de limpieza y desinfecci\u00f3n en los colegios del municipio para el inicio y desarrollo del curso escolar as\u00ed como el constante trabajo que se realiza en la calle y las zonas de mayor concentraci\u00f3n de personas como centros sanitarios, dependencias municipales, etc.<br \/>\nOtra parte importante de este Plan ha sido la dinamizaci\u00f3n de sector comercial, pulm\u00f3n econ\u00f3mico de nuestro municipio, creando actividades y desarrollando campa\u00f1as que potencian en el consumidor la apuesta por el comercio y los productos locales, ampliado los huertos urbanos y reactivando el banco de tierras.<\/p>\n<p>La apuesta decidida que se ha hecho por el sector cultural en Los Llanos ha sido ejemplo de cultura segura en toda Canarias.<\/p>\n<p>En los \u00faltimos meses tal y como recoge el Plan se ha impulsado la contrataci\u00f3n p\u00fablica que se ha puesto y se pondr\u00e1 en marcha en las pr\u00f3ximas semanas.<\/p>\n<p>La Alcaldesa destac\u00f3 la importancia de que el Pacto es un documento vivo que est\u00e1 sujeto a las modificaciones en las comisiones de seguimiento y que a pesar de que el voto no haya sido favorable a todos los grupos pol\u00edticos seguir\u00e1 tendi\u00e9ndole la mano a todos los grupos convencida de que ning\u00fan concejal pueda mostrase en contra del progreso de nuestro municipio.<\/p>\n<p>\u201cNo es momento para la discrepancia sino ofrecer soluciones a problemas que ha generado la crisis provocada por la pandemia tenemos un camino largo por delante que podremos afrontar si estamos unidos\u201d, destac\u00f3 Garc\u00eda Leal.<\/p>\n","protected":false},"excerpt":{"rendered":"<p>El Grupo de Gobierno del Ayuntamiento de Los Llanos de Aridane con el apoyo del Partido Socialista ha aprobado el denominado pacto por el impulso del municipio \u201cAridane por mucho m\u00e1s\u201d. El documento, en el cual se lleva trabajando desde que comenz\u00f3 la crisis sanitaria&#8230;<\/p>\n","protected":false},"author":1,"featured_media":0,"comment_status":"closed","ping_status":"closed","sticky":false,"template":"","format":"standard","meta":{"footnotes":""},"categories":[6],"tags":[],"class_list":["post-370","post","type-post","status-publish","format-standard","hentry","category-prensa"],"yoast_head":"<!-- This site is optimized with the Yoast SEO plugin v22.7 - https:\/\/yoast.com\/wordpress\/plugins\/seo\/ -->\n<title>El Ayuntamiento aprueba el pacto para la reactivaci\u00f3n del municipio \u201cAridane por Mucho M\u00e1s\u201d - Ayuntamiento de Los Llanos de Aridane<\/title>\n<meta name=\"robots\" content=\"index, follow, max-snippet:-1, max-image-preview:large, max-video-preview:-1\" \/>\n<link rel=\"canonical\" href=\"https:\/\/www.aridane.org\/city\/2020\/11\/27\/el-ayuntamiento-aprueba-el-pacto-para-la-reactivacion-del-municipio-aridane-por-mucho-mas\/\" \/>\n<meta property=\"og:locale\" content=\"es_ES\" \/>\n<meta property=\"og:type\" content=\"article\" \/>\n<meta property=\"og:title\" content=\"El Ayuntamiento aprueba el pacto para la reactivaci\u00f3n del municipio \u201cAridane por Mucho M\u00e1s\u201d - Ayuntamiento de Los Llanos de Aridane\" \/>\n<meta property=\"og:description\" content=\"El Grupo de Gobierno del Ayuntamiento de Los Llanos de Aridane con el apoyo del Partido Socialista ha aprobado el denominado pacto por el impulso del municipio \u201cAridane por mucho m\u00e1s\u201d. El documento, en el cual se lleva trabajando desde que comenz\u00f3 la crisis sanitaria...\" \/>\n<meta property=\"og:url\" content=\"https:\/\/www.aridane.org\/city\/2020\/11\/27\/el-ayuntamiento-aprueba-el-pacto-para-la-reactivacion-del-municipio-aridane-por-mucho-mas\/\" \/>\n<meta property=\"og:site_name\" content=\"Ayuntamiento de Los Llanos de Aridane\" \/>\n<meta property=\"article:published_time\" content=\"2020-11-27T18:04:15+00:00\" \/>\n<meta name=\"author\" content=\"Richard Diaz\" \/>\n<meta name=\"twitter:card\" content=\"summary_large_image\" \/>\n<meta name=\"twitter:label1\" content=\"Escrito por\" \/>\n\t<meta name=\"twitter:data1\" content=\"Richard Diaz\" \/>\n\t<meta name=\"twitter:label2\" content=\"Tiempo de lectura\" \/>\n\t<meta name=\"twitter:data2\" content=\"3 minutos\" \/>\n<script type=\"application\/ld+json\" class=\"yoast-schema-graph\">{\"@context\":\"https:\/\/schema.org\",\"@graph\":[{\"@type\":\"WebPage\",\"@id\":\"https:\/\/www.aridane.org\/city\/2020\/11\/27\/el-ayuntamiento-aprueba-el-pacto-para-la-reactivacion-del-municipio-aridane-por-mucho-mas\/\",\"url\":\"https:\/\/www.aridane.org\/city\/2020\/11\/27\/el-ayuntamiento-aprueba-el-pacto-para-la-reactivacion-del-municipio-aridane-por-mucho-mas\/\",\"name\":\"El Ayuntamiento aprueba el pacto para la reactivaci\u00f3n del municipio \u201cAridane por Mucho M\u00e1s\u201d - Ayuntamiento de Los Llanos de Aridane\",\"isPartOf\":{\"@id\":\"https:\/\/www.aridane.org\/city\/#website\"},\"datePublished\":\"2020-11-27T18:04:15+00:00\",\"dateModified\":\"2020-11-27T18:04:15+00:00\",\"author\":{\"@id\":\"https:\/\/www.aridane.org\/city\/#\/schema\/person\/7d352ec7f29881716f298394432e7209\"},\"breadcrumb\":{\"@id\":\"https:\/\/www.aridane.org\/city\/2020\/11\/27\/el-ayuntamiento-aprueba-el-pacto-para-la-reactivacion-del-municipio-aridane-por-mucho-mas\/#breadcrumb\"},\"inLanguage\":\"es\",\"potentialAction\":[{\"@type\":\"ReadAction\",\"target\":[\"https:\/\/www.aridane.org\/city\/2020\/11\/27\/el-ayuntamiento-aprueba-el-pacto-para-la-reactivacion-del-municipio-aridane-por-mucho-mas\/\"]}]},{\"@type\":\"BreadcrumbList\",\"@id\":\"https:\/\/www.aridane.org\/city\/2020\/11\/27\/el-ayuntamiento-aprueba-el-pacto-para-la-reactivacion-del-municipio-aridane-por-mucho-mas\/#breadcrumb\",\"itemListElement\":[{\"@type\":\"ListItem\",\"position\":1,\"name\":\"Portada\",\"item\":\"https:\/\/www.aridane.org\/city\/\"},{\"@type\":\"ListItem\",\"position\":2,\"name\":\"El Ayuntamiento aprueba el pacto para la reactivaci\u00f3n del municipio \u201cAridane por Mucho M\u00e1s\u201d\"}]},{\"@type\":\"WebSite\",\"@id\":\"https:\/\/www.aridane.org\/city\/#website\",\"url\":\"https:\/\/www.aridane.org\/city\/\",\"name\":\"Ayuntamiento de Los Llanos de Aridane\",\"description\":\"\",\"potentialAction\":[{\"@type\":\"SearchAction\",\"target\":{\"@type\":\"EntryPoint\",\"urlTemplate\":\"https:\/\/www.aridane.org\/city\/?s={search_term_string}\"},\"query-input\":\"required name=search_term_string\"}],\"inLanguage\":\"es\"},{\"@type\":\"Person\",\"@id\":\"https:\/\/www.aridane.org\/city\/#\/schema\/person\/7d352ec7f29881716f298394432e7209\",\"name\":\"Richard Diaz\",\"image\":{\"@type\":\"ImageObject\",\"inLanguage\":\"es\",\"@id\":\"https:\/\/www.aridane.org\/city\/#\/schema\/person\/image\/\",\"url\":\"https:\/\/secure.gravatar.com\/avatar\/bacd6aefc26a4a204943090a4c596cd10f0857081ef3cfd12084a70ecb3161d5?s=96&d=mm&r=g\",\"contentUrl\":\"https:\/\/secure.gravatar.com\/avatar\/bacd6aefc26a4a204943090a4c596cd10f0857081ef3cfd12084a70ecb3161d5?s=96&d=mm&r=g\",\"caption\":\"Richard Diaz\"},\"sameAs\":[\"https:\/\/www.aridane.org\/city\"],\"url\":\"https:\/\/www.aridane.org\/city\/author\/richard-diaz\/\"}]}<\/script>\n<!-- \/ Yoast SEO plugin. -->","yoast_head_json":{"title":"El Ayuntamiento aprueba el pacto para la reactivaci\u00f3n del municipio \u201cAridane por Mucho M\u00e1s\u201d - Ayuntamiento de Los Llanos de Aridane","robots":{"index":"index","follow":"follow","max-snippet":"max-snippet:-1","max-image-preview":"max-image-preview:large","max-video-preview":"max-video-preview:-1"},"canonical":"https:\/\/www.aridane.org\/city\/2020\/11\/27\/el-ayuntamiento-aprueba-el-pacto-para-la-reactivacion-del-municipio-aridane-por-mucho-mas\/","og_locale":"es_ES","og_type":"article","og_title":"El Ayuntamiento aprueba el pacto para la reactivaci\u00f3n del municipio \u201cAridane por Mucho M\u00e1s\u201d - Ayuntamiento de Los Llanos de Aridane","og_description":"El Grupo de Gobierno del Ayuntamiento de Los Llanos de Aridane con el apoyo del Partido Socialista ha aprobado el denominado pacto por el impulso del municipio \u201cAridane por mucho m\u00e1s\u201d. El documento, en el cual se lleva trabajando desde que comenz\u00f3 la crisis sanitaria...","og_url":"https:\/\/www.aridane.org\/city\/2020\/11\/27\/el-ayuntamiento-aprueba-el-pacto-para-la-reactivacion-del-municipio-aridane-por-mucho-mas\/","og_site_name":"Ayuntamiento de Los Llanos de Aridane","article_published_time":"2020-11-27T18:04:15+00:00","author":"Richard Diaz","twitter_card":"summary_large_image","twitter_misc":{"Escrito por":"Richard Diaz","Tiempo de lectura":"3 minutos"},"schema":{"@context":"https:\/\/schema.org","@graph":[{"@type":"WebPage","@id":"https:\/\/www.aridane.org\/city\/2020\/11\/27\/el-ayuntamiento-aprueba-el-pacto-para-la-reactivacion-del-municipio-aridane-por-mucho-mas\/","url":"https:\/\/www.aridane.org\/city\/2020\/11\/27\/el-ayuntamiento-aprueba-el-pacto-para-la-reactivacion-del-municipio-aridane-por-mucho-mas\/","name":"El Ayuntamiento aprueba el pacto para la reactivaci\u00f3n del municipio \u201cAridane por Mucho M\u00e1s\u201d - Ayuntamiento de Los Llanos de Aridane","isPartOf":{"@id":"https:\/\/www.aridane.org\/city\/#website"},"datePublished":"2020-11-27T18:04:15+00:00","dateModified":"2020-11-27T18:04:15+00:00","author":{"@id":"https:\/\/www.aridane.org\/city\/#\/schema\/person\/7d352ec7f29881716f298394432e7209"},"breadcrumb":{"@id":"https:\/\/www.aridane.org\/city\/2020\/11\/27\/el-ayuntamiento-aprueba-el-pacto-para-la-reactivacion-del-municipio-aridane-por-mucho-mas\/#breadcrumb"},"inLanguage":"es","potentialAction":[{"@type":"ReadAction","target":["https:\/\/www.aridane.org\/city\/2020\/11\/27\/el-ayuntamiento-aprueba-el-pacto-para-la-reactivacion-del-municipio-aridane-por-mucho-mas\/"]}]},{"@type":"BreadcrumbList","@id":"https:\/\/www.aridane.org\/city\/2020\/11\/27\/el-ayuntamiento-aprueba-el-pacto-para-la-reactivacion-del-municipio-aridane-por-mucho-mas\/#breadcrumb","itemListElement":[{"@type":"ListItem","position":1,"name":"Portada","item":"https:\/\/www.aridane.org\/city\/"},{"@type":"ListItem","position":2,"name":"El Ayuntamiento aprueba el pacto para la reactivaci\u00f3n del municipio \u201cAridane por Mucho M\u00e1s\u201d"}]},{"@type":"WebSite","@id":"https:\/\/www.aridane.org\/city\/#website","url":"https:\/\/www.aridane.org\/city\/","name":"Ayuntamiento de Los Llanos de Aridane","description":"","potentialAction":[{"@type":"SearchAction","target":{"@type":"EntryPoint","urlTemplate":"https:\/\/www.aridane.org\/city\/?s={search_term_string}"},"query-input":"required name=search_term_string"}],"inLanguage":"es"},{"@type":"Person","@id":"https:\/\/www.aridane.org\/city\/#\/schema\/person\/7d352ec7f29881716f298394432e7209","name":"Richard Diaz","image":{"@type":"ImageObject","inLanguage":"es","@id":"https:\/\/www.aridane.org\/city\/#\/schema\/person\/image\/","url":"https:\/\/secure.gravatar.com\/avatar\/bacd6aefc26a4a204943090a4c596cd10f0857081ef3cfd12084a70ecb3161d5?s=96&d=mm&r=g","contentUrl":"https:\/\/secure.gravatar.com\/avatar\/bacd6aefc26a4a204943090a4c596cd10f0857081ef3cfd12084a70ecb3161d5?s=96&d=mm&r=g","caption":"Richard Diaz"},"sameAs":["https:\/\/www.aridane.org\/city"],"url":"https:\/\/www.aridane.org\/city\/author\/richard-diaz\/"}]}},"_links":{"self":[{"href":"https:\/\/www.aridane.org\/city\/wp-json\/wp\/v2\/posts\/370","targetHints":{"allow":["GET"]}}],"collection":[{"href":"https:\/\/www.aridane.org\/city\/wp-json\/wp\/v2\/posts"}],"about":[{"href":"https:\/\/www.aridane.org\/city\/wp-json\/wp\/v2\/types\/post"}],"author":[{"embeddable":true,"href":"https:\/\/www.aridane.org\/city\/wp-json\/wp\/v2\/users\/1"}],"replies":[{"embeddable":true,"href":"https:\/\/www.aridane.org\/city\/wp-json\/wp\/v2\/comments?post=370"}],"version-history":[{"count":0,"href":"https:\/\/www.aridane.org\/city\/wp-json\/wp\/v2\/posts\/370\/revisions"}],"wp:attachment":[{"href":"https:\/\/www.aridane.org\/city\/wp-json\/wp\/v2\/media?parent=370"}],"wp:term":[{"taxonomy":"category","embeddable":true,"href":"https:\/\/www.aridane.org\/city\/wp-json\/wp\/v2\/categories?post=370"},{"taxonomy":"post_tag","embeddable":true,"href":"https:\/\/www.aridane.org\/city\/wp-json\/wp\/v2\/tags?post=370"}],"curies":[{"name":"wp","href":"https:\/\/api.w.org\/{rel}","templated":true}]}}