{"id":3700,"date":"2024-04-25T12:18:05","date_gmt":"2024-04-25T12:18:05","guid":{"rendered":"https:\/\/www.aridane.org\/city\/?p=3700"},"modified":"2024-04-25T12:18:05","modified_gmt":"2024-04-25T12:18:05","slug":"los-llanos-de-aridane-publica-las-bases-del-concurso-para-el-cartel-de-las-fiestas-de-la-patrona","status":"publish","type":"post","link":"https:\/\/www.aridane.org\/city\/2024\/04\/25\/los-llanos-de-aridane-publica-las-bases-del-concurso-para-el-cartel-de-las-fiestas-de-la-patrona\/","title":{"rendered":"Los Llanos de Aridane publica las bases del concurso para el cartel de las Fiestas de La Patrona"},"content":{"rendered":"<p><em>Todas las personas interesadas pueden consultar las bases en la sede electr\u00f3nica del Ayuntamiento<\/em><br \/>\n<!--more--><\/p>\n<div id=\"v1forwardbody1\">\n<p>El Ayuntamiento de Los Llanos de Aridane publica las bases para el concurso del cartel de las Fiestas de La Patrona 2024. Las personas interesadas pueden consultarlas en sede electr\u00f3nica, con un plazo de presentaci\u00f3n de trabajos que se extender\u00e1 hasta el 10 de mayo de para quien lo haga de forma presencial, mientras que las personas que remitan su propuesta por correo, pueden hacerlo hasta el 13 de mayo.<\/p>\n<p>El concejal de Fiestas, \u00c1lvaro Pages, asegura que este concurso representa una oportunidad \u00fanica para destacar el talento y la creatividad, as\u00ed como para contribuir a la celebraci\u00f3n de las fiestas tradicionales. En este sentido, invita a todos los artistas, dise\u00f1adores y creativos a participar en el concurso.<\/p>\n<p>\u201cLa tem\u00e1tica ofrece un amplio margen para la expresi\u00f3n art\u00edstica, permitiendo explorar diferentes estilos, t\u00e9cnicas y enfoques creativos. Ya sea a trav\u00e9s de la representaci\u00f3n de la virgen, elementos simb\u00f3licos o escenas caracter\u00edsticas de nuestras festividades, cada propuesta tiene el potencial de transmitir la esencia y el esp\u00edritu de nuestras celebraciones\u201d, apunta el concejal.<\/p>\n<p>En el concurso se evaluar\u00e1 desde la calidad t\u00e9cnica hasta la originalidad del dise\u00f1o. Cada aspecto ser\u00e1 evaluado para seleccionar el cartel que mejor represente el esp\u00edritu festivo y devocional de las fiestas patronales. Tambi\u00e9n es importante recordar que el concurso es solo para personas residentes en Canarias. La persona ganadora ser\u00e1 premiada con 500 euros.<\/p>\n<p>Las personas pueden consultar las bases a trav\u00e9s del enlace https:\/\/eadmin.aridane.org\/publico\/edictos\/2024000085. El correo al que deben dirigir sus propuestas si deciden hacerlo de manera online es eadmin@aridane.org.<\/p>\n<\/div>\n","protected":false},"excerpt":{"rendered":"<p>Todas las personas interesadas pueden consultar las bases en la sede electr\u00f3nica del Ayuntamiento<\/p>\n","protected":false},"author":4,"featured_media":3701,"comment_status":"open","ping_status":"open","sticky":false,"template":"","format":"standard","meta":{"footnotes":""},"categories":[1],"tags":[],"class_list":["post-3700","post","type-post","status-publish","format-standard","has-post-thumbnail","hentry","category-sin-categoria"],"yoast_head":"<!-- This site is optimized with the Yoast SEO plugin v22.7 - https:\/\/yoast.com\/wordpress\/plugins\/seo\/ -->\n<title>Los Llanos de Aridane publica las bases del concurso para el cartel de las Fiestas de La Patrona - Ayuntamiento de Los Llanos de Aridane<\/title>\n<meta name=\"robots\" content=\"index, follow, max-snippet:-1, max-image-preview:large, max-video-preview:-1\" \/>\n<link rel=\"canonical\" href=\"https:\/\/www.aridane.org\/city\/2024\/04\/25\/los-llanos-de-aridane-publica-las-bases-del-concurso-para-el-cartel-de-las-fiestas-de-la-patrona\/\" \/>\n<meta property=\"og:locale\" content=\"es_ES\" \/>\n<meta property=\"og:type\" content=\"article\" \/>\n<meta property=\"og:title\" content=\"Los Llanos de Aridane publica las bases del concurso para el cartel de las Fiestas de La Patrona - Ayuntamiento de Los Llanos de Aridane\" \/>\n<meta property=\"og:description\" content=\"Todas las personas interesadas pueden consultar las bases en la sede electr\u00f3nica del Ayuntamiento\" \/>\n<meta property=\"og:url\" content=\"https:\/\/www.aridane.org\/city\/2024\/04\/25\/los-llanos-de-aridane-publica-las-bases-del-concurso-para-el-cartel-de-las-fiestas-de-la-patrona\/\" \/>\n<meta property=\"og:site_name\" content=\"Ayuntamiento de Los Llanos de Aridane\" \/>\n<meta property=\"article:published_time\" content=\"2024-04-25T12:18:05+00:00\" \/>\n<meta property=\"og:image\" content=\"https:\/\/www.aridane.org\/city\/wp-content\/uploads\/2024\/04\/Alvaro-Pages-1.jpeg\" \/>\n\t<meta property=\"og:image:width\" content=\"1600\" \/>\n\t<meta property=\"og:image:height\" content=\"1067\" \/>\n\t<meta property=\"og:image:type\" content=\"image\/jpeg\" \/>\n<meta name=\"author\" content=\"Corresponsal\" \/>\n<meta name=\"twitter:card\" content=\"summary_large_image\" \/>\n<meta name=\"twitter:label1\" content=\"Escrito por\" \/>\n\t<meta name=\"twitter:data1\" content=\"Corresponsal\" \/>\n\t<meta name=\"twitter:label2\" content=\"Tiempo de lectura\" \/>\n\t<meta name=\"twitter:data2\" content=\"2 minutos\" \/>\n<script type=\"application\/ld+json\" class=\"yoast-schema-graph\">{\"@context\":\"https:\/\/schema.org\",\"@graph\":[{\"@type\":\"WebPage\",\"@id\":\"https:\/\/www.aridane.org\/city\/2024\/04\/25\/los-llanos-de-aridane-publica-las-bases-del-concurso-para-el-cartel-de-las-fiestas-de-la-patrona\/\",\"url\":\"https:\/\/www.aridane.org\/city\/2024\/04\/25\/los-llanos-de-aridane-publica-las-bases-del-concurso-para-el-cartel-de-las-fiestas-de-la-patrona\/\",\"name\":\"Los Llanos de Aridane publica las bases del concurso para el cartel de las Fiestas de La Patrona - Ayuntamiento de Los Llanos de Aridane\",\"isPartOf\":{\"@id\":\"https:\/\/www.aridane.org\/city\/#website\"},\"primaryImageOfPage\":{\"@id\":\"https:\/\/www.aridane.org\/city\/2024\/04\/25\/los-llanos-de-aridane-publica-las-bases-del-concurso-para-el-cartel-de-las-fiestas-de-la-patrona\/#primaryimage\"},\"image\":{\"@id\":\"https:\/\/www.aridane.org\/city\/2024\/04\/25\/los-llanos-de-aridane-publica-las-bases-del-concurso-para-el-cartel-de-las-fiestas-de-la-patrona\/#primaryimage\"},\"thumbnailUrl\":\"https:\/\/www.aridane.org\/city\/wp-content\/uploads\/2024\/04\/Alvaro-Pages-1.jpeg\",\"datePublished\":\"2024-04-25T12:18:05+00:00\",\"dateModified\":\"2024-04-25T12:18:05+00:00\",\"author\":{\"@id\":\"https:\/\/www.aridane.org\/city\/#\/schema\/person\/89ebd376b223dc94cc1dbcf200c8e6da\"},\"breadcrumb\":{\"@id\":\"https:\/\/www.aridane.org\/city\/2024\/04\/25\/los-llanos-de-aridane-publica-las-bases-del-concurso-para-el-cartel-de-las-fiestas-de-la-patrona\/#breadcrumb\"},\"inLanguage\":\"es\",\"potentialAction\":[{\"@type\":\"ReadAction\",\"target\":[\"https:\/\/www.aridane.org\/city\/2024\/04\/25\/los-llanos-de-aridane-publica-las-bases-del-concurso-para-el-cartel-de-las-fiestas-de-la-patrona\/\"]}]},{\"@type\":\"ImageObject\",\"inLanguage\":\"es\",\"@id\":\"https:\/\/www.aridane.org\/city\/2024\/04\/25\/los-llanos-de-aridane-publica-las-bases-del-concurso-para-el-cartel-de-las-fiestas-de-la-patrona\/#primaryimage\",\"url\":\"https:\/\/www.aridane.org\/city\/wp-content\/uploads\/2024\/04\/Alvaro-Pages-1.jpeg\",\"contentUrl\":\"https:\/\/www.aridane.org\/city\/wp-content\/uploads\/2024\/04\/Alvaro-Pages-1.jpeg\",\"width\":1600,\"height\":1067},{\"@type\":\"BreadcrumbList\",\"@id\":\"https:\/\/www.aridane.org\/city\/2024\/04\/25\/los-llanos-de-aridane-publica-las-bases-del-concurso-para-el-cartel-de-las-fiestas-de-la-patrona\/#breadcrumb\",\"itemListElement\":[{\"@type\":\"ListItem\",\"position\":1,\"name\":\"Portada\",\"item\":\"https:\/\/www.aridane.org\/city\/\"},{\"@type\":\"ListItem\",\"position\":2,\"name\":\"Los Llanos de Aridane publica las bases del concurso para el cartel de las Fiestas de La Patrona\"}]},{\"@type\":\"WebSite\",\"@id\":\"https:\/\/www.aridane.org\/city\/#website\",\"url\":\"https:\/\/www.aridane.org\/city\/\",\"name\":\"Ayuntamiento de Los Llanos de Aridane\",\"description\":\"\",\"potentialAction\":[{\"@type\":\"SearchAction\",\"target\":{\"@type\":\"EntryPoint\",\"urlTemplate\":\"https:\/\/www.aridane.org\/city\/?s={search_term_string}\"},\"query-input\":\"required name=search_term_string\"}],\"inLanguage\":\"es\"},{\"@type\":\"Person\",\"@id\":\"https:\/\/www.aridane.org\/city\/#\/schema\/person\/89ebd376b223dc94cc1dbcf200c8e6da\",\"name\":\"Corresponsal\",\"image\":{\"@type\":\"ImageObject\",\"inLanguage\":\"es\",\"@id\":\"https:\/\/www.aridane.org\/city\/#\/schema\/person\/image\/\",\"url\":\"https:\/\/secure.gravatar.com\/avatar\/1c476992411e4ccf153da63b2b2f5ea0bb4cb1c85f3ceab8512f04325ad5579c?s=96&d=mm&r=g\",\"contentUrl\":\"https:\/\/secure.gravatar.com\/avatar\/1c476992411e4ccf153da63b2b2f5ea0bb4cb1c85f3ceab8512f04325ad5579c?s=96&d=mm&r=g\",\"caption\":\"Corresponsal\"},\"url\":\"https:\/\/www.aridane.org\/city\/author\/corresponsal\/\"}]}<\/script>\n<!-- \/ Yoast SEO plugin. -->","yoast_head_json":{"title":"Los Llanos de Aridane publica las bases del concurso para el cartel de las Fiestas de La Patrona - Ayuntamiento de Los Llanos de Aridane","robots":{"index":"index","follow":"follow","max-snippet":"max-snippet:-1","max-image-preview":"max-image-preview:large","max-video-preview":"max-video-preview:-1"},"canonical":"https:\/\/www.aridane.org\/city\/2024\/04\/25\/los-llanos-de-aridane-publica-las-bases-del-concurso-para-el-cartel-de-las-fiestas-de-la-patrona\/","og_locale":"es_ES","og_type":"article","og_title":"Los Llanos de Aridane publica las bases del concurso para el cartel de las Fiestas de La Patrona - Ayuntamiento de Los Llanos de Aridane","og_description":"Todas las personas interesadas pueden consultar las bases en la sede electr\u00f3nica del Ayuntamiento","og_url":"https:\/\/www.aridane.org\/city\/2024\/04\/25\/los-llanos-de-aridane-publica-las-bases-del-concurso-para-el-cartel-de-las-fiestas-de-la-patrona\/","og_site_name":"Ayuntamiento de Los Llanos de Aridane","article_published_time":"2024-04-25T12:18:05+00:00","og_image":[{"width":1600,"height":1067,"url":"https:\/\/www.aridane.org\/city\/wp-content\/uploads\/2024\/04\/Alvaro-Pages-1.jpeg","type":"image\/jpeg"}],"author":"Corresponsal","twitter_card":"summary_large_image","twitter_misc":{"Escrito por":"Corresponsal","Tiempo de lectura":"2 minutos"},"schema":{"@context":"https:\/\/schema.org","@graph":[{"@type":"WebPage","@id":"https:\/\/www.aridane.org\/city\/2024\/04\/25\/los-llanos-de-aridane-publica-las-bases-del-concurso-para-el-cartel-de-las-fiestas-de-la-patrona\/","url":"https:\/\/www.aridane.org\/city\/2024\/04\/25\/los-llanos-de-aridane-publica-las-bases-del-concurso-para-el-cartel-de-las-fiestas-de-la-patrona\/","name":"Los Llanos de Aridane publica las bases del concurso para el cartel de las Fiestas de La Patrona - Ayuntamiento de Los Llanos de Aridane","isPartOf":{"@id":"https:\/\/www.aridane.org\/city\/#website"},"primaryImageOfPage":{"@id":"https:\/\/www.aridane.org\/city\/2024\/04\/25\/los-llanos-de-aridane-publica-las-bases-del-concurso-para-el-cartel-de-las-fiestas-de-la-patrona\/#primaryimage"},"image":{"@id":"https:\/\/www.aridane.org\/city\/2024\/04\/25\/los-llanos-de-aridane-publica-las-bases-del-concurso-para-el-cartel-de-las-fiestas-de-la-patrona\/#primaryimage"},"thumbnailUrl":"https:\/\/www.aridane.org\/city\/wp-content\/uploads\/2024\/04\/Alvaro-Pages-1.jpeg","datePublished":"2024-04-25T12:18:05+00:00","dateModified":"2024-04-25T12:18:05+00:00","author":{"@id":"https:\/\/www.aridane.org\/city\/#\/schema\/person\/89ebd376b223dc94cc1dbcf200c8e6da"},"breadcrumb":{"@id":"https:\/\/www.aridane.org\/city\/2024\/04\/25\/los-llanos-de-aridane-publica-las-bases-del-concurso-para-el-cartel-de-las-fiestas-de-la-patrona\/#breadcrumb"},"inLanguage":"es","potentialAction":[{"@type":"ReadAction","target":["https:\/\/www.aridane.org\/city\/2024\/04\/25\/los-llanos-de-aridane-publica-las-bases-del-concurso-para-el-cartel-de-las-fiestas-de-la-patrona\/"]}]},{"@type":"ImageObject","inLanguage":"es","@id":"https:\/\/www.aridane.org\/city\/2024\/04\/25\/los-llanos-de-aridane-publica-las-bases-del-concurso-para-el-cartel-de-las-fiestas-de-la-patrona\/#primaryimage","url":"https:\/\/www.aridane.org\/city\/wp-content\/uploads\/2024\/04\/Alvaro-Pages-1.jpeg","contentUrl":"https:\/\/www.aridane.org\/city\/wp-content\/uploads\/2024\/04\/Alvaro-Pages-1.jpeg","width":1600,"height":1067},{"@type":"BreadcrumbList","@id":"https:\/\/www.aridane.org\/city\/2024\/04\/25\/los-llanos-de-aridane-publica-las-bases-del-concurso-para-el-cartel-de-las-fiestas-de-la-patrona\/#breadcrumb","itemListElement":[{"@type":"ListItem","position":1,"name":"Portada","item":"https:\/\/www.aridane.org\/city\/"},{"@type":"ListItem","position":2,"name":"Los Llanos de Aridane publica las bases del concurso para el cartel de las Fiestas de La Patrona"}]},{"@type":"WebSite","@id":"https:\/\/www.aridane.org\/city\/#website","url":"https:\/\/www.aridane.org\/city\/","name":"Ayuntamiento de Los Llanos de Aridane","description":"","potentialAction":[{"@type":"SearchAction","target":{"@type":"EntryPoint","urlTemplate":"https:\/\/www.aridane.org\/city\/?s={search_term_string}"},"query-input":"required name=search_term_string"}],"inLanguage":"es"},{"@type":"Person","@id":"https:\/\/www.aridane.org\/city\/#\/schema\/person\/89ebd376b223dc94cc1dbcf200c8e6da","name":"Corresponsal","image":{"@type":"ImageObject","inLanguage":"es","@id":"https:\/\/www.aridane.org\/city\/#\/schema\/person\/image\/","url":"https:\/\/secure.gravatar.com\/avatar\/1c476992411e4ccf153da63b2b2f5ea0bb4cb1c85f3ceab8512f04325ad5579c?s=96&d=mm&r=g","contentUrl":"https:\/\/secure.gravatar.com\/avatar\/1c476992411e4ccf153da63b2b2f5ea0bb4cb1c85f3ceab8512f04325ad5579c?s=96&d=mm&r=g","caption":"Corresponsal"},"url":"https:\/\/www.aridane.org\/city\/author\/corresponsal\/"}]}},"_links":{"self":[{"href":"https:\/\/www.aridane.org\/city\/wp-json\/wp\/v2\/posts\/3700","targetHints":{"allow":["GET"]}}],"collection":[{"href":"https:\/\/www.aridane.org\/city\/wp-json\/wp\/v2\/posts"}],"about":[{"href":"https:\/\/www.aridane.org\/city\/wp-json\/wp\/v2\/types\/post"}],"author":[{"embeddable":true,"href":"https:\/\/www.aridane.org\/city\/wp-json\/wp\/v2\/users\/4"}],"replies":[{"embeddable":true,"href":"https:\/\/www.aridane.org\/city\/wp-json\/wp\/v2\/comments?post=3700"}],"version-history":[{"count":1,"href":"https:\/\/www.aridane.org\/city\/wp-json\/wp\/v2\/posts\/3700\/revisions"}],"predecessor-version":[{"id":3702,"href":"https:\/\/www.aridane.org\/city\/wp-json\/wp\/v2\/posts\/3700\/revisions\/3702"}],"wp:featuredmedia":[{"embeddable":true,"href":"https:\/\/www.aridane.org\/city\/wp-json\/wp\/v2\/media\/3701"}],"wp:attachment":[{"href":"https:\/\/www.aridane.org\/city\/wp-json\/wp\/v2\/media?parent=3700"}],"wp:term":[{"taxonomy":"category","embeddable":true,"href":"https:\/\/www.aridane.org\/city\/wp-json\/wp\/v2\/categories?post=3700"},{"taxonomy":"post_tag","embeddable":true,"href":"https:\/\/www.aridane.org\/city\/wp-json\/wp\/v2\/tags?post=3700"}],"curies":[{"name":"wp","href":"https:\/\/api.w.org\/{rel}","templated":true}]}}