{"id":3703,"date":"2024-04-26T11:04:31","date_gmt":"2024-04-26T11:04:31","guid":{"rendered":"https:\/\/www.aridane.org\/city\/?p=3703"},"modified":"2024-04-26T11:04:31","modified_gmt":"2024-04-26T11:04:31","slug":"un-tributo-a-mecano-protagoniza-esta-nueva-edicion-de-contigo-almediodia","status":"publish","type":"post","link":"https:\/\/www.aridane.org\/city\/2024\/04\/26\/un-tributo-a-mecano-protagoniza-esta-nueva-edicion-de-contigo-almediodia\/","title":{"rendered":"Un tributo a Mecano protagoniza esta nueva edici\u00f3n de \u2018Contigo Almediod\u00eda\u2019\u00a0"},"content":{"rendered":"<p><em>El homenaje al exitoso grupo de pop espa\u00f1ol tendr\u00e1 lugar el s\u00e1bado, 27 de abril, a partir de las 13:00 horas<\/em><br \/>\n<!--more--><\/p>\n<div id=\"v1forwardbody1\">\n<p>La nueva edici\u00f3n del concierto \u2018Contigo Almediod\u00eda\u2019 llega a Los Llanos de Aridane con el tributo \u2018Mecano: me cuesta tanto olvidarte\u2019, a cargo de la cantante, actriz y bailarina Bel\u00e9n Alarc\u00f3n. Este homenaje a la exitosa banda de pop espa\u00f1ol ser\u00e1 el s\u00e1bado, 27 de abril a partir de las 13:00 horas en la Plaza de Espa\u00f1a.<\/p>\n<p>La concejala de Cultura, Marlene Gonz\u00e1lez, resalta la importancia de esta iniciativa, \u201cque durante tantos a\u00f1os ha llenado la Plaza de Espa\u00f1a y el casco urbano de Los Llanos de Aridane de un concurrido y acogedor ambiente\u201d.<\/p>\n<p>\u201cDebemos mantener y arropar a este evento intergeneracional que es historia cultural de nuestro municipio, el cual ha ganado repercusi\u00f3n regional y nacional, desde su g\u00e9nesis en el a\u00f1o 2006\u201d, a\u00f1ade la concejala, haciendo referencia tambi\u00e9n a que este concierto es un elemento dinamizador no s\u00f3lo en el \u00e1mbito social, sino adem\u00e1s en el econ\u00f3mico.<\/p>\n<h2><strong>Tributo a Mecano: Me cuesta tanto olvidarte<\/strong><\/h2>\n<p>Bel\u00e9n Alarc\u00f3n es la voz e imagen que da vida a la ic\u00f3nica Ana Torroja. El parecido f\u00edsico y vocal de la cantante convierten a este grupo en el mejor tributo de este afamado grupo musical. Est\u00e1 compuesto adem\u00e1s por una banda de primer nivel constituida por m\u00fasicos participantes en importantes agrupaciones de la m\u00fasica espa\u00f1ola: Salva Ortiz (Presuntos Implicados, Seguridad Social, Revolver), Bruno Olmos (Manu Tenorio, Calle Paris), Xema Reig (Diego Mart\u00edn, Smoking Souls) y Jos\u00e9 Garc\u00eda.<\/p>\n<\/div>\n","protected":false},"excerpt":{"rendered":"<p>El homenaje al exitoso grupo de pop espa\u00f1ol tendr\u00e1 lugar el s\u00e1bado, 27 de abril, a partir de las 13:00 horas<\/p>\n","protected":false},"author":4,"featured_media":3704,"comment_status":"open","ping_status":"open","sticky":false,"template":"","format":"standard","meta":{"footnotes":""},"categories":[1],"tags":[],"class_list":["post-3703","post","type-post","status-publish","format-standard","has-post-thumbnail","hentry","category-sin-categoria"],"yoast_head":"<!-- This site is optimized with the Yoast SEO plugin v22.7 - https:\/\/yoast.com\/wordpress\/plugins\/seo\/ -->\n<title>Un tributo a Mecano protagoniza esta nueva edici\u00f3n de \u2018Contigo Almediod\u00eda\u2019\u00a0 - Ayuntamiento de Los Llanos de Aridane<\/title>\n<meta name=\"robots\" content=\"index, follow, max-snippet:-1, max-image-preview:large, max-video-preview:-1\" \/>\n<link rel=\"canonical\" href=\"https:\/\/www.aridane.org\/city\/2024\/04\/26\/un-tributo-a-mecano-protagoniza-esta-nueva-edicion-de-contigo-almediodia\/\" \/>\n<meta property=\"og:locale\" content=\"es_ES\" \/>\n<meta property=\"og:type\" content=\"article\" \/>\n<meta property=\"og:title\" content=\"Un tributo a Mecano protagoniza esta nueva edici\u00f3n de \u2018Contigo Almediod\u00eda\u2019\u00a0 - Ayuntamiento de Los Llanos de Aridane\" \/>\n<meta property=\"og:description\" content=\"El homenaje al exitoso grupo de pop espa\u00f1ol tendr\u00e1 lugar el s\u00e1bado, 27 de abril, a partir de las 13:00 horas\" \/>\n<meta property=\"og:url\" content=\"https:\/\/www.aridane.org\/city\/2024\/04\/26\/un-tributo-a-mecano-protagoniza-esta-nueva-edicion-de-contigo-almediodia\/\" \/>\n<meta property=\"og:site_name\" content=\"Ayuntamiento de Los Llanos de Aridane\" \/>\n<meta property=\"article:published_time\" content=\"2024-04-26T11:04:31+00:00\" \/>\n<meta property=\"og:image\" content=\"https:\/\/www.aridane.org\/city\/wp-content\/uploads\/2024\/04\/Homenaje-a-Mecano.jpeg\" \/>\n\t<meta property=\"og:image:width\" content=\"678\" \/>\n\t<meta property=\"og:image:height\" content=\"960\" \/>\n\t<meta property=\"og:image:type\" content=\"image\/jpeg\" \/>\n<meta name=\"author\" content=\"Corresponsal\" \/>\n<meta name=\"twitter:card\" content=\"summary_large_image\" \/>\n<meta name=\"twitter:label1\" content=\"Escrito por\" \/>\n\t<meta name=\"twitter:data1\" content=\"Corresponsal\" \/>\n\t<meta name=\"twitter:label2\" content=\"Tiempo de lectura\" \/>\n\t<meta name=\"twitter:data2\" content=\"2 minutos\" \/>\n<script type=\"application\/ld+json\" class=\"yoast-schema-graph\">{\"@context\":\"https:\/\/schema.org\",\"@graph\":[{\"@type\":\"WebPage\",\"@id\":\"https:\/\/www.aridane.org\/city\/2024\/04\/26\/un-tributo-a-mecano-protagoniza-esta-nueva-edicion-de-contigo-almediodia\/\",\"url\":\"https:\/\/www.aridane.org\/city\/2024\/04\/26\/un-tributo-a-mecano-protagoniza-esta-nueva-edicion-de-contigo-almediodia\/\",\"name\":\"Un tributo a Mecano protagoniza esta nueva edici\u00f3n de \u2018Contigo Almediod\u00eda\u2019\u00a0 - Ayuntamiento de Los Llanos de Aridane\",\"isPartOf\":{\"@id\":\"https:\/\/www.aridane.org\/city\/#website\"},\"primaryImageOfPage\":{\"@id\":\"https:\/\/www.aridane.org\/city\/2024\/04\/26\/un-tributo-a-mecano-protagoniza-esta-nueva-edicion-de-contigo-almediodia\/#primaryimage\"},\"image\":{\"@id\":\"https:\/\/www.aridane.org\/city\/2024\/04\/26\/un-tributo-a-mecano-protagoniza-esta-nueva-edicion-de-contigo-almediodia\/#primaryimage\"},\"thumbnailUrl\":\"https:\/\/www.aridane.org\/city\/wp-content\/uploads\/2024\/04\/Homenaje-a-Mecano.jpeg\",\"datePublished\":\"2024-04-26T11:04:31+00:00\",\"dateModified\":\"2024-04-26T11:04:31+00:00\",\"author\":{\"@id\":\"https:\/\/www.aridane.org\/city\/#\/schema\/person\/89ebd376b223dc94cc1dbcf200c8e6da\"},\"breadcrumb\":{\"@id\":\"https:\/\/www.aridane.org\/city\/2024\/04\/26\/un-tributo-a-mecano-protagoniza-esta-nueva-edicion-de-contigo-almediodia\/#breadcrumb\"},\"inLanguage\":\"es\",\"potentialAction\":[{\"@type\":\"ReadAction\",\"target\":[\"https:\/\/www.aridane.org\/city\/2024\/04\/26\/un-tributo-a-mecano-protagoniza-esta-nueva-edicion-de-contigo-almediodia\/\"]}]},{\"@type\":\"ImageObject\",\"inLanguage\":\"es\",\"@id\":\"https:\/\/www.aridane.org\/city\/2024\/04\/26\/un-tributo-a-mecano-protagoniza-esta-nueva-edicion-de-contigo-almediodia\/#primaryimage\",\"url\":\"https:\/\/www.aridane.org\/city\/wp-content\/uploads\/2024\/04\/Homenaje-a-Mecano.jpeg\",\"contentUrl\":\"https:\/\/www.aridane.org\/city\/wp-content\/uploads\/2024\/04\/Homenaje-a-Mecano.jpeg\",\"width\":678,\"height\":960},{\"@type\":\"BreadcrumbList\",\"@id\":\"https:\/\/www.aridane.org\/city\/2024\/04\/26\/un-tributo-a-mecano-protagoniza-esta-nueva-edicion-de-contigo-almediodia\/#breadcrumb\",\"itemListElement\":[{\"@type\":\"ListItem\",\"position\":1,\"name\":\"Portada\",\"item\":\"https:\/\/www.aridane.org\/city\/\"},{\"@type\":\"ListItem\",\"position\":2,\"name\":\"Un tributo a Mecano protagoniza esta nueva edici\u00f3n de \u2018Contigo Almediod\u00eda\u2019\u00a0\"}]},{\"@type\":\"WebSite\",\"@id\":\"https:\/\/www.aridane.org\/city\/#website\",\"url\":\"https:\/\/www.aridane.org\/city\/\",\"name\":\"Ayuntamiento de Los Llanos de Aridane\",\"description\":\"\",\"potentialAction\":[{\"@type\":\"SearchAction\",\"target\":{\"@type\":\"EntryPoint\",\"urlTemplate\":\"https:\/\/www.aridane.org\/city\/?s={search_term_string}\"},\"query-input\":\"required name=search_term_string\"}],\"inLanguage\":\"es\"},{\"@type\":\"Person\",\"@id\":\"https:\/\/www.aridane.org\/city\/#\/schema\/person\/89ebd376b223dc94cc1dbcf200c8e6da\",\"name\":\"Corresponsal\",\"image\":{\"@type\":\"ImageObject\",\"inLanguage\":\"es\",\"@id\":\"https:\/\/www.aridane.org\/city\/#\/schema\/person\/image\/\",\"url\":\"https:\/\/secure.gravatar.com\/avatar\/1c476992411e4ccf153da63b2b2f5ea0bb4cb1c85f3ceab8512f04325ad5579c?s=96&d=mm&r=g\",\"contentUrl\":\"https:\/\/secure.gravatar.com\/avatar\/1c476992411e4ccf153da63b2b2f5ea0bb4cb1c85f3ceab8512f04325ad5579c?s=96&d=mm&r=g\",\"caption\":\"Corresponsal\"},\"url\":\"https:\/\/www.aridane.org\/city\/author\/corresponsal\/\"}]}<\/script>\n<!-- \/ Yoast SEO plugin. -->","yoast_head_json":{"title":"Un tributo a Mecano protagoniza esta nueva edici\u00f3n de \u2018Contigo Almediod\u00eda\u2019\u00a0 - Ayuntamiento de Los Llanos de Aridane","robots":{"index":"index","follow":"follow","max-snippet":"max-snippet:-1","max-image-preview":"max-image-preview:large","max-video-preview":"max-video-preview:-1"},"canonical":"https:\/\/www.aridane.org\/city\/2024\/04\/26\/un-tributo-a-mecano-protagoniza-esta-nueva-edicion-de-contigo-almediodia\/","og_locale":"es_ES","og_type":"article","og_title":"Un tributo a Mecano protagoniza esta nueva edici\u00f3n de \u2018Contigo Almediod\u00eda\u2019\u00a0 - Ayuntamiento de Los Llanos de Aridane","og_description":"El homenaje al exitoso grupo de pop espa\u00f1ol tendr\u00e1 lugar el s\u00e1bado, 27 de abril, a partir de las 13:00 horas","og_url":"https:\/\/www.aridane.org\/city\/2024\/04\/26\/un-tributo-a-mecano-protagoniza-esta-nueva-edicion-de-contigo-almediodia\/","og_site_name":"Ayuntamiento de Los Llanos de Aridane","article_published_time":"2024-04-26T11:04:31+00:00","og_image":[{"width":678,"height":960,"url":"https:\/\/www.aridane.org\/city\/wp-content\/uploads\/2024\/04\/Homenaje-a-Mecano.jpeg","type":"image\/jpeg"}],"author":"Corresponsal","twitter_card":"summary_large_image","twitter_misc":{"Escrito por":"Corresponsal","Tiempo de lectura":"2 minutos"},"schema":{"@context":"https:\/\/schema.org","@graph":[{"@type":"WebPage","@id":"https:\/\/www.aridane.org\/city\/2024\/04\/26\/un-tributo-a-mecano-protagoniza-esta-nueva-edicion-de-contigo-almediodia\/","url":"https:\/\/www.aridane.org\/city\/2024\/04\/26\/un-tributo-a-mecano-protagoniza-esta-nueva-edicion-de-contigo-almediodia\/","name":"Un tributo a Mecano protagoniza esta nueva edici\u00f3n de \u2018Contigo Almediod\u00eda\u2019\u00a0 - Ayuntamiento de Los Llanos de Aridane","isPartOf":{"@id":"https:\/\/www.aridane.org\/city\/#website"},"primaryImageOfPage":{"@id":"https:\/\/www.aridane.org\/city\/2024\/04\/26\/un-tributo-a-mecano-protagoniza-esta-nueva-edicion-de-contigo-almediodia\/#primaryimage"},"image":{"@id":"https:\/\/www.aridane.org\/city\/2024\/04\/26\/un-tributo-a-mecano-protagoniza-esta-nueva-edicion-de-contigo-almediodia\/#primaryimage"},"thumbnailUrl":"https:\/\/www.aridane.org\/city\/wp-content\/uploads\/2024\/04\/Homenaje-a-Mecano.jpeg","datePublished":"2024-04-26T11:04:31+00:00","dateModified":"2024-04-26T11:04:31+00:00","author":{"@id":"https:\/\/www.aridane.org\/city\/#\/schema\/person\/89ebd376b223dc94cc1dbcf200c8e6da"},"breadcrumb":{"@id":"https:\/\/www.aridane.org\/city\/2024\/04\/26\/un-tributo-a-mecano-protagoniza-esta-nueva-edicion-de-contigo-almediodia\/#breadcrumb"},"inLanguage":"es","potentialAction":[{"@type":"ReadAction","target":["https:\/\/www.aridane.org\/city\/2024\/04\/26\/un-tributo-a-mecano-protagoniza-esta-nueva-edicion-de-contigo-almediodia\/"]}]},{"@type":"ImageObject","inLanguage":"es","@id":"https:\/\/www.aridane.org\/city\/2024\/04\/26\/un-tributo-a-mecano-protagoniza-esta-nueva-edicion-de-contigo-almediodia\/#primaryimage","url":"https:\/\/www.aridane.org\/city\/wp-content\/uploads\/2024\/04\/Homenaje-a-Mecano.jpeg","contentUrl":"https:\/\/www.aridane.org\/city\/wp-content\/uploads\/2024\/04\/Homenaje-a-Mecano.jpeg","width":678,"height":960},{"@type":"BreadcrumbList","@id":"https:\/\/www.aridane.org\/city\/2024\/04\/26\/un-tributo-a-mecano-protagoniza-esta-nueva-edicion-de-contigo-almediodia\/#breadcrumb","itemListElement":[{"@type":"ListItem","position":1,"name":"Portada","item":"https:\/\/www.aridane.org\/city\/"},{"@type":"ListItem","position":2,"name":"Un tributo a Mecano protagoniza esta nueva edici\u00f3n de \u2018Contigo Almediod\u00eda\u2019\u00a0"}]},{"@type":"WebSite","@id":"https:\/\/www.aridane.org\/city\/#website","url":"https:\/\/www.aridane.org\/city\/","name":"Ayuntamiento de Los Llanos de Aridane","description":"","potentialAction":[{"@type":"SearchAction","target":{"@type":"EntryPoint","urlTemplate":"https:\/\/www.aridane.org\/city\/?s={search_term_string}"},"query-input":"required name=search_term_string"}],"inLanguage":"es"},{"@type":"Person","@id":"https:\/\/www.aridane.org\/city\/#\/schema\/person\/89ebd376b223dc94cc1dbcf200c8e6da","name":"Corresponsal","image":{"@type":"ImageObject","inLanguage":"es","@id":"https:\/\/www.aridane.org\/city\/#\/schema\/person\/image\/","url":"https:\/\/secure.gravatar.com\/avatar\/1c476992411e4ccf153da63b2b2f5ea0bb4cb1c85f3ceab8512f04325ad5579c?s=96&d=mm&r=g","contentUrl":"https:\/\/secure.gravatar.com\/avatar\/1c476992411e4ccf153da63b2b2f5ea0bb4cb1c85f3ceab8512f04325ad5579c?s=96&d=mm&r=g","caption":"Corresponsal"},"url":"https:\/\/www.aridane.org\/city\/author\/corresponsal\/"}]}},"_links":{"self":[{"href":"https:\/\/www.aridane.org\/city\/wp-json\/wp\/v2\/posts\/3703","targetHints":{"allow":["GET"]}}],"collection":[{"href":"https:\/\/www.aridane.org\/city\/wp-json\/wp\/v2\/posts"}],"about":[{"href":"https:\/\/www.aridane.org\/city\/wp-json\/wp\/v2\/types\/post"}],"author":[{"embeddable":true,"href":"https:\/\/www.aridane.org\/city\/wp-json\/wp\/v2\/users\/4"}],"replies":[{"embeddable":true,"href":"https:\/\/www.aridane.org\/city\/wp-json\/wp\/v2\/comments?post=3703"}],"version-history":[{"count":1,"href":"https:\/\/www.aridane.org\/city\/wp-json\/wp\/v2\/posts\/3703\/revisions"}],"predecessor-version":[{"id":3705,"href":"https:\/\/www.aridane.org\/city\/wp-json\/wp\/v2\/posts\/3703\/revisions\/3705"}],"wp:featuredmedia":[{"embeddable":true,"href":"https:\/\/www.aridane.org\/city\/wp-json\/wp\/v2\/media\/3704"}],"wp:attachment":[{"href":"https:\/\/www.aridane.org\/city\/wp-json\/wp\/v2\/media?parent=3703"}],"wp:term":[{"taxonomy":"category","embeddable":true,"href":"https:\/\/www.aridane.org\/city\/wp-json\/wp\/v2\/categories?post=3703"},{"taxonomy":"post_tag","embeddable":true,"href":"https:\/\/www.aridane.org\/city\/wp-json\/wp\/v2\/tags?post=3703"}],"curies":[{"name":"wp","href":"https:\/\/api.w.org\/{rel}","templated":true}]}}