{"id":3707,"date":"2024-04-29T16:40:30","date_gmt":"2024-04-29T16:40:30","guid":{"rendered":"https:\/\/www.aridane.org\/city\/?p=3707"},"modified":"2024-04-30T12:40:56","modified_gmt":"2024-04-30T12:40:56","slug":"retratos-con-amor-la-campana-de-los-llanos-de-aridane-para-el-dia-de-la-madre","status":"publish","type":"post","link":"https:\/\/www.aridane.org\/city\/2024\/04\/29\/retratos-con-amor-la-campana-de-los-llanos-de-aridane-para-el-dia-de-la-madre\/","title":{"rendered":"\u2018Retratos con amor\u2019: La campa\u00f1a de Los Llanos de Aridane para el D\u00eda de la Madre"},"content":{"rendered":"<p><em>Hasta el 5 de mayo habr\u00e1 un photocall en el bajo de la Casa de la Cultura para participar en un sorteo por el D\u00eda de la Madre<\/em><br \/>\n<!--more--><\/p>\n<div id=\"v1forwardbody1\">\n<p>El Ayuntamiento de Los Llanos de Aridane, de la mano con la Asociaci\u00f3n Comercial Zona Abierta (ACZA) y Zona Comercial Abierta (ZCA), presenta \u2018Retratos con amor\u2019, una campa\u00f1a con motivo del D\u00eda de la Madre que persigue fomentar el comercio local y dinamizar el centro del municipio.<\/p>\n<p>En \u2018Retratos con amor\u2019 las personas participantes entrar\u00e1n en un sorteo de hasta tres bonos regalo para utilizar en los comercios del municipio tras sacarse una fotograf\u00eda en el\u00a0<em>photocall<\/em>\u00a0instalado en el bajo de la Casa de la Cultura. La campa\u00f1a comienza este lunes, 29 de abril, y termina el domingo, 5 de mayo.<\/p>\n<p>La concejala de Comercio, Ver\u00f3nica Gonz\u00e1lez, asegura que \u2018Retratos con Amor\u2019 es una manera de incentivar el consumo en las empresas del municipio mientras se generan bonitos recuerdos con tu figura materna.<\/p>\n<p>\u201cNos gustar\u00eda ver a todas esas hijas e hijos con sus madres y sus abuelas o figuras maternas de referencia pasando por nuestro\u00a0<em>photocall\u00a0<\/em>y dinamizando nuestras zonas comerciales\u201d, a\u00f1ade.<\/p>\n<h2><strong>C\u00f3mo participar en el concurso<\/strong><\/h2>\n<p>Las personas que quieran participar deben tomarse una fotograf\u00eda en el\u00a0<em>photocall\u00a0<\/em>facilitado por el Ayuntamiento en los bajos de la Casa de la Cultura.<\/p>\n<p>Tras sacarse la foto, deben subirla a su Facebook o Instagram personal y etiquetar al consistorio para que quede constancia.<\/p>\n<p>Se aceptar\u00e1n tanto fotograf\u00edas en color como en blanco y negro. Se permitir\u00e1 un m\u00e1ximo de una fotograf\u00eda por participante. Todos los detalles se pueden consultar en las bases publicadas en la sede electr\u00f3nica\u00a0<a href=\"https:\/\/eadmin.aridane.org\/publico\/edictos\/2024000093\" target=\"_blank\" rel=\"noopener noreferrer\">https:\/\/eadmin.aridane.org\/publico\/edictos\/2024000093<\/a><\/p>\n<\/div>\n","protected":false},"excerpt":{"rendered":"<p>Hasta el 5 de mayo habr\u00e1 un photocall en el bajo de la Casa de la Cultura para participar en un sorteo por el D\u00eda de la Madre<\/p>\n","protected":false},"author":4,"featured_media":3708,"comment_status":"open","ping_status":"open","sticky":false,"template":"","format":"standard","meta":{"footnotes":""},"categories":[1],"tags":[],"class_list":["post-3707","post","type-post","status-publish","format-standard","has-post-thumbnail","hentry","category-sin-categoria"],"yoast_head":"<!-- This site is optimized with the Yoast SEO plugin v22.7 - https:\/\/yoast.com\/wordpress\/plugins\/seo\/ -->\n<title>\u2018Retratos con amor\u2019: La campa\u00f1a de Los Llanos de Aridane para el D\u00eda de la Madre - Ayuntamiento de Los Llanos de Aridane<\/title>\n<meta name=\"robots\" content=\"index, follow, max-snippet:-1, max-image-preview:large, max-video-preview:-1\" \/>\n<link rel=\"canonical\" href=\"https:\/\/www.aridane.org\/city\/2024\/04\/29\/retratos-con-amor-la-campana-de-los-llanos-de-aridane-para-el-dia-de-la-madre\/\" \/>\n<meta property=\"og:locale\" content=\"es_ES\" \/>\n<meta property=\"og:type\" content=\"article\" \/>\n<meta property=\"og:title\" content=\"\u2018Retratos con amor\u2019: La campa\u00f1a de Los Llanos de Aridane para el D\u00eda de la Madre - Ayuntamiento de Los Llanos de Aridane\" \/>\n<meta property=\"og:description\" content=\"Hasta el 5 de mayo habr\u00e1 un photocall en el bajo de la Casa de la Cultura para participar en un sorteo por el D\u00eda de la Madre\" \/>\n<meta property=\"og:url\" content=\"https:\/\/www.aridane.org\/city\/2024\/04\/29\/retratos-con-amor-la-campana-de-los-llanos-de-aridane-para-el-dia-de-la-madre\/\" \/>\n<meta property=\"og:site_name\" content=\"Ayuntamiento de Los Llanos de Aridane\" \/>\n<meta property=\"article:published_time\" content=\"2024-04-29T16:40:30+00:00\" \/>\n<meta property=\"article:modified_time\" content=\"2024-04-30T12:40:56+00:00\" \/>\n<meta property=\"og:image\" content=\"https:\/\/www.aridane.org\/city\/wp-content\/uploads\/2024\/04\/Retratos-con-amor.png\" \/>\n\t<meta property=\"og:image:width\" content=\"444\" \/>\n\t<meta property=\"og:image:height\" content=\"267\" \/>\n\t<meta property=\"og:image:type\" content=\"image\/png\" \/>\n<meta name=\"author\" content=\"Corresponsal\" \/>\n<meta name=\"twitter:card\" content=\"summary_large_image\" \/>\n<meta name=\"twitter:label1\" content=\"Escrito por\" \/>\n\t<meta name=\"twitter:data1\" content=\"Corresponsal\" \/>\n\t<meta name=\"twitter:label2\" content=\"Tiempo de lectura\" \/>\n\t<meta name=\"twitter:data2\" content=\"2 minutos\" \/>\n<script type=\"application\/ld+json\" class=\"yoast-schema-graph\">{\"@context\":\"https:\/\/schema.org\",\"@graph\":[{\"@type\":\"WebPage\",\"@id\":\"https:\/\/www.aridane.org\/city\/2024\/04\/29\/retratos-con-amor-la-campana-de-los-llanos-de-aridane-para-el-dia-de-la-madre\/\",\"url\":\"https:\/\/www.aridane.org\/city\/2024\/04\/29\/retratos-con-amor-la-campana-de-los-llanos-de-aridane-para-el-dia-de-la-madre\/\",\"name\":\"\u2018Retratos con amor\u2019: La campa\u00f1a de Los Llanos de Aridane para el D\u00eda de la Madre - Ayuntamiento de Los Llanos de Aridane\",\"isPartOf\":{\"@id\":\"https:\/\/www.aridane.org\/city\/#website\"},\"primaryImageOfPage\":{\"@id\":\"https:\/\/www.aridane.org\/city\/2024\/04\/29\/retratos-con-amor-la-campana-de-los-llanos-de-aridane-para-el-dia-de-la-madre\/#primaryimage\"},\"image\":{\"@id\":\"https:\/\/www.aridane.org\/city\/2024\/04\/29\/retratos-con-amor-la-campana-de-los-llanos-de-aridane-para-el-dia-de-la-madre\/#primaryimage\"},\"thumbnailUrl\":\"https:\/\/www.aridane.org\/city\/wp-content\/uploads\/2024\/04\/Retratos-con-amor.png\",\"datePublished\":\"2024-04-29T16:40:30+00:00\",\"dateModified\":\"2024-04-30T12:40:56+00:00\",\"author\":{\"@id\":\"https:\/\/www.aridane.org\/city\/#\/schema\/person\/89ebd376b223dc94cc1dbcf200c8e6da\"},\"breadcrumb\":{\"@id\":\"https:\/\/www.aridane.org\/city\/2024\/04\/29\/retratos-con-amor-la-campana-de-los-llanos-de-aridane-para-el-dia-de-la-madre\/#breadcrumb\"},\"inLanguage\":\"es\",\"potentialAction\":[{\"@type\":\"ReadAction\",\"target\":[\"https:\/\/www.aridane.org\/city\/2024\/04\/29\/retratos-con-amor-la-campana-de-los-llanos-de-aridane-para-el-dia-de-la-madre\/\"]}]},{\"@type\":\"ImageObject\",\"inLanguage\":\"es\",\"@id\":\"https:\/\/www.aridane.org\/city\/2024\/04\/29\/retratos-con-amor-la-campana-de-los-llanos-de-aridane-para-el-dia-de-la-madre\/#primaryimage\",\"url\":\"https:\/\/www.aridane.org\/city\/wp-content\/uploads\/2024\/04\/Retratos-con-amor.png\",\"contentUrl\":\"https:\/\/www.aridane.org\/city\/wp-content\/uploads\/2024\/04\/Retratos-con-amor.png\",\"width\":444,\"height\":267},{\"@type\":\"BreadcrumbList\",\"@id\":\"https:\/\/www.aridane.org\/city\/2024\/04\/29\/retratos-con-amor-la-campana-de-los-llanos-de-aridane-para-el-dia-de-la-madre\/#breadcrumb\",\"itemListElement\":[{\"@type\":\"ListItem\",\"position\":1,\"name\":\"Portada\",\"item\":\"https:\/\/www.aridane.org\/city\/\"},{\"@type\":\"ListItem\",\"position\":2,\"name\":\"\u2018Retratos con amor\u2019: La campa\u00f1a de Los Llanos de Aridane para el D\u00eda de la Madre\"}]},{\"@type\":\"WebSite\",\"@id\":\"https:\/\/www.aridane.org\/city\/#website\",\"url\":\"https:\/\/www.aridane.org\/city\/\",\"name\":\"Ayuntamiento de Los Llanos de Aridane\",\"description\":\"\",\"potentialAction\":[{\"@type\":\"SearchAction\",\"target\":{\"@type\":\"EntryPoint\",\"urlTemplate\":\"https:\/\/www.aridane.org\/city\/?s={search_term_string}\"},\"query-input\":\"required name=search_term_string\"}],\"inLanguage\":\"es\"},{\"@type\":\"Person\",\"@id\":\"https:\/\/www.aridane.org\/city\/#\/schema\/person\/89ebd376b223dc94cc1dbcf200c8e6da\",\"name\":\"Corresponsal\",\"image\":{\"@type\":\"ImageObject\",\"inLanguage\":\"es\",\"@id\":\"https:\/\/www.aridane.org\/city\/#\/schema\/person\/image\/\",\"url\":\"https:\/\/secure.gravatar.com\/avatar\/1c476992411e4ccf153da63b2b2f5ea0bb4cb1c85f3ceab8512f04325ad5579c?s=96&d=mm&r=g\",\"contentUrl\":\"https:\/\/secure.gravatar.com\/avatar\/1c476992411e4ccf153da63b2b2f5ea0bb4cb1c85f3ceab8512f04325ad5579c?s=96&d=mm&r=g\",\"caption\":\"Corresponsal\"},\"url\":\"https:\/\/www.aridane.org\/city\/author\/corresponsal\/\"}]}<\/script>\n<!-- \/ Yoast SEO plugin. -->","yoast_head_json":{"title":"\u2018Retratos con amor\u2019: La campa\u00f1a de Los Llanos de Aridane para el D\u00eda de la Madre - Ayuntamiento de Los Llanos de Aridane","robots":{"index":"index","follow":"follow","max-snippet":"max-snippet:-1","max-image-preview":"max-image-preview:large","max-video-preview":"max-video-preview:-1"},"canonical":"https:\/\/www.aridane.org\/city\/2024\/04\/29\/retratos-con-amor-la-campana-de-los-llanos-de-aridane-para-el-dia-de-la-madre\/","og_locale":"es_ES","og_type":"article","og_title":"\u2018Retratos con amor\u2019: La campa\u00f1a de Los Llanos de Aridane para el D\u00eda de la Madre - Ayuntamiento de Los Llanos de Aridane","og_description":"Hasta el 5 de mayo habr\u00e1 un photocall en el bajo de la Casa de la Cultura para participar en un sorteo por el D\u00eda de la Madre","og_url":"https:\/\/www.aridane.org\/city\/2024\/04\/29\/retratos-con-amor-la-campana-de-los-llanos-de-aridane-para-el-dia-de-la-madre\/","og_site_name":"Ayuntamiento de Los Llanos de Aridane","article_published_time":"2024-04-29T16:40:30+00:00","article_modified_time":"2024-04-30T12:40:56+00:00","og_image":[{"width":444,"height":267,"url":"https:\/\/www.aridane.org\/city\/wp-content\/uploads\/2024\/04\/Retratos-con-amor.png","type":"image\/png"}],"author":"Corresponsal","twitter_card":"summary_large_image","twitter_misc":{"Escrito por":"Corresponsal","Tiempo de lectura":"2 minutos"},"schema":{"@context":"https:\/\/schema.org","@graph":[{"@type":"WebPage","@id":"https:\/\/www.aridane.org\/city\/2024\/04\/29\/retratos-con-amor-la-campana-de-los-llanos-de-aridane-para-el-dia-de-la-madre\/","url":"https:\/\/www.aridane.org\/city\/2024\/04\/29\/retratos-con-amor-la-campana-de-los-llanos-de-aridane-para-el-dia-de-la-madre\/","name":"\u2018Retratos con amor\u2019: La campa\u00f1a de Los Llanos de Aridane para el D\u00eda de la Madre - Ayuntamiento de Los Llanos de Aridane","isPartOf":{"@id":"https:\/\/www.aridane.org\/city\/#website"},"primaryImageOfPage":{"@id":"https:\/\/www.aridane.org\/city\/2024\/04\/29\/retratos-con-amor-la-campana-de-los-llanos-de-aridane-para-el-dia-de-la-madre\/#primaryimage"},"image":{"@id":"https:\/\/www.aridane.org\/city\/2024\/04\/29\/retratos-con-amor-la-campana-de-los-llanos-de-aridane-para-el-dia-de-la-madre\/#primaryimage"},"thumbnailUrl":"https:\/\/www.aridane.org\/city\/wp-content\/uploads\/2024\/04\/Retratos-con-amor.png","datePublished":"2024-04-29T16:40:30+00:00","dateModified":"2024-04-30T12:40:56+00:00","author":{"@id":"https:\/\/www.aridane.org\/city\/#\/schema\/person\/89ebd376b223dc94cc1dbcf200c8e6da"},"breadcrumb":{"@id":"https:\/\/www.aridane.org\/city\/2024\/04\/29\/retratos-con-amor-la-campana-de-los-llanos-de-aridane-para-el-dia-de-la-madre\/#breadcrumb"},"inLanguage":"es","potentialAction":[{"@type":"ReadAction","target":["https:\/\/www.aridane.org\/city\/2024\/04\/29\/retratos-con-amor-la-campana-de-los-llanos-de-aridane-para-el-dia-de-la-madre\/"]}]},{"@type":"ImageObject","inLanguage":"es","@id":"https:\/\/www.aridane.org\/city\/2024\/04\/29\/retratos-con-amor-la-campana-de-los-llanos-de-aridane-para-el-dia-de-la-madre\/#primaryimage","url":"https:\/\/www.aridane.org\/city\/wp-content\/uploads\/2024\/04\/Retratos-con-amor.png","contentUrl":"https:\/\/www.aridane.org\/city\/wp-content\/uploads\/2024\/04\/Retratos-con-amor.png","width":444,"height":267},{"@type":"BreadcrumbList","@id":"https:\/\/www.aridane.org\/city\/2024\/04\/29\/retratos-con-amor-la-campana-de-los-llanos-de-aridane-para-el-dia-de-la-madre\/#breadcrumb","itemListElement":[{"@type":"ListItem","position":1,"name":"Portada","item":"https:\/\/www.aridane.org\/city\/"},{"@type":"ListItem","position":2,"name":"\u2018Retratos con amor\u2019: La campa\u00f1a de Los Llanos de Aridane para el D\u00eda de la Madre"}]},{"@type":"WebSite","@id":"https:\/\/www.aridane.org\/city\/#website","url":"https:\/\/www.aridane.org\/city\/","name":"Ayuntamiento de Los Llanos de Aridane","description":"","potentialAction":[{"@type":"SearchAction","target":{"@type":"EntryPoint","urlTemplate":"https:\/\/www.aridane.org\/city\/?s={search_term_string}"},"query-input":"required name=search_term_string"}],"inLanguage":"es"},{"@type":"Person","@id":"https:\/\/www.aridane.org\/city\/#\/schema\/person\/89ebd376b223dc94cc1dbcf200c8e6da","name":"Corresponsal","image":{"@type":"ImageObject","inLanguage":"es","@id":"https:\/\/www.aridane.org\/city\/#\/schema\/person\/image\/","url":"https:\/\/secure.gravatar.com\/avatar\/1c476992411e4ccf153da63b2b2f5ea0bb4cb1c85f3ceab8512f04325ad5579c?s=96&d=mm&r=g","contentUrl":"https:\/\/secure.gravatar.com\/avatar\/1c476992411e4ccf153da63b2b2f5ea0bb4cb1c85f3ceab8512f04325ad5579c?s=96&d=mm&r=g","caption":"Corresponsal"},"url":"https:\/\/www.aridane.org\/city\/author\/corresponsal\/"}]}},"_links":{"self":[{"href":"https:\/\/www.aridane.org\/city\/wp-json\/wp\/v2\/posts\/3707","targetHints":{"allow":["GET"]}}],"collection":[{"href":"https:\/\/www.aridane.org\/city\/wp-json\/wp\/v2\/posts"}],"about":[{"href":"https:\/\/www.aridane.org\/city\/wp-json\/wp\/v2\/types\/post"}],"author":[{"embeddable":true,"href":"https:\/\/www.aridane.org\/city\/wp-json\/wp\/v2\/users\/4"}],"replies":[{"embeddable":true,"href":"https:\/\/www.aridane.org\/city\/wp-json\/wp\/v2\/comments?post=3707"}],"version-history":[{"count":1,"href":"https:\/\/www.aridane.org\/city\/wp-json\/wp\/v2\/posts\/3707\/revisions"}],"predecessor-version":[{"id":3709,"href":"https:\/\/www.aridane.org\/city\/wp-json\/wp\/v2\/posts\/3707\/revisions\/3709"}],"wp:featuredmedia":[{"embeddable":true,"href":"https:\/\/www.aridane.org\/city\/wp-json\/wp\/v2\/media\/3708"}],"wp:attachment":[{"href":"https:\/\/www.aridane.org\/city\/wp-json\/wp\/v2\/media?parent=3707"}],"wp:term":[{"taxonomy":"category","embeddable":true,"href":"https:\/\/www.aridane.org\/city\/wp-json\/wp\/v2\/categories?post=3707"},{"taxonomy":"post_tag","embeddable":true,"href":"https:\/\/www.aridane.org\/city\/wp-json\/wp\/v2\/tags?post=3707"}],"curies":[{"name":"wp","href":"https:\/\/api.w.org\/{rel}","templated":true}]}}