{"id":3710,"date":"2024-05-01T07:42:51","date_gmt":"2024-05-01T07:42:51","guid":{"rendered":"https:\/\/www.aridane.org\/city\/?p=3710"},"modified":"2024-05-01T07:42:51","modified_gmt":"2024-05-01T07:42:51","slug":"la-piscina-municipal-de-los-llanos-de-aridane-amplia-el-horario-y-los-cursillos-de-natacion","status":"publish","type":"post","link":"https:\/\/www.aridane.org\/city\/2024\/05\/01\/la-piscina-municipal-de-los-llanos-de-aridane-amplia-el-horario-y-los-cursillos-de-natacion\/","title":{"rendered":"La piscina municipal de Los Llanos de\u00a0Aridane ampl\u00eda el horario y los cursillos de nataci\u00f3n"},"content":{"rendered":"<p><em>La piscina estar\u00e1 abierta de 9:00 a 21:00 horas de lunes a viernes a partir de este jueves<\/em><!--more--><\/p>\n<p>El Ayuntamiento de Los Llanos de Aridane ampl\u00eda el horario de la piscina municipal, as\u00ed como los cursillos de nataci\u00f3n. La instalaci\u00f3n estar\u00e1 abierta de 9:00 a 21:00 horas de lunes a viernes a partir del jueves, 2 de mayo.<\/p>\n<p>Adem\u00e1s, a partir del lunes, 13 de mayo, las personas interesadas pueden matricularse para los cursos de nataci\u00f3n de los meses de junio, julio y agosto.<\/p>\n<p>El concejal de Deportes, V\u00edctor Gonz\u00e1lez, asegura que esta decisi\u00f3n va en l\u00ednea con el compromiso del Ayuntamiento con el deporte. \u201cApostamos por un municipio activo y saludable. Queremos poner a disposici\u00f3n de la ciudadan\u00eda todos los recursos posibles para que hagan deporte y cuiden su bienestar\u201d, explica.<\/p>\n<p>Para recibir m\u00e1s informaci\u00f3n sobre la programaci\u00f3n de la piscina municipal y horarios de cursillos, as\u00ed como para la recogida de plantillas, los interesados deber\u00e1n dirigirse a las instalaciones de la piscina municipal de lunes a viernes, en horario de 9:00 a 12:00 horas.<\/p>\n","protected":false},"excerpt":{"rendered":"<p>La piscina estar\u00e1 abierta de 9:00 a 21:00 horas de lunes a viernes a partir de este jueves<\/p>\n","protected":false},"author":4,"featured_media":3711,"comment_status":"open","ping_status":"open","sticky":false,"template":"","format":"standard","meta":{"footnotes":""},"categories":[1],"tags":[],"class_list":["post-3710","post","type-post","status-publish","format-standard","has-post-thumbnail","hentry","category-sin-categoria"],"yoast_head":"<!-- This site is optimized with the Yoast SEO plugin v22.7 - https:\/\/yoast.com\/wordpress\/plugins\/seo\/ -->\n<title>La piscina municipal de Los Llanos de\u00a0Aridane ampl\u00eda el horario y los cursillos de nataci\u00f3n - Ayuntamiento de Los Llanos de Aridane<\/title>\n<meta name=\"robots\" content=\"index, follow, max-snippet:-1, max-image-preview:large, max-video-preview:-1\" \/>\n<link rel=\"canonical\" href=\"https:\/\/www.aridane.org\/city\/2024\/05\/01\/la-piscina-municipal-de-los-llanos-de-aridane-amplia-el-horario-y-los-cursillos-de-natacion\/\" \/>\n<meta property=\"og:locale\" content=\"es_ES\" \/>\n<meta property=\"og:type\" content=\"article\" \/>\n<meta property=\"og:title\" content=\"La piscina municipal de Los Llanos de\u00a0Aridane ampl\u00eda el horario y los cursillos de nataci\u00f3n - Ayuntamiento de Los Llanos de Aridane\" \/>\n<meta property=\"og:description\" content=\"La piscina estar\u00e1 abierta de 9:00 a 21:00 horas de lunes a viernes a partir de este jueves\" \/>\n<meta property=\"og:url\" content=\"https:\/\/www.aridane.org\/city\/2024\/05\/01\/la-piscina-municipal-de-los-llanos-de-aridane-amplia-el-horario-y-los-cursillos-de-natacion\/\" \/>\n<meta property=\"og:site_name\" content=\"Ayuntamiento de Los Llanos de Aridane\" \/>\n<meta property=\"article:published_time\" content=\"2024-05-01T07:42:51+00:00\" \/>\n<meta property=\"og:image\" content=\"https:\/\/www.aridane.org\/city\/wp-content\/uploads\/2024\/05\/Victor-Gonzalez-piscina-municipal.jpeg\" \/>\n\t<meta property=\"og:image:width\" content=\"1600\" \/>\n\t<meta property=\"og:image:height\" content=\"1200\" \/>\n\t<meta property=\"og:image:type\" content=\"image\/jpeg\" \/>\n<meta name=\"author\" content=\"Corresponsal\" \/>\n<meta name=\"twitter:card\" content=\"summary_large_image\" \/>\n<meta name=\"twitter:label1\" content=\"Escrito por\" \/>\n\t<meta name=\"twitter:data1\" content=\"Corresponsal\" \/>\n\t<meta name=\"twitter:label2\" content=\"Tiempo de lectura\" \/>\n\t<meta name=\"twitter:data2\" content=\"2 minutos\" \/>\n<script type=\"application\/ld+json\" class=\"yoast-schema-graph\">{\"@context\":\"https:\/\/schema.org\",\"@graph\":[{\"@type\":\"WebPage\",\"@id\":\"https:\/\/www.aridane.org\/city\/2024\/05\/01\/la-piscina-municipal-de-los-llanos-de-aridane-amplia-el-horario-y-los-cursillos-de-natacion\/\",\"url\":\"https:\/\/www.aridane.org\/city\/2024\/05\/01\/la-piscina-municipal-de-los-llanos-de-aridane-amplia-el-horario-y-los-cursillos-de-natacion\/\",\"name\":\"La piscina municipal de Los Llanos de\u00a0Aridane ampl\u00eda el horario y los cursillos de nataci\u00f3n - Ayuntamiento de Los Llanos de Aridane\",\"isPartOf\":{\"@id\":\"https:\/\/www.aridane.org\/city\/#website\"},\"primaryImageOfPage\":{\"@id\":\"https:\/\/www.aridane.org\/city\/2024\/05\/01\/la-piscina-municipal-de-los-llanos-de-aridane-amplia-el-horario-y-los-cursillos-de-natacion\/#primaryimage\"},\"image\":{\"@id\":\"https:\/\/www.aridane.org\/city\/2024\/05\/01\/la-piscina-municipal-de-los-llanos-de-aridane-amplia-el-horario-y-los-cursillos-de-natacion\/#primaryimage\"},\"thumbnailUrl\":\"https:\/\/www.aridane.org\/city\/wp-content\/uploads\/2024\/05\/Victor-Gonzalez-piscina-municipal.jpeg\",\"datePublished\":\"2024-05-01T07:42:51+00:00\",\"dateModified\":\"2024-05-01T07:42:51+00:00\",\"author\":{\"@id\":\"https:\/\/www.aridane.org\/city\/#\/schema\/person\/89ebd376b223dc94cc1dbcf200c8e6da\"},\"breadcrumb\":{\"@id\":\"https:\/\/www.aridane.org\/city\/2024\/05\/01\/la-piscina-municipal-de-los-llanos-de-aridane-amplia-el-horario-y-los-cursillos-de-natacion\/#breadcrumb\"},\"inLanguage\":\"es\",\"potentialAction\":[{\"@type\":\"ReadAction\",\"target\":[\"https:\/\/www.aridane.org\/city\/2024\/05\/01\/la-piscina-municipal-de-los-llanos-de-aridane-amplia-el-horario-y-los-cursillos-de-natacion\/\"]}]},{\"@type\":\"ImageObject\",\"inLanguage\":\"es\",\"@id\":\"https:\/\/www.aridane.org\/city\/2024\/05\/01\/la-piscina-municipal-de-los-llanos-de-aridane-amplia-el-horario-y-los-cursillos-de-natacion\/#primaryimage\",\"url\":\"https:\/\/www.aridane.org\/city\/wp-content\/uploads\/2024\/05\/Victor-Gonzalez-piscina-municipal.jpeg\",\"contentUrl\":\"https:\/\/www.aridane.org\/city\/wp-content\/uploads\/2024\/05\/Victor-Gonzalez-piscina-municipal.jpeg\",\"width\":1600,\"height\":1200},{\"@type\":\"BreadcrumbList\",\"@id\":\"https:\/\/www.aridane.org\/city\/2024\/05\/01\/la-piscina-municipal-de-los-llanos-de-aridane-amplia-el-horario-y-los-cursillos-de-natacion\/#breadcrumb\",\"itemListElement\":[{\"@type\":\"ListItem\",\"position\":1,\"name\":\"Portada\",\"item\":\"https:\/\/www.aridane.org\/city\/\"},{\"@type\":\"ListItem\",\"position\":2,\"name\":\"La piscina municipal de Los Llanos de\u00a0Aridane ampl\u00eda el horario y los cursillos de nataci\u00f3n\"}]},{\"@type\":\"WebSite\",\"@id\":\"https:\/\/www.aridane.org\/city\/#website\",\"url\":\"https:\/\/www.aridane.org\/city\/\",\"name\":\"Ayuntamiento de Los Llanos de Aridane\",\"description\":\"\",\"potentialAction\":[{\"@type\":\"SearchAction\",\"target\":{\"@type\":\"EntryPoint\",\"urlTemplate\":\"https:\/\/www.aridane.org\/city\/?s={search_term_string}\"},\"query-input\":\"required name=search_term_string\"}],\"inLanguage\":\"es\"},{\"@type\":\"Person\",\"@id\":\"https:\/\/www.aridane.org\/city\/#\/schema\/person\/89ebd376b223dc94cc1dbcf200c8e6da\",\"name\":\"Corresponsal\",\"image\":{\"@type\":\"ImageObject\",\"inLanguage\":\"es\",\"@id\":\"https:\/\/www.aridane.org\/city\/#\/schema\/person\/image\/\",\"url\":\"https:\/\/secure.gravatar.com\/avatar\/1c476992411e4ccf153da63b2b2f5ea0bb4cb1c85f3ceab8512f04325ad5579c?s=96&d=mm&r=g\",\"contentUrl\":\"https:\/\/secure.gravatar.com\/avatar\/1c476992411e4ccf153da63b2b2f5ea0bb4cb1c85f3ceab8512f04325ad5579c?s=96&d=mm&r=g\",\"caption\":\"Corresponsal\"},\"url\":\"https:\/\/www.aridane.org\/city\/author\/corresponsal\/\"}]}<\/script>\n<!-- \/ Yoast SEO plugin. -->","yoast_head_json":{"title":"La piscina municipal de Los Llanos de\u00a0Aridane ampl\u00eda el horario y los cursillos de nataci\u00f3n - Ayuntamiento de Los Llanos de Aridane","robots":{"index":"index","follow":"follow","max-snippet":"max-snippet:-1","max-image-preview":"max-image-preview:large","max-video-preview":"max-video-preview:-1"},"canonical":"https:\/\/www.aridane.org\/city\/2024\/05\/01\/la-piscina-municipal-de-los-llanos-de-aridane-amplia-el-horario-y-los-cursillos-de-natacion\/","og_locale":"es_ES","og_type":"article","og_title":"La piscina municipal de Los Llanos de\u00a0Aridane ampl\u00eda el horario y los cursillos de nataci\u00f3n - Ayuntamiento de Los Llanos de Aridane","og_description":"La piscina estar\u00e1 abierta de 9:00 a 21:00 horas de lunes a viernes a partir de este jueves","og_url":"https:\/\/www.aridane.org\/city\/2024\/05\/01\/la-piscina-municipal-de-los-llanos-de-aridane-amplia-el-horario-y-los-cursillos-de-natacion\/","og_site_name":"Ayuntamiento de Los Llanos de Aridane","article_published_time":"2024-05-01T07:42:51+00:00","og_image":[{"width":1600,"height":1200,"url":"https:\/\/www.aridane.org\/city\/wp-content\/uploads\/2024\/05\/Victor-Gonzalez-piscina-municipal.jpeg","type":"image\/jpeg"}],"author":"Corresponsal","twitter_card":"summary_large_image","twitter_misc":{"Escrito por":"Corresponsal","Tiempo de lectura":"2 minutos"},"schema":{"@context":"https:\/\/schema.org","@graph":[{"@type":"WebPage","@id":"https:\/\/www.aridane.org\/city\/2024\/05\/01\/la-piscina-municipal-de-los-llanos-de-aridane-amplia-el-horario-y-los-cursillos-de-natacion\/","url":"https:\/\/www.aridane.org\/city\/2024\/05\/01\/la-piscina-municipal-de-los-llanos-de-aridane-amplia-el-horario-y-los-cursillos-de-natacion\/","name":"La piscina municipal de Los Llanos de\u00a0Aridane ampl\u00eda el horario y los cursillos de nataci\u00f3n - Ayuntamiento de Los Llanos de Aridane","isPartOf":{"@id":"https:\/\/www.aridane.org\/city\/#website"},"primaryImageOfPage":{"@id":"https:\/\/www.aridane.org\/city\/2024\/05\/01\/la-piscina-municipal-de-los-llanos-de-aridane-amplia-el-horario-y-los-cursillos-de-natacion\/#primaryimage"},"image":{"@id":"https:\/\/www.aridane.org\/city\/2024\/05\/01\/la-piscina-municipal-de-los-llanos-de-aridane-amplia-el-horario-y-los-cursillos-de-natacion\/#primaryimage"},"thumbnailUrl":"https:\/\/www.aridane.org\/city\/wp-content\/uploads\/2024\/05\/Victor-Gonzalez-piscina-municipal.jpeg","datePublished":"2024-05-01T07:42:51+00:00","dateModified":"2024-05-01T07:42:51+00:00","author":{"@id":"https:\/\/www.aridane.org\/city\/#\/schema\/person\/89ebd376b223dc94cc1dbcf200c8e6da"},"breadcrumb":{"@id":"https:\/\/www.aridane.org\/city\/2024\/05\/01\/la-piscina-municipal-de-los-llanos-de-aridane-amplia-el-horario-y-los-cursillos-de-natacion\/#breadcrumb"},"inLanguage":"es","potentialAction":[{"@type":"ReadAction","target":["https:\/\/www.aridane.org\/city\/2024\/05\/01\/la-piscina-municipal-de-los-llanos-de-aridane-amplia-el-horario-y-los-cursillos-de-natacion\/"]}]},{"@type":"ImageObject","inLanguage":"es","@id":"https:\/\/www.aridane.org\/city\/2024\/05\/01\/la-piscina-municipal-de-los-llanos-de-aridane-amplia-el-horario-y-los-cursillos-de-natacion\/#primaryimage","url":"https:\/\/www.aridane.org\/city\/wp-content\/uploads\/2024\/05\/Victor-Gonzalez-piscina-municipal.jpeg","contentUrl":"https:\/\/www.aridane.org\/city\/wp-content\/uploads\/2024\/05\/Victor-Gonzalez-piscina-municipal.jpeg","width":1600,"height":1200},{"@type":"BreadcrumbList","@id":"https:\/\/www.aridane.org\/city\/2024\/05\/01\/la-piscina-municipal-de-los-llanos-de-aridane-amplia-el-horario-y-los-cursillos-de-natacion\/#breadcrumb","itemListElement":[{"@type":"ListItem","position":1,"name":"Portada","item":"https:\/\/www.aridane.org\/city\/"},{"@type":"ListItem","position":2,"name":"La piscina municipal de Los Llanos de\u00a0Aridane ampl\u00eda el horario y los cursillos de nataci\u00f3n"}]},{"@type":"WebSite","@id":"https:\/\/www.aridane.org\/city\/#website","url":"https:\/\/www.aridane.org\/city\/","name":"Ayuntamiento de Los Llanos de Aridane","description":"","potentialAction":[{"@type":"SearchAction","target":{"@type":"EntryPoint","urlTemplate":"https:\/\/www.aridane.org\/city\/?s={search_term_string}"},"query-input":"required name=search_term_string"}],"inLanguage":"es"},{"@type":"Person","@id":"https:\/\/www.aridane.org\/city\/#\/schema\/person\/89ebd376b223dc94cc1dbcf200c8e6da","name":"Corresponsal","image":{"@type":"ImageObject","inLanguage":"es","@id":"https:\/\/www.aridane.org\/city\/#\/schema\/person\/image\/","url":"https:\/\/secure.gravatar.com\/avatar\/1c476992411e4ccf153da63b2b2f5ea0bb4cb1c85f3ceab8512f04325ad5579c?s=96&d=mm&r=g","contentUrl":"https:\/\/secure.gravatar.com\/avatar\/1c476992411e4ccf153da63b2b2f5ea0bb4cb1c85f3ceab8512f04325ad5579c?s=96&d=mm&r=g","caption":"Corresponsal"},"url":"https:\/\/www.aridane.org\/city\/author\/corresponsal\/"}]}},"_links":{"self":[{"href":"https:\/\/www.aridane.org\/city\/wp-json\/wp\/v2\/posts\/3710","targetHints":{"allow":["GET"]}}],"collection":[{"href":"https:\/\/www.aridane.org\/city\/wp-json\/wp\/v2\/posts"}],"about":[{"href":"https:\/\/www.aridane.org\/city\/wp-json\/wp\/v2\/types\/post"}],"author":[{"embeddable":true,"href":"https:\/\/www.aridane.org\/city\/wp-json\/wp\/v2\/users\/4"}],"replies":[{"embeddable":true,"href":"https:\/\/www.aridane.org\/city\/wp-json\/wp\/v2\/comments?post=3710"}],"version-history":[{"count":1,"href":"https:\/\/www.aridane.org\/city\/wp-json\/wp\/v2\/posts\/3710\/revisions"}],"predecessor-version":[{"id":3712,"href":"https:\/\/www.aridane.org\/city\/wp-json\/wp\/v2\/posts\/3710\/revisions\/3712"}],"wp:featuredmedia":[{"embeddable":true,"href":"https:\/\/www.aridane.org\/city\/wp-json\/wp\/v2\/media\/3711"}],"wp:attachment":[{"href":"https:\/\/www.aridane.org\/city\/wp-json\/wp\/v2\/media?parent=3710"}],"wp:term":[{"taxonomy":"category","embeddable":true,"href":"https:\/\/www.aridane.org\/city\/wp-json\/wp\/v2\/categories?post=3710"},{"taxonomy":"post_tag","embeddable":true,"href":"https:\/\/www.aridane.org\/city\/wp-json\/wp\/v2\/tags?post=3710"}],"curies":[{"name":"wp","href":"https:\/\/api.w.org\/{rel}","templated":true}]}}