{"id":3714,"date":"2024-05-03T15:52:07","date_gmt":"2024-05-03T15:52:07","guid":{"rendered":"https:\/\/www.aridane.org\/city\/?p=3714"},"modified":"2024-05-04T06:57:42","modified_gmt":"2024-05-04T06:57:42","slug":"los-llanos-de-aridane-abre-el-plazo-de-solicitud-de-stands-para-la-feria-de-artesania-de-las-fiestas-de-la-patrona","status":"publish","type":"post","link":"https:\/\/www.aridane.org\/city\/2024\/05\/03\/los-llanos-de-aridane-abre-el-plazo-de-solicitud-de-stands-para-la-feria-de-artesania-de-las-fiestas-de-la-patrona\/","title":{"rendered":"Los Llanos de Aridane abre el plazo de solicitud de stands para la Feria de Artesan\u00eda de las Fiestas de La Patrona"},"content":{"rendered":"<p><em>Las artesanas y artesanos con carnet en vigor podr\u00e1n inscribirse hasta el 20 de mayo<\/em><br \/>\n<!--more--><\/p>\n<div id=\"v1forwardbody1\">\n<p>El Ayuntamiento de Los Llanos de Aridane abre el plazo de solicitud de stands para la Feria de Artesan\u00eda que se celebrar\u00e1 con motivo de las Fiestas de La Patrona, del 20 al 22 de junio de 2024, en las canchas anexas al Parque Conrado Hern\u00e1ndez.<\/p>\n<p>Las personas interesadas podr\u00e1n solicitar su puesto hasta el 20 de mayo de manera gratuita. La inscripci\u00f3n est\u00e1 disponible para aquellas artesanas y artesanos que tengan el carnet en vigor.<\/p>\n<p>La concejala de Artesan\u00eda, Marlene Gonz\u00e1lez, anima al mundo de la artesan\u00eda a participar en la Feria. \u201cEs una excelente oportunidad para promocionar todo ese talento que tienen nuestras artesanas y artesanos. Tenemos que cuidar nuestros oficios e inspirar a las nuevas generaciones a tomar el relevo\u201d, apunta.<\/p>\n<h2><strong>C\u00f3mo presentar las solicitudes<\/strong><\/h2>\n<p>Las solicitudes pueden presentarse de forma telem\u00e1tica a trav\u00e9s del Registro Electr\u00f3nico con DNI electr\u00f3nico o certificado digital. Tambi\u00e9n de forma presencial en la Oficina de Atenci\u00f3n al Ciudadano del Ayuntamiento, ubicada en la planta baja del edificio consistorial, en la Plaza de Espa\u00f1a, s\/n, en horario de 8:00 a 15:00 horas, de lunes a viernes.<\/p>\n<p>Para m\u00e1s informaci\u00f3n, las personas interesadas pueden dirigirse a la Oficina de Atenci\u00f3n al Ciudadano del Ayuntamiento de Los Llanos de Aridane o llamar al tel\u00e9fono 922 460 111. Puede consultar todos los detalles del procedimiento en\u00a0<a href=\"https:\/\/eadmin.aridane.org\/publico\/procedimiento\/SPFA\" target=\"_blank\" rel=\"noopener noreferrer\">https:\/\/eadmin.aridane.org\/publico\/procedimiento\/SPFA<\/a><\/p>\n<\/div>\n","protected":false},"excerpt":{"rendered":"<p>Las artesanas y artesanos con carnet en vigor podr\u00e1n inscribirse hasta el 20 de mayo<\/p>\n","protected":false},"author":4,"featured_media":3715,"comment_status":"open","ping_status":"open","sticky":false,"template":"","format":"standard","meta":{"footnotes":""},"categories":[1],"tags":[],"class_list":["post-3714","post","type-post","status-publish","format-standard","has-post-thumbnail","hentry","category-sin-categoria"],"yoast_head":"<!-- This site is optimized with the Yoast SEO plugin v22.7 - https:\/\/yoast.com\/wordpress\/plugins\/seo\/ -->\n<title>Los Llanos de Aridane abre el plazo de solicitud de stands para la Feria de Artesan\u00eda de las Fiestas de La Patrona - Ayuntamiento de Los Llanos de Aridane<\/title>\n<meta name=\"robots\" content=\"index, follow, max-snippet:-1, max-image-preview:large, max-video-preview:-1\" \/>\n<link rel=\"canonical\" href=\"https:\/\/www.aridane.org\/city\/2024\/05\/03\/los-llanos-de-aridane-abre-el-plazo-de-solicitud-de-stands-para-la-feria-de-artesania-de-las-fiestas-de-la-patrona\/\" \/>\n<meta property=\"og:locale\" content=\"es_ES\" \/>\n<meta property=\"og:type\" content=\"article\" \/>\n<meta property=\"og:title\" content=\"Los Llanos de Aridane abre el plazo de solicitud de stands para la Feria de Artesan\u00eda de las Fiestas de La Patrona - Ayuntamiento de Los Llanos de Aridane\" \/>\n<meta property=\"og:description\" content=\"Las artesanas y artesanos con carnet en vigor podr\u00e1n inscribirse hasta el 20 de mayo\" \/>\n<meta property=\"og:url\" content=\"https:\/\/www.aridane.org\/city\/2024\/05\/03\/los-llanos-de-aridane-abre-el-plazo-de-solicitud-de-stands-para-la-feria-de-artesania-de-las-fiestas-de-la-patrona\/\" \/>\n<meta property=\"og:site_name\" content=\"Ayuntamiento de Los Llanos de Aridane\" \/>\n<meta property=\"article:published_time\" content=\"2024-05-03T15:52:07+00:00\" \/>\n<meta property=\"article:modified_time\" content=\"2024-05-04T06:57:42+00:00\" \/>\n<meta property=\"og:image\" content=\"https:\/\/www.aridane.org\/city\/wp-content\/uploads\/2024\/05\/artesania-620x349.png\" \/>\n\t<meta property=\"og:image:width\" content=\"620\" \/>\n\t<meta property=\"og:image:height\" content=\"349\" \/>\n\t<meta property=\"og:image:type\" content=\"image\/png\" \/>\n<meta name=\"author\" content=\"Corresponsal\" \/>\n<meta name=\"twitter:card\" content=\"summary_large_image\" \/>\n<meta name=\"twitter:label1\" content=\"Escrito por\" \/>\n\t<meta name=\"twitter:data1\" content=\"Corresponsal\" \/>\n\t<meta name=\"twitter:label2\" content=\"Tiempo de lectura\" \/>\n\t<meta name=\"twitter:data2\" content=\"2 minutos\" \/>\n<script type=\"application\/ld+json\" class=\"yoast-schema-graph\">{\"@context\":\"https:\/\/schema.org\",\"@graph\":[{\"@type\":\"WebPage\",\"@id\":\"https:\/\/www.aridane.org\/city\/2024\/05\/03\/los-llanos-de-aridane-abre-el-plazo-de-solicitud-de-stands-para-la-feria-de-artesania-de-las-fiestas-de-la-patrona\/\",\"url\":\"https:\/\/www.aridane.org\/city\/2024\/05\/03\/los-llanos-de-aridane-abre-el-plazo-de-solicitud-de-stands-para-la-feria-de-artesania-de-las-fiestas-de-la-patrona\/\",\"name\":\"Los Llanos de Aridane abre el plazo de solicitud de stands para la Feria de Artesan\u00eda de las Fiestas de La Patrona - Ayuntamiento de Los Llanos de Aridane\",\"isPartOf\":{\"@id\":\"https:\/\/www.aridane.org\/city\/#website\"},\"primaryImageOfPage\":{\"@id\":\"https:\/\/www.aridane.org\/city\/2024\/05\/03\/los-llanos-de-aridane-abre-el-plazo-de-solicitud-de-stands-para-la-feria-de-artesania-de-las-fiestas-de-la-patrona\/#primaryimage\"},\"image\":{\"@id\":\"https:\/\/www.aridane.org\/city\/2024\/05\/03\/los-llanos-de-aridane-abre-el-plazo-de-solicitud-de-stands-para-la-feria-de-artesania-de-las-fiestas-de-la-patrona\/#primaryimage\"},\"thumbnailUrl\":\"https:\/\/www.aridane.org\/city\/wp-content\/uploads\/2024\/05\/artesania.png\",\"datePublished\":\"2024-05-03T15:52:07+00:00\",\"dateModified\":\"2024-05-04T06:57:42+00:00\",\"author\":{\"@id\":\"https:\/\/www.aridane.org\/city\/#\/schema\/person\/89ebd376b223dc94cc1dbcf200c8e6da\"},\"breadcrumb\":{\"@id\":\"https:\/\/www.aridane.org\/city\/2024\/05\/03\/los-llanos-de-aridane-abre-el-plazo-de-solicitud-de-stands-para-la-feria-de-artesania-de-las-fiestas-de-la-patrona\/#breadcrumb\"},\"inLanguage\":\"es\",\"potentialAction\":[{\"@type\":\"ReadAction\",\"target\":[\"https:\/\/www.aridane.org\/city\/2024\/05\/03\/los-llanos-de-aridane-abre-el-plazo-de-solicitud-de-stands-para-la-feria-de-artesania-de-las-fiestas-de-la-patrona\/\"]}]},{\"@type\":\"ImageObject\",\"inLanguage\":\"es\",\"@id\":\"https:\/\/www.aridane.org\/city\/2024\/05\/03\/los-llanos-de-aridane-abre-el-plazo-de-solicitud-de-stands-para-la-feria-de-artesania-de-las-fiestas-de-la-patrona\/#primaryimage\",\"url\":\"https:\/\/www.aridane.org\/city\/wp-content\/uploads\/2024\/05\/artesania.png\",\"contentUrl\":\"https:\/\/www.aridane.org\/city\/wp-content\/uploads\/2024\/05\/artesania.png\",\"width\":1920,\"height\":1080},{\"@type\":\"BreadcrumbList\",\"@id\":\"https:\/\/www.aridane.org\/city\/2024\/05\/03\/los-llanos-de-aridane-abre-el-plazo-de-solicitud-de-stands-para-la-feria-de-artesania-de-las-fiestas-de-la-patrona\/#breadcrumb\",\"itemListElement\":[{\"@type\":\"ListItem\",\"position\":1,\"name\":\"Portada\",\"item\":\"https:\/\/www.aridane.org\/city\/\"},{\"@type\":\"ListItem\",\"position\":2,\"name\":\"Los Llanos de Aridane abre el plazo de solicitud de stands para la Feria de Artesan\u00eda de las Fiestas de La Patrona\"}]},{\"@type\":\"WebSite\",\"@id\":\"https:\/\/www.aridane.org\/city\/#website\",\"url\":\"https:\/\/www.aridane.org\/city\/\",\"name\":\"Ayuntamiento de Los Llanos de Aridane\",\"description\":\"\",\"potentialAction\":[{\"@type\":\"SearchAction\",\"target\":{\"@type\":\"EntryPoint\",\"urlTemplate\":\"https:\/\/www.aridane.org\/city\/?s={search_term_string}\"},\"query-input\":\"required name=search_term_string\"}],\"inLanguage\":\"es\"},{\"@type\":\"Person\",\"@id\":\"https:\/\/www.aridane.org\/city\/#\/schema\/person\/89ebd376b223dc94cc1dbcf200c8e6da\",\"name\":\"Corresponsal\",\"image\":{\"@type\":\"ImageObject\",\"inLanguage\":\"es\",\"@id\":\"https:\/\/www.aridane.org\/city\/#\/schema\/person\/image\/\",\"url\":\"https:\/\/secure.gravatar.com\/avatar\/1c476992411e4ccf153da63b2b2f5ea0bb4cb1c85f3ceab8512f04325ad5579c?s=96&d=mm&r=g\",\"contentUrl\":\"https:\/\/secure.gravatar.com\/avatar\/1c476992411e4ccf153da63b2b2f5ea0bb4cb1c85f3ceab8512f04325ad5579c?s=96&d=mm&r=g\",\"caption\":\"Corresponsal\"},\"url\":\"https:\/\/www.aridane.org\/city\/author\/corresponsal\/\"}]}<\/script>\n<!-- \/ Yoast SEO plugin. -->","yoast_head_json":{"title":"Los Llanos de Aridane abre el plazo de solicitud de stands para la Feria de Artesan\u00eda de las Fiestas de La Patrona - Ayuntamiento de Los Llanos de Aridane","robots":{"index":"index","follow":"follow","max-snippet":"max-snippet:-1","max-image-preview":"max-image-preview:large","max-video-preview":"max-video-preview:-1"},"canonical":"https:\/\/www.aridane.org\/city\/2024\/05\/03\/los-llanos-de-aridane-abre-el-plazo-de-solicitud-de-stands-para-la-feria-de-artesania-de-las-fiestas-de-la-patrona\/","og_locale":"es_ES","og_type":"article","og_title":"Los Llanos de Aridane abre el plazo de solicitud de stands para la Feria de Artesan\u00eda de las Fiestas de La Patrona - Ayuntamiento de Los Llanos de Aridane","og_description":"Las artesanas y artesanos con carnet en vigor podr\u00e1n inscribirse hasta el 20 de mayo","og_url":"https:\/\/www.aridane.org\/city\/2024\/05\/03\/los-llanos-de-aridane-abre-el-plazo-de-solicitud-de-stands-para-la-feria-de-artesania-de-las-fiestas-de-la-patrona\/","og_site_name":"Ayuntamiento de Los Llanos de Aridane","article_published_time":"2024-05-03T15:52:07+00:00","article_modified_time":"2024-05-04T06:57:42+00:00","og_image":[{"width":620,"height":349,"url":"https:\/\/www.aridane.org\/city\/wp-content\/uploads\/2024\/05\/artesania-620x349.png","type":"image\/png"}],"author":"Corresponsal","twitter_card":"summary_large_image","twitter_misc":{"Escrito por":"Corresponsal","Tiempo de lectura":"2 minutos"},"schema":{"@context":"https:\/\/schema.org","@graph":[{"@type":"WebPage","@id":"https:\/\/www.aridane.org\/city\/2024\/05\/03\/los-llanos-de-aridane-abre-el-plazo-de-solicitud-de-stands-para-la-feria-de-artesania-de-las-fiestas-de-la-patrona\/","url":"https:\/\/www.aridane.org\/city\/2024\/05\/03\/los-llanos-de-aridane-abre-el-plazo-de-solicitud-de-stands-para-la-feria-de-artesania-de-las-fiestas-de-la-patrona\/","name":"Los Llanos de Aridane abre el plazo de solicitud de stands para la Feria de Artesan\u00eda de las Fiestas de La Patrona - Ayuntamiento de Los Llanos de Aridane","isPartOf":{"@id":"https:\/\/www.aridane.org\/city\/#website"},"primaryImageOfPage":{"@id":"https:\/\/www.aridane.org\/city\/2024\/05\/03\/los-llanos-de-aridane-abre-el-plazo-de-solicitud-de-stands-para-la-feria-de-artesania-de-las-fiestas-de-la-patrona\/#primaryimage"},"image":{"@id":"https:\/\/www.aridane.org\/city\/2024\/05\/03\/los-llanos-de-aridane-abre-el-plazo-de-solicitud-de-stands-para-la-feria-de-artesania-de-las-fiestas-de-la-patrona\/#primaryimage"},"thumbnailUrl":"https:\/\/www.aridane.org\/city\/wp-content\/uploads\/2024\/05\/artesania.png","datePublished":"2024-05-03T15:52:07+00:00","dateModified":"2024-05-04T06:57:42+00:00","author":{"@id":"https:\/\/www.aridane.org\/city\/#\/schema\/person\/89ebd376b223dc94cc1dbcf200c8e6da"},"breadcrumb":{"@id":"https:\/\/www.aridane.org\/city\/2024\/05\/03\/los-llanos-de-aridane-abre-el-plazo-de-solicitud-de-stands-para-la-feria-de-artesania-de-las-fiestas-de-la-patrona\/#breadcrumb"},"inLanguage":"es","potentialAction":[{"@type":"ReadAction","target":["https:\/\/www.aridane.org\/city\/2024\/05\/03\/los-llanos-de-aridane-abre-el-plazo-de-solicitud-de-stands-para-la-feria-de-artesania-de-las-fiestas-de-la-patrona\/"]}]},{"@type":"ImageObject","inLanguage":"es","@id":"https:\/\/www.aridane.org\/city\/2024\/05\/03\/los-llanos-de-aridane-abre-el-plazo-de-solicitud-de-stands-para-la-feria-de-artesania-de-las-fiestas-de-la-patrona\/#primaryimage","url":"https:\/\/www.aridane.org\/city\/wp-content\/uploads\/2024\/05\/artesania.png","contentUrl":"https:\/\/www.aridane.org\/city\/wp-content\/uploads\/2024\/05\/artesania.png","width":1920,"height":1080},{"@type":"BreadcrumbList","@id":"https:\/\/www.aridane.org\/city\/2024\/05\/03\/los-llanos-de-aridane-abre-el-plazo-de-solicitud-de-stands-para-la-feria-de-artesania-de-las-fiestas-de-la-patrona\/#breadcrumb","itemListElement":[{"@type":"ListItem","position":1,"name":"Portada","item":"https:\/\/www.aridane.org\/city\/"},{"@type":"ListItem","position":2,"name":"Los Llanos de Aridane abre el plazo de solicitud de stands para la Feria de Artesan\u00eda de las Fiestas de La Patrona"}]},{"@type":"WebSite","@id":"https:\/\/www.aridane.org\/city\/#website","url":"https:\/\/www.aridane.org\/city\/","name":"Ayuntamiento de Los Llanos de Aridane","description":"","potentialAction":[{"@type":"SearchAction","target":{"@type":"EntryPoint","urlTemplate":"https:\/\/www.aridane.org\/city\/?s={search_term_string}"},"query-input":"required name=search_term_string"}],"inLanguage":"es"},{"@type":"Person","@id":"https:\/\/www.aridane.org\/city\/#\/schema\/person\/89ebd376b223dc94cc1dbcf200c8e6da","name":"Corresponsal","image":{"@type":"ImageObject","inLanguage":"es","@id":"https:\/\/www.aridane.org\/city\/#\/schema\/person\/image\/","url":"https:\/\/secure.gravatar.com\/avatar\/1c476992411e4ccf153da63b2b2f5ea0bb4cb1c85f3ceab8512f04325ad5579c?s=96&d=mm&r=g","contentUrl":"https:\/\/secure.gravatar.com\/avatar\/1c476992411e4ccf153da63b2b2f5ea0bb4cb1c85f3ceab8512f04325ad5579c?s=96&d=mm&r=g","caption":"Corresponsal"},"url":"https:\/\/www.aridane.org\/city\/author\/corresponsal\/"}]}},"_links":{"self":[{"href":"https:\/\/www.aridane.org\/city\/wp-json\/wp\/v2\/posts\/3714","targetHints":{"allow":["GET"]}}],"collection":[{"href":"https:\/\/www.aridane.org\/city\/wp-json\/wp\/v2\/posts"}],"about":[{"href":"https:\/\/www.aridane.org\/city\/wp-json\/wp\/v2\/types\/post"}],"author":[{"embeddable":true,"href":"https:\/\/www.aridane.org\/city\/wp-json\/wp\/v2\/users\/4"}],"replies":[{"embeddable":true,"href":"https:\/\/www.aridane.org\/city\/wp-json\/wp\/v2\/comments?post=3714"}],"version-history":[{"count":2,"href":"https:\/\/www.aridane.org\/city\/wp-json\/wp\/v2\/posts\/3714\/revisions"}],"predecessor-version":[{"id":3717,"href":"https:\/\/www.aridane.org\/city\/wp-json\/wp\/v2\/posts\/3714\/revisions\/3717"}],"wp:featuredmedia":[{"embeddable":true,"href":"https:\/\/www.aridane.org\/city\/wp-json\/wp\/v2\/media\/3715"}],"wp:attachment":[{"href":"https:\/\/www.aridane.org\/city\/wp-json\/wp\/v2\/media?parent=3714"}],"wp:term":[{"taxonomy":"category","embeddable":true,"href":"https:\/\/www.aridane.org\/city\/wp-json\/wp\/v2\/categories?post=3714"},{"taxonomy":"post_tag","embeddable":true,"href":"https:\/\/www.aridane.org\/city\/wp-json\/wp\/v2\/tags?post=3714"}],"curies":[{"name":"wp","href":"https:\/\/api.w.org\/{rel}","templated":true}]}}