{"id":3718,"date":"2024-05-09T14:24:12","date_gmt":"2024-05-09T14:24:12","guid":{"rendered":"https:\/\/www.aridane.org\/city\/?p=3718"},"modified":"2024-05-09T14:24:12","modified_gmt":"2024-05-09T14:24:12","slug":"los-llanos-de-aridane-dedica-un-espacio-para-los-mas-pequenos-en-la-transvulcania","status":"publish","type":"post","link":"https:\/\/www.aridane.org\/city\/2024\/05\/09\/los-llanos-de-aridane-dedica-un-espacio-para-los-mas-pequenos-en-la-transvulcania\/","title":{"rendered":"Los Llanos de Aridane dedica un espacio para los m\u00e1s peque\u00f1os en la Transvulcania"},"content":{"rendered":"<p><em>Este s\u00e1bado, en la avenida Enrique Mederos, habr\u00e1 espect\u00e1culos de t\u00edteres, m\u00fasica y purpurina de 12:00 a 14:00 horas<\/em><br \/>\n<!--more-->El Ayuntamiento de Los Llanos de Aridane, con apoyo de Sodepal y las asociaciones comerciales del municipio, impulsa acciones para los m\u00e1s peque\u00f1os durante este s\u00e1bado, 11 de mayo, coincidiendo con la Transvulcania. Las actividades tendr\u00e1n lugar de 12:00 a 14:00 horas en la avenida Enrique Mederos.<\/p>\n<div id=\"v1forwardbody1\">\n<p>La concejala de Comercio, Ver\u00f3nica Gonz\u00e1lez, asegura que desde el Ayuntamiento han creado un espacio para el disfrute de los m\u00e1s peque\u00f1os. \u201cQueremos que los ni\u00f1os y ni\u00f1as tambi\u00e9n sean part\u00edcipes del buen ambiente que habr\u00e1 en Los Llanos de Aridane gracias a la Transvulcania. Les esperamos en nuestro municipio con talleres, juegos y purpurina\u201d, apunta.<\/p>\n<p>En este sentido, la concejala agradece a Sodepal y al Cabildo de La Palma el apoyo a las actividades impulsadas por el consistorio, as\u00ed como a la Asociaci\u00f3n Comercial Zona Abierta (ACZA) y a Zona Comercial Abierta (ZCA) por la colaboraci\u00f3n y coordinaci\u00f3n.<\/p>\n<p>En la avenida Enrique Mederos se habilitar\u00e1 un taller de t\u00edteres dirigido hacia ni\u00f1os de entre seis y 12 a\u00f1os. Tambi\u00e9n habr\u00e1 un stand de glitter para todas las edades y con productos ecol\u00f3gicos, as\u00ed como la animaci\u00f3n musical a cargo de DJ Xavi.<\/p>\n<p>Desde el Ayuntamiento se anima a la ciudadan\u00eda a disfrutar de la Transvulcania en el municipio. Adem\u00e1s de esta actividad para ni\u00f1os, Los Llanos de Aridane acoger\u00e1 la meta de la prueba reina, la Ultramarat\u00f3n, as\u00ed como la entrega de trofeos, el concierto fin de fiesta de Rayden y otras actividades paralelas que organizan los comercios, bares y restaurantes de la ciudad.<\/p>\n<\/div>\n","protected":false},"excerpt":{"rendered":"<p>Este s\u00e1bado, en la avenida Enrique Mederos, habr\u00e1 espect\u00e1culos de t\u00edteres, m\u00fasica y purpurina de 12:00 a 14:00 horas<\/p>\n","protected":false},"author":4,"featured_media":3719,"comment_status":"open","ping_status":"open","sticky":false,"template":"","format":"standard","meta":{"footnotes":""},"categories":[1],"tags":[],"class_list":["post-3718","post","type-post","status-publish","format-standard","has-post-thumbnail","hentry","category-sin-categoria"],"yoast_head":"<!-- This site is optimized with the Yoast SEO plugin v22.7 - https:\/\/yoast.com\/wordpress\/plugins\/seo\/ -->\n<title>Los Llanos de Aridane dedica un espacio para los m\u00e1s peque\u00f1os en la Transvulcania - Ayuntamiento de Los Llanos de Aridane<\/title>\n<meta name=\"robots\" content=\"index, follow, max-snippet:-1, max-image-preview:large, max-video-preview:-1\" \/>\n<link rel=\"canonical\" href=\"https:\/\/www.aridane.org\/city\/2024\/05\/09\/los-llanos-de-aridane-dedica-un-espacio-para-los-mas-pequenos-en-la-transvulcania\/\" \/>\n<meta property=\"og:locale\" content=\"es_ES\" \/>\n<meta property=\"og:type\" content=\"article\" \/>\n<meta property=\"og:title\" content=\"Los Llanos de Aridane dedica un espacio para los m\u00e1s peque\u00f1os en la Transvulcania - Ayuntamiento de Los Llanos de Aridane\" \/>\n<meta property=\"og:description\" content=\"Este s\u00e1bado, en la avenida Enrique Mederos, habr\u00e1 espect\u00e1culos de t\u00edteres, m\u00fasica y purpurina de 12:00 a 14:00 horas\" \/>\n<meta property=\"og:url\" content=\"https:\/\/www.aridane.org\/city\/2024\/05\/09\/los-llanos-de-aridane-dedica-un-espacio-para-los-mas-pequenos-en-la-transvulcania\/\" \/>\n<meta property=\"og:site_name\" content=\"Ayuntamiento de Los Llanos de Aridane\" \/>\n<meta property=\"article:published_time\" content=\"2024-05-09T14:24:12+00:00\" \/>\n<meta property=\"og:image\" content=\"https:\/\/www.aridane.org\/city\/wp-content\/uploads\/2024\/05\/Actividades-ninos-transvulcania.jpeg\" \/>\n\t<meta property=\"og:image:width\" content=\"1131\" \/>\n\t<meta property=\"og:image:height\" content=\"1600\" \/>\n\t<meta property=\"og:image:type\" content=\"image\/jpeg\" \/>\n<meta name=\"author\" content=\"Corresponsal\" \/>\n<meta name=\"twitter:card\" content=\"summary_large_image\" \/>\n<meta name=\"twitter:label1\" content=\"Escrito por\" \/>\n\t<meta name=\"twitter:data1\" content=\"Corresponsal\" \/>\n\t<meta name=\"twitter:label2\" content=\"Tiempo de lectura\" \/>\n\t<meta name=\"twitter:data2\" content=\"2 minutos\" \/>\n<script type=\"application\/ld+json\" class=\"yoast-schema-graph\">{\"@context\":\"https:\/\/schema.org\",\"@graph\":[{\"@type\":\"WebPage\",\"@id\":\"https:\/\/www.aridane.org\/city\/2024\/05\/09\/los-llanos-de-aridane-dedica-un-espacio-para-los-mas-pequenos-en-la-transvulcania\/\",\"url\":\"https:\/\/www.aridane.org\/city\/2024\/05\/09\/los-llanos-de-aridane-dedica-un-espacio-para-los-mas-pequenos-en-la-transvulcania\/\",\"name\":\"Los Llanos de Aridane dedica un espacio para los m\u00e1s peque\u00f1os en la Transvulcania - Ayuntamiento de Los Llanos de Aridane\",\"isPartOf\":{\"@id\":\"https:\/\/www.aridane.org\/city\/#website\"},\"primaryImageOfPage\":{\"@id\":\"https:\/\/www.aridane.org\/city\/2024\/05\/09\/los-llanos-de-aridane-dedica-un-espacio-para-los-mas-pequenos-en-la-transvulcania\/#primaryimage\"},\"image\":{\"@id\":\"https:\/\/www.aridane.org\/city\/2024\/05\/09\/los-llanos-de-aridane-dedica-un-espacio-para-los-mas-pequenos-en-la-transvulcania\/#primaryimage\"},\"thumbnailUrl\":\"https:\/\/www.aridane.org\/city\/wp-content\/uploads\/2024\/05\/Actividades-ninos-transvulcania.jpeg\",\"datePublished\":\"2024-05-09T14:24:12+00:00\",\"dateModified\":\"2024-05-09T14:24:12+00:00\",\"author\":{\"@id\":\"https:\/\/www.aridane.org\/city\/#\/schema\/person\/89ebd376b223dc94cc1dbcf200c8e6da\"},\"breadcrumb\":{\"@id\":\"https:\/\/www.aridane.org\/city\/2024\/05\/09\/los-llanos-de-aridane-dedica-un-espacio-para-los-mas-pequenos-en-la-transvulcania\/#breadcrumb\"},\"inLanguage\":\"es\",\"potentialAction\":[{\"@type\":\"ReadAction\",\"target\":[\"https:\/\/www.aridane.org\/city\/2024\/05\/09\/los-llanos-de-aridane-dedica-un-espacio-para-los-mas-pequenos-en-la-transvulcania\/\"]}]},{\"@type\":\"ImageObject\",\"inLanguage\":\"es\",\"@id\":\"https:\/\/www.aridane.org\/city\/2024\/05\/09\/los-llanos-de-aridane-dedica-un-espacio-para-los-mas-pequenos-en-la-transvulcania\/#primaryimage\",\"url\":\"https:\/\/www.aridane.org\/city\/wp-content\/uploads\/2024\/05\/Actividades-ninos-transvulcania.jpeg\",\"contentUrl\":\"https:\/\/www.aridane.org\/city\/wp-content\/uploads\/2024\/05\/Actividades-ninos-transvulcania.jpeg\",\"width\":1131,\"height\":1600},{\"@type\":\"BreadcrumbList\",\"@id\":\"https:\/\/www.aridane.org\/city\/2024\/05\/09\/los-llanos-de-aridane-dedica-un-espacio-para-los-mas-pequenos-en-la-transvulcania\/#breadcrumb\",\"itemListElement\":[{\"@type\":\"ListItem\",\"position\":1,\"name\":\"Portada\",\"item\":\"https:\/\/www.aridane.org\/city\/\"},{\"@type\":\"ListItem\",\"position\":2,\"name\":\"Los Llanos de Aridane dedica un espacio para los m\u00e1s peque\u00f1os en la Transvulcania\"}]},{\"@type\":\"WebSite\",\"@id\":\"https:\/\/www.aridane.org\/city\/#website\",\"url\":\"https:\/\/www.aridane.org\/city\/\",\"name\":\"Ayuntamiento de Los Llanos de Aridane\",\"description\":\"\",\"potentialAction\":[{\"@type\":\"SearchAction\",\"target\":{\"@type\":\"EntryPoint\",\"urlTemplate\":\"https:\/\/www.aridane.org\/city\/?s={search_term_string}\"},\"query-input\":\"required name=search_term_string\"}],\"inLanguage\":\"es\"},{\"@type\":\"Person\",\"@id\":\"https:\/\/www.aridane.org\/city\/#\/schema\/person\/89ebd376b223dc94cc1dbcf200c8e6da\",\"name\":\"Corresponsal\",\"image\":{\"@type\":\"ImageObject\",\"inLanguage\":\"es\",\"@id\":\"https:\/\/www.aridane.org\/city\/#\/schema\/person\/image\/\",\"url\":\"https:\/\/secure.gravatar.com\/avatar\/1c476992411e4ccf153da63b2b2f5ea0bb4cb1c85f3ceab8512f04325ad5579c?s=96&d=mm&r=g\",\"contentUrl\":\"https:\/\/secure.gravatar.com\/avatar\/1c476992411e4ccf153da63b2b2f5ea0bb4cb1c85f3ceab8512f04325ad5579c?s=96&d=mm&r=g\",\"caption\":\"Corresponsal\"},\"url\":\"https:\/\/www.aridane.org\/city\/author\/corresponsal\/\"}]}<\/script>\n<!-- \/ Yoast SEO plugin. -->","yoast_head_json":{"title":"Los Llanos de Aridane dedica un espacio para los m\u00e1s peque\u00f1os en la Transvulcania - Ayuntamiento de Los Llanos de Aridane","robots":{"index":"index","follow":"follow","max-snippet":"max-snippet:-1","max-image-preview":"max-image-preview:large","max-video-preview":"max-video-preview:-1"},"canonical":"https:\/\/www.aridane.org\/city\/2024\/05\/09\/los-llanos-de-aridane-dedica-un-espacio-para-los-mas-pequenos-en-la-transvulcania\/","og_locale":"es_ES","og_type":"article","og_title":"Los Llanos de Aridane dedica un espacio para los m\u00e1s peque\u00f1os en la Transvulcania - Ayuntamiento de Los Llanos de Aridane","og_description":"Este s\u00e1bado, en la avenida Enrique Mederos, habr\u00e1 espect\u00e1culos de t\u00edteres, m\u00fasica y purpurina de 12:00 a 14:00 horas","og_url":"https:\/\/www.aridane.org\/city\/2024\/05\/09\/los-llanos-de-aridane-dedica-un-espacio-para-los-mas-pequenos-en-la-transvulcania\/","og_site_name":"Ayuntamiento de Los Llanos de Aridane","article_published_time":"2024-05-09T14:24:12+00:00","og_image":[{"width":1131,"height":1600,"url":"https:\/\/www.aridane.org\/city\/wp-content\/uploads\/2024\/05\/Actividades-ninos-transvulcania.jpeg","type":"image\/jpeg"}],"author":"Corresponsal","twitter_card":"summary_large_image","twitter_misc":{"Escrito por":"Corresponsal","Tiempo de lectura":"2 minutos"},"schema":{"@context":"https:\/\/schema.org","@graph":[{"@type":"WebPage","@id":"https:\/\/www.aridane.org\/city\/2024\/05\/09\/los-llanos-de-aridane-dedica-un-espacio-para-los-mas-pequenos-en-la-transvulcania\/","url":"https:\/\/www.aridane.org\/city\/2024\/05\/09\/los-llanos-de-aridane-dedica-un-espacio-para-los-mas-pequenos-en-la-transvulcania\/","name":"Los Llanos de Aridane dedica un espacio para los m\u00e1s peque\u00f1os en la Transvulcania - Ayuntamiento de Los Llanos de Aridane","isPartOf":{"@id":"https:\/\/www.aridane.org\/city\/#website"},"primaryImageOfPage":{"@id":"https:\/\/www.aridane.org\/city\/2024\/05\/09\/los-llanos-de-aridane-dedica-un-espacio-para-los-mas-pequenos-en-la-transvulcania\/#primaryimage"},"image":{"@id":"https:\/\/www.aridane.org\/city\/2024\/05\/09\/los-llanos-de-aridane-dedica-un-espacio-para-los-mas-pequenos-en-la-transvulcania\/#primaryimage"},"thumbnailUrl":"https:\/\/www.aridane.org\/city\/wp-content\/uploads\/2024\/05\/Actividades-ninos-transvulcania.jpeg","datePublished":"2024-05-09T14:24:12+00:00","dateModified":"2024-05-09T14:24:12+00:00","author":{"@id":"https:\/\/www.aridane.org\/city\/#\/schema\/person\/89ebd376b223dc94cc1dbcf200c8e6da"},"breadcrumb":{"@id":"https:\/\/www.aridane.org\/city\/2024\/05\/09\/los-llanos-de-aridane-dedica-un-espacio-para-los-mas-pequenos-en-la-transvulcania\/#breadcrumb"},"inLanguage":"es","potentialAction":[{"@type":"ReadAction","target":["https:\/\/www.aridane.org\/city\/2024\/05\/09\/los-llanos-de-aridane-dedica-un-espacio-para-los-mas-pequenos-en-la-transvulcania\/"]}]},{"@type":"ImageObject","inLanguage":"es","@id":"https:\/\/www.aridane.org\/city\/2024\/05\/09\/los-llanos-de-aridane-dedica-un-espacio-para-los-mas-pequenos-en-la-transvulcania\/#primaryimage","url":"https:\/\/www.aridane.org\/city\/wp-content\/uploads\/2024\/05\/Actividades-ninos-transvulcania.jpeg","contentUrl":"https:\/\/www.aridane.org\/city\/wp-content\/uploads\/2024\/05\/Actividades-ninos-transvulcania.jpeg","width":1131,"height":1600},{"@type":"BreadcrumbList","@id":"https:\/\/www.aridane.org\/city\/2024\/05\/09\/los-llanos-de-aridane-dedica-un-espacio-para-los-mas-pequenos-en-la-transvulcania\/#breadcrumb","itemListElement":[{"@type":"ListItem","position":1,"name":"Portada","item":"https:\/\/www.aridane.org\/city\/"},{"@type":"ListItem","position":2,"name":"Los Llanos de Aridane dedica un espacio para los m\u00e1s peque\u00f1os en la Transvulcania"}]},{"@type":"WebSite","@id":"https:\/\/www.aridane.org\/city\/#website","url":"https:\/\/www.aridane.org\/city\/","name":"Ayuntamiento de Los Llanos de Aridane","description":"","potentialAction":[{"@type":"SearchAction","target":{"@type":"EntryPoint","urlTemplate":"https:\/\/www.aridane.org\/city\/?s={search_term_string}"},"query-input":"required name=search_term_string"}],"inLanguage":"es"},{"@type":"Person","@id":"https:\/\/www.aridane.org\/city\/#\/schema\/person\/89ebd376b223dc94cc1dbcf200c8e6da","name":"Corresponsal","image":{"@type":"ImageObject","inLanguage":"es","@id":"https:\/\/www.aridane.org\/city\/#\/schema\/person\/image\/","url":"https:\/\/secure.gravatar.com\/avatar\/1c476992411e4ccf153da63b2b2f5ea0bb4cb1c85f3ceab8512f04325ad5579c?s=96&d=mm&r=g","contentUrl":"https:\/\/secure.gravatar.com\/avatar\/1c476992411e4ccf153da63b2b2f5ea0bb4cb1c85f3ceab8512f04325ad5579c?s=96&d=mm&r=g","caption":"Corresponsal"},"url":"https:\/\/www.aridane.org\/city\/author\/corresponsal\/"}]}},"_links":{"self":[{"href":"https:\/\/www.aridane.org\/city\/wp-json\/wp\/v2\/posts\/3718","targetHints":{"allow":["GET"]}}],"collection":[{"href":"https:\/\/www.aridane.org\/city\/wp-json\/wp\/v2\/posts"}],"about":[{"href":"https:\/\/www.aridane.org\/city\/wp-json\/wp\/v2\/types\/post"}],"author":[{"embeddable":true,"href":"https:\/\/www.aridane.org\/city\/wp-json\/wp\/v2\/users\/4"}],"replies":[{"embeddable":true,"href":"https:\/\/www.aridane.org\/city\/wp-json\/wp\/v2\/comments?post=3718"}],"version-history":[{"count":1,"href":"https:\/\/www.aridane.org\/city\/wp-json\/wp\/v2\/posts\/3718\/revisions"}],"predecessor-version":[{"id":3720,"href":"https:\/\/www.aridane.org\/city\/wp-json\/wp\/v2\/posts\/3718\/revisions\/3720"}],"wp:featuredmedia":[{"embeddable":true,"href":"https:\/\/www.aridane.org\/city\/wp-json\/wp\/v2\/media\/3719"}],"wp:attachment":[{"href":"https:\/\/www.aridane.org\/city\/wp-json\/wp\/v2\/media?parent=3718"}],"wp:term":[{"taxonomy":"category","embeddable":true,"href":"https:\/\/www.aridane.org\/city\/wp-json\/wp\/v2\/categories?post=3718"},{"taxonomy":"post_tag","embeddable":true,"href":"https:\/\/www.aridane.org\/city\/wp-json\/wp\/v2\/tags?post=3718"}],"curies":[{"name":"wp","href":"https:\/\/api.w.org\/{rel}","templated":true}]}}