{"id":3726,"date":"2024-05-20T18:33:02","date_gmt":"2024-05-20T18:33:02","guid":{"rendered":"https:\/\/www.aridane.org\/city\/?p=3726"},"modified":"2024-05-20T18:33:02","modified_gmt":"2024-05-20T18:33:02","slug":"mojinos-escozios-actuara-en-los-llanos-de-aridane-el-proximo-25-de-mayo","status":"publish","type":"post","link":"https:\/\/www.aridane.org\/city\/2024\/05\/20\/mojinos-escozios-actuara-en-los-llanos-de-aridane-el-proximo-25-de-mayo\/","title":{"rendered":"Mojinos Escoz\u00edos actuar\u00e1 en Los Llanos de Aridane el pr\u00f3ximo 25 de mayo  \u00a0\u00a0"},"content":{"rendered":"<div id=\"v1forwardbody1\">\n<div>\n<p><em>El popular grupo de rock espa\u00f1ol ser\u00e1 la actuaci\u00f3n en esta nueva edici\u00f3n de \u2018Contigo Almediod\u00eda\u2019<\/em><\/p>\n<\/div>\n<\/div>\n<p><!--more--><\/p>\n<p>El Ayuntamiento de Los Llanos de Aridane organiza una nueva edici\u00f3n de\u00a0<em>Contigo Almediod\u00eda<\/em>, que tendr\u00e1 como protagonista al popular grupo de rock espa\u00f1ol, Mojinos Escoz\u00edos<em>.\u00a0<\/em>El evento tendr\u00e1 lugar el pr\u00f3ximo s\u00e1bado, 25 de mayo a partir de las 13:00 horas, en la Plaza de Espa\u00f1a.<\/p>\n<p>La concejala de Cultura, Marlene Gonz\u00e1lez, se\u00f1ala que \u201cel humor y la cr\u00edtica social en forma de s\u00e1tira que nos presentan los Mojinos Escoz\u00edoses un ingrediente perfecto para que la ciudadan\u00eda de todas las edades se acerque a la Plaza de Espa\u00f1a a disfrutar de este grupo que ha formado parte del panorama rockero nacional en los \u00faltimos a\u00f1os\u201d.<\/p>\n<p>Este ser\u00e1 el 144 grupo participante en esta iniciativa que desde el a\u00f1o 2006 forma parte de la programaci\u00f3n cultural de Los Llanos de Aridane, evento intergeneracional de ocio y tiempo libre con una importante aceptaci\u00f3n por parte de ciudadanos y visitantes.<\/p>\n<h2><strong>Mojinos Escoz\u00edos<\/strong><\/h2>\n<p>Grupo de hard rock espa\u00f1ol que destaca, sobre todo, por las letras de sus canciones, que pueden considerarse irreverentes, humor\u00edsticas e incluso escatol\u00f3gicas.<\/p>\n<p>Su estilo ronda entre el hard rock y el heavy metal, aunque algunas canciones tambi\u00e9n se encuentran influenciadas por el blues rock. Est\u00e1 compuesto por los reconocidos &#8216;El Sevilla&#8217;, &#8216;Chico&#8217;, \u00bbVidalito&#8217;, &#8216;Zippy&#8217; y &#8216;El Puto&#8217;.<\/p>\n<p>22 a\u00f1os de carrera profesional y con 16 discos editados, de los que han vendido m\u00e1s de 2 millones de copias y casi 1.700 conciertos a sus espaldas, Mojinos Escoz\u00edos son, sin duda, uno de los grupos m\u00e1s transgresores y con una carrera estable del panorama musical espa\u00f1ol, una carrera que se han trabajado creativamente, riendo e innovando y que les ha mantenido en primera l\u00ednea.<\/p>\n<p>Los directos de este grupo no dejan a nadie indiferente. Es un grupo que llega a todo tipo de p\u00fablicos y edades, han conseguido hacer humor mientras hacen buen rock, ironizando, siempre con mucho respeto, sobre la actualidad social que les envuelve, un conjunto que concentran en sus shows delirantes con una gran calidad musical, donde hay sitio, como no, para el rock, el humor, cr\u00edtica social y buenas armon\u00edas.<\/p>\n","protected":false},"excerpt":{"rendered":"<p>El popular grupo de rock espa\u00f1ol ser\u00e1 la actuaci\u00f3n en esta nueva edici\u00f3n de \u2018Contigo Almediod\u00eda\u2019<\/p>\n","protected":false},"author":4,"featured_media":3727,"comment_status":"open","ping_status":"open","sticky":false,"template":"","format":"standard","meta":{"footnotes":""},"categories":[1],"tags":[],"class_list":["post-3726","post","type-post","status-publish","format-standard","has-post-thumbnail","hentry","category-sin-categoria"],"yoast_head":"<!-- This site is optimized with the Yoast SEO plugin v22.7 - https:\/\/yoast.com\/wordpress\/plugins\/seo\/ -->\n<title>Mojinos Escoz\u00edos actuar\u00e1 en Los Llanos de Aridane el pr\u00f3ximo 25 de mayo \u00a0\u00a0 - Ayuntamiento de Los Llanos de Aridane<\/title>\n<meta name=\"robots\" content=\"index, follow, max-snippet:-1, max-image-preview:large, max-video-preview:-1\" \/>\n<link rel=\"canonical\" href=\"https:\/\/www.aridane.org\/city\/2024\/05\/20\/mojinos-escozios-actuara-en-los-llanos-de-aridane-el-proximo-25-de-mayo\/\" \/>\n<meta property=\"og:locale\" content=\"es_ES\" \/>\n<meta property=\"og:type\" content=\"article\" \/>\n<meta property=\"og:title\" content=\"Mojinos Escoz\u00edos actuar\u00e1 en Los Llanos de Aridane el pr\u00f3ximo 25 de mayo \u00a0\u00a0 - Ayuntamiento de Los Llanos de Aridane\" \/>\n<meta property=\"og:description\" content=\"El popular grupo de rock espa\u00f1ol ser\u00e1 la actuaci\u00f3n en esta nueva edici\u00f3n de \u2018Contigo Almediod\u00eda\u2019\" \/>\n<meta property=\"og:url\" content=\"https:\/\/www.aridane.org\/city\/2024\/05\/20\/mojinos-escozios-actuara-en-los-llanos-de-aridane-el-proximo-25-de-mayo\/\" \/>\n<meta property=\"og:site_name\" content=\"Ayuntamiento de Los Llanos de Aridane\" \/>\n<meta property=\"article:published_time\" content=\"2024-05-20T18:33:02+00:00\" \/>\n<meta property=\"og:image\" content=\"https:\/\/www.aridane.org\/city\/wp-content\/uploads\/2024\/05\/Mojinos-escozios.jpg\" \/>\n\t<meta property=\"og:image:width\" content=\"1133\" \/>\n\t<meta property=\"og:image:height\" content=\"1079\" \/>\n\t<meta property=\"og:image:type\" content=\"image\/jpeg\" \/>\n<meta name=\"author\" content=\"Corresponsal\" \/>\n<meta name=\"twitter:card\" content=\"summary_large_image\" \/>\n<meta name=\"twitter:label1\" content=\"Escrito por\" \/>\n\t<meta name=\"twitter:data1\" content=\"Corresponsal\" \/>\n\t<meta name=\"twitter:label2\" content=\"Tiempo de lectura\" \/>\n\t<meta name=\"twitter:data2\" content=\"2 minutos\" \/>\n<script type=\"application\/ld+json\" class=\"yoast-schema-graph\">{\"@context\":\"https:\/\/schema.org\",\"@graph\":[{\"@type\":\"WebPage\",\"@id\":\"https:\/\/www.aridane.org\/city\/2024\/05\/20\/mojinos-escozios-actuara-en-los-llanos-de-aridane-el-proximo-25-de-mayo\/\",\"url\":\"https:\/\/www.aridane.org\/city\/2024\/05\/20\/mojinos-escozios-actuara-en-los-llanos-de-aridane-el-proximo-25-de-mayo\/\",\"name\":\"Mojinos Escoz\u00edos actuar\u00e1 en Los Llanos de Aridane el pr\u00f3ximo 25 de mayo \u00a0\u00a0 - Ayuntamiento de Los Llanos de Aridane\",\"isPartOf\":{\"@id\":\"https:\/\/www.aridane.org\/city\/#website\"},\"primaryImageOfPage\":{\"@id\":\"https:\/\/www.aridane.org\/city\/2024\/05\/20\/mojinos-escozios-actuara-en-los-llanos-de-aridane-el-proximo-25-de-mayo\/#primaryimage\"},\"image\":{\"@id\":\"https:\/\/www.aridane.org\/city\/2024\/05\/20\/mojinos-escozios-actuara-en-los-llanos-de-aridane-el-proximo-25-de-mayo\/#primaryimage\"},\"thumbnailUrl\":\"https:\/\/www.aridane.org\/city\/wp-content\/uploads\/2024\/05\/Mojinos-escozios.jpg\",\"datePublished\":\"2024-05-20T18:33:02+00:00\",\"dateModified\":\"2024-05-20T18:33:02+00:00\",\"author\":{\"@id\":\"https:\/\/www.aridane.org\/city\/#\/schema\/person\/89ebd376b223dc94cc1dbcf200c8e6da\"},\"breadcrumb\":{\"@id\":\"https:\/\/www.aridane.org\/city\/2024\/05\/20\/mojinos-escozios-actuara-en-los-llanos-de-aridane-el-proximo-25-de-mayo\/#breadcrumb\"},\"inLanguage\":\"es\",\"potentialAction\":[{\"@type\":\"ReadAction\",\"target\":[\"https:\/\/www.aridane.org\/city\/2024\/05\/20\/mojinos-escozios-actuara-en-los-llanos-de-aridane-el-proximo-25-de-mayo\/\"]}]},{\"@type\":\"ImageObject\",\"inLanguage\":\"es\",\"@id\":\"https:\/\/www.aridane.org\/city\/2024\/05\/20\/mojinos-escozios-actuara-en-los-llanos-de-aridane-el-proximo-25-de-mayo\/#primaryimage\",\"url\":\"https:\/\/www.aridane.org\/city\/wp-content\/uploads\/2024\/05\/Mojinos-escozios.jpg\",\"contentUrl\":\"https:\/\/www.aridane.org\/city\/wp-content\/uploads\/2024\/05\/Mojinos-escozios.jpg\",\"width\":1133,\"height\":1079},{\"@type\":\"BreadcrumbList\",\"@id\":\"https:\/\/www.aridane.org\/city\/2024\/05\/20\/mojinos-escozios-actuara-en-los-llanos-de-aridane-el-proximo-25-de-mayo\/#breadcrumb\",\"itemListElement\":[{\"@type\":\"ListItem\",\"position\":1,\"name\":\"Portada\",\"item\":\"https:\/\/www.aridane.org\/city\/\"},{\"@type\":\"ListItem\",\"position\":2,\"name\":\"Mojinos Escoz\u00edos actuar\u00e1 en Los Llanos de Aridane el pr\u00f3ximo 25 de mayo \u00a0\u00a0\"}]},{\"@type\":\"WebSite\",\"@id\":\"https:\/\/www.aridane.org\/city\/#website\",\"url\":\"https:\/\/www.aridane.org\/city\/\",\"name\":\"Ayuntamiento de Los Llanos de Aridane\",\"description\":\"\",\"potentialAction\":[{\"@type\":\"SearchAction\",\"target\":{\"@type\":\"EntryPoint\",\"urlTemplate\":\"https:\/\/www.aridane.org\/city\/?s={search_term_string}\"},\"query-input\":\"required name=search_term_string\"}],\"inLanguage\":\"es\"},{\"@type\":\"Person\",\"@id\":\"https:\/\/www.aridane.org\/city\/#\/schema\/person\/89ebd376b223dc94cc1dbcf200c8e6da\",\"name\":\"Corresponsal\",\"image\":{\"@type\":\"ImageObject\",\"inLanguage\":\"es\",\"@id\":\"https:\/\/www.aridane.org\/city\/#\/schema\/person\/image\/\",\"url\":\"https:\/\/secure.gravatar.com\/avatar\/1c476992411e4ccf153da63b2b2f5ea0bb4cb1c85f3ceab8512f04325ad5579c?s=96&d=mm&r=g\",\"contentUrl\":\"https:\/\/secure.gravatar.com\/avatar\/1c476992411e4ccf153da63b2b2f5ea0bb4cb1c85f3ceab8512f04325ad5579c?s=96&d=mm&r=g\",\"caption\":\"Corresponsal\"},\"url\":\"https:\/\/www.aridane.org\/city\/author\/corresponsal\/\"}]}<\/script>\n<!-- \/ Yoast SEO plugin. -->","yoast_head_json":{"title":"Mojinos Escoz\u00edos actuar\u00e1 en Los Llanos de Aridane el pr\u00f3ximo 25 de mayo \u00a0\u00a0 - Ayuntamiento de Los Llanos de Aridane","robots":{"index":"index","follow":"follow","max-snippet":"max-snippet:-1","max-image-preview":"max-image-preview:large","max-video-preview":"max-video-preview:-1"},"canonical":"https:\/\/www.aridane.org\/city\/2024\/05\/20\/mojinos-escozios-actuara-en-los-llanos-de-aridane-el-proximo-25-de-mayo\/","og_locale":"es_ES","og_type":"article","og_title":"Mojinos Escoz\u00edos actuar\u00e1 en Los Llanos de Aridane el pr\u00f3ximo 25 de mayo \u00a0\u00a0 - Ayuntamiento de Los Llanos de Aridane","og_description":"El popular grupo de rock espa\u00f1ol ser\u00e1 la actuaci\u00f3n en esta nueva edici\u00f3n de \u2018Contigo Almediod\u00eda\u2019","og_url":"https:\/\/www.aridane.org\/city\/2024\/05\/20\/mojinos-escozios-actuara-en-los-llanos-de-aridane-el-proximo-25-de-mayo\/","og_site_name":"Ayuntamiento de Los Llanos de Aridane","article_published_time":"2024-05-20T18:33:02+00:00","og_image":[{"width":1133,"height":1079,"url":"https:\/\/www.aridane.org\/city\/wp-content\/uploads\/2024\/05\/Mojinos-escozios.jpg","type":"image\/jpeg"}],"author":"Corresponsal","twitter_card":"summary_large_image","twitter_misc":{"Escrito por":"Corresponsal","Tiempo de lectura":"2 minutos"},"schema":{"@context":"https:\/\/schema.org","@graph":[{"@type":"WebPage","@id":"https:\/\/www.aridane.org\/city\/2024\/05\/20\/mojinos-escozios-actuara-en-los-llanos-de-aridane-el-proximo-25-de-mayo\/","url":"https:\/\/www.aridane.org\/city\/2024\/05\/20\/mojinos-escozios-actuara-en-los-llanos-de-aridane-el-proximo-25-de-mayo\/","name":"Mojinos Escoz\u00edos actuar\u00e1 en Los Llanos de Aridane el pr\u00f3ximo 25 de mayo \u00a0\u00a0 - Ayuntamiento de Los Llanos de Aridane","isPartOf":{"@id":"https:\/\/www.aridane.org\/city\/#website"},"primaryImageOfPage":{"@id":"https:\/\/www.aridane.org\/city\/2024\/05\/20\/mojinos-escozios-actuara-en-los-llanos-de-aridane-el-proximo-25-de-mayo\/#primaryimage"},"image":{"@id":"https:\/\/www.aridane.org\/city\/2024\/05\/20\/mojinos-escozios-actuara-en-los-llanos-de-aridane-el-proximo-25-de-mayo\/#primaryimage"},"thumbnailUrl":"https:\/\/www.aridane.org\/city\/wp-content\/uploads\/2024\/05\/Mojinos-escozios.jpg","datePublished":"2024-05-20T18:33:02+00:00","dateModified":"2024-05-20T18:33:02+00:00","author":{"@id":"https:\/\/www.aridane.org\/city\/#\/schema\/person\/89ebd376b223dc94cc1dbcf200c8e6da"},"breadcrumb":{"@id":"https:\/\/www.aridane.org\/city\/2024\/05\/20\/mojinos-escozios-actuara-en-los-llanos-de-aridane-el-proximo-25-de-mayo\/#breadcrumb"},"inLanguage":"es","potentialAction":[{"@type":"ReadAction","target":["https:\/\/www.aridane.org\/city\/2024\/05\/20\/mojinos-escozios-actuara-en-los-llanos-de-aridane-el-proximo-25-de-mayo\/"]}]},{"@type":"ImageObject","inLanguage":"es","@id":"https:\/\/www.aridane.org\/city\/2024\/05\/20\/mojinos-escozios-actuara-en-los-llanos-de-aridane-el-proximo-25-de-mayo\/#primaryimage","url":"https:\/\/www.aridane.org\/city\/wp-content\/uploads\/2024\/05\/Mojinos-escozios.jpg","contentUrl":"https:\/\/www.aridane.org\/city\/wp-content\/uploads\/2024\/05\/Mojinos-escozios.jpg","width":1133,"height":1079},{"@type":"BreadcrumbList","@id":"https:\/\/www.aridane.org\/city\/2024\/05\/20\/mojinos-escozios-actuara-en-los-llanos-de-aridane-el-proximo-25-de-mayo\/#breadcrumb","itemListElement":[{"@type":"ListItem","position":1,"name":"Portada","item":"https:\/\/www.aridane.org\/city\/"},{"@type":"ListItem","position":2,"name":"Mojinos Escoz\u00edos actuar\u00e1 en Los Llanos de Aridane el pr\u00f3ximo 25 de mayo \u00a0\u00a0"}]},{"@type":"WebSite","@id":"https:\/\/www.aridane.org\/city\/#website","url":"https:\/\/www.aridane.org\/city\/","name":"Ayuntamiento de Los Llanos de Aridane","description":"","potentialAction":[{"@type":"SearchAction","target":{"@type":"EntryPoint","urlTemplate":"https:\/\/www.aridane.org\/city\/?s={search_term_string}"},"query-input":"required name=search_term_string"}],"inLanguage":"es"},{"@type":"Person","@id":"https:\/\/www.aridane.org\/city\/#\/schema\/person\/89ebd376b223dc94cc1dbcf200c8e6da","name":"Corresponsal","image":{"@type":"ImageObject","inLanguage":"es","@id":"https:\/\/www.aridane.org\/city\/#\/schema\/person\/image\/","url":"https:\/\/secure.gravatar.com\/avatar\/1c476992411e4ccf153da63b2b2f5ea0bb4cb1c85f3ceab8512f04325ad5579c?s=96&d=mm&r=g","contentUrl":"https:\/\/secure.gravatar.com\/avatar\/1c476992411e4ccf153da63b2b2f5ea0bb4cb1c85f3ceab8512f04325ad5579c?s=96&d=mm&r=g","caption":"Corresponsal"},"url":"https:\/\/www.aridane.org\/city\/author\/corresponsal\/"}]}},"_links":{"self":[{"href":"https:\/\/www.aridane.org\/city\/wp-json\/wp\/v2\/posts\/3726","targetHints":{"allow":["GET"]}}],"collection":[{"href":"https:\/\/www.aridane.org\/city\/wp-json\/wp\/v2\/posts"}],"about":[{"href":"https:\/\/www.aridane.org\/city\/wp-json\/wp\/v2\/types\/post"}],"author":[{"embeddable":true,"href":"https:\/\/www.aridane.org\/city\/wp-json\/wp\/v2\/users\/4"}],"replies":[{"embeddable":true,"href":"https:\/\/www.aridane.org\/city\/wp-json\/wp\/v2\/comments?post=3726"}],"version-history":[{"count":1,"href":"https:\/\/www.aridane.org\/city\/wp-json\/wp\/v2\/posts\/3726\/revisions"}],"predecessor-version":[{"id":3728,"href":"https:\/\/www.aridane.org\/city\/wp-json\/wp\/v2\/posts\/3726\/revisions\/3728"}],"wp:featuredmedia":[{"embeddable":true,"href":"https:\/\/www.aridane.org\/city\/wp-json\/wp\/v2\/media\/3727"}],"wp:attachment":[{"href":"https:\/\/www.aridane.org\/city\/wp-json\/wp\/v2\/media?parent=3726"}],"wp:term":[{"taxonomy":"category","embeddable":true,"href":"https:\/\/www.aridane.org\/city\/wp-json\/wp\/v2\/categories?post=3726"},{"taxonomy":"post_tag","embeddable":true,"href":"https:\/\/www.aridane.org\/city\/wp-json\/wp\/v2\/tags?post=3726"}],"curies":[{"name":"wp","href":"https:\/\/api.w.org\/{rel}","templated":true}]}}