{"id":3734,"date":"2024-05-13T12:46:39","date_gmt":"2024-05-13T12:46:39","guid":{"rendered":"https:\/\/www.aridane.org\/city\/?p=3734"},"modified":"2024-05-27T12:52:22","modified_gmt":"2024-05-27T12:52:22","slug":"el-ayuntamiento-habilita-un-servicio-de-recogida-de-enseres-voluminosos-en-puerto-naos","status":"publish","type":"post","link":"https:\/\/www.aridane.org\/city\/2024\/05\/13\/el-ayuntamiento-habilita-un-servicio-de-recogida-de-enseres-voluminosos-en-puerto-naos\/","title":{"rendered":"El Ayuntamiento habilita un servicio de recogida de enseres voluminosos en Puerto Naos"},"content":{"rendered":"<p><em>El objetivo es facilitar las labores de limpieza a las familias que est\u00e1n regresando a sus viviendas<\/em><\/p>\n<p>El Ayuntamiento de Los Llanos de Aridane habilita un servicio de recogida de enseres voluminosos no peligrosos en Puerto Naos. Las personas interesadas deben contactar con el servicio de recogida mediante el correo\u00a0<a href=\"mailto:arealimpieza@outlook.com\" rel=\"noreferrer\">arealimpieza@outlook.com<\/a><\/p>\n<p>El concejal de Servicios Municipales, Rubens D\u00edaz, se\u00f1ala que a trav\u00e9s de este sistema de recogida, se busca facilitar las labores de limpieza de esas familias y negocios que poco a poco van volviendo a Puerto Naos, barrio que en los \u00faltimos meses recupera la normalidad despu\u00e9s de la crisis provocada por los gases tras el volc\u00e1n.<\/p>\n<p>\u201cYa son m\u00e1s de 730 viviendas con autorizaci\u00f3n del Peinpal para volver. Desde el Ayuntamiento pondremos facilidades para retirar los residuos y su correcto tratamiento\u201d, apunta el concejal.<\/p>\n<p>Es importante aclarar que el Ayuntamiento no retirar\u00e1 aquellos desechos voluminosos considerados peligrosos, tales como amiantos o pinturas. Estos residuos requieren un manejo especial debido a su tama\u00f1o y peso, y a menudo se recogen por separado de la basura regular para su posterior reciclaje o eliminaci\u00f3n adecuada.<\/p>\n","protected":false},"excerpt":{"rendered":"<p>El objetivo es facilitar las labores de limpieza a las familias que est\u00e1n regresando a sus viviendas El Ayuntamiento de Los Llanos de Aridane habilita un servicio de recogida de enseres voluminosos no peligrosos en Puerto Naos. Las personas interesadas deben contactar con el servicio&#8230;<\/p>\n","protected":false},"author":4,"featured_media":3735,"comment_status":"open","ping_status":"open","sticky":false,"template":"","format":"standard","meta":{"footnotes":""},"categories":[1],"tags":[],"class_list":["post-3734","post","type-post","status-publish","format-standard","has-post-thumbnail","hentry","category-sin-categoria"],"yoast_head":"<!-- This site is optimized with the Yoast SEO plugin v22.7 - https:\/\/yoast.com\/wordpress\/plugins\/seo\/ -->\n<title>El Ayuntamiento habilita un servicio de recogida de enseres voluminosos en Puerto Naos - Ayuntamiento de Los Llanos de Aridane<\/title>\n<meta name=\"robots\" content=\"index, follow, max-snippet:-1, max-image-preview:large, max-video-preview:-1\" \/>\n<link rel=\"canonical\" href=\"https:\/\/www.aridane.org\/city\/2024\/05\/13\/el-ayuntamiento-habilita-un-servicio-de-recogida-de-enseres-voluminosos-en-puerto-naos\/\" \/>\n<meta property=\"og:locale\" content=\"es_ES\" \/>\n<meta property=\"og:type\" content=\"article\" \/>\n<meta property=\"og:title\" content=\"El Ayuntamiento habilita un servicio de recogida de enseres voluminosos en Puerto Naos - Ayuntamiento de Los Llanos de Aridane\" \/>\n<meta property=\"og:description\" content=\"El objetivo es facilitar las labores de limpieza a las familias que est\u00e1n regresando a sus viviendas El Ayuntamiento de Los Llanos de Aridane habilita un servicio de recogida de enseres voluminosos no peligrosos en Puerto Naos. Las personas interesadas deben contactar con el servicio...\" \/>\n<meta property=\"og:url\" content=\"https:\/\/www.aridane.org\/city\/2024\/05\/13\/el-ayuntamiento-habilita-un-servicio-de-recogida-de-enseres-voluminosos-en-puerto-naos\/\" \/>\n<meta property=\"og:site_name\" content=\"Ayuntamiento de Los Llanos de Aridane\" \/>\n<meta property=\"article:published_time\" content=\"2024-05-13T12:46:39+00:00\" \/>\n<meta property=\"article:modified_time\" content=\"2024-05-27T12:52:22+00:00\" \/>\n<meta property=\"og:image\" content=\"https:\/\/www.aridane.org\/city\/wp-content\/uploads\/2024\/05\/Puerto-Naos-2-1.jpeg\" \/>\n\t<meta property=\"og:image:width\" content=\"1620\" \/>\n\t<meta property=\"og:image:height\" content=\"1080\" \/>\n\t<meta property=\"og:image:type\" content=\"image\/jpeg\" \/>\n<meta name=\"author\" content=\"Corresponsal\" \/>\n<meta name=\"twitter:card\" content=\"summary_large_image\" \/>\n<meta name=\"twitter:label1\" content=\"Escrito por\" \/>\n\t<meta name=\"twitter:data1\" content=\"Corresponsal\" \/>\n\t<meta name=\"twitter:label2\" content=\"Tiempo de lectura\" \/>\n\t<meta name=\"twitter:data2\" content=\"2 minutos\" \/>\n<script type=\"application\/ld+json\" class=\"yoast-schema-graph\">{\"@context\":\"https:\/\/schema.org\",\"@graph\":[{\"@type\":\"WebPage\",\"@id\":\"https:\/\/www.aridane.org\/city\/2024\/05\/13\/el-ayuntamiento-habilita-un-servicio-de-recogida-de-enseres-voluminosos-en-puerto-naos\/\",\"url\":\"https:\/\/www.aridane.org\/city\/2024\/05\/13\/el-ayuntamiento-habilita-un-servicio-de-recogida-de-enseres-voluminosos-en-puerto-naos\/\",\"name\":\"El Ayuntamiento habilita un servicio de recogida de enseres voluminosos en Puerto Naos - Ayuntamiento de Los Llanos de Aridane\",\"isPartOf\":{\"@id\":\"https:\/\/www.aridane.org\/city\/#website\"},\"primaryImageOfPage\":{\"@id\":\"https:\/\/www.aridane.org\/city\/2024\/05\/13\/el-ayuntamiento-habilita-un-servicio-de-recogida-de-enseres-voluminosos-en-puerto-naos\/#primaryimage\"},\"image\":{\"@id\":\"https:\/\/www.aridane.org\/city\/2024\/05\/13\/el-ayuntamiento-habilita-un-servicio-de-recogida-de-enseres-voluminosos-en-puerto-naos\/#primaryimage\"},\"thumbnailUrl\":\"https:\/\/www.aridane.org\/city\/wp-content\/uploads\/2024\/05\/Puerto-Naos-2-1.jpeg\",\"datePublished\":\"2024-05-13T12:46:39+00:00\",\"dateModified\":\"2024-05-27T12:52:22+00:00\",\"author\":{\"@id\":\"https:\/\/www.aridane.org\/city\/#\/schema\/person\/89ebd376b223dc94cc1dbcf200c8e6da\"},\"breadcrumb\":{\"@id\":\"https:\/\/www.aridane.org\/city\/2024\/05\/13\/el-ayuntamiento-habilita-un-servicio-de-recogida-de-enseres-voluminosos-en-puerto-naos\/#breadcrumb\"},\"inLanguage\":\"es\",\"potentialAction\":[{\"@type\":\"ReadAction\",\"target\":[\"https:\/\/www.aridane.org\/city\/2024\/05\/13\/el-ayuntamiento-habilita-un-servicio-de-recogida-de-enseres-voluminosos-en-puerto-naos\/\"]}]},{\"@type\":\"ImageObject\",\"inLanguage\":\"es\",\"@id\":\"https:\/\/www.aridane.org\/city\/2024\/05\/13\/el-ayuntamiento-habilita-un-servicio-de-recogida-de-enseres-voluminosos-en-puerto-naos\/#primaryimage\",\"url\":\"https:\/\/www.aridane.org\/city\/wp-content\/uploads\/2024\/05\/Puerto-Naos-2-1.jpeg\",\"contentUrl\":\"https:\/\/www.aridane.org\/city\/wp-content\/uploads\/2024\/05\/Puerto-Naos-2-1.jpeg\",\"width\":1620,\"height\":1080},{\"@type\":\"BreadcrumbList\",\"@id\":\"https:\/\/www.aridane.org\/city\/2024\/05\/13\/el-ayuntamiento-habilita-un-servicio-de-recogida-de-enseres-voluminosos-en-puerto-naos\/#breadcrumb\",\"itemListElement\":[{\"@type\":\"ListItem\",\"position\":1,\"name\":\"Portada\",\"item\":\"https:\/\/www.aridane.org\/city\/\"},{\"@type\":\"ListItem\",\"position\":2,\"name\":\"El Ayuntamiento habilita un servicio de recogida de enseres voluminosos en Puerto Naos\"}]},{\"@type\":\"WebSite\",\"@id\":\"https:\/\/www.aridane.org\/city\/#website\",\"url\":\"https:\/\/www.aridane.org\/city\/\",\"name\":\"Ayuntamiento de Los Llanos de Aridane\",\"description\":\"\",\"potentialAction\":[{\"@type\":\"SearchAction\",\"target\":{\"@type\":\"EntryPoint\",\"urlTemplate\":\"https:\/\/www.aridane.org\/city\/?s={search_term_string}\"},\"query-input\":\"required name=search_term_string\"}],\"inLanguage\":\"es\"},{\"@type\":\"Person\",\"@id\":\"https:\/\/www.aridane.org\/city\/#\/schema\/person\/89ebd376b223dc94cc1dbcf200c8e6da\",\"name\":\"Corresponsal\",\"image\":{\"@type\":\"ImageObject\",\"inLanguage\":\"es\",\"@id\":\"https:\/\/www.aridane.org\/city\/#\/schema\/person\/image\/\",\"url\":\"https:\/\/secure.gravatar.com\/avatar\/1c476992411e4ccf153da63b2b2f5ea0bb4cb1c85f3ceab8512f04325ad5579c?s=96&d=mm&r=g\",\"contentUrl\":\"https:\/\/secure.gravatar.com\/avatar\/1c476992411e4ccf153da63b2b2f5ea0bb4cb1c85f3ceab8512f04325ad5579c?s=96&d=mm&r=g\",\"caption\":\"Corresponsal\"},\"url\":\"https:\/\/www.aridane.org\/city\/author\/corresponsal\/\"}]}<\/script>\n<!-- \/ Yoast SEO plugin. -->","yoast_head_json":{"title":"El Ayuntamiento habilita un servicio de recogida de enseres voluminosos en Puerto Naos - Ayuntamiento de Los Llanos de Aridane","robots":{"index":"index","follow":"follow","max-snippet":"max-snippet:-1","max-image-preview":"max-image-preview:large","max-video-preview":"max-video-preview:-1"},"canonical":"https:\/\/www.aridane.org\/city\/2024\/05\/13\/el-ayuntamiento-habilita-un-servicio-de-recogida-de-enseres-voluminosos-en-puerto-naos\/","og_locale":"es_ES","og_type":"article","og_title":"El Ayuntamiento habilita un servicio de recogida de enseres voluminosos en Puerto Naos - Ayuntamiento de Los Llanos de Aridane","og_description":"El objetivo es facilitar las labores de limpieza a las familias que est\u00e1n regresando a sus viviendas El Ayuntamiento de Los Llanos de Aridane habilita un servicio de recogida de enseres voluminosos no peligrosos en Puerto Naos. Las personas interesadas deben contactar con el servicio...","og_url":"https:\/\/www.aridane.org\/city\/2024\/05\/13\/el-ayuntamiento-habilita-un-servicio-de-recogida-de-enseres-voluminosos-en-puerto-naos\/","og_site_name":"Ayuntamiento de Los Llanos de Aridane","article_published_time":"2024-05-13T12:46:39+00:00","article_modified_time":"2024-05-27T12:52:22+00:00","og_image":[{"width":1620,"height":1080,"url":"https:\/\/www.aridane.org\/city\/wp-content\/uploads\/2024\/05\/Puerto-Naos-2-1.jpeg","type":"image\/jpeg"}],"author":"Corresponsal","twitter_card":"summary_large_image","twitter_misc":{"Escrito por":"Corresponsal","Tiempo de lectura":"2 minutos"},"schema":{"@context":"https:\/\/schema.org","@graph":[{"@type":"WebPage","@id":"https:\/\/www.aridane.org\/city\/2024\/05\/13\/el-ayuntamiento-habilita-un-servicio-de-recogida-de-enseres-voluminosos-en-puerto-naos\/","url":"https:\/\/www.aridane.org\/city\/2024\/05\/13\/el-ayuntamiento-habilita-un-servicio-de-recogida-de-enseres-voluminosos-en-puerto-naos\/","name":"El Ayuntamiento habilita un servicio de recogida de enseres voluminosos en Puerto Naos - Ayuntamiento de Los Llanos de Aridane","isPartOf":{"@id":"https:\/\/www.aridane.org\/city\/#website"},"primaryImageOfPage":{"@id":"https:\/\/www.aridane.org\/city\/2024\/05\/13\/el-ayuntamiento-habilita-un-servicio-de-recogida-de-enseres-voluminosos-en-puerto-naos\/#primaryimage"},"image":{"@id":"https:\/\/www.aridane.org\/city\/2024\/05\/13\/el-ayuntamiento-habilita-un-servicio-de-recogida-de-enseres-voluminosos-en-puerto-naos\/#primaryimage"},"thumbnailUrl":"https:\/\/www.aridane.org\/city\/wp-content\/uploads\/2024\/05\/Puerto-Naos-2-1.jpeg","datePublished":"2024-05-13T12:46:39+00:00","dateModified":"2024-05-27T12:52:22+00:00","author":{"@id":"https:\/\/www.aridane.org\/city\/#\/schema\/person\/89ebd376b223dc94cc1dbcf200c8e6da"},"breadcrumb":{"@id":"https:\/\/www.aridane.org\/city\/2024\/05\/13\/el-ayuntamiento-habilita-un-servicio-de-recogida-de-enseres-voluminosos-en-puerto-naos\/#breadcrumb"},"inLanguage":"es","potentialAction":[{"@type":"ReadAction","target":["https:\/\/www.aridane.org\/city\/2024\/05\/13\/el-ayuntamiento-habilita-un-servicio-de-recogida-de-enseres-voluminosos-en-puerto-naos\/"]}]},{"@type":"ImageObject","inLanguage":"es","@id":"https:\/\/www.aridane.org\/city\/2024\/05\/13\/el-ayuntamiento-habilita-un-servicio-de-recogida-de-enseres-voluminosos-en-puerto-naos\/#primaryimage","url":"https:\/\/www.aridane.org\/city\/wp-content\/uploads\/2024\/05\/Puerto-Naos-2-1.jpeg","contentUrl":"https:\/\/www.aridane.org\/city\/wp-content\/uploads\/2024\/05\/Puerto-Naos-2-1.jpeg","width":1620,"height":1080},{"@type":"BreadcrumbList","@id":"https:\/\/www.aridane.org\/city\/2024\/05\/13\/el-ayuntamiento-habilita-un-servicio-de-recogida-de-enseres-voluminosos-en-puerto-naos\/#breadcrumb","itemListElement":[{"@type":"ListItem","position":1,"name":"Portada","item":"https:\/\/www.aridane.org\/city\/"},{"@type":"ListItem","position":2,"name":"El Ayuntamiento habilita un servicio de recogida de enseres voluminosos en Puerto Naos"}]},{"@type":"WebSite","@id":"https:\/\/www.aridane.org\/city\/#website","url":"https:\/\/www.aridane.org\/city\/","name":"Ayuntamiento de Los Llanos de Aridane","description":"","potentialAction":[{"@type":"SearchAction","target":{"@type":"EntryPoint","urlTemplate":"https:\/\/www.aridane.org\/city\/?s={search_term_string}"},"query-input":"required name=search_term_string"}],"inLanguage":"es"},{"@type":"Person","@id":"https:\/\/www.aridane.org\/city\/#\/schema\/person\/89ebd376b223dc94cc1dbcf200c8e6da","name":"Corresponsal","image":{"@type":"ImageObject","inLanguage":"es","@id":"https:\/\/www.aridane.org\/city\/#\/schema\/person\/image\/","url":"https:\/\/secure.gravatar.com\/avatar\/1c476992411e4ccf153da63b2b2f5ea0bb4cb1c85f3ceab8512f04325ad5579c?s=96&d=mm&r=g","contentUrl":"https:\/\/secure.gravatar.com\/avatar\/1c476992411e4ccf153da63b2b2f5ea0bb4cb1c85f3ceab8512f04325ad5579c?s=96&d=mm&r=g","caption":"Corresponsal"},"url":"https:\/\/www.aridane.org\/city\/author\/corresponsal\/"}]}},"_links":{"self":[{"href":"https:\/\/www.aridane.org\/city\/wp-json\/wp\/v2\/posts\/3734","targetHints":{"allow":["GET"]}}],"collection":[{"href":"https:\/\/www.aridane.org\/city\/wp-json\/wp\/v2\/posts"}],"about":[{"href":"https:\/\/www.aridane.org\/city\/wp-json\/wp\/v2\/types\/post"}],"author":[{"embeddable":true,"href":"https:\/\/www.aridane.org\/city\/wp-json\/wp\/v2\/users\/4"}],"replies":[{"embeddable":true,"href":"https:\/\/www.aridane.org\/city\/wp-json\/wp\/v2\/comments?post=3734"}],"version-history":[{"count":1,"href":"https:\/\/www.aridane.org\/city\/wp-json\/wp\/v2\/posts\/3734\/revisions"}],"predecessor-version":[{"id":3736,"href":"https:\/\/www.aridane.org\/city\/wp-json\/wp\/v2\/posts\/3734\/revisions\/3736"}],"wp:featuredmedia":[{"embeddable":true,"href":"https:\/\/www.aridane.org\/city\/wp-json\/wp\/v2\/media\/3735"}],"wp:attachment":[{"href":"https:\/\/www.aridane.org\/city\/wp-json\/wp\/v2\/media?parent=3734"}],"wp:term":[{"taxonomy":"category","embeddable":true,"href":"https:\/\/www.aridane.org\/city\/wp-json\/wp\/v2\/categories?post=3734"},{"taxonomy":"post_tag","embeddable":true,"href":"https:\/\/www.aridane.org\/city\/wp-json\/wp\/v2\/tags?post=3734"}],"curies":[{"name":"wp","href":"https:\/\/api.w.org\/{rel}","templated":true}]}}