{"id":3740,"date":"2024-05-17T12:54:56","date_gmt":"2024-05-17T12:54:56","guid":{"rendered":"https:\/\/www.aridane.org\/city\/?p=3740"},"modified":"2024-05-27T12:58:03","modified_gmt":"2024-05-27T12:58:03","slug":"las-inscripciones-para-el-campus-de-verano-de-los-llanos-de-aridane-abre-el-21-de-mayo","status":"publish","type":"post","link":"https:\/\/www.aridane.org\/city\/2024\/05\/17\/las-inscripciones-para-el-campus-de-verano-de-los-llanos-de-aridane-abre-el-21-de-mayo\/","title":{"rendered":"Las inscripciones para el Campus de Verano de Los Llanos de Aridane abre el 21 de mayo"},"content":{"rendered":"<p><em>El campus est\u00e1 dirigido a ni\u00f1os y ni\u00f1as de tres a 12 a\u00f1os y cuenta con 250 plazas por mes<\/em><!--more--><\/p>\n<div id=\"v1forwardbody1\">\n<p>Como cada a\u00f1o, el Ayuntamiento de Los Llanos de Aridane organiza el Campus de Verano para los meses de julio y agosto. Las inscripciones se abren el martes, 21 de mayo, en horario de 16:00 a 19:00 horas, y se realizar\u00e1n de forma presencial en el pabell\u00f3n Severo Rodr\u00edguez hasta completar todas las plazas.<\/p>\n<p>El concejal de Deportes, V\u00edctor Gonz\u00e1lez, recuerda que este campus es \u201cmuy importante\u201d para las familias. \u201cLos m\u00e1s peque\u00f1os est\u00e1n encantados de pasar las ma\u00f1anas de verano junto con otros ni\u00f1os haciendo deportes. Eso no s\u00f3lo estimula estilos de vida m\u00e1s activos y saludables, sino que potencia las habilidades sociales. Asimismo, el campus ofrece a las familias la oportunidad de mejorar la conciliaci\u00f3n familias\u201d, a\u00f1ade.<\/p>\n<p>En este sentido, el alcalde Javier Llamas valora la celebraci\u00f3n de este tipo de campus para el desarrollo personal de los ni\u00f1os. \u201cHablamos de promover la salud f\u00edsica, de fomentar el trabajo en equipo y de inculcar valores tan potentes como la amistad, el compa\u00f1erismo o la empat\u00eda\u201d, apunta.<\/p>\n<h2><strong>Los detalles del Campus de Verano<\/strong><\/h2>\n<p>El Campus de Verano de Los Llanos de Aridane est\u00e1 dirigido a ni\u00f1os y ni\u00f1as de entre tres y 12 a\u00f1os. El n\u00famero m\u00e1ximo de playas ser\u00e1 de 250 por mes.<\/p>\n<p>Las inscripciones abren el d\u00eda 21 y se podr\u00e1n realizar en el mismo horario y lugar -el pabell\u00f3n Severo Rodr\u00edguez de 16:00 a 19:00 horas- los d\u00edas 22 y 23 siempre y cuando no se haya completado antes el aforo.<\/p>\n<p>El campus se desarrollar\u00e1 principalmente en las instalaciones deportivas del municipio en horario de 9:00 a 14:00 horas de lunes a viernes los meses de julio y agosto, y ofrecer\u00e1 el servicio de acogida temprana para facilitar la conciliaci\u00f3n laboral de los padres y madres de 8:00 a 9:00 horas.<\/p>\n<p>Al igual que en ediciones anteriores, se ha dise\u00f1ado un campus que facilita la conciliaci\u00f3n de la vida familiar y laboral de las familias entre las 8:00 y las 14:00 horas. Como siempre, se ofrecer\u00e1 un espacio en el que los m\u00e1s peque\u00f1os disfrutar\u00e1n con plenas garant\u00edas de actividades de animaci\u00f3n, l\u00fadicas recreativas, expresi\u00f3n corporal, talleres, nataci\u00f3n, todo ello en espacio al aire libre.<\/p>\n<\/div>\n","protected":false},"excerpt":{"rendered":"<p>El campus est\u00e1 dirigido a ni\u00f1os y ni\u00f1as de tres a 12 a\u00f1os y cuenta con 250 plazas por mes<\/p>\n","protected":false},"author":4,"featured_media":3741,"comment_status":"open","ping_status":"open","sticky":false,"template":"","format":"standard","meta":{"footnotes":""},"categories":[1],"tags":[],"class_list":["post-3740","post","type-post","status-publish","format-standard","has-post-thumbnail","hentry","category-sin-categoria"],"yoast_head":"<!-- This site is optimized with the Yoast SEO plugin v22.7 - https:\/\/yoast.com\/wordpress\/plugins\/seo\/ -->\n<title>Las inscripciones para el Campus de Verano de Los Llanos de Aridane abre el 21 de mayo - Ayuntamiento de Los Llanos de Aridane<\/title>\n<meta name=\"robots\" content=\"index, follow, max-snippet:-1, max-image-preview:large, max-video-preview:-1\" \/>\n<link rel=\"canonical\" href=\"https:\/\/www.aridane.org\/city\/2024\/05\/17\/las-inscripciones-para-el-campus-de-verano-de-los-llanos-de-aridane-abre-el-21-de-mayo\/\" \/>\n<meta property=\"og:locale\" content=\"es_ES\" \/>\n<meta property=\"og:type\" content=\"article\" \/>\n<meta property=\"og:title\" content=\"Las inscripciones para el Campus de Verano de Los Llanos de Aridane abre el 21 de mayo - Ayuntamiento de Los Llanos de Aridane\" \/>\n<meta property=\"og:description\" content=\"El campus est\u00e1 dirigido a ni\u00f1os y ni\u00f1as de tres a 12 a\u00f1os y cuenta con 250 plazas por mes\" \/>\n<meta property=\"og:url\" content=\"https:\/\/www.aridane.org\/city\/2024\/05\/17\/las-inscripciones-para-el-campus-de-verano-de-los-llanos-de-aridane-abre-el-21-de-mayo\/\" \/>\n<meta property=\"og:site_name\" content=\"Ayuntamiento de Los Llanos de Aridane\" \/>\n<meta property=\"article:published_time\" content=\"2024-05-17T12:54:56+00:00\" \/>\n<meta property=\"article:modified_time\" content=\"2024-05-27T12:58:03+00:00\" \/>\n<meta property=\"og:image\" content=\"https:\/\/www.aridane.org\/city\/wp-content\/uploads\/2024\/05\/Campus-de-Verano-Los-Llanos.jpg\" \/>\n\t<meta property=\"og:image:width\" content=\"900\" \/>\n\t<meta property=\"og:image:height\" content=\"461\" \/>\n\t<meta property=\"og:image:type\" content=\"image\/jpeg\" \/>\n<meta name=\"author\" content=\"Corresponsal\" \/>\n<meta name=\"twitter:card\" content=\"summary_large_image\" \/>\n<meta name=\"twitter:label1\" content=\"Escrito por\" \/>\n\t<meta name=\"twitter:data1\" content=\"Corresponsal\" \/>\n\t<meta name=\"twitter:label2\" content=\"Tiempo de lectura\" \/>\n\t<meta name=\"twitter:data2\" content=\"2 minutos\" \/>\n<script type=\"application\/ld+json\" class=\"yoast-schema-graph\">{\"@context\":\"https:\/\/schema.org\",\"@graph\":[{\"@type\":\"WebPage\",\"@id\":\"https:\/\/www.aridane.org\/city\/2024\/05\/17\/las-inscripciones-para-el-campus-de-verano-de-los-llanos-de-aridane-abre-el-21-de-mayo\/\",\"url\":\"https:\/\/www.aridane.org\/city\/2024\/05\/17\/las-inscripciones-para-el-campus-de-verano-de-los-llanos-de-aridane-abre-el-21-de-mayo\/\",\"name\":\"Las inscripciones para el Campus de Verano de Los Llanos de Aridane abre el 21 de mayo - Ayuntamiento de Los Llanos de Aridane\",\"isPartOf\":{\"@id\":\"https:\/\/www.aridane.org\/city\/#website\"},\"primaryImageOfPage\":{\"@id\":\"https:\/\/www.aridane.org\/city\/2024\/05\/17\/las-inscripciones-para-el-campus-de-verano-de-los-llanos-de-aridane-abre-el-21-de-mayo\/#primaryimage\"},\"image\":{\"@id\":\"https:\/\/www.aridane.org\/city\/2024\/05\/17\/las-inscripciones-para-el-campus-de-verano-de-los-llanos-de-aridane-abre-el-21-de-mayo\/#primaryimage\"},\"thumbnailUrl\":\"https:\/\/www.aridane.org\/city\/wp-content\/uploads\/2024\/05\/Campus-de-Verano-Los-Llanos.jpg\",\"datePublished\":\"2024-05-17T12:54:56+00:00\",\"dateModified\":\"2024-05-27T12:58:03+00:00\",\"author\":{\"@id\":\"https:\/\/www.aridane.org\/city\/#\/schema\/person\/89ebd376b223dc94cc1dbcf200c8e6da\"},\"breadcrumb\":{\"@id\":\"https:\/\/www.aridane.org\/city\/2024\/05\/17\/las-inscripciones-para-el-campus-de-verano-de-los-llanos-de-aridane-abre-el-21-de-mayo\/#breadcrumb\"},\"inLanguage\":\"es\",\"potentialAction\":[{\"@type\":\"ReadAction\",\"target\":[\"https:\/\/www.aridane.org\/city\/2024\/05\/17\/las-inscripciones-para-el-campus-de-verano-de-los-llanos-de-aridane-abre-el-21-de-mayo\/\"]}]},{\"@type\":\"ImageObject\",\"inLanguage\":\"es\",\"@id\":\"https:\/\/www.aridane.org\/city\/2024\/05\/17\/las-inscripciones-para-el-campus-de-verano-de-los-llanos-de-aridane-abre-el-21-de-mayo\/#primaryimage\",\"url\":\"https:\/\/www.aridane.org\/city\/wp-content\/uploads\/2024\/05\/Campus-de-Verano-Los-Llanos.jpg\",\"contentUrl\":\"https:\/\/www.aridane.org\/city\/wp-content\/uploads\/2024\/05\/Campus-de-Verano-Los-Llanos.jpg\",\"width\":900,\"height\":461},{\"@type\":\"BreadcrumbList\",\"@id\":\"https:\/\/www.aridane.org\/city\/2024\/05\/17\/las-inscripciones-para-el-campus-de-verano-de-los-llanos-de-aridane-abre-el-21-de-mayo\/#breadcrumb\",\"itemListElement\":[{\"@type\":\"ListItem\",\"position\":1,\"name\":\"Portada\",\"item\":\"https:\/\/www.aridane.org\/city\/\"},{\"@type\":\"ListItem\",\"position\":2,\"name\":\"Las inscripciones para el Campus de Verano de Los Llanos de Aridane abre el 21 de mayo\"}]},{\"@type\":\"WebSite\",\"@id\":\"https:\/\/www.aridane.org\/city\/#website\",\"url\":\"https:\/\/www.aridane.org\/city\/\",\"name\":\"Ayuntamiento de Los Llanos de Aridane\",\"description\":\"\",\"potentialAction\":[{\"@type\":\"SearchAction\",\"target\":{\"@type\":\"EntryPoint\",\"urlTemplate\":\"https:\/\/www.aridane.org\/city\/?s={search_term_string}\"},\"query-input\":\"required name=search_term_string\"}],\"inLanguage\":\"es\"},{\"@type\":\"Person\",\"@id\":\"https:\/\/www.aridane.org\/city\/#\/schema\/person\/89ebd376b223dc94cc1dbcf200c8e6da\",\"name\":\"Corresponsal\",\"image\":{\"@type\":\"ImageObject\",\"inLanguage\":\"es\",\"@id\":\"https:\/\/www.aridane.org\/city\/#\/schema\/person\/image\/\",\"url\":\"https:\/\/secure.gravatar.com\/avatar\/1c476992411e4ccf153da63b2b2f5ea0bb4cb1c85f3ceab8512f04325ad5579c?s=96&d=mm&r=g\",\"contentUrl\":\"https:\/\/secure.gravatar.com\/avatar\/1c476992411e4ccf153da63b2b2f5ea0bb4cb1c85f3ceab8512f04325ad5579c?s=96&d=mm&r=g\",\"caption\":\"Corresponsal\"},\"url\":\"https:\/\/www.aridane.org\/city\/author\/corresponsal\/\"}]}<\/script>\n<!-- \/ Yoast SEO plugin. -->","yoast_head_json":{"title":"Las inscripciones para el Campus de Verano de Los Llanos de Aridane abre el 21 de mayo - Ayuntamiento de Los Llanos de Aridane","robots":{"index":"index","follow":"follow","max-snippet":"max-snippet:-1","max-image-preview":"max-image-preview:large","max-video-preview":"max-video-preview:-1"},"canonical":"https:\/\/www.aridane.org\/city\/2024\/05\/17\/las-inscripciones-para-el-campus-de-verano-de-los-llanos-de-aridane-abre-el-21-de-mayo\/","og_locale":"es_ES","og_type":"article","og_title":"Las inscripciones para el Campus de Verano de Los Llanos de Aridane abre el 21 de mayo - Ayuntamiento de Los Llanos de Aridane","og_description":"El campus est\u00e1 dirigido a ni\u00f1os y ni\u00f1as de tres a 12 a\u00f1os y cuenta con 250 plazas por mes","og_url":"https:\/\/www.aridane.org\/city\/2024\/05\/17\/las-inscripciones-para-el-campus-de-verano-de-los-llanos-de-aridane-abre-el-21-de-mayo\/","og_site_name":"Ayuntamiento de Los Llanos de Aridane","article_published_time":"2024-05-17T12:54:56+00:00","article_modified_time":"2024-05-27T12:58:03+00:00","og_image":[{"width":900,"height":461,"url":"https:\/\/www.aridane.org\/city\/wp-content\/uploads\/2024\/05\/Campus-de-Verano-Los-Llanos.jpg","type":"image\/jpeg"}],"author":"Corresponsal","twitter_card":"summary_large_image","twitter_misc":{"Escrito por":"Corresponsal","Tiempo de lectura":"2 minutos"},"schema":{"@context":"https:\/\/schema.org","@graph":[{"@type":"WebPage","@id":"https:\/\/www.aridane.org\/city\/2024\/05\/17\/las-inscripciones-para-el-campus-de-verano-de-los-llanos-de-aridane-abre-el-21-de-mayo\/","url":"https:\/\/www.aridane.org\/city\/2024\/05\/17\/las-inscripciones-para-el-campus-de-verano-de-los-llanos-de-aridane-abre-el-21-de-mayo\/","name":"Las inscripciones para el Campus de Verano de Los Llanos de Aridane abre el 21 de mayo - Ayuntamiento de Los Llanos de Aridane","isPartOf":{"@id":"https:\/\/www.aridane.org\/city\/#website"},"primaryImageOfPage":{"@id":"https:\/\/www.aridane.org\/city\/2024\/05\/17\/las-inscripciones-para-el-campus-de-verano-de-los-llanos-de-aridane-abre-el-21-de-mayo\/#primaryimage"},"image":{"@id":"https:\/\/www.aridane.org\/city\/2024\/05\/17\/las-inscripciones-para-el-campus-de-verano-de-los-llanos-de-aridane-abre-el-21-de-mayo\/#primaryimage"},"thumbnailUrl":"https:\/\/www.aridane.org\/city\/wp-content\/uploads\/2024\/05\/Campus-de-Verano-Los-Llanos.jpg","datePublished":"2024-05-17T12:54:56+00:00","dateModified":"2024-05-27T12:58:03+00:00","author":{"@id":"https:\/\/www.aridane.org\/city\/#\/schema\/person\/89ebd376b223dc94cc1dbcf200c8e6da"},"breadcrumb":{"@id":"https:\/\/www.aridane.org\/city\/2024\/05\/17\/las-inscripciones-para-el-campus-de-verano-de-los-llanos-de-aridane-abre-el-21-de-mayo\/#breadcrumb"},"inLanguage":"es","potentialAction":[{"@type":"ReadAction","target":["https:\/\/www.aridane.org\/city\/2024\/05\/17\/las-inscripciones-para-el-campus-de-verano-de-los-llanos-de-aridane-abre-el-21-de-mayo\/"]}]},{"@type":"ImageObject","inLanguage":"es","@id":"https:\/\/www.aridane.org\/city\/2024\/05\/17\/las-inscripciones-para-el-campus-de-verano-de-los-llanos-de-aridane-abre-el-21-de-mayo\/#primaryimage","url":"https:\/\/www.aridane.org\/city\/wp-content\/uploads\/2024\/05\/Campus-de-Verano-Los-Llanos.jpg","contentUrl":"https:\/\/www.aridane.org\/city\/wp-content\/uploads\/2024\/05\/Campus-de-Verano-Los-Llanos.jpg","width":900,"height":461},{"@type":"BreadcrumbList","@id":"https:\/\/www.aridane.org\/city\/2024\/05\/17\/las-inscripciones-para-el-campus-de-verano-de-los-llanos-de-aridane-abre-el-21-de-mayo\/#breadcrumb","itemListElement":[{"@type":"ListItem","position":1,"name":"Portada","item":"https:\/\/www.aridane.org\/city\/"},{"@type":"ListItem","position":2,"name":"Las inscripciones para el Campus de Verano de Los Llanos de Aridane abre el 21 de mayo"}]},{"@type":"WebSite","@id":"https:\/\/www.aridane.org\/city\/#website","url":"https:\/\/www.aridane.org\/city\/","name":"Ayuntamiento de Los Llanos de Aridane","description":"","potentialAction":[{"@type":"SearchAction","target":{"@type":"EntryPoint","urlTemplate":"https:\/\/www.aridane.org\/city\/?s={search_term_string}"},"query-input":"required name=search_term_string"}],"inLanguage":"es"},{"@type":"Person","@id":"https:\/\/www.aridane.org\/city\/#\/schema\/person\/89ebd376b223dc94cc1dbcf200c8e6da","name":"Corresponsal","image":{"@type":"ImageObject","inLanguage":"es","@id":"https:\/\/www.aridane.org\/city\/#\/schema\/person\/image\/","url":"https:\/\/secure.gravatar.com\/avatar\/1c476992411e4ccf153da63b2b2f5ea0bb4cb1c85f3ceab8512f04325ad5579c?s=96&d=mm&r=g","contentUrl":"https:\/\/secure.gravatar.com\/avatar\/1c476992411e4ccf153da63b2b2f5ea0bb4cb1c85f3ceab8512f04325ad5579c?s=96&d=mm&r=g","caption":"Corresponsal"},"url":"https:\/\/www.aridane.org\/city\/author\/corresponsal\/"}]}},"_links":{"self":[{"href":"https:\/\/www.aridane.org\/city\/wp-json\/wp\/v2\/posts\/3740","targetHints":{"allow":["GET"]}}],"collection":[{"href":"https:\/\/www.aridane.org\/city\/wp-json\/wp\/v2\/posts"}],"about":[{"href":"https:\/\/www.aridane.org\/city\/wp-json\/wp\/v2\/types\/post"}],"author":[{"embeddable":true,"href":"https:\/\/www.aridane.org\/city\/wp-json\/wp\/v2\/users\/4"}],"replies":[{"embeddable":true,"href":"https:\/\/www.aridane.org\/city\/wp-json\/wp\/v2\/comments?post=3740"}],"version-history":[{"count":1,"href":"https:\/\/www.aridane.org\/city\/wp-json\/wp\/v2\/posts\/3740\/revisions"}],"predecessor-version":[{"id":3742,"href":"https:\/\/www.aridane.org\/city\/wp-json\/wp\/v2\/posts\/3740\/revisions\/3742"}],"wp:featuredmedia":[{"embeddable":true,"href":"https:\/\/www.aridane.org\/city\/wp-json\/wp\/v2\/media\/3741"}],"wp:attachment":[{"href":"https:\/\/www.aridane.org\/city\/wp-json\/wp\/v2\/media?parent=3740"}],"wp:term":[{"taxonomy":"category","embeddable":true,"href":"https:\/\/www.aridane.org\/city\/wp-json\/wp\/v2\/categories?post=3740"},{"taxonomy":"post_tag","embeddable":true,"href":"https:\/\/www.aridane.org\/city\/wp-json\/wp\/v2\/tags?post=3740"}],"curies":[{"name":"wp","href":"https:\/\/api.w.org\/{rel}","templated":true}]}}