{"id":3746,"date":"2024-05-27T13:04:19","date_gmt":"2024-05-27T13:04:19","guid":{"rendered":"https:\/\/www.aridane.org\/city\/?p=3746"},"modified":"2024-05-27T13:04:19","modified_gmt":"2024-05-27T13:04:19","slug":"los-llanos-de-aridane-refuerza-el-asesoramiento-a-la-ciudadania-para-optimizar-la-gestion-tributaria","status":"publish","type":"post","link":"https:\/\/www.aridane.org\/city\/2024\/05\/27\/los-llanos-de-aridane-refuerza-el-asesoramiento-a-la-ciudadania-para-optimizar-la-gestion-tributaria\/","title":{"rendered":"Los Llanos de Aridane refuerza el asesoramiento a la ciudadan\u00eda para optimizar la gesti\u00f3n tributaria"},"content":{"rendered":"<p><em>Las personas que hayan recibido una carta de ejecutiva, pueden pedir cita previa en el Ayuntamiento para recibir asesor\u00eda<\/em><br \/>\n<!--more--><\/p>\n<div id=\"v1forwardbody1\">\n<p>El Ayuntamiento de Los Llanos de Aridane refuerza el asesoramiento a la ciudadan\u00eda para optimizar la gesti\u00f3n tributaria. Todas las personas que hayan recibido una carta de ejecutiva, pueden solicitar cita previa con el Servicio de Recaudaci\u00f3n para recibir apoyo.<\/p>\n<p>El concejal de Hacienda, Pablo Almeida, explica que este servicio busca \u201cfacilitar las gestiones a los contribuyentes\u201d e informar del proceso en el que se encuentran, as\u00ed como de las diferentes alternativas con las que cuentan en caso de recibir una ejecutiva para el pago de impuestos, tasas, multas de tr\u00e1fico, sanciones administrativas u otros requerimientos del Ayuntamiento.<\/p>\n<p>En este sentido, Almeida insiste en la importancia de que los contribuyentes \u201cest\u00e9n al d\u00eda con sus pagos para mantener servicios p\u00fablicos de calidad, evitar recargos y sanciones, y contribuir a un mejor municipio\u201d.<\/p>\n<h2><strong>Cita previa y Carpeta Tributaria<\/strong><\/h2>\n<p>Las personas interesadas pueden pedir cita previa con el Servicio de Recaudaci\u00f3n a trav\u00e9s del tel\u00e9fono que se indica en la ejecutiva. Tambi\u00e9n lo pueden hacer mediante este enlace\u00a0<a href=\"https:\/\/citasprevias.cgi.es\/g\/0a0830ce8e644be58c2f776830de8122\" target=\"_blank\" rel=\"noopener noreferrer\">https:\/\/citasprevias.cgi.es\/g\/0a0830ce8e644be58c2f776830de8122<\/a><\/p>\n<p>Asimismo, las personas que hayan recibido la ejecutiva y quieran hacer el ingreso de forma inmediata, pueden utilizar la pasarela de pago habilitada por el Ayuntamiento a trav\u00e9s de la Carpeta Tributaria del Ayuntamiento. Lo puede hacer mediante este enlace\u00a0<a href=\"https:\/\/carpetatributaria.aridane.org\/sta\/CarpetaPublic\/Public?APP_CODE=STA&amp;PAGE_CODE=FRONTAL_OVC\" target=\"_blank\" rel=\"noopener noreferrer\">https:\/\/carpetatributaria.aridane.org\/sta\/CarpetaPublic\/Public?APP_CODE=STA&amp;PAGE_CODE=FRONTAL_OVC<\/a><\/p>\n<\/div>\n","protected":false},"excerpt":{"rendered":"<p>Las personas que hayan recibido una carta de ejecutiva, pueden pedir cita previa en el Ayuntamiento para recibir asesor\u00eda<\/p>\n","protected":false},"author":4,"featured_media":3747,"comment_status":"open","ping_status":"open","sticky":false,"template":"","format":"standard","meta":{"footnotes":""},"categories":[1],"tags":[],"class_list":["post-3746","post","type-post","status-publish","format-standard","has-post-thumbnail","hentry","category-sin-categoria"],"yoast_head":"<!-- This site is optimized with the Yoast SEO plugin v22.7 - https:\/\/yoast.com\/wordpress\/plugins\/seo\/ -->\n<title>Los Llanos de Aridane refuerza el asesoramiento a la ciudadan\u00eda para optimizar la gesti\u00f3n tributaria - Ayuntamiento de Los Llanos de Aridane<\/title>\n<meta name=\"robots\" content=\"index, follow, max-snippet:-1, max-image-preview:large, max-video-preview:-1\" \/>\n<link rel=\"canonical\" href=\"https:\/\/www.aridane.org\/city\/2024\/05\/27\/los-llanos-de-aridane-refuerza-el-asesoramiento-a-la-ciudadania-para-optimizar-la-gestion-tributaria\/\" \/>\n<meta property=\"og:locale\" content=\"es_ES\" \/>\n<meta property=\"og:type\" content=\"article\" \/>\n<meta property=\"og:title\" content=\"Los Llanos de Aridane refuerza el asesoramiento a la ciudadan\u00eda para optimizar la gesti\u00f3n tributaria - Ayuntamiento de Los Llanos de Aridane\" \/>\n<meta property=\"og:description\" content=\"Las personas que hayan recibido una carta de ejecutiva, pueden pedir cita previa en el Ayuntamiento para recibir asesor\u00eda\" \/>\n<meta property=\"og:url\" content=\"https:\/\/www.aridane.org\/city\/2024\/05\/27\/los-llanos-de-aridane-refuerza-el-asesoramiento-a-la-ciudadania-para-optimizar-la-gestion-tributaria\/\" \/>\n<meta property=\"og:site_name\" content=\"Ayuntamiento de Los Llanos de Aridane\" \/>\n<meta property=\"article:published_time\" content=\"2024-05-27T13:04:19+00:00\" \/>\n<meta property=\"og:image\" content=\"https:\/\/www.aridane.org\/city\/wp-content\/uploads\/2024\/05\/Ayuntamiento-de-Los-Llanos-de-Aridane-1.jpg\" \/>\n\t<meta property=\"og:image:width\" content=\"1200\" \/>\n\t<meta property=\"og:image:height\" content=\"675\" \/>\n\t<meta property=\"og:image:type\" content=\"image\/jpeg\" \/>\n<meta name=\"author\" content=\"Corresponsal\" \/>\n<meta name=\"twitter:card\" content=\"summary_large_image\" \/>\n<meta name=\"twitter:label1\" content=\"Escrito por\" \/>\n\t<meta name=\"twitter:data1\" content=\"Corresponsal\" \/>\n\t<meta name=\"twitter:label2\" content=\"Tiempo de lectura\" \/>\n\t<meta name=\"twitter:data2\" content=\"2 minutos\" \/>\n<script type=\"application\/ld+json\" class=\"yoast-schema-graph\">{\"@context\":\"https:\/\/schema.org\",\"@graph\":[{\"@type\":\"WebPage\",\"@id\":\"https:\/\/www.aridane.org\/city\/2024\/05\/27\/los-llanos-de-aridane-refuerza-el-asesoramiento-a-la-ciudadania-para-optimizar-la-gestion-tributaria\/\",\"url\":\"https:\/\/www.aridane.org\/city\/2024\/05\/27\/los-llanos-de-aridane-refuerza-el-asesoramiento-a-la-ciudadania-para-optimizar-la-gestion-tributaria\/\",\"name\":\"Los Llanos de Aridane refuerza el asesoramiento a la ciudadan\u00eda para optimizar la gesti\u00f3n tributaria - Ayuntamiento de Los Llanos de Aridane\",\"isPartOf\":{\"@id\":\"https:\/\/www.aridane.org\/city\/#website\"},\"primaryImageOfPage\":{\"@id\":\"https:\/\/www.aridane.org\/city\/2024\/05\/27\/los-llanos-de-aridane-refuerza-el-asesoramiento-a-la-ciudadania-para-optimizar-la-gestion-tributaria\/#primaryimage\"},\"image\":{\"@id\":\"https:\/\/www.aridane.org\/city\/2024\/05\/27\/los-llanos-de-aridane-refuerza-el-asesoramiento-a-la-ciudadania-para-optimizar-la-gestion-tributaria\/#primaryimage\"},\"thumbnailUrl\":\"https:\/\/www.aridane.org\/city\/wp-content\/uploads\/2024\/05\/Ayuntamiento-de-Los-Llanos-de-Aridane-1.jpg\",\"datePublished\":\"2024-05-27T13:04:19+00:00\",\"dateModified\":\"2024-05-27T13:04:19+00:00\",\"author\":{\"@id\":\"https:\/\/www.aridane.org\/city\/#\/schema\/person\/89ebd376b223dc94cc1dbcf200c8e6da\"},\"breadcrumb\":{\"@id\":\"https:\/\/www.aridane.org\/city\/2024\/05\/27\/los-llanos-de-aridane-refuerza-el-asesoramiento-a-la-ciudadania-para-optimizar-la-gestion-tributaria\/#breadcrumb\"},\"inLanguage\":\"es\",\"potentialAction\":[{\"@type\":\"ReadAction\",\"target\":[\"https:\/\/www.aridane.org\/city\/2024\/05\/27\/los-llanos-de-aridane-refuerza-el-asesoramiento-a-la-ciudadania-para-optimizar-la-gestion-tributaria\/\"]}]},{\"@type\":\"ImageObject\",\"inLanguage\":\"es\",\"@id\":\"https:\/\/www.aridane.org\/city\/2024\/05\/27\/los-llanos-de-aridane-refuerza-el-asesoramiento-a-la-ciudadania-para-optimizar-la-gestion-tributaria\/#primaryimage\",\"url\":\"https:\/\/www.aridane.org\/city\/wp-content\/uploads\/2024\/05\/Ayuntamiento-de-Los-Llanos-de-Aridane-1.jpg\",\"contentUrl\":\"https:\/\/www.aridane.org\/city\/wp-content\/uploads\/2024\/05\/Ayuntamiento-de-Los-Llanos-de-Aridane-1.jpg\",\"width\":1200,\"height\":675},{\"@type\":\"BreadcrumbList\",\"@id\":\"https:\/\/www.aridane.org\/city\/2024\/05\/27\/los-llanos-de-aridane-refuerza-el-asesoramiento-a-la-ciudadania-para-optimizar-la-gestion-tributaria\/#breadcrumb\",\"itemListElement\":[{\"@type\":\"ListItem\",\"position\":1,\"name\":\"Portada\",\"item\":\"https:\/\/www.aridane.org\/city\/\"},{\"@type\":\"ListItem\",\"position\":2,\"name\":\"Los Llanos de Aridane refuerza el asesoramiento a la ciudadan\u00eda para optimizar la gesti\u00f3n tributaria\"}]},{\"@type\":\"WebSite\",\"@id\":\"https:\/\/www.aridane.org\/city\/#website\",\"url\":\"https:\/\/www.aridane.org\/city\/\",\"name\":\"Ayuntamiento de Los Llanos de Aridane\",\"description\":\"\",\"potentialAction\":[{\"@type\":\"SearchAction\",\"target\":{\"@type\":\"EntryPoint\",\"urlTemplate\":\"https:\/\/www.aridane.org\/city\/?s={search_term_string}\"},\"query-input\":\"required name=search_term_string\"}],\"inLanguage\":\"es\"},{\"@type\":\"Person\",\"@id\":\"https:\/\/www.aridane.org\/city\/#\/schema\/person\/89ebd376b223dc94cc1dbcf200c8e6da\",\"name\":\"Corresponsal\",\"image\":{\"@type\":\"ImageObject\",\"inLanguage\":\"es\",\"@id\":\"https:\/\/www.aridane.org\/city\/#\/schema\/person\/image\/\",\"url\":\"https:\/\/secure.gravatar.com\/avatar\/1c476992411e4ccf153da63b2b2f5ea0bb4cb1c85f3ceab8512f04325ad5579c?s=96&d=mm&r=g\",\"contentUrl\":\"https:\/\/secure.gravatar.com\/avatar\/1c476992411e4ccf153da63b2b2f5ea0bb4cb1c85f3ceab8512f04325ad5579c?s=96&d=mm&r=g\",\"caption\":\"Corresponsal\"},\"url\":\"https:\/\/www.aridane.org\/city\/author\/corresponsal\/\"}]}<\/script>\n<!-- \/ Yoast SEO plugin. -->","yoast_head_json":{"title":"Los Llanos de Aridane refuerza el asesoramiento a la ciudadan\u00eda para optimizar la gesti\u00f3n tributaria - Ayuntamiento de Los Llanos de Aridane","robots":{"index":"index","follow":"follow","max-snippet":"max-snippet:-1","max-image-preview":"max-image-preview:large","max-video-preview":"max-video-preview:-1"},"canonical":"https:\/\/www.aridane.org\/city\/2024\/05\/27\/los-llanos-de-aridane-refuerza-el-asesoramiento-a-la-ciudadania-para-optimizar-la-gestion-tributaria\/","og_locale":"es_ES","og_type":"article","og_title":"Los Llanos de Aridane refuerza el asesoramiento a la ciudadan\u00eda para optimizar la gesti\u00f3n tributaria - Ayuntamiento de Los Llanos de Aridane","og_description":"Las personas que hayan recibido una carta de ejecutiva, pueden pedir cita previa en el Ayuntamiento para recibir asesor\u00eda","og_url":"https:\/\/www.aridane.org\/city\/2024\/05\/27\/los-llanos-de-aridane-refuerza-el-asesoramiento-a-la-ciudadania-para-optimizar-la-gestion-tributaria\/","og_site_name":"Ayuntamiento de Los Llanos de Aridane","article_published_time":"2024-05-27T13:04:19+00:00","og_image":[{"width":1200,"height":675,"url":"https:\/\/www.aridane.org\/city\/wp-content\/uploads\/2024\/05\/Ayuntamiento-de-Los-Llanos-de-Aridane-1.jpg","type":"image\/jpeg"}],"author":"Corresponsal","twitter_card":"summary_large_image","twitter_misc":{"Escrito por":"Corresponsal","Tiempo de lectura":"2 minutos"},"schema":{"@context":"https:\/\/schema.org","@graph":[{"@type":"WebPage","@id":"https:\/\/www.aridane.org\/city\/2024\/05\/27\/los-llanos-de-aridane-refuerza-el-asesoramiento-a-la-ciudadania-para-optimizar-la-gestion-tributaria\/","url":"https:\/\/www.aridane.org\/city\/2024\/05\/27\/los-llanos-de-aridane-refuerza-el-asesoramiento-a-la-ciudadania-para-optimizar-la-gestion-tributaria\/","name":"Los Llanos de Aridane refuerza el asesoramiento a la ciudadan\u00eda para optimizar la gesti\u00f3n tributaria - Ayuntamiento de Los Llanos de Aridane","isPartOf":{"@id":"https:\/\/www.aridane.org\/city\/#website"},"primaryImageOfPage":{"@id":"https:\/\/www.aridane.org\/city\/2024\/05\/27\/los-llanos-de-aridane-refuerza-el-asesoramiento-a-la-ciudadania-para-optimizar-la-gestion-tributaria\/#primaryimage"},"image":{"@id":"https:\/\/www.aridane.org\/city\/2024\/05\/27\/los-llanos-de-aridane-refuerza-el-asesoramiento-a-la-ciudadania-para-optimizar-la-gestion-tributaria\/#primaryimage"},"thumbnailUrl":"https:\/\/www.aridane.org\/city\/wp-content\/uploads\/2024\/05\/Ayuntamiento-de-Los-Llanos-de-Aridane-1.jpg","datePublished":"2024-05-27T13:04:19+00:00","dateModified":"2024-05-27T13:04:19+00:00","author":{"@id":"https:\/\/www.aridane.org\/city\/#\/schema\/person\/89ebd376b223dc94cc1dbcf200c8e6da"},"breadcrumb":{"@id":"https:\/\/www.aridane.org\/city\/2024\/05\/27\/los-llanos-de-aridane-refuerza-el-asesoramiento-a-la-ciudadania-para-optimizar-la-gestion-tributaria\/#breadcrumb"},"inLanguage":"es","potentialAction":[{"@type":"ReadAction","target":["https:\/\/www.aridane.org\/city\/2024\/05\/27\/los-llanos-de-aridane-refuerza-el-asesoramiento-a-la-ciudadania-para-optimizar-la-gestion-tributaria\/"]}]},{"@type":"ImageObject","inLanguage":"es","@id":"https:\/\/www.aridane.org\/city\/2024\/05\/27\/los-llanos-de-aridane-refuerza-el-asesoramiento-a-la-ciudadania-para-optimizar-la-gestion-tributaria\/#primaryimage","url":"https:\/\/www.aridane.org\/city\/wp-content\/uploads\/2024\/05\/Ayuntamiento-de-Los-Llanos-de-Aridane-1.jpg","contentUrl":"https:\/\/www.aridane.org\/city\/wp-content\/uploads\/2024\/05\/Ayuntamiento-de-Los-Llanos-de-Aridane-1.jpg","width":1200,"height":675},{"@type":"BreadcrumbList","@id":"https:\/\/www.aridane.org\/city\/2024\/05\/27\/los-llanos-de-aridane-refuerza-el-asesoramiento-a-la-ciudadania-para-optimizar-la-gestion-tributaria\/#breadcrumb","itemListElement":[{"@type":"ListItem","position":1,"name":"Portada","item":"https:\/\/www.aridane.org\/city\/"},{"@type":"ListItem","position":2,"name":"Los Llanos de Aridane refuerza el asesoramiento a la ciudadan\u00eda para optimizar la gesti\u00f3n tributaria"}]},{"@type":"WebSite","@id":"https:\/\/www.aridane.org\/city\/#website","url":"https:\/\/www.aridane.org\/city\/","name":"Ayuntamiento de Los Llanos de Aridane","description":"","potentialAction":[{"@type":"SearchAction","target":{"@type":"EntryPoint","urlTemplate":"https:\/\/www.aridane.org\/city\/?s={search_term_string}"},"query-input":"required name=search_term_string"}],"inLanguage":"es"},{"@type":"Person","@id":"https:\/\/www.aridane.org\/city\/#\/schema\/person\/89ebd376b223dc94cc1dbcf200c8e6da","name":"Corresponsal","image":{"@type":"ImageObject","inLanguage":"es","@id":"https:\/\/www.aridane.org\/city\/#\/schema\/person\/image\/","url":"https:\/\/secure.gravatar.com\/avatar\/1c476992411e4ccf153da63b2b2f5ea0bb4cb1c85f3ceab8512f04325ad5579c?s=96&d=mm&r=g","contentUrl":"https:\/\/secure.gravatar.com\/avatar\/1c476992411e4ccf153da63b2b2f5ea0bb4cb1c85f3ceab8512f04325ad5579c?s=96&d=mm&r=g","caption":"Corresponsal"},"url":"https:\/\/www.aridane.org\/city\/author\/corresponsal\/"}]}},"_links":{"self":[{"href":"https:\/\/www.aridane.org\/city\/wp-json\/wp\/v2\/posts\/3746","targetHints":{"allow":["GET"]}}],"collection":[{"href":"https:\/\/www.aridane.org\/city\/wp-json\/wp\/v2\/posts"}],"about":[{"href":"https:\/\/www.aridane.org\/city\/wp-json\/wp\/v2\/types\/post"}],"author":[{"embeddable":true,"href":"https:\/\/www.aridane.org\/city\/wp-json\/wp\/v2\/users\/4"}],"replies":[{"embeddable":true,"href":"https:\/\/www.aridane.org\/city\/wp-json\/wp\/v2\/comments?post=3746"}],"version-history":[{"count":1,"href":"https:\/\/www.aridane.org\/city\/wp-json\/wp\/v2\/posts\/3746\/revisions"}],"predecessor-version":[{"id":3748,"href":"https:\/\/www.aridane.org\/city\/wp-json\/wp\/v2\/posts\/3746\/revisions\/3748"}],"wp:featuredmedia":[{"embeddable":true,"href":"https:\/\/www.aridane.org\/city\/wp-json\/wp\/v2\/media\/3747"}],"wp:attachment":[{"href":"https:\/\/www.aridane.org\/city\/wp-json\/wp\/v2\/media?parent=3746"}],"wp:term":[{"taxonomy":"category","embeddable":true,"href":"https:\/\/www.aridane.org\/city\/wp-json\/wp\/v2\/categories?post=3746"},{"taxonomy":"post_tag","embeddable":true,"href":"https:\/\/www.aridane.org\/city\/wp-json\/wp\/v2\/tags?post=3746"}],"curies":[{"name":"wp","href":"https:\/\/api.w.org\/{rel}","templated":true}]}}