{"id":3752,"date":"2024-05-24T13:07:13","date_gmt":"2024-05-24T13:07:13","guid":{"rendered":"https:\/\/www.aridane.org\/city\/?p=3752"},"modified":"2024-05-27T13:09:24","modified_gmt":"2024-05-27T13:09:24","slug":"los-llanos-de-aridane-anima-a-las-empresas-a-participar-en-la-feria-agricola-ganadera-y-artesana","status":"publish","type":"post","link":"https:\/\/www.aridane.org\/city\/2024\/05\/24\/los-llanos-de-aridane-anima-a-las-empresas-a-participar-en-la-feria-agricola-ganadera-y-artesana\/","title":{"rendered":"Los Llanos de Aridane anima a las empresas a participar en la Feria Agr\u00edcola, Ganadera y Artesana"},"content":{"rendered":"<p><em>Las empresas interesadas pueden presentar su solicitud de inscripci\u00f3n antes del lunes, 3 de junio<\/em><br \/>\n<!--more--><\/p>\n<div id=\"v1forwardbody1\">\n<p>El Ayuntamiento de Los Llanos de Aridane recupera la Feria Agr\u00edcola, Ganadera y Artesana, que tendr\u00e1 lugar los d\u00edas 20, 21 y 22 de junio dentro del programa de las Fiestas de la Patrona 2024.<\/p>\n<p>Las empresas interesadas en participar, tienen hasta el lunes, 3 de junio, para presentar su solicitud. Deben llamar al 922460111 ext 243 o dirigirse al correo\u00a0<a href=\"mailto:fiestas@aridane.org\" rel=\"noreferrer\">fiestas@aridane.org<\/a><\/p>\n<p>La concejala del Sector Primario, Inmaculada Fern\u00e1ndez, valora la recuperaci\u00f3n de esta feria en un momento clave para los agricultores, los campesinos y los artesanos de la Isla. \u201cAhora m\u00e1s que nunca toca poner en valor los productos de nuestro sector primario. Ferias as\u00ed generan un espacio de promoci\u00f3n muy potente para defender nuestra identidad\u201d, a\u00f1ade.<\/p>\n<p>Desde el Ayuntamiento se anima a participar en la XXIV Feria Agr\u00edcola, Ganadera y Artesana, con el convencimiento de que los productos e informaci\u00f3n que se ofrecer\u00e1n ser\u00e1n de la m\u00e1xima utilidad para el sector primario de nuestra Isla y ciudadanos en general.<\/p>\n<\/div>\n","protected":false},"excerpt":{"rendered":"<p>Las empresas interesadas pueden presentar su solicitud de inscripci\u00f3n antes del lunes, 3 de junio<\/p>\n","protected":false},"author":4,"featured_media":3753,"comment_status":"open","ping_status":"open","sticky":false,"template":"","format":"standard","meta":{"footnotes":""},"categories":[1],"tags":[],"class_list":["post-3752","post","type-post","status-publish","format-standard","has-post-thumbnail","hentry","category-sin-categoria"],"yoast_head":"<!-- This site is optimized with the Yoast SEO plugin v22.7 - https:\/\/yoast.com\/wordpress\/plugins\/seo\/ -->\n<title>Los Llanos de Aridane anima a las empresas a participar en la Feria Agr\u00edcola, Ganadera y Artesana - Ayuntamiento de Los Llanos de Aridane<\/title>\n<meta name=\"robots\" content=\"index, follow, max-snippet:-1, max-image-preview:large, max-video-preview:-1\" \/>\n<link rel=\"canonical\" href=\"https:\/\/www.aridane.org\/city\/2024\/05\/24\/los-llanos-de-aridane-anima-a-las-empresas-a-participar-en-la-feria-agricola-ganadera-y-artesana\/\" \/>\n<meta property=\"og:locale\" content=\"es_ES\" \/>\n<meta property=\"og:type\" content=\"article\" \/>\n<meta property=\"og:title\" content=\"Los Llanos de Aridane anima a las empresas a participar en la Feria Agr\u00edcola, Ganadera y Artesana - Ayuntamiento de Los Llanos de Aridane\" \/>\n<meta property=\"og:description\" content=\"Las empresas interesadas pueden presentar su solicitud de inscripci\u00f3n antes del lunes, 3 de junio\" \/>\n<meta property=\"og:url\" content=\"https:\/\/www.aridane.org\/city\/2024\/05\/24\/los-llanos-de-aridane-anima-a-las-empresas-a-participar-en-la-feria-agricola-ganadera-y-artesana\/\" \/>\n<meta property=\"og:site_name\" content=\"Ayuntamiento de Los Llanos de Aridane\" \/>\n<meta property=\"article:published_time\" content=\"2024-05-24T13:07:13+00:00\" \/>\n<meta property=\"article:modified_time\" content=\"2024-05-27T13:09:24+00:00\" \/>\n<meta property=\"og:image\" content=\"https:\/\/www.aridane.org\/city\/wp-content\/uploads\/2024\/05\/Los-Llanos-de-Aridane-en-romeria14.jpg\" \/>\n\t<meta property=\"og:image:width\" content=\"800\" \/>\n\t<meta property=\"og:image:height\" content=\"450\" \/>\n\t<meta property=\"og:image:type\" content=\"image\/jpeg\" \/>\n<meta name=\"author\" content=\"Corresponsal\" \/>\n<meta name=\"twitter:card\" content=\"summary_large_image\" \/>\n<meta name=\"twitter:label1\" content=\"Escrito por\" \/>\n\t<meta name=\"twitter:data1\" content=\"Corresponsal\" \/>\n\t<meta name=\"twitter:label2\" content=\"Tiempo de lectura\" \/>\n\t<meta name=\"twitter:data2\" content=\"2 minutos\" \/>\n<script type=\"application\/ld+json\" class=\"yoast-schema-graph\">{\"@context\":\"https:\/\/schema.org\",\"@graph\":[{\"@type\":\"WebPage\",\"@id\":\"https:\/\/www.aridane.org\/city\/2024\/05\/24\/los-llanos-de-aridane-anima-a-las-empresas-a-participar-en-la-feria-agricola-ganadera-y-artesana\/\",\"url\":\"https:\/\/www.aridane.org\/city\/2024\/05\/24\/los-llanos-de-aridane-anima-a-las-empresas-a-participar-en-la-feria-agricola-ganadera-y-artesana\/\",\"name\":\"Los Llanos de Aridane anima a las empresas a participar en la Feria Agr\u00edcola, Ganadera y Artesana - Ayuntamiento de Los Llanos de Aridane\",\"isPartOf\":{\"@id\":\"https:\/\/www.aridane.org\/city\/#website\"},\"primaryImageOfPage\":{\"@id\":\"https:\/\/www.aridane.org\/city\/2024\/05\/24\/los-llanos-de-aridane-anima-a-las-empresas-a-participar-en-la-feria-agricola-ganadera-y-artesana\/#primaryimage\"},\"image\":{\"@id\":\"https:\/\/www.aridane.org\/city\/2024\/05\/24\/los-llanos-de-aridane-anima-a-las-empresas-a-participar-en-la-feria-agricola-ganadera-y-artesana\/#primaryimage\"},\"thumbnailUrl\":\"https:\/\/www.aridane.org\/city\/wp-content\/uploads\/2024\/05\/Los-Llanos-de-Aridane-en-romeria14.jpg\",\"datePublished\":\"2024-05-24T13:07:13+00:00\",\"dateModified\":\"2024-05-27T13:09:24+00:00\",\"author\":{\"@id\":\"https:\/\/www.aridane.org\/city\/#\/schema\/person\/89ebd376b223dc94cc1dbcf200c8e6da\"},\"breadcrumb\":{\"@id\":\"https:\/\/www.aridane.org\/city\/2024\/05\/24\/los-llanos-de-aridane-anima-a-las-empresas-a-participar-en-la-feria-agricola-ganadera-y-artesana\/#breadcrumb\"},\"inLanguage\":\"es\",\"potentialAction\":[{\"@type\":\"ReadAction\",\"target\":[\"https:\/\/www.aridane.org\/city\/2024\/05\/24\/los-llanos-de-aridane-anima-a-las-empresas-a-participar-en-la-feria-agricola-ganadera-y-artesana\/\"]}]},{\"@type\":\"ImageObject\",\"inLanguage\":\"es\",\"@id\":\"https:\/\/www.aridane.org\/city\/2024\/05\/24\/los-llanos-de-aridane-anima-a-las-empresas-a-participar-en-la-feria-agricola-ganadera-y-artesana\/#primaryimage\",\"url\":\"https:\/\/www.aridane.org\/city\/wp-content\/uploads\/2024\/05\/Los-Llanos-de-Aridane-en-romeria14.jpg\",\"contentUrl\":\"https:\/\/www.aridane.org\/city\/wp-content\/uploads\/2024\/05\/Los-Llanos-de-Aridane-en-romeria14.jpg\",\"width\":800,\"height\":450,\"caption\":\"?\"},{\"@type\":\"BreadcrumbList\",\"@id\":\"https:\/\/www.aridane.org\/city\/2024\/05\/24\/los-llanos-de-aridane-anima-a-las-empresas-a-participar-en-la-feria-agricola-ganadera-y-artesana\/#breadcrumb\",\"itemListElement\":[{\"@type\":\"ListItem\",\"position\":1,\"name\":\"Portada\",\"item\":\"https:\/\/www.aridane.org\/city\/\"},{\"@type\":\"ListItem\",\"position\":2,\"name\":\"Los Llanos de Aridane anima a las empresas a participar en la Feria Agr\u00edcola, Ganadera y Artesana\"}]},{\"@type\":\"WebSite\",\"@id\":\"https:\/\/www.aridane.org\/city\/#website\",\"url\":\"https:\/\/www.aridane.org\/city\/\",\"name\":\"Ayuntamiento de Los Llanos de Aridane\",\"description\":\"\",\"potentialAction\":[{\"@type\":\"SearchAction\",\"target\":{\"@type\":\"EntryPoint\",\"urlTemplate\":\"https:\/\/www.aridane.org\/city\/?s={search_term_string}\"},\"query-input\":\"required name=search_term_string\"}],\"inLanguage\":\"es\"},{\"@type\":\"Person\",\"@id\":\"https:\/\/www.aridane.org\/city\/#\/schema\/person\/89ebd376b223dc94cc1dbcf200c8e6da\",\"name\":\"Corresponsal\",\"image\":{\"@type\":\"ImageObject\",\"inLanguage\":\"es\",\"@id\":\"https:\/\/www.aridane.org\/city\/#\/schema\/person\/image\/\",\"url\":\"https:\/\/secure.gravatar.com\/avatar\/1c476992411e4ccf153da63b2b2f5ea0bb4cb1c85f3ceab8512f04325ad5579c?s=96&d=mm&r=g\",\"contentUrl\":\"https:\/\/secure.gravatar.com\/avatar\/1c476992411e4ccf153da63b2b2f5ea0bb4cb1c85f3ceab8512f04325ad5579c?s=96&d=mm&r=g\",\"caption\":\"Corresponsal\"},\"url\":\"https:\/\/www.aridane.org\/city\/author\/corresponsal\/\"}]}<\/script>\n<!-- \/ Yoast SEO plugin. -->","yoast_head_json":{"title":"Los Llanos de Aridane anima a las empresas a participar en la Feria Agr\u00edcola, Ganadera y Artesana - Ayuntamiento de Los Llanos de Aridane","robots":{"index":"index","follow":"follow","max-snippet":"max-snippet:-1","max-image-preview":"max-image-preview:large","max-video-preview":"max-video-preview:-1"},"canonical":"https:\/\/www.aridane.org\/city\/2024\/05\/24\/los-llanos-de-aridane-anima-a-las-empresas-a-participar-en-la-feria-agricola-ganadera-y-artesana\/","og_locale":"es_ES","og_type":"article","og_title":"Los Llanos de Aridane anima a las empresas a participar en la Feria Agr\u00edcola, Ganadera y Artesana - Ayuntamiento de Los Llanos de Aridane","og_description":"Las empresas interesadas pueden presentar su solicitud de inscripci\u00f3n antes del lunes, 3 de junio","og_url":"https:\/\/www.aridane.org\/city\/2024\/05\/24\/los-llanos-de-aridane-anima-a-las-empresas-a-participar-en-la-feria-agricola-ganadera-y-artesana\/","og_site_name":"Ayuntamiento de Los Llanos de Aridane","article_published_time":"2024-05-24T13:07:13+00:00","article_modified_time":"2024-05-27T13:09:24+00:00","og_image":[{"width":800,"height":450,"url":"https:\/\/www.aridane.org\/city\/wp-content\/uploads\/2024\/05\/Los-Llanos-de-Aridane-en-romeria14.jpg","type":"image\/jpeg"}],"author":"Corresponsal","twitter_card":"summary_large_image","twitter_misc":{"Escrito por":"Corresponsal","Tiempo de lectura":"2 minutos"},"schema":{"@context":"https:\/\/schema.org","@graph":[{"@type":"WebPage","@id":"https:\/\/www.aridane.org\/city\/2024\/05\/24\/los-llanos-de-aridane-anima-a-las-empresas-a-participar-en-la-feria-agricola-ganadera-y-artesana\/","url":"https:\/\/www.aridane.org\/city\/2024\/05\/24\/los-llanos-de-aridane-anima-a-las-empresas-a-participar-en-la-feria-agricola-ganadera-y-artesana\/","name":"Los Llanos de Aridane anima a las empresas a participar en la Feria Agr\u00edcola, Ganadera y Artesana - Ayuntamiento de Los Llanos de Aridane","isPartOf":{"@id":"https:\/\/www.aridane.org\/city\/#website"},"primaryImageOfPage":{"@id":"https:\/\/www.aridane.org\/city\/2024\/05\/24\/los-llanos-de-aridane-anima-a-las-empresas-a-participar-en-la-feria-agricola-ganadera-y-artesana\/#primaryimage"},"image":{"@id":"https:\/\/www.aridane.org\/city\/2024\/05\/24\/los-llanos-de-aridane-anima-a-las-empresas-a-participar-en-la-feria-agricola-ganadera-y-artesana\/#primaryimage"},"thumbnailUrl":"https:\/\/www.aridane.org\/city\/wp-content\/uploads\/2024\/05\/Los-Llanos-de-Aridane-en-romeria14.jpg","datePublished":"2024-05-24T13:07:13+00:00","dateModified":"2024-05-27T13:09:24+00:00","author":{"@id":"https:\/\/www.aridane.org\/city\/#\/schema\/person\/89ebd376b223dc94cc1dbcf200c8e6da"},"breadcrumb":{"@id":"https:\/\/www.aridane.org\/city\/2024\/05\/24\/los-llanos-de-aridane-anima-a-las-empresas-a-participar-en-la-feria-agricola-ganadera-y-artesana\/#breadcrumb"},"inLanguage":"es","potentialAction":[{"@type":"ReadAction","target":["https:\/\/www.aridane.org\/city\/2024\/05\/24\/los-llanos-de-aridane-anima-a-las-empresas-a-participar-en-la-feria-agricola-ganadera-y-artesana\/"]}]},{"@type":"ImageObject","inLanguage":"es","@id":"https:\/\/www.aridane.org\/city\/2024\/05\/24\/los-llanos-de-aridane-anima-a-las-empresas-a-participar-en-la-feria-agricola-ganadera-y-artesana\/#primaryimage","url":"https:\/\/www.aridane.org\/city\/wp-content\/uploads\/2024\/05\/Los-Llanos-de-Aridane-en-romeria14.jpg","contentUrl":"https:\/\/www.aridane.org\/city\/wp-content\/uploads\/2024\/05\/Los-Llanos-de-Aridane-en-romeria14.jpg","width":800,"height":450,"caption":"?"},{"@type":"BreadcrumbList","@id":"https:\/\/www.aridane.org\/city\/2024\/05\/24\/los-llanos-de-aridane-anima-a-las-empresas-a-participar-en-la-feria-agricola-ganadera-y-artesana\/#breadcrumb","itemListElement":[{"@type":"ListItem","position":1,"name":"Portada","item":"https:\/\/www.aridane.org\/city\/"},{"@type":"ListItem","position":2,"name":"Los Llanos de Aridane anima a las empresas a participar en la Feria Agr\u00edcola, Ganadera y Artesana"}]},{"@type":"WebSite","@id":"https:\/\/www.aridane.org\/city\/#website","url":"https:\/\/www.aridane.org\/city\/","name":"Ayuntamiento de Los Llanos de Aridane","description":"","potentialAction":[{"@type":"SearchAction","target":{"@type":"EntryPoint","urlTemplate":"https:\/\/www.aridane.org\/city\/?s={search_term_string}"},"query-input":"required name=search_term_string"}],"inLanguage":"es"},{"@type":"Person","@id":"https:\/\/www.aridane.org\/city\/#\/schema\/person\/89ebd376b223dc94cc1dbcf200c8e6da","name":"Corresponsal","image":{"@type":"ImageObject","inLanguage":"es","@id":"https:\/\/www.aridane.org\/city\/#\/schema\/person\/image\/","url":"https:\/\/secure.gravatar.com\/avatar\/1c476992411e4ccf153da63b2b2f5ea0bb4cb1c85f3ceab8512f04325ad5579c?s=96&d=mm&r=g","contentUrl":"https:\/\/secure.gravatar.com\/avatar\/1c476992411e4ccf153da63b2b2f5ea0bb4cb1c85f3ceab8512f04325ad5579c?s=96&d=mm&r=g","caption":"Corresponsal"},"url":"https:\/\/www.aridane.org\/city\/author\/corresponsal\/"}]}},"_links":{"self":[{"href":"https:\/\/www.aridane.org\/city\/wp-json\/wp\/v2\/posts\/3752","targetHints":{"allow":["GET"]}}],"collection":[{"href":"https:\/\/www.aridane.org\/city\/wp-json\/wp\/v2\/posts"}],"about":[{"href":"https:\/\/www.aridane.org\/city\/wp-json\/wp\/v2\/types\/post"}],"author":[{"embeddable":true,"href":"https:\/\/www.aridane.org\/city\/wp-json\/wp\/v2\/users\/4"}],"replies":[{"embeddable":true,"href":"https:\/\/www.aridane.org\/city\/wp-json\/wp\/v2\/comments?post=3752"}],"version-history":[{"count":1,"href":"https:\/\/www.aridane.org\/city\/wp-json\/wp\/v2\/posts\/3752\/revisions"}],"predecessor-version":[{"id":3754,"href":"https:\/\/www.aridane.org\/city\/wp-json\/wp\/v2\/posts\/3752\/revisions\/3754"}],"wp:featuredmedia":[{"embeddable":true,"href":"https:\/\/www.aridane.org\/city\/wp-json\/wp\/v2\/media\/3753"}],"wp:attachment":[{"href":"https:\/\/www.aridane.org\/city\/wp-json\/wp\/v2\/media?parent=3752"}],"wp:term":[{"taxonomy":"category","embeddable":true,"href":"https:\/\/www.aridane.org\/city\/wp-json\/wp\/v2\/categories?post=3752"},{"taxonomy":"post_tag","embeddable":true,"href":"https:\/\/www.aridane.org\/city\/wp-json\/wp\/v2\/tags?post=3752"}],"curies":[{"name":"wp","href":"https:\/\/api.w.org\/{rel}","templated":true}]}}