{"id":3773,"date":"2024-06-01T13:23:44","date_gmt":"2024-06-01T13:23:44","guid":{"rendered":"https:\/\/www.aridane.org\/city\/?p=3773"},"modified":"2024-06-01T13:23:44","modified_gmt":"2024-06-01T13:23:44","slug":"cultura-tradicion-y-devocion-se-dan-la-mano-en-las-fiestas-de-la-patrona-de-los-llanos-de-aridane","status":"publish","type":"post","link":"https:\/\/www.aridane.org\/city\/2024\/06\/01\/cultura-tradicion-y-devocion-se-dan-la-mano-en-las-fiestas-de-la-patrona-de-los-llanos-de-aridane\/","title":{"rendered":"Cultura, tradici\u00f3n y devoci\u00f3n se dan la mano en las Fiestas de La Patrona de Los Llanos de Aridane"},"content":{"rendered":"<p><i><span style=\"font-weight: 400;\">El d\u00eda 2 de junio se dar\u00e1 el inicio al programa festivo con la Izada de la Bandera y Preg\u00f3n de las Fiestas, hasta llegar al d\u00eda grande el martes 2 de julio<\/span><\/i><\/p>\n<p>&nbsp;<\/p>\n<p><!--more--><\/p>\n<p><span style=\"font-weight: 400;\">El Ayuntamiento de Los Llanos de Aridane prepara una nueva edici\u00f3n de las Fiestas de La Patrona en la que la cultura, la tradici\u00f3n y la devoci\u00f3n se dan la mano. Un mes repleto de actividades y eventos, donde Nuestra Se\u00f1ora de Los Remedios es la protagonista, a\u00fan m\u00e1s si cabe en esta edici\u00f3n despu\u00e9s de su reciente restauraci\u00f3n.\u00a0<\/span><\/p>\n<p>&nbsp;<\/p>\n<p><span style=\"font-weight: 400;\">El alcalde, Javier Llamas, hace un llamamiento a los llanenses \u201cpara que disfruten de todos los actos de nuestras fiestas, que son tradici\u00f3n e historia de nuestro municipio. Este es un momento perfecto para impulsar y dinamizar el pueblo, de cara a un proceso de recuperaci\u00f3n que a d\u00eda de hoy sigue presente\u201d.<\/span><\/p>\n<p>&nbsp;<\/p>\n<p><span style=\"font-weight: 400;\">Por su parte, el concejal de Fiestas, \u00c1lvaro Pages, recuerda que el programa de eventos ya est\u00e1 a disposici\u00f3n de la ciudadan\u00eda para su recogida en el Ayuntamiento, significando la acogida y participaci\u00f3n ciudadana que hacen de este evento una cita singular dentro del calendario festivo, cultural y devocional del archipi\u00e9lago.\u00a0<\/span><\/p>\n<p>&nbsp;<\/p>\n<p><span style=\"font-weight: 400;\">El programa festivo comienza el domingo 2 de junio con la Izada de Bandera y posterior Preg\u00f3n de las Fiestas a cargo de Pilar Teresa D\u00edaz Luis, en el atrio del Ayuntamiento.<\/span><\/p>\n<p>&nbsp;<\/p>\n<p><span style=\"font-weight: 400;\">El viernes 8 y s\u00e1bado 9 de junio ser\u00e1 el turno para la Gala y Coronaci\u00f3n de la Reina de La Patrona, en la Plaza de Espa\u00f1a, atrio y balc\u00f3n del Ayuntamiento.\u00a0<\/span><\/p>\n<p>&nbsp;<\/p>\n<p><span style=\"font-weight: 400;\">El s\u00e1bado 22 de junio tendr\u00e1 lugar la feria ganadera en el Parque Conrado Hern\u00e1ndez y posterior romer\u00eda por las calles del municipio. Los d\u00edas 28 y 29 de junio se celebrar\u00e1 la primera edici\u00f3n del Aridane+Dance, que har\u00e1 al p\u00fablico disfrutar de los \u00e9xitos de m\u00e1s de una decena de artistas internacionales y nacionales.<\/span><\/p>\n<p>&nbsp;<\/p>\n<p><span style=\"font-weight: 400;\">La Fiesta de Arte tendr\u00e1 lugar el lunes 1 de julio en la Plaza de Espa\u00f1a, para el martes 2 de julio pasar al d\u00eda grande de estas festividades con la misa y procesi\u00f3n de Nuestra Se\u00f1ora de Los Remedios, finalizando con la tradicional Loa a la Virgen.<\/span><\/p>\n<p>&nbsp;<\/p>\n","protected":false},"excerpt":{"rendered":"<p>El d\u00eda 2 de junio se dar\u00e1 el inicio al programa festivo con la Izada de la Bandera y Preg\u00f3n de las Fiestas, hasta llegar al d\u00eda grande el martes 2 de julio &nbsp;<\/p>\n","protected":false},"author":4,"featured_media":3774,"comment_status":"open","ping_status":"open","sticky":false,"template":"","format":"standard","meta":{"footnotes":""},"categories":[1],"tags":[],"class_list":["post-3773","post","type-post","status-publish","format-standard","has-post-thumbnail","hentry","category-sin-categoria"],"yoast_head":"<!-- This site is optimized with the Yoast SEO plugin v22.7 - https:\/\/yoast.com\/wordpress\/plugins\/seo\/ -->\n<title>Cultura, tradici\u00f3n y devoci\u00f3n se dan la mano en las Fiestas de La Patrona de Los Llanos de Aridane - Ayuntamiento de Los Llanos de Aridane<\/title>\n<meta name=\"robots\" content=\"index, follow, max-snippet:-1, max-image-preview:large, max-video-preview:-1\" \/>\n<link rel=\"canonical\" href=\"https:\/\/www.aridane.org\/city\/2024\/06\/01\/cultura-tradicion-y-devocion-se-dan-la-mano-en-las-fiestas-de-la-patrona-de-los-llanos-de-aridane\/\" \/>\n<meta property=\"og:locale\" content=\"es_ES\" \/>\n<meta property=\"og:type\" content=\"article\" \/>\n<meta property=\"og:title\" content=\"Cultura, tradici\u00f3n y devoci\u00f3n se dan la mano en las Fiestas de La Patrona de Los Llanos de Aridane - Ayuntamiento de Los Llanos de Aridane\" \/>\n<meta property=\"og:description\" content=\"El d\u00eda 2 de junio se dar\u00e1 el inicio al programa festivo con la Izada de la Bandera y Preg\u00f3n de las Fiestas, hasta llegar al d\u00eda grande el martes 2 de julio &nbsp;\" \/>\n<meta property=\"og:url\" content=\"https:\/\/www.aridane.org\/city\/2024\/06\/01\/cultura-tradicion-y-devocion-se-dan-la-mano-en-las-fiestas-de-la-patrona-de-los-llanos-de-aridane\/\" \/>\n<meta property=\"og:site_name\" content=\"Ayuntamiento de Los Llanos de Aridane\" \/>\n<meta property=\"article:published_time\" content=\"2024-06-01T13:23:44+00:00\" \/>\n<meta property=\"og:image\" content=\"https:\/\/www.aridane.org\/city\/wp-content\/uploads\/2024\/06\/aad25db3-6d6b-45b2-ad35-f016c0ded6f1-scaled.jpg\" \/>\n\t<meta property=\"og:image:width\" content=\"2560\" \/>\n\t<meta property=\"og:image:height\" content=\"1920\" \/>\n\t<meta property=\"og:image:type\" content=\"image\/jpeg\" \/>\n<meta name=\"author\" content=\"Corresponsal\" \/>\n<meta name=\"twitter:card\" content=\"summary_large_image\" \/>\n<meta name=\"twitter:label1\" content=\"Escrito por\" \/>\n\t<meta name=\"twitter:data1\" content=\"Corresponsal\" \/>\n\t<meta name=\"twitter:label2\" content=\"Tiempo de lectura\" \/>\n\t<meta name=\"twitter:data2\" content=\"2 minutos\" \/>\n<script type=\"application\/ld+json\" class=\"yoast-schema-graph\">{\"@context\":\"https:\/\/schema.org\",\"@graph\":[{\"@type\":\"WebPage\",\"@id\":\"https:\/\/www.aridane.org\/city\/2024\/06\/01\/cultura-tradicion-y-devocion-se-dan-la-mano-en-las-fiestas-de-la-patrona-de-los-llanos-de-aridane\/\",\"url\":\"https:\/\/www.aridane.org\/city\/2024\/06\/01\/cultura-tradicion-y-devocion-se-dan-la-mano-en-las-fiestas-de-la-patrona-de-los-llanos-de-aridane\/\",\"name\":\"Cultura, tradici\u00f3n y devoci\u00f3n se dan la mano en las Fiestas de La Patrona de Los Llanos de Aridane - Ayuntamiento de Los Llanos de Aridane\",\"isPartOf\":{\"@id\":\"https:\/\/www.aridane.org\/city\/#website\"},\"primaryImageOfPage\":{\"@id\":\"https:\/\/www.aridane.org\/city\/2024\/06\/01\/cultura-tradicion-y-devocion-se-dan-la-mano-en-las-fiestas-de-la-patrona-de-los-llanos-de-aridane\/#primaryimage\"},\"image\":{\"@id\":\"https:\/\/www.aridane.org\/city\/2024\/06\/01\/cultura-tradicion-y-devocion-se-dan-la-mano-en-las-fiestas-de-la-patrona-de-los-llanos-de-aridane\/#primaryimage\"},\"thumbnailUrl\":\"https:\/\/www.aridane.org\/city\/wp-content\/uploads\/2024\/06\/aad25db3-6d6b-45b2-ad35-f016c0ded6f1-scaled.jpg\",\"datePublished\":\"2024-06-01T13:23:44+00:00\",\"dateModified\":\"2024-06-01T13:23:44+00:00\",\"author\":{\"@id\":\"https:\/\/www.aridane.org\/city\/#\/schema\/person\/89ebd376b223dc94cc1dbcf200c8e6da\"},\"breadcrumb\":{\"@id\":\"https:\/\/www.aridane.org\/city\/2024\/06\/01\/cultura-tradicion-y-devocion-se-dan-la-mano-en-las-fiestas-de-la-patrona-de-los-llanos-de-aridane\/#breadcrumb\"},\"inLanguage\":\"es\",\"potentialAction\":[{\"@type\":\"ReadAction\",\"target\":[\"https:\/\/www.aridane.org\/city\/2024\/06\/01\/cultura-tradicion-y-devocion-se-dan-la-mano-en-las-fiestas-de-la-patrona-de-los-llanos-de-aridane\/\"]}]},{\"@type\":\"ImageObject\",\"inLanguage\":\"es\",\"@id\":\"https:\/\/www.aridane.org\/city\/2024\/06\/01\/cultura-tradicion-y-devocion-se-dan-la-mano-en-las-fiestas-de-la-patrona-de-los-llanos-de-aridane\/#primaryimage\",\"url\":\"https:\/\/www.aridane.org\/city\/wp-content\/uploads\/2024\/06\/aad25db3-6d6b-45b2-ad35-f016c0ded6f1-scaled.jpg\",\"contentUrl\":\"https:\/\/www.aridane.org\/city\/wp-content\/uploads\/2024\/06\/aad25db3-6d6b-45b2-ad35-f016c0ded6f1-scaled.jpg\",\"width\":2560,\"height\":1920},{\"@type\":\"BreadcrumbList\",\"@id\":\"https:\/\/www.aridane.org\/city\/2024\/06\/01\/cultura-tradicion-y-devocion-se-dan-la-mano-en-las-fiestas-de-la-patrona-de-los-llanos-de-aridane\/#breadcrumb\",\"itemListElement\":[{\"@type\":\"ListItem\",\"position\":1,\"name\":\"Portada\",\"item\":\"https:\/\/www.aridane.org\/city\/\"},{\"@type\":\"ListItem\",\"position\":2,\"name\":\"Cultura, tradici\u00f3n y devoci\u00f3n se dan la mano en las Fiestas de La Patrona de Los Llanos de Aridane\"}]},{\"@type\":\"WebSite\",\"@id\":\"https:\/\/www.aridane.org\/city\/#website\",\"url\":\"https:\/\/www.aridane.org\/city\/\",\"name\":\"Ayuntamiento de Los Llanos de Aridane\",\"description\":\"\",\"potentialAction\":[{\"@type\":\"SearchAction\",\"target\":{\"@type\":\"EntryPoint\",\"urlTemplate\":\"https:\/\/www.aridane.org\/city\/?s={search_term_string}\"},\"query-input\":\"required name=search_term_string\"}],\"inLanguage\":\"es\"},{\"@type\":\"Person\",\"@id\":\"https:\/\/www.aridane.org\/city\/#\/schema\/person\/89ebd376b223dc94cc1dbcf200c8e6da\",\"name\":\"Corresponsal\",\"image\":{\"@type\":\"ImageObject\",\"inLanguage\":\"es\",\"@id\":\"https:\/\/www.aridane.org\/city\/#\/schema\/person\/image\/\",\"url\":\"https:\/\/secure.gravatar.com\/avatar\/1c476992411e4ccf153da63b2b2f5ea0bb4cb1c85f3ceab8512f04325ad5579c?s=96&d=mm&r=g\",\"contentUrl\":\"https:\/\/secure.gravatar.com\/avatar\/1c476992411e4ccf153da63b2b2f5ea0bb4cb1c85f3ceab8512f04325ad5579c?s=96&d=mm&r=g\",\"caption\":\"Corresponsal\"},\"url\":\"https:\/\/www.aridane.org\/city\/author\/corresponsal\/\"}]}<\/script>\n<!-- \/ Yoast SEO plugin. -->","yoast_head_json":{"title":"Cultura, tradici\u00f3n y devoci\u00f3n se dan la mano en las Fiestas de La Patrona de Los Llanos de Aridane - Ayuntamiento de Los Llanos de Aridane","robots":{"index":"index","follow":"follow","max-snippet":"max-snippet:-1","max-image-preview":"max-image-preview:large","max-video-preview":"max-video-preview:-1"},"canonical":"https:\/\/www.aridane.org\/city\/2024\/06\/01\/cultura-tradicion-y-devocion-se-dan-la-mano-en-las-fiestas-de-la-patrona-de-los-llanos-de-aridane\/","og_locale":"es_ES","og_type":"article","og_title":"Cultura, tradici\u00f3n y devoci\u00f3n se dan la mano en las Fiestas de La Patrona de Los Llanos de Aridane - Ayuntamiento de Los Llanos de Aridane","og_description":"El d\u00eda 2 de junio se dar\u00e1 el inicio al programa festivo con la Izada de la Bandera y Preg\u00f3n de las Fiestas, hasta llegar al d\u00eda grande el martes 2 de julio &nbsp;","og_url":"https:\/\/www.aridane.org\/city\/2024\/06\/01\/cultura-tradicion-y-devocion-se-dan-la-mano-en-las-fiestas-de-la-patrona-de-los-llanos-de-aridane\/","og_site_name":"Ayuntamiento de Los Llanos de Aridane","article_published_time":"2024-06-01T13:23:44+00:00","og_image":[{"width":2560,"height":1920,"url":"https:\/\/www.aridane.org\/city\/wp-content\/uploads\/2024\/06\/aad25db3-6d6b-45b2-ad35-f016c0ded6f1-scaled.jpg","type":"image\/jpeg"}],"author":"Corresponsal","twitter_card":"summary_large_image","twitter_misc":{"Escrito por":"Corresponsal","Tiempo de lectura":"2 minutos"},"schema":{"@context":"https:\/\/schema.org","@graph":[{"@type":"WebPage","@id":"https:\/\/www.aridane.org\/city\/2024\/06\/01\/cultura-tradicion-y-devocion-se-dan-la-mano-en-las-fiestas-de-la-patrona-de-los-llanos-de-aridane\/","url":"https:\/\/www.aridane.org\/city\/2024\/06\/01\/cultura-tradicion-y-devocion-se-dan-la-mano-en-las-fiestas-de-la-patrona-de-los-llanos-de-aridane\/","name":"Cultura, tradici\u00f3n y devoci\u00f3n se dan la mano en las Fiestas de La Patrona de Los Llanos de Aridane - Ayuntamiento de Los Llanos de Aridane","isPartOf":{"@id":"https:\/\/www.aridane.org\/city\/#website"},"primaryImageOfPage":{"@id":"https:\/\/www.aridane.org\/city\/2024\/06\/01\/cultura-tradicion-y-devocion-se-dan-la-mano-en-las-fiestas-de-la-patrona-de-los-llanos-de-aridane\/#primaryimage"},"image":{"@id":"https:\/\/www.aridane.org\/city\/2024\/06\/01\/cultura-tradicion-y-devocion-se-dan-la-mano-en-las-fiestas-de-la-patrona-de-los-llanos-de-aridane\/#primaryimage"},"thumbnailUrl":"https:\/\/www.aridane.org\/city\/wp-content\/uploads\/2024\/06\/aad25db3-6d6b-45b2-ad35-f016c0ded6f1-scaled.jpg","datePublished":"2024-06-01T13:23:44+00:00","dateModified":"2024-06-01T13:23:44+00:00","author":{"@id":"https:\/\/www.aridane.org\/city\/#\/schema\/person\/89ebd376b223dc94cc1dbcf200c8e6da"},"breadcrumb":{"@id":"https:\/\/www.aridane.org\/city\/2024\/06\/01\/cultura-tradicion-y-devocion-se-dan-la-mano-en-las-fiestas-de-la-patrona-de-los-llanos-de-aridane\/#breadcrumb"},"inLanguage":"es","potentialAction":[{"@type":"ReadAction","target":["https:\/\/www.aridane.org\/city\/2024\/06\/01\/cultura-tradicion-y-devocion-se-dan-la-mano-en-las-fiestas-de-la-patrona-de-los-llanos-de-aridane\/"]}]},{"@type":"ImageObject","inLanguage":"es","@id":"https:\/\/www.aridane.org\/city\/2024\/06\/01\/cultura-tradicion-y-devocion-se-dan-la-mano-en-las-fiestas-de-la-patrona-de-los-llanos-de-aridane\/#primaryimage","url":"https:\/\/www.aridane.org\/city\/wp-content\/uploads\/2024\/06\/aad25db3-6d6b-45b2-ad35-f016c0ded6f1-scaled.jpg","contentUrl":"https:\/\/www.aridane.org\/city\/wp-content\/uploads\/2024\/06\/aad25db3-6d6b-45b2-ad35-f016c0ded6f1-scaled.jpg","width":2560,"height":1920},{"@type":"BreadcrumbList","@id":"https:\/\/www.aridane.org\/city\/2024\/06\/01\/cultura-tradicion-y-devocion-se-dan-la-mano-en-las-fiestas-de-la-patrona-de-los-llanos-de-aridane\/#breadcrumb","itemListElement":[{"@type":"ListItem","position":1,"name":"Portada","item":"https:\/\/www.aridane.org\/city\/"},{"@type":"ListItem","position":2,"name":"Cultura, tradici\u00f3n y devoci\u00f3n se dan la mano en las Fiestas de La Patrona de Los Llanos de Aridane"}]},{"@type":"WebSite","@id":"https:\/\/www.aridane.org\/city\/#website","url":"https:\/\/www.aridane.org\/city\/","name":"Ayuntamiento de Los Llanos de Aridane","description":"","potentialAction":[{"@type":"SearchAction","target":{"@type":"EntryPoint","urlTemplate":"https:\/\/www.aridane.org\/city\/?s={search_term_string}"},"query-input":"required name=search_term_string"}],"inLanguage":"es"},{"@type":"Person","@id":"https:\/\/www.aridane.org\/city\/#\/schema\/person\/89ebd376b223dc94cc1dbcf200c8e6da","name":"Corresponsal","image":{"@type":"ImageObject","inLanguage":"es","@id":"https:\/\/www.aridane.org\/city\/#\/schema\/person\/image\/","url":"https:\/\/secure.gravatar.com\/avatar\/1c476992411e4ccf153da63b2b2f5ea0bb4cb1c85f3ceab8512f04325ad5579c?s=96&d=mm&r=g","contentUrl":"https:\/\/secure.gravatar.com\/avatar\/1c476992411e4ccf153da63b2b2f5ea0bb4cb1c85f3ceab8512f04325ad5579c?s=96&d=mm&r=g","caption":"Corresponsal"},"url":"https:\/\/www.aridane.org\/city\/author\/corresponsal\/"}]}},"_links":{"self":[{"href":"https:\/\/www.aridane.org\/city\/wp-json\/wp\/v2\/posts\/3773","targetHints":{"allow":["GET"]}}],"collection":[{"href":"https:\/\/www.aridane.org\/city\/wp-json\/wp\/v2\/posts"}],"about":[{"href":"https:\/\/www.aridane.org\/city\/wp-json\/wp\/v2\/types\/post"}],"author":[{"embeddable":true,"href":"https:\/\/www.aridane.org\/city\/wp-json\/wp\/v2\/users\/4"}],"replies":[{"embeddable":true,"href":"https:\/\/www.aridane.org\/city\/wp-json\/wp\/v2\/comments?post=3773"}],"version-history":[{"count":1,"href":"https:\/\/www.aridane.org\/city\/wp-json\/wp\/v2\/posts\/3773\/revisions"}],"predecessor-version":[{"id":3775,"href":"https:\/\/www.aridane.org\/city\/wp-json\/wp\/v2\/posts\/3773\/revisions\/3775"}],"wp:featuredmedia":[{"embeddable":true,"href":"https:\/\/www.aridane.org\/city\/wp-json\/wp\/v2\/media\/3774"}],"wp:attachment":[{"href":"https:\/\/www.aridane.org\/city\/wp-json\/wp\/v2\/media?parent=3773"}],"wp:term":[{"taxonomy":"category","embeddable":true,"href":"https:\/\/www.aridane.org\/city\/wp-json\/wp\/v2\/categories?post=3773"},{"taxonomy":"post_tag","embeddable":true,"href":"https:\/\/www.aridane.org\/city\/wp-json\/wp\/v2\/tags?post=3773"}],"curies":[{"name":"wp","href":"https:\/\/api.w.org\/{rel}","templated":true}]}}