{"id":3778,"date":"2024-06-03T12:22:38","date_gmt":"2024-06-03T12:22:38","guid":{"rendered":"https:\/\/www.aridane.org\/city\/?p=3778"},"modified":"2024-06-03T12:22:38","modified_gmt":"2024-06-03T12:22:38","slug":"los-llanos-de-aridane-mejorara-la-eficiencia-energetica-de-sus-instalaciones-publicas","status":"publish","type":"post","link":"https:\/\/www.aridane.org\/city\/2024\/06\/03\/los-llanos-de-aridane-mejorara-la-eficiencia-energetica-de-sus-instalaciones-publicas\/","title":{"rendered":"Los Llanos de Aridane mejorar\u00e1 la eficiencia energ\u00e9tica de sus instalaciones p\u00fablicas"},"content":{"rendered":"<p><em>El Ayuntamiento afirma que el contrato no s\u00f3lo representa un significativo ahorro econ\u00f3mico, sino tambi\u00e9n un paso hacia una gesti\u00f3n energ\u00e9tica m\u00e1s sostenible y eficiente para el municipio<\/em><!--more--><\/p>\n<p>&nbsp;<\/p>\n<p>El Ayuntamiento de Los Llanos de Aridane mejorar\u00e1 la eficiencia energ\u00e9tica de los edificios, instalaciones, dependencias y el alumbrado p\u00fablico. Se har\u00e1 a trav\u00e9s de la adjudicaci\u00f3n de nuevo contrato de suministro de energ\u00eda el\u00e9ctrica a la empresa ADX Renovables SL.<\/p>\n<p>&nbsp;<\/p>\n<p>El alcalde Javier Llamas destaca que la premisa del actual equipo de gobierno pasa por optimizar los servicios que brinda el Ayuntamiento en cualquiera de sus \u00e1mbitos y pone de relieve la apuesta que se hace por contar con un municipio m\u00e1s sostenible, eficaz y eficiente a nivel energ\u00e9tico, \u201calgo que debe pasar indudablemente por aquellas instalaciones dependientes del Ayuntamiento\u201d, remarca.<\/p>\n<p>&nbsp;<\/p>\n<p>El concejal de Hacienda, Pablo Almeida, asegura que este contrato supone \u201cun importante ahorro econ\u00f3mico y mejoras en la eficiencia energ\u00e9tica de las instalaciones p\u00fablicas\u201d.<\/p>\n<p>&nbsp;<\/p>\n<p>Detalla que esta nueva adjudicaci\u00f3n, por un monto de 300.000 euros al a\u00f1o, representa un ahorro de casi 200.000 euros anuales en comparaci\u00f3n con el presupuesto inicial de 480.000 euros.<\/p>\n<p>&nbsp;<\/p>\n<p>El nuevo contrato no solo garantiza un suministro el\u00e9ctrico eficiente, sino que tambi\u00e9n se compromete a la mejora del contrato mediante la instalaci\u00f3n de dos equipos de recarga para veh\u00edculos el\u00e9ctricos. \u201cEsta iniciativa refuerza el compromiso del Ayuntamiento con la sostenibilidad y la eficiencia energ\u00e9tica\u201d, a\u00f1ade por su parte el concejal de Obras y Servicios, Jos\u00e9 Mar\u00eda Rivera.<\/p>\n<p>&nbsp;<\/p>\n<p>Tambi\u00e9n se implantar\u00e1 una plataforma electr\u00f3nica y un servicio de gesti\u00f3n personalizados que permitir\u00e1n a la ciudadan\u00eda y a las autoridades visualizar en tiempo real los consumos de todos los suministros. Esta herramienta alerta sobre posibles sobrecostes, anomal\u00edas o desviaciones en el consumo, y facilita la monitorizaci\u00f3n y seguimiento de los ahorros energ\u00e9ticos a trav\u00e9s de un cuadro de mandos con alarmas de consumo, max\u00edmetro, hist\u00f3rico de facturaci\u00f3n y predicci\u00f3n de consumos.<\/p>\n<p>&nbsp;<\/p>\n<p>Desde el Ayuntamiento insisten en que el contrato no s\u00f3lo representa un significativo ahorro econ\u00f3mico, sino tambi\u00e9n un paso hacia una gesti\u00f3n energ\u00e9tica m\u00e1s sostenible y eficiente para el municipio. Con estas medidas, el Consistorio reafirma su compromiso con la optimizaci\u00f3n de recursos y la mejora continua de los servicios p\u00fablicos, en beneficio de todos los ciudadanos.<\/p>\n","protected":false},"excerpt":{"rendered":"<p>El Ayuntamiento afirma que el contrato no s\u00f3lo representa un significativo ahorro econ\u00f3mico, sino tambi\u00e9n un paso hacia una gesti\u00f3n energ\u00e9tica m\u00e1s sostenible y eficiente para el municipio<\/p>\n","protected":false},"author":4,"featured_media":3779,"comment_status":"open","ping_status":"open","sticky":false,"template":"","format":"standard","meta":{"footnotes":""},"categories":[1],"tags":[],"class_list":["post-3778","post","type-post","status-publish","format-standard","has-post-thumbnail","hentry","category-sin-categoria"],"yoast_head":"<!-- This site is optimized with the Yoast SEO plugin v22.7 - https:\/\/yoast.com\/wordpress\/plugins\/seo\/ -->\n<title>Los Llanos de Aridane mejorar\u00e1 la eficiencia energ\u00e9tica de sus instalaciones p\u00fablicas<\/title>\n<meta name=\"description\" content=\"El Ayuntamiento afirma que el contrato no s\u00f3lo representa un significativo ahorro econ\u00f3mico, sino tambi\u00e9n un paso hacia una gesti\u00f3n energ\u00e9tica m\u00e1s sostenible y eficiente para el municipio\" \/>\n<meta name=\"robots\" content=\"index, follow, max-snippet:-1, max-image-preview:large, max-video-preview:-1\" \/>\n<link rel=\"canonical\" href=\"https:\/\/www.aridane.org\/city\/2024\/06\/03\/los-llanos-de-aridane-mejorara-la-eficiencia-energetica-de-sus-instalaciones-publicas\/\" \/>\n<meta property=\"og:locale\" content=\"es_ES\" \/>\n<meta property=\"og:type\" content=\"article\" \/>\n<meta property=\"og:title\" content=\"Los Llanos de Aridane mejorar\u00e1 la eficiencia energ\u00e9tica de sus instalaciones p\u00fablicas\" \/>\n<meta property=\"og:description\" content=\"El Ayuntamiento afirma que el contrato no s\u00f3lo representa un significativo ahorro econ\u00f3mico, sino tambi\u00e9n un paso hacia una gesti\u00f3n energ\u00e9tica m\u00e1s sostenible y eficiente para el municipio\" \/>\n<meta property=\"og:url\" content=\"https:\/\/www.aridane.org\/city\/2024\/06\/03\/los-llanos-de-aridane-mejorara-la-eficiencia-energetica-de-sus-instalaciones-publicas\/\" \/>\n<meta property=\"og:site_name\" content=\"Ayuntamiento de Los Llanos de Aridane\" \/>\n<meta property=\"article:published_time\" content=\"2024-06-03T12:22:38+00:00\" \/>\n<meta property=\"og:image\" content=\"https:\/\/www.aridane.org\/city\/wp-content\/uploads\/2024\/06\/Jose-Maria-Rivero-y-Pablo-Almeida-scaled.jpeg\" \/>\n\t<meta property=\"og:image:width\" content=\"2560\" \/>\n\t<meta property=\"og:image:height\" content=\"1920\" \/>\n\t<meta property=\"og:image:type\" content=\"image\/jpeg\" \/>\n<meta name=\"author\" content=\"Corresponsal\" \/>\n<meta name=\"twitter:card\" content=\"summary_large_image\" \/>\n<meta name=\"twitter:label1\" content=\"Escrito por\" \/>\n\t<meta name=\"twitter:data1\" content=\"Corresponsal\" \/>\n\t<meta name=\"twitter:label2\" content=\"Tiempo de lectura\" \/>\n\t<meta name=\"twitter:data2\" content=\"2 minutos\" \/>\n<script type=\"application\/ld+json\" class=\"yoast-schema-graph\">{\"@context\":\"https:\/\/schema.org\",\"@graph\":[{\"@type\":\"WebPage\",\"@id\":\"https:\/\/www.aridane.org\/city\/2024\/06\/03\/los-llanos-de-aridane-mejorara-la-eficiencia-energetica-de-sus-instalaciones-publicas\/\",\"url\":\"https:\/\/www.aridane.org\/city\/2024\/06\/03\/los-llanos-de-aridane-mejorara-la-eficiencia-energetica-de-sus-instalaciones-publicas\/\",\"name\":\"Los Llanos de Aridane mejorar\u00e1 la eficiencia energ\u00e9tica de sus instalaciones p\u00fablicas\",\"isPartOf\":{\"@id\":\"https:\/\/www.aridane.org\/city\/#website\"},\"primaryImageOfPage\":{\"@id\":\"https:\/\/www.aridane.org\/city\/2024\/06\/03\/los-llanos-de-aridane-mejorara-la-eficiencia-energetica-de-sus-instalaciones-publicas\/#primaryimage\"},\"image\":{\"@id\":\"https:\/\/www.aridane.org\/city\/2024\/06\/03\/los-llanos-de-aridane-mejorara-la-eficiencia-energetica-de-sus-instalaciones-publicas\/#primaryimage\"},\"thumbnailUrl\":\"https:\/\/www.aridane.org\/city\/wp-content\/uploads\/2024\/06\/Jose-Maria-Rivero-y-Pablo-Almeida-scaled.jpeg\",\"datePublished\":\"2024-06-03T12:22:38+00:00\",\"dateModified\":\"2024-06-03T12:22:38+00:00\",\"author\":{\"@id\":\"https:\/\/www.aridane.org\/city\/#\/schema\/person\/89ebd376b223dc94cc1dbcf200c8e6da\"},\"description\":\"El Ayuntamiento afirma que el contrato no s\u00f3lo representa un significativo ahorro econ\u00f3mico, sino tambi\u00e9n un paso hacia una gesti\u00f3n energ\u00e9tica m\u00e1s sostenible y eficiente para el municipio\",\"breadcrumb\":{\"@id\":\"https:\/\/www.aridane.org\/city\/2024\/06\/03\/los-llanos-de-aridane-mejorara-la-eficiencia-energetica-de-sus-instalaciones-publicas\/#breadcrumb\"},\"inLanguage\":\"es\",\"potentialAction\":[{\"@type\":\"ReadAction\",\"target\":[\"https:\/\/www.aridane.org\/city\/2024\/06\/03\/los-llanos-de-aridane-mejorara-la-eficiencia-energetica-de-sus-instalaciones-publicas\/\"]}]},{\"@type\":\"ImageObject\",\"inLanguage\":\"es\",\"@id\":\"https:\/\/www.aridane.org\/city\/2024\/06\/03\/los-llanos-de-aridane-mejorara-la-eficiencia-energetica-de-sus-instalaciones-publicas\/#primaryimage\",\"url\":\"https:\/\/www.aridane.org\/city\/wp-content\/uploads\/2024\/06\/Jose-Maria-Rivero-y-Pablo-Almeida-scaled.jpeg\",\"contentUrl\":\"https:\/\/www.aridane.org\/city\/wp-content\/uploads\/2024\/06\/Jose-Maria-Rivero-y-Pablo-Almeida-scaled.jpeg\",\"width\":2560,\"height\":1920},{\"@type\":\"BreadcrumbList\",\"@id\":\"https:\/\/www.aridane.org\/city\/2024\/06\/03\/los-llanos-de-aridane-mejorara-la-eficiencia-energetica-de-sus-instalaciones-publicas\/#breadcrumb\",\"itemListElement\":[{\"@type\":\"ListItem\",\"position\":1,\"name\":\"Portada\",\"item\":\"https:\/\/www.aridane.org\/city\/\"},{\"@type\":\"ListItem\",\"position\":2,\"name\":\"Los Llanos de Aridane mejorar\u00e1 la eficiencia energ\u00e9tica de sus instalaciones p\u00fablicas\"}]},{\"@type\":\"WebSite\",\"@id\":\"https:\/\/www.aridane.org\/city\/#website\",\"url\":\"https:\/\/www.aridane.org\/city\/\",\"name\":\"Ayuntamiento de Los Llanos de Aridane\",\"description\":\"\",\"potentialAction\":[{\"@type\":\"SearchAction\",\"target\":{\"@type\":\"EntryPoint\",\"urlTemplate\":\"https:\/\/www.aridane.org\/city\/?s={search_term_string}\"},\"query-input\":\"required name=search_term_string\"}],\"inLanguage\":\"es\"},{\"@type\":\"Person\",\"@id\":\"https:\/\/www.aridane.org\/city\/#\/schema\/person\/89ebd376b223dc94cc1dbcf200c8e6da\",\"name\":\"Corresponsal\",\"image\":{\"@type\":\"ImageObject\",\"inLanguage\":\"es\",\"@id\":\"https:\/\/www.aridane.org\/city\/#\/schema\/person\/image\/\",\"url\":\"https:\/\/secure.gravatar.com\/avatar\/1c476992411e4ccf153da63b2b2f5ea0bb4cb1c85f3ceab8512f04325ad5579c?s=96&d=mm&r=g\",\"contentUrl\":\"https:\/\/secure.gravatar.com\/avatar\/1c476992411e4ccf153da63b2b2f5ea0bb4cb1c85f3ceab8512f04325ad5579c?s=96&d=mm&r=g\",\"caption\":\"Corresponsal\"},\"url\":\"https:\/\/www.aridane.org\/city\/author\/corresponsal\/\"}]}<\/script>\n<!-- \/ Yoast SEO plugin. -->","yoast_head_json":{"title":"Los Llanos de Aridane mejorar\u00e1 la eficiencia energ\u00e9tica de sus instalaciones p\u00fablicas","description":"El Ayuntamiento afirma que el contrato no s\u00f3lo representa un significativo ahorro econ\u00f3mico, sino tambi\u00e9n un paso hacia una gesti\u00f3n energ\u00e9tica m\u00e1s sostenible y eficiente para el municipio","robots":{"index":"index","follow":"follow","max-snippet":"max-snippet:-1","max-image-preview":"max-image-preview:large","max-video-preview":"max-video-preview:-1"},"canonical":"https:\/\/www.aridane.org\/city\/2024\/06\/03\/los-llanos-de-aridane-mejorara-la-eficiencia-energetica-de-sus-instalaciones-publicas\/","og_locale":"es_ES","og_type":"article","og_title":"Los Llanos de Aridane mejorar\u00e1 la eficiencia energ\u00e9tica de sus instalaciones p\u00fablicas","og_description":"El Ayuntamiento afirma que el contrato no s\u00f3lo representa un significativo ahorro econ\u00f3mico, sino tambi\u00e9n un paso hacia una gesti\u00f3n energ\u00e9tica m\u00e1s sostenible y eficiente para el municipio","og_url":"https:\/\/www.aridane.org\/city\/2024\/06\/03\/los-llanos-de-aridane-mejorara-la-eficiencia-energetica-de-sus-instalaciones-publicas\/","og_site_name":"Ayuntamiento de Los Llanos de Aridane","article_published_time":"2024-06-03T12:22:38+00:00","og_image":[{"width":2560,"height":1920,"url":"https:\/\/www.aridane.org\/city\/wp-content\/uploads\/2024\/06\/Jose-Maria-Rivero-y-Pablo-Almeida-scaled.jpeg","type":"image\/jpeg"}],"author":"Corresponsal","twitter_card":"summary_large_image","twitter_misc":{"Escrito por":"Corresponsal","Tiempo de lectura":"2 minutos"},"schema":{"@context":"https:\/\/schema.org","@graph":[{"@type":"WebPage","@id":"https:\/\/www.aridane.org\/city\/2024\/06\/03\/los-llanos-de-aridane-mejorara-la-eficiencia-energetica-de-sus-instalaciones-publicas\/","url":"https:\/\/www.aridane.org\/city\/2024\/06\/03\/los-llanos-de-aridane-mejorara-la-eficiencia-energetica-de-sus-instalaciones-publicas\/","name":"Los Llanos de Aridane mejorar\u00e1 la eficiencia energ\u00e9tica de sus instalaciones p\u00fablicas","isPartOf":{"@id":"https:\/\/www.aridane.org\/city\/#website"},"primaryImageOfPage":{"@id":"https:\/\/www.aridane.org\/city\/2024\/06\/03\/los-llanos-de-aridane-mejorara-la-eficiencia-energetica-de-sus-instalaciones-publicas\/#primaryimage"},"image":{"@id":"https:\/\/www.aridane.org\/city\/2024\/06\/03\/los-llanos-de-aridane-mejorara-la-eficiencia-energetica-de-sus-instalaciones-publicas\/#primaryimage"},"thumbnailUrl":"https:\/\/www.aridane.org\/city\/wp-content\/uploads\/2024\/06\/Jose-Maria-Rivero-y-Pablo-Almeida-scaled.jpeg","datePublished":"2024-06-03T12:22:38+00:00","dateModified":"2024-06-03T12:22:38+00:00","author":{"@id":"https:\/\/www.aridane.org\/city\/#\/schema\/person\/89ebd376b223dc94cc1dbcf200c8e6da"},"description":"El Ayuntamiento afirma que el contrato no s\u00f3lo representa un significativo ahorro econ\u00f3mico, sino tambi\u00e9n un paso hacia una gesti\u00f3n energ\u00e9tica m\u00e1s sostenible y eficiente para el municipio","breadcrumb":{"@id":"https:\/\/www.aridane.org\/city\/2024\/06\/03\/los-llanos-de-aridane-mejorara-la-eficiencia-energetica-de-sus-instalaciones-publicas\/#breadcrumb"},"inLanguage":"es","potentialAction":[{"@type":"ReadAction","target":["https:\/\/www.aridane.org\/city\/2024\/06\/03\/los-llanos-de-aridane-mejorara-la-eficiencia-energetica-de-sus-instalaciones-publicas\/"]}]},{"@type":"ImageObject","inLanguage":"es","@id":"https:\/\/www.aridane.org\/city\/2024\/06\/03\/los-llanos-de-aridane-mejorara-la-eficiencia-energetica-de-sus-instalaciones-publicas\/#primaryimage","url":"https:\/\/www.aridane.org\/city\/wp-content\/uploads\/2024\/06\/Jose-Maria-Rivero-y-Pablo-Almeida-scaled.jpeg","contentUrl":"https:\/\/www.aridane.org\/city\/wp-content\/uploads\/2024\/06\/Jose-Maria-Rivero-y-Pablo-Almeida-scaled.jpeg","width":2560,"height":1920},{"@type":"BreadcrumbList","@id":"https:\/\/www.aridane.org\/city\/2024\/06\/03\/los-llanos-de-aridane-mejorara-la-eficiencia-energetica-de-sus-instalaciones-publicas\/#breadcrumb","itemListElement":[{"@type":"ListItem","position":1,"name":"Portada","item":"https:\/\/www.aridane.org\/city\/"},{"@type":"ListItem","position":2,"name":"Los Llanos de Aridane mejorar\u00e1 la eficiencia energ\u00e9tica de sus instalaciones p\u00fablicas"}]},{"@type":"WebSite","@id":"https:\/\/www.aridane.org\/city\/#website","url":"https:\/\/www.aridane.org\/city\/","name":"Ayuntamiento de Los Llanos de Aridane","description":"","potentialAction":[{"@type":"SearchAction","target":{"@type":"EntryPoint","urlTemplate":"https:\/\/www.aridane.org\/city\/?s={search_term_string}"},"query-input":"required name=search_term_string"}],"inLanguage":"es"},{"@type":"Person","@id":"https:\/\/www.aridane.org\/city\/#\/schema\/person\/89ebd376b223dc94cc1dbcf200c8e6da","name":"Corresponsal","image":{"@type":"ImageObject","inLanguage":"es","@id":"https:\/\/www.aridane.org\/city\/#\/schema\/person\/image\/","url":"https:\/\/secure.gravatar.com\/avatar\/1c476992411e4ccf153da63b2b2f5ea0bb4cb1c85f3ceab8512f04325ad5579c?s=96&d=mm&r=g","contentUrl":"https:\/\/secure.gravatar.com\/avatar\/1c476992411e4ccf153da63b2b2f5ea0bb4cb1c85f3ceab8512f04325ad5579c?s=96&d=mm&r=g","caption":"Corresponsal"},"url":"https:\/\/www.aridane.org\/city\/author\/corresponsal\/"}]}},"_links":{"self":[{"href":"https:\/\/www.aridane.org\/city\/wp-json\/wp\/v2\/posts\/3778","targetHints":{"allow":["GET"]}}],"collection":[{"href":"https:\/\/www.aridane.org\/city\/wp-json\/wp\/v2\/posts"}],"about":[{"href":"https:\/\/www.aridane.org\/city\/wp-json\/wp\/v2\/types\/post"}],"author":[{"embeddable":true,"href":"https:\/\/www.aridane.org\/city\/wp-json\/wp\/v2\/users\/4"}],"replies":[{"embeddable":true,"href":"https:\/\/www.aridane.org\/city\/wp-json\/wp\/v2\/comments?post=3778"}],"version-history":[{"count":1,"href":"https:\/\/www.aridane.org\/city\/wp-json\/wp\/v2\/posts\/3778\/revisions"}],"predecessor-version":[{"id":3780,"href":"https:\/\/www.aridane.org\/city\/wp-json\/wp\/v2\/posts\/3778\/revisions\/3780"}],"wp:featuredmedia":[{"embeddable":true,"href":"https:\/\/www.aridane.org\/city\/wp-json\/wp\/v2\/media\/3779"}],"wp:attachment":[{"href":"https:\/\/www.aridane.org\/city\/wp-json\/wp\/v2\/media?parent=3778"}],"wp:term":[{"taxonomy":"category","embeddable":true,"href":"https:\/\/www.aridane.org\/city\/wp-json\/wp\/v2\/categories?post=3778"},{"taxonomy":"post_tag","embeddable":true,"href":"https:\/\/www.aridane.org\/city\/wp-json\/wp\/v2\/tags?post=3778"}],"curies":[{"name":"wp","href":"https:\/\/api.w.org\/{rel}","templated":true}]}}