{"id":3794,"date":"2024-06-05T14:24:40","date_gmt":"2024-06-05T14:24:40","guid":{"rendered":"https:\/\/www.aridane.org\/city\/?p=3794"},"modified":"2024-06-06T07:49:53","modified_gmt":"2024-06-06T07:49:53","slug":"la-recogida-de-enseres-voluminosos-facilita-las-labores-de-limpieza-a-las-familias-de-puerto-naos","status":"publish","type":"post","link":"https:\/\/www.aridane.org\/city\/2024\/06\/05\/la-recogida-de-enseres-voluminosos-facilita-las-labores-de-limpieza-a-las-familias-de-puerto-naos\/","title":{"rendered":"La recogida de enseres voluminosos facilita las labores de limpieza a las familias de Puerto Naos"},"content":{"rendered":"<p>El Ayuntamiento recoger\u00e1 el viernes, 7 de junio, metales y ceniza del volc\u00e1n para continuar con esta tarea<\/p>\n<p><!--more--><\/p>\n<p>El Ayuntamiento de Los Llanos de Aridane facilita las labores de limpieza a las familias que ya residen o se encuentran regresando a Puerto Naos gracias al servicio de recogida de enseres voluminosos que ha habilitado y que ya ha realizado un primer servicio para la recepci\u00f3n de madera, electrodom\u00e9sticos y otros residuos de gran tama\u00f1o.<\/p>\n<p>El alcalde Javier Llamas destaca el trabajo que se est\u00e1 haciendo para que las personas que ya se encuentran en Puerto Naos o est\u00e1n volviendo se sientan respaldadas por parte del Ayuntamiento en este tipo de tareas que son fundamentales para mantener el entorno en las mejoras condiciones.<\/p>\n<p>El concejal de Servicios Municipales, Rubens D\u00edaz, explica que esta medida se ha puesto en marcha para dar apoyo a las personas que est\u00e1n regresando a este n\u00facleo poblacional, ya que, tras encontrarse las viviendas vac\u00edas durante este periodo, hay algunos enseres de gran volumen que deben retirarse.<\/p>\n<p>\u201cDesde el Ayuntamiento debemos dar apoyo a la ciudadan\u00eda y facilitarles, en la medida de lo posible, las tareas de limpieza, as\u00ed como garantizar que estos desechos no son vertidos en el entorno de Puerto Naos sino que son gestionados de manera correcta\u201d, explica D\u00edaz.<\/p>\n<p>En la primera tanda de recogida que se ha realizado, el Consistorio ha recibido 30 metros c\u00fabicos de voluminosos, otros 30 de madera y 10 metros c\u00fabicos de electrodom\u00e9sticos.<\/p>\n<p>La pr\u00f3xima recogida se realizar\u00e1 el viernes, d\u00eda 7 de junio, y se har\u00e1 en relaci\u00f3n a metales y ceniza volc\u00e1nica.<\/p>\n<p>Desde el Ayuntamiento se recuerda que aquellas personas interesadas deben contactar con el servicio de recogida mediante el correo <u><a href=\"mailto:arealimpieza@outlook.com\">arealimpieza@outlook.com<\/a><\/u><\/p>\n","protected":false},"excerpt":{"rendered":"<p>El Ayuntamiento recoger\u00e1 el viernes, 7 de junio, metales y ceniza del volc\u00e1n para continuar con esta tarea<\/p>\n","protected":false},"author":4,"featured_media":3797,"comment_status":"open","ping_status":"open","sticky":false,"template":"","format":"standard","meta":{"footnotes":""},"categories":[1],"tags":[],"class_list":["post-3794","post","type-post","status-publish","format-standard","has-post-thumbnail","hentry","category-sin-categoria"],"yoast_head":"<!-- This site is optimized with the Yoast SEO plugin v22.7 - https:\/\/yoast.com\/wordpress\/plugins\/seo\/ -->\n<title>La recogida de enseres voluminosos facilita las labores de limpieza a las familias de Puerto Naos - Ayuntamiento de Los Llanos de Aridane<\/title>\n<meta name=\"robots\" content=\"index, follow, max-snippet:-1, max-image-preview:large, max-video-preview:-1\" \/>\n<link rel=\"canonical\" href=\"https:\/\/www.aridane.org\/city\/2024\/06\/05\/la-recogida-de-enseres-voluminosos-facilita-las-labores-de-limpieza-a-las-familias-de-puerto-naos\/\" \/>\n<meta property=\"og:locale\" content=\"es_ES\" \/>\n<meta property=\"og:type\" content=\"article\" \/>\n<meta property=\"og:title\" content=\"La recogida de enseres voluminosos facilita las labores de limpieza a las familias de Puerto Naos - Ayuntamiento de Los Llanos de Aridane\" \/>\n<meta property=\"og:description\" content=\"El Ayuntamiento recoger\u00e1 el viernes, 7 de junio, metales y ceniza del volc\u00e1n para continuar con esta tarea\" \/>\n<meta property=\"og:url\" content=\"https:\/\/www.aridane.org\/city\/2024\/06\/05\/la-recogida-de-enseres-voluminosos-facilita-las-labores-de-limpieza-a-las-familias-de-puerto-naos\/\" \/>\n<meta property=\"og:site_name\" content=\"Ayuntamiento de Los Llanos de Aridane\" \/>\n<meta property=\"article:published_time\" content=\"2024-06-05T14:24:40+00:00\" \/>\n<meta property=\"article:modified_time\" content=\"2024-06-06T07:49:53+00:00\" \/>\n<meta property=\"og:image\" content=\"https:\/\/www.aridane.org\/city\/wp-content\/uploads\/2024\/06\/WhatsApp-Image-2024-06-04-at-16.05.45-1.jpeg\" \/>\n\t<meta property=\"og:image:width\" content=\"1536\" \/>\n\t<meta property=\"og:image:height\" content=\"2048\" \/>\n\t<meta property=\"og:image:type\" content=\"image\/jpeg\" \/>\n<meta name=\"author\" content=\"Corresponsal\" \/>\n<meta name=\"twitter:card\" content=\"summary_large_image\" \/>\n<meta name=\"twitter:label1\" content=\"Escrito por\" \/>\n\t<meta name=\"twitter:data1\" content=\"Corresponsal\" \/>\n\t<meta name=\"twitter:label2\" content=\"Tiempo de lectura\" \/>\n\t<meta name=\"twitter:data2\" content=\"2 minutos\" \/>\n<script type=\"application\/ld+json\" class=\"yoast-schema-graph\">{\"@context\":\"https:\/\/schema.org\",\"@graph\":[{\"@type\":\"WebPage\",\"@id\":\"https:\/\/www.aridane.org\/city\/2024\/06\/05\/la-recogida-de-enseres-voluminosos-facilita-las-labores-de-limpieza-a-las-familias-de-puerto-naos\/\",\"url\":\"https:\/\/www.aridane.org\/city\/2024\/06\/05\/la-recogida-de-enseres-voluminosos-facilita-las-labores-de-limpieza-a-las-familias-de-puerto-naos\/\",\"name\":\"La recogida de enseres voluminosos facilita las labores de limpieza a las familias de Puerto Naos - Ayuntamiento de Los Llanos de Aridane\",\"isPartOf\":{\"@id\":\"https:\/\/www.aridane.org\/city\/#website\"},\"primaryImageOfPage\":{\"@id\":\"https:\/\/www.aridane.org\/city\/2024\/06\/05\/la-recogida-de-enseres-voluminosos-facilita-las-labores-de-limpieza-a-las-familias-de-puerto-naos\/#primaryimage\"},\"image\":{\"@id\":\"https:\/\/www.aridane.org\/city\/2024\/06\/05\/la-recogida-de-enseres-voluminosos-facilita-las-labores-de-limpieza-a-las-familias-de-puerto-naos\/#primaryimage\"},\"thumbnailUrl\":\"https:\/\/www.aridane.org\/city\/wp-content\/uploads\/2024\/06\/WhatsApp-Image-2024-06-04-at-16.05.45-1.jpeg\",\"datePublished\":\"2024-06-05T14:24:40+00:00\",\"dateModified\":\"2024-06-06T07:49:53+00:00\",\"author\":{\"@id\":\"https:\/\/www.aridane.org\/city\/#\/schema\/person\/89ebd376b223dc94cc1dbcf200c8e6da\"},\"breadcrumb\":{\"@id\":\"https:\/\/www.aridane.org\/city\/2024\/06\/05\/la-recogida-de-enseres-voluminosos-facilita-las-labores-de-limpieza-a-las-familias-de-puerto-naos\/#breadcrumb\"},\"inLanguage\":\"es\",\"potentialAction\":[{\"@type\":\"ReadAction\",\"target\":[\"https:\/\/www.aridane.org\/city\/2024\/06\/05\/la-recogida-de-enseres-voluminosos-facilita-las-labores-de-limpieza-a-las-familias-de-puerto-naos\/\"]}]},{\"@type\":\"ImageObject\",\"inLanguage\":\"es\",\"@id\":\"https:\/\/www.aridane.org\/city\/2024\/06\/05\/la-recogida-de-enseres-voluminosos-facilita-las-labores-de-limpieza-a-las-familias-de-puerto-naos\/#primaryimage\",\"url\":\"https:\/\/www.aridane.org\/city\/wp-content\/uploads\/2024\/06\/WhatsApp-Image-2024-06-04-at-16.05.45-1.jpeg\",\"contentUrl\":\"https:\/\/www.aridane.org\/city\/wp-content\/uploads\/2024\/06\/WhatsApp-Image-2024-06-04-at-16.05.45-1.jpeg\",\"width\":1536,\"height\":2048},{\"@type\":\"BreadcrumbList\",\"@id\":\"https:\/\/www.aridane.org\/city\/2024\/06\/05\/la-recogida-de-enseres-voluminosos-facilita-las-labores-de-limpieza-a-las-familias-de-puerto-naos\/#breadcrumb\",\"itemListElement\":[{\"@type\":\"ListItem\",\"position\":1,\"name\":\"Portada\",\"item\":\"https:\/\/www.aridane.org\/city\/\"},{\"@type\":\"ListItem\",\"position\":2,\"name\":\"La recogida de enseres voluminosos facilita las labores de limpieza a las familias de Puerto Naos\"}]},{\"@type\":\"WebSite\",\"@id\":\"https:\/\/www.aridane.org\/city\/#website\",\"url\":\"https:\/\/www.aridane.org\/city\/\",\"name\":\"Ayuntamiento de Los Llanos de Aridane\",\"description\":\"\",\"potentialAction\":[{\"@type\":\"SearchAction\",\"target\":{\"@type\":\"EntryPoint\",\"urlTemplate\":\"https:\/\/www.aridane.org\/city\/?s={search_term_string}\"},\"query-input\":\"required name=search_term_string\"}],\"inLanguage\":\"es\"},{\"@type\":\"Person\",\"@id\":\"https:\/\/www.aridane.org\/city\/#\/schema\/person\/89ebd376b223dc94cc1dbcf200c8e6da\",\"name\":\"Corresponsal\",\"image\":{\"@type\":\"ImageObject\",\"inLanguage\":\"es\",\"@id\":\"https:\/\/www.aridane.org\/city\/#\/schema\/person\/image\/\",\"url\":\"https:\/\/secure.gravatar.com\/avatar\/1c476992411e4ccf153da63b2b2f5ea0bb4cb1c85f3ceab8512f04325ad5579c?s=96&d=mm&r=g\",\"contentUrl\":\"https:\/\/secure.gravatar.com\/avatar\/1c476992411e4ccf153da63b2b2f5ea0bb4cb1c85f3ceab8512f04325ad5579c?s=96&d=mm&r=g\",\"caption\":\"Corresponsal\"},\"url\":\"https:\/\/www.aridane.org\/city\/author\/corresponsal\/\"}]}<\/script>\n<!-- \/ Yoast SEO plugin. -->","yoast_head_json":{"title":"La recogida de enseres voluminosos facilita las labores de limpieza a las familias de Puerto Naos - Ayuntamiento de Los Llanos de Aridane","robots":{"index":"index","follow":"follow","max-snippet":"max-snippet:-1","max-image-preview":"max-image-preview:large","max-video-preview":"max-video-preview:-1"},"canonical":"https:\/\/www.aridane.org\/city\/2024\/06\/05\/la-recogida-de-enseres-voluminosos-facilita-las-labores-de-limpieza-a-las-familias-de-puerto-naos\/","og_locale":"es_ES","og_type":"article","og_title":"La recogida de enseres voluminosos facilita las labores de limpieza a las familias de Puerto Naos - Ayuntamiento de Los Llanos de Aridane","og_description":"El Ayuntamiento recoger\u00e1 el viernes, 7 de junio, metales y ceniza del volc\u00e1n para continuar con esta tarea","og_url":"https:\/\/www.aridane.org\/city\/2024\/06\/05\/la-recogida-de-enseres-voluminosos-facilita-las-labores-de-limpieza-a-las-familias-de-puerto-naos\/","og_site_name":"Ayuntamiento de Los Llanos de Aridane","article_published_time":"2024-06-05T14:24:40+00:00","article_modified_time":"2024-06-06T07:49:53+00:00","og_image":[{"width":1536,"height":2048,"url":"https:\/\/www.aridane.org\/city\/wp-content\/uploads\/2024\/06\/WhatsApp-Image-2024-06-04-at-16.05.45-1.jpeg","type":"image\/jpeg"}],"author":"Corresponsal","twitter_card":"summary_large_image","twitter_misc":{"Escrito por":"Corresponsal","Tiempo de lectura":"2 minutos"},"schema":{"@context":"https:\/\/schema.org","@graph":[{"@type":"WebPage","@id":"https:\/\/www.aridane.org\/city\/2024\/06\/05\/la-recogida-de-enseres-voluminosos-facilita-las-labores-de-limpieza-a-las-familias-de-puerto-naos\/","url":"https:\/\/www.aridane.org\/city\/2024\/06\/05\/la-recogida-de-enseres-voluminosos-facilita-las-labores-de-limpieza-a-las-familias-de-puerto-naos\/","name":"La recogida de enseres voluminosos facilita las labores de limpieza a las familias de Puerto Naos - Ayuntamiento de Los Llanos de Aridane","isPartOf":{"@id":"https:\/\/www.aridane.org\/city\/#website"},"primaryImageOfPage":{"@id":"https:\/\/www.aridane.org\/city\/2024\/06\/05\/la-recogida-de-enseres-voluminosos-facilita-las-labores-de-limpieza-a-las-familias-de-puerto-naos\/#primaryimage"},"image":{"@id":"https:\/\/www.aridane.org\/city\/2024\/06\/05\/la-recogida-de-enseres-voluminosos-facilita-las-labores-de-limpieza-a-las-familias-de-puerto-naos\/#primaryimage"},"thumbnailUrl":"https:\/\/www.aridane.org\/city\/wp-content\/uploads\/2024\/06\/WhatsApp-Image-2024-06-04-at-16.05.45-1.jpeg","datePublished":"2024-06-05T14:24:40+00:00","dateModified":"2024-06-06T07:49:53+00:00","author":{"@id":"https:\/\/www.aridane.org\/city\/#\/schema\/person\/89ebd376b223dc94cc1dbcf200c8e6da"},"breadcrumb":{"@id":"https:\/\/www.aridane.org\/city\/2024\/06\/05\/la-recogida-de-enseres-voluminosos-facilita-las-labores-de-limpieza-a-las-familias-de-puerto-naos\/#breadcrumb"},"inLanguage":"es","potentialAction":[{"@type":"ReadAction","target":["https:\/\/www.aridane.org\/city\/2024\/06\/05\/la-recogida-de-enseres-voluminosos-facilita-las-labores-de-limpieza-a-las-familias-de-puerto-naos\/"]}]},{"@type":"ImageObject","inLanguage":"es","@id":"https:\/\/www.aridane.org\/city\/2024\/06\/05\/la-recogida-de-enseres-voluminosos-facilita-las-labores-de-limpieza-a-las-familias-de-puerto-naos\/#primaryimage","url":"https:\/\/www.aridane.org\/city\/wp-content\/uploads\/2024\/06\/WhatsApp-Image-2024-06-04-at-16.05.45-1.jpeg","contentUrl":"https:\/\/www.aridane.org\/city\/wp-content\/uploads\/2024\/06\/WhatsApp-Image-2024-06-04-at-16.05.45-1.jpeg","width":1536,"height":2048},{"@type":"BreadcrumbList","@id":"https:\/\/www.aridane.org\/city\/2024\/06\/05\/la-recogida-de-enseres-voluminosos-facilita-las-labores-de-limpieza-a-las-familias-de-puerto-naos\/#breadcrumb","itemListElement":[{"@type":"ListItem","position":1,"name":"Portada","item":"https:\/\/www.aridane.org\/city\/"},{"@type":"ListItem","position":2,"name":"La recogida de enseres voluminosos facilita las labores de limpieza a las familias de Puerto Naos"}]},{"@type":"WebSite","@id":"https:\/\/www.aridane.org\/city\/#website","url":"https:\/\/www.aridane.org\/city\/","name":"Ayuntamiento de Los Llanos de Aridane","description":"","potentialAction":[{"@type":"SearchAction","target":{"@type":"EntryPoint","urlTemplate":"https:\/\/www.aridane.org\/city\/?s={search_term_string}"},"query-input":"required name=search_term_string"}],"inLanguage":"es"},{"@type":"Person","@id":"https:\/\/www.aridane.org\/city\/#\/schema\/person\/89ebd376b223dc94cc1dbcf200c8e6da","name":"Corresponsal","image":{"@type":"ImageObject","inLanguage":"es","@id":"https:\/\/www.aridane.org\/city\/#\/schema\/person\/image\/","url":"https:\/\/secure.gravatar.com\/avatar\/1c476992411e4ccf153da63b2b2f5ea0bb4cb1c85f3ceab8512f04325ad5579c?s=96&d=mm&r=g","contentUrl":"https:\/\/secure.gravatar.com\/avatar\/1c476992411e4ccf153da63b2b2f5ea0bb4cb1c85f3ceab8512f04325ad5579c?s=96&d=mm&r=g","caption":"Corresponsal"},"url":"https:\/\/www.aridane.org\/city\/author\/corresponsal\/"}]}},"_links":{"self":[{"href":"https:\/\/www.aridane.org\/city\/wp-json\/wp\/v2\/posts\/3794","targetHints":{"allow":["GET"]}}],"collection":[{"href":"https:\/\/www.aridane.org\/city\/wp-json\/wp\/v2\/posts"}],"about":[{"href":"https:\/\/www.aridane.org\/city\/wp-json\/wp\/v2\/types\/post"}],"author":[{"embeddable":true,"href":"https:\/\/www.aridane.org\/city\/wp-json\/wp\/v2\/users\/4"}],"replies":[{"embeddable":true,"href":"https:\/\/www.aridane.org\/city\/wp-json\/wp\/v2\/comments?post=3794"}],"version-history":[{"count":1,"href":"https:\/\/www.aridane.org\/city\/wp-json\/wp\/v2\/posts\/3794\/revisions"}],"predecessor-version":[{"id":3796,"href":"https:\/\/www.aridane.org\/city\/wp-json\/wp\/v2\/posts\/3794\/revisions\/3796"}],"wp:featuredmedia":[{"embeddable":true,"href":"https:\/\/www.aridane.org\/city\/wp-json\/wp\/v2\/media\/3797"}],"wp:attachment":[{"href":"https:\/\/www.aridane.org\/city\/wp-json\/wp\/v2\/media?parent=3794"}],"wp:term":[{"taxonomy":"category","embeddable":true,"href":"https:\/\/www.aridane.org\/city\/wp-json\/wp\/v2\/categories?post=3794"},{"taxonomy":"post_tag","embeddable":true,"href":"https:\/\/www.aridane.org\/city\/wp-json\/wp\/v2\/tags?post=3794"}],"curies":[{"name":"wp","href":"https:\/\/api.w.org\/{rel}","templated":true}]}}