{"id":3802,"date":"2024-06-08T09:14:27","date_gmt":"2024-06-08T09:14:27","guid":{"rendered":"https:\/\/www.aridane.org\/city\/?p=3802"},"modified":"2024-06-14T09:11:45","modified_gmt":"2024-06-14T09:11:45","slug":"noa-leon-perez-se-proclama-reina-de-las-fiestas-de-la-patrona-2024","status":"publish","type":"post","link":"https:\/\/www.aridane.org\/city\/2024\/06\/08\/noa-leon-perez-se-proclama-reina-de-las-fiestas-de-la-patrona-2024\/","title":{"rendered":"Noa Le\u00f3n P\u00e9rez se proclama reina de las fiestas de La Patrona 2024"},"content":{"rendered":"<p>El alcalde y el concejal de Fiestas felicitan a las candidatas y agradecen la participaci\u00f3n de las nueve j\u00f3venes que se han presentado al certamen<\/p>\n<p><!--more--><br \/>\nLa j\u00f3ven Noa Le\u00f3n P\u00e9rez ha sido merecedora por el jurado de la Gala de La Elecci\u00f3n de la Reina de La Patrona 2024 como ganadora en una cita celebrada este s\u00e1bado en la Plaza de Espa\u00f1a del municipio. Adem\u00e1s, fue elegida por sus compa\u00f1eras como la mejor amiga la candidata Luc\u00eda G\u00f3mez S\u00e1nchez.<\/p>\n<p>Ser\u00e1 hoy, a partir de las 22:00 horas, cuando sea coronada en el tradicional acto que se celebra desde la balconada del consistorio seguido de un concierto de Vocal 7.<\/p>\n<p>El alcalde Javier Llamas y el concejal de Fiestas, \u00c1lvaro Pages, han felicitado a la nueva reina de la festividad y han agradecido la implicaci\u00f3n de las otras ocho candidatas que se han presentado al certamen.<\/p>\n<p>La reina de La Patrona 2024 la present\u00f3 el dise\u00f1ador Jordy Melian.<\/p>\n<p>Los actos de las fiestas continuar\u00e1n con diversos eventos, dirigidos a p\u00fablico de todas las edades, entre los que destacan la pr\u00f3xima Gala del Deporte, el pr\u00f3ximo viernes, 14 de junio; la Feria Agr\u00edcola y Artesana, el 20 de junio; la Feria Insular de Ganado y la tradicional romer\u00eda, el s\u00e1bado 22 de junio, as\u00ed como varios reconocimientos, entre otras acciones culturales, musicales, l\u00fadicas y deportivas y actividades infantiles que se desarrollar\u00e1n hasta el pr\u00f3ximo 9 de julio.<\/p>\n<p>Link video de la gala:<\/p>\n<p><a href=\"https:\/\/www.facebook.com\/share\/v\/ztXY61X5ZccPtYRG\/\">https:\/\/www.facebook.com\/share\/v\/ztXY61X5ZccPtYRG\/<\/a><\/p>\n<p>&nbsp;<\/p>\n<p>&nbsp;<\/p>\n","protected":false},"excerpt":{"rendered":"<p>El alcalde y el concejal de Fiestas felicitan a las candidatas y agradecen la participaci\u00f3n de las nueve j\u00f3venes que se han presentado al certamen<\/p>\n","protected":false},"author":4,"featured_media":3803,"comment_status":"open","ping_status":"open","sticky":false,"template":"","format":"standard","meta":{"footnotes":""},"categories":[1],"tags":[],"class_list":["post-3802","post","type-post","status-publish","format-standard","has-post-thumbnail","hentry","category-sin-categoria"],"yoast_head":"<!-- This site is optimized with the Yoast SEO plugin v22.7 - https:\/\/yoast.com\/wordpress\/plugins\/seo\/ -->\n<title>Noa Le\u00f3n P\u00e9rez se proclama reina de las fiestas de La Patrona 2024 - Ayuntamiento de Los Llanos de Aridane<\/title>\n<meta name=\"robots\" content=\"index, follow, max-snippet:-1, max-image-preview:large, max-video-preview:-1\" \/>\n<link rel=\"canonical\" href=\"https:\/\/www.aridane.org\/city\/2024\/06\/08\/noa-leon-perez-se-proclama-reina-de-las-fiestas-de-la-patrona-2024\/\" \/>\n<meta property=\"og:locale\" content=\"es_ES\" \/>\n<meta property=\"og:type\" content=\"article\" \/>\n<meta property=\"og:title\" content=\"Noa Le\u00f3n P\u00e9rez se proclama reina de las fiestas de La Patrona 2024 - Ayuntamiento de Los Llanos de Aridane\" \/>\n<meta property=\"og:description\" content=\"El alcalde y el concejal de Fiestas felicitan a las candidatas y agradecen la participaci\u00f3n de las nueve j\u00f3venes que se han presentado al certamen\" \/>\n<meta property=\"og:url\" content=\"https:\/\/www.aridane.org\/city\/2024\/06\/08\/noa-leon-perez-se-proclama-reina-de-las-fiestas-de-la-patrona-2024\/\" \/>\n<meta property=\"og:site_name\" content=\"Ayuntamiento de Los Llanos de Aridane\" \/>\n<meta property=\"article:published_time\" content=\"2024-06-08T09:14:27+00:00\" \/>\n<meta property=\"article:modified_time\" content=\"2024-06-14T09:11:45+00:00\" \/>\n<meta property=\"og:image\" content=\"https:\/\/www.aridane.org\/city\/wp-content\/uploads\/2024\/06\/Reina-La-Patrona-2024-2.jpeg\" \/>\n\t<meta property=\"og:image:width\" content=\"1600\" \/>\n\t<meta property=\"og:image:height\" content=\"1066\" \/>\n\t<meta property=\"og:image:type\" content=\"image\/jpeg\" \/>\n<meta name=\"author\" content=\"Corresponsal\" \/>\n<meta name=\"twitter:card\" content=\"summary_large_image\" \/>\n<meta name=\"twitter:label1\" content=\"Escrito por\" \/>\n\t<meta name=\"twitter:data1\" content=\"Corresponsal\" \/>\n\t<meta name=\"twitter:label2\" content=\"Tiempo de lectura\" \/>\n\t<meta name=\"twitter:data2\" content=\"2 minutos\" \/>\n<script type=\"application\/ld+json\" class=\"yoast-schema-graph\">{\"@context\":\"https:\/\/schema.org\",\"@graph\":[{\"@type\":\"WebPage\",\"@id\":\"https:\/\/www.aridane.org\/city\/2024\/06\/08\/noa-leon-perez-se-proclama-reina-de-las-fiestas-de-la-patrona-2024\/\",\"url\":\"https:\/\/www.aridane.org\/city\/2024\/06\/08\/noa-leon-perez-se-proclama-reina-de-las-fiestas-de-la-patrona-2024\/\",\"name\":\"Noa Le\u00f3n P\u00e9rez se proclama reina de las fiestas de La Patrona 2024 - Ayuntamiento de Los Llanos de Aridane\",\"isPartOf\":{\"@id\":\"https:\/\/www.aridane.org\/city\/#website\"},\"primaryImageOfPage\":{\"@id\":\"https:\/\/www.aridane.org\/city\/2024\/06\/08\/noa-leon-perez-se-proclama-reina-de-las-fiestas-de-la-patrona-2024\/#primaryimage\"},\"image\":{\"@id\":\"https:\/\/www.aridane.org\/city\/2024\/06\/08\/noa-leon-perez-se-proclama-reina-de-las-fiestas-de-la-patrona-2024\/#primaryimage\"},\"thumbnailUrl\":\"https:\/\/www.aridane.org\/city\/wp-content\/uploads\/2024\/06\/Reina-La-Patrona-2024-2.jpeg\",\"datePublished\":\"2024-06-08T09:14:27+00:00\",\"dateModified\":\"2024-06-14T09:11:45+00:00\",\"author\":{\"@id\":\"https:\/\/www.aridane.org\/city\/#\/schema\/person\/89ebd376b223dc94cc1dbcf200c8e6da\"},\"breadcrumb\":{\"@id\":\"https:\/\/www.aridane.org\/city\/2024\/06\/08\/noa-leon-perez-se-proclama-reina-de-las-fiestas-de-la-patrona-2024\/#breadcrumb\"},\"inLanguage\":\"es\",\"potentialAction\":[{\"@type\":\"ReadAction\",\"target\":[\"https:\/\/www.aridane.org\/city\/2024\/06\/08\/noa-leon-perez-se-proclama-reina-de-las-fiestas-de-la-patrona-2024\/\"]}]},{\"@type\":\"ImageObject\",\"inLanguage\":\"es\",\"@id\":\"https:\/\/www.aridane.org\/city\/2024\/06\/08\/noa-leon-perez-se-proclama-reina-de-las-fiestas-de-la-patrona-2024\/#primaryimage\",\"url\":\"https:\/\/www.aridane.org\/city\/wp-content\/uploads\/2024\/06\/Reina-La-Patrona-2024-2.jpeg\",\"contentUrl\":\"https:\/\/www.aridane.org\/city\/wp-content\/uploads\/2024\/06\/Reina-La-Patrona-2024-2.jpeg\",\"width\":1600,\"height\":1066},{\"@type\":\"BreadcrumbList\",\"@id\":\"https:\/\/www.aridane.org\/city\/2024\/06\/08\/noa-leon-perez-se-proclama-reina-de-las-fiestas-de-la-patrona-2024\/#breadcrumb\",\"itemListElement\":[{\"@type\":\"ListItem\",\"position\":1,\"name\":\"Portada\",\"item\":\"https:\/\/www.aridane.org\/city\/\"},{\"@type\":\"ListItem\",\"position\":2,\"name\":\"Noa Le\u00f3n P\u00e9rez se proclama reina de las fiestas de La Patrona 2024\"}]},{\"@type\":\"WebSite\",\"@id\":\"https:\/\/www.aridane.org\/city\/#website\",\"url\":\"https:\/\/www.aridane.org\/city\/\",\"name\":\"Ayuntamiento de Los Llanos de Aridane\",\"description\":\"\",\"potentialAction\":[{\"@type\":\"SearchAction\",\"target\":{\"@type\":\"EntryPoint\",\"urlTemplate\":\"https:\/\/www.aridane.org\/city\/?s={search_term_string}\"},\"query-input\":\"required name=search_term_string\"}],\"inLanguage\":\"es\"},{\"@type\":\"Person\",\"@id\":\"https:\/\/www.aridane.org\/city\/#\/schema\/person\/89ebd376b223dc94cc1dbcf200c8e6da\",\"name\":\"Corresponsal\",\"image\":{\"@type\":\"ImageObject\",\"inLanguage\":\"es\",\"@id\":\"https:\/\/www.aridane.org\/city\/#\/schema\/person\/image\/\",\"url\":\"https:\/\/secure.gravatar.com\/avatar\/1c476992411e4ccf153da63b2b2f5ea0bb4cb1c85f3ceab8512f04325ad5579c?s=96&d=mm&r=g\",\"contentUrl\":\"https:\/\/secure.gravatar.com\/avatar\/1c476992411e4ccf153da63b2b2f5ea0bb4cb1c85f3ceab8512f04325ad5579c?s=96&d=mm&r=g\",\"caption\":\"Corresponsal\"},\"url\":\"https:\/\/www.aridane.org\/city\/author\/corresponsal\/\"}]}<\/script>\n<!-- \/ Yoast SEO plugin. -->","yoast_head_json":{"title":"Noa Le\u00f3n P\u00e9rez se proclama reina de las fiestas de La Patrona 2024 - Ayuntamiento de Los Llanos de Aridane","robots":{"index":"index","follow":"follow","max-snippet":"max-snippet:-1","max-image-preview":"max-image-preview:large","max-video-preview":"max-video-preview:-1"},"canonical":"https:\/\/www.aridane.org\/city\/2024\/06\/08\/noa-leon-perez-se-proclama-reina-de-las-fiestas-de-la-patrona-2024\/","og_locale":"es_ES","og_type":"article","og_title":"Noa Le\u00f3n P\u00e9rez se proclama reina de las fiestas de La Patrona 2024 - Ayuntamiento de Los Llanos de Aridane","og_description":"El alcalde y el concejal de Fiestas felicitan a las candidatas y agradecen la participaci\u00f3n de las nueve j\u00f3venes que se han presentado al certamen","og_url":"https:\/\/www.aridane.org\/city\/2024\/06\/08\/noa-leon-perez-se-proclama-reina-de-las-fiestas-de-la-patrona-2024\/","og_site_name":"Ayuntamiento de Los Llanos de Aridane","article_published_time":"2024-06-08T09:14:27+00:00","article_modified_time":"2024-06-14T09:11:45+00:00","og_image":[{"width":1600,"height":1066,"url":"https:\/\/www.aridane.org\/city\/wp-content\/uploads\/2024\/06\/Reina-La-Patrona-2024-2.jpeg","type":"image\/jpeg"}],"author":"Corresponsal","twitter_card":"summary_large_image","twitter_misc":{"Escrito por":"Corresponsal","Tiempo de lectura":"2 minutos"},"schema":{"@context":"https:\/\/schema.org","@graph":[{"@type":"WebPage","@id":"https:\/\/www.aridane.org\/city\/2024\/06\/08\/noa-leon-perez-se-proclama-reina-de-las-fiestas-de-la-patrona-2024\/","url":"https:\/\/www.aridane.org\/city\/2024\/06\/08\/noa-leon-perez-se-proclama-reina-de-las-fiestas-de-la-patrona-2024\/","name":"Noa Le\u00f3n P\u00e9rez se proclama reina de las fiestas de La Patrona 2024 - Ayuntamiento de Los Llanos de Aridane","isPartOf":{"@id":"https:\/\/www.aridane.org\/city\/#website"},"primaryImageOfPage":{"@id":"https:\/\/www.aridane.org\/city\/2024\/06\/08\/noa-leon-perez-se-proclama-reina-de-las-fiestas-de-la-patrona-2024\/#primaryimage"},"image":{"@id":"https:\/\/www.aridane.org\/city\/2024\/06\/08\/noa-leon-perez-se-proclama-reina-de-las-fiestas-de-la-patrona-2024\/#primaryimage"},"thumbnailUrl":"https:\/\/www.aridane.org\/city\/wp-content\/uploads\/2024\/06\/Reina-La-Patrona-2024-2.jpeg","datePublished":"2024-06-08T09:14:27+00:00","dateModified":"2024-06-14T09:11:45+00:00","author":{"@id":"https:\/\/www.aridane.org\/city\/#\/schema\/person\/89ebd376b223dc94cc1dbcf200c8e6da"},"breadcrumb":{"@id":"https:\/\/www.aridane.org\/city\/2024\/06\/08\/noa-leon-perez-se-proclama-reina-de-las-fiestas-de-la-patrona-2024\/#breadcrumb"},"inLanguage":"es","potentialAction":[{"@type":"ReadAction","target":["https:\/\/www.aridane.org\/city\/2024\/06\/08\/noa-leon-perez-se-proclama-reina-de-las-fiestas-de-la-patrona-2024\/"]}]},{"@type":"ImageObject","inLanguage":"es","@id":"https:\/\/www.aridane.org\/city\/2024\/06\/08\/noa-leon-perez-se-proclama-reina-de-las-fiestas-de-la-patrona-2024\/#primaryimage","url":"https:\/\/www.aridane.org\/city\/wp-content\/uploads\/2024\/06\/Reina-La-Patrona-2024-2.jpeg","contentUrl":"https:\/\/www.aridane.org\/city\/wp-content\/uploads\/2024\/06\/Reina-La-Patrona-2024-2.jpeg","width":1600,"height":1066},{"@type":"BreadcrumbList","@id":"https:\/\/www.aridane.org\/city\/2024\/06\/08\/noa-leon-perez-se-proclama-reina-de-las-fiestas-de-la-patrona-2024\/#breadcrumb","itemListElement":[{"@type":"ListItem","position":1,"name":"Portada","item":"https:\/\/www.aridane.org\/city\/"},{"@type":"ListItem","position":2,"name":"Noa Le\u00f3n P\u00e9rez se proclama reina de las fiestas de La Patrona 2024"}]},{"@type":"WebSite","@id":"https:\/\/www.aridane.org\/city\/#website","url":"https:\/\/www.aridane.org\/city\/","name":"Ayuntamiento de Los Llanos de Aridane","description":"","potentialAction":[{"@type":"SearchAction","target":{"@type":"EntryPoint","urlTemplate":"https:\/\/www.aridane.org\/city\/?s={search_term_string}"},"query-input":"required name=search_term_string"}],"inLanguage":"es"},{"@type":"Person","@id":"https:\/\/www.aridane.org\/city\/#\/schema\/person\/89ebd376b223dc94cc1dbcf200c8e6da","name":"Corresponsal","image":{"@type":"ImageObject","inLanguage":"es","@id":"https:\/\/www.aridane.org\/city\/#\/schema\/person\/image\/","url":"https:\/\/secure.gravatar.com\/avatar\/1c476992411e4ccf153da63b2b2f5ea0bb4cb1c85f3ceab8512f04325ad5579c?s=96&d=mm&r=g","contentUrl":"https:\/\/secure.gravatar.com\/avatar\/1c476992411e4ccf153da63b2b2f5ea0bb4cb1c85f3ceab8512f04325ad5579c?s=96&d=mm&r=g","caption":"Corresponsal"},"url":"https:\/\/www.aridane.org\/city\/author\/corresponsal\/"}]}},"_links":{"self":[{"href":"https:\/\/www.aridane.org\/city\/wp-json\/wp\/v2\/posts\/3802","targetHints":{"allow":["GET"]}}],"collection":[{"href":"https:\/\/www.aridane.org\/city\/wp-json\/wp\/v2\/posts"}],"about":[{"href":"https:\/\/www.aridane.org\/city\/wp-json\/wp\/v2\/types\/post"}],"author":[{"embeddable":true,"href":"https:\/\/www.aridane.org\/city\/wp-json\/wp\/v2\/users\/4"}],"replies":[{"embeddable":true,"href":"https:\/\/www.aridane.org\/city\/wp-json\/wp\/v2\/comments?post=3802"}],"version-history":[{"count":5,"href":"https:\/\/www.aridane.org\/city\/wp-json\/wp\/v2\/posts\/3802\/revisions"}],"predecessor-version":[{"id":3820,"href":"https:\/\/www.aridane.org\/city\/wp-json\/wp\/v2\/posts\/3802\/revisions\/3820"}],"wp:featuredmedia":[{"embeddable":true,"href":"https:\/\/www.aridane.org\/city\/wp-json\/wp\/v2\/media\/3803"}],"wp:attachment":[{"href":"https:\/\/www.aridane.org\/city\/wp-json\/wp\/v2\/media?parent=3802"}],"wp:term":[{"taxonomy":"category","embeddable":true,"href":"https:\/\/www.aridane.org\/city\/wp-json\/wp\/v2\/categories?post=3802"},{"taxonomy":"post_tag","embeddable":true,"href":"https:\/\/www.aridane.org\/city\/wp-json\/wp\/v2\/tags?post=3802"}],"curies":[{"name":"wp","href":"https:\/\/api.w.org\/{rel}","templated":true}]}}