{"id":3891,"date":"2024-07-02T12:53:56","date_gmt":"2024-07-02T12:53:56","guid":{"rendered":"https:\/\/www.aridane.org\/city\/?p=3891"},"modified":"2024-07-04T12:55:59","modified_gmt":"2024-07-04T12:55:59","slug":"250-ninos-y-ninas-ya-disfrutan-del-campus-de-verano-de-los-llanos-de-aridane","status":"publish","type":"post","link":"https:\/\/www.aridane.org\/city\/2024\/07\/02\/250-ninos-y-ninas-ya-disfrutan-del-campus-de-verano-de-los-llanos-de-aridane\/","title":{"rendered":"250 ni\u00f1os y ni\u00f1as ya disfrutan del campus de verano de Los Llanos de Aridane"},"content":{"rendered":"<p><em>El campus se desarrollar\u00e1 los meses de julio y agosto en las instalaciones deportivas del municipio<\/em><br \/>\n<!--more--><\/p>\n<div id=\"v1forwardbody1\">\n<p>El Ayuntamiento de Los Llanos inicia su campus de verano. La XIII edici\u00f3n del Campus Los Llanos se Mueve comenz\u00f3 este lunes, 1 de julio, con 250 ni\u00f1os y ni\u00f1as de entre tres y 12 a\u00f1os. El campus se desarrollar\u00e1 hasta el 30 de agosto de lunes a viernes de 9:00 a 14:00 horas.<\/p>\n<p>El concejal de Deportes, V\u00edctor Gonz\u00e1lez, asegura que esta iniciativa permite generar espacios de convivencia para los m\u00e1s peque\u00f1os, al tiempo que supone un respiro para esas familias que trabajan durante el verano.<\/p>\n<p>\u201cMediante el deporte, las manualidades y las din\u00e1micas de educaci\u00f3n que se emplean en el campus, permitimos que las ni\u00f1as y los ni\u00f1os disfruten en verano de actividades de ocio, educaci\u00f3n y de concienciaci\u00f3n ambiental\u201d, apunta.<\/p>\n<p>El alcalde Javier Llamas resalta la importancia de este tipo de actividades para el desarrollo de los m\u00e1s peque\u00f1os. \u201cLos campus de verano son muy importantes para la infancia y la adolescencia. La prueba es que los adultos recordamos con nostalgia convivencias de este tipo, donde los juegos, la diversi\u00f3n, el trabajo en equipo y la amistad de esos d\u00edas quedan marcados para siempre\u201d, a\u00f1ade.<\/p>\n<p>El Campus Los Llanos se Mueve agot\u00f3 sus 250 plazas los meses de julio y agosto. Un nuevo \u00e9xito de participaci\u00f3n que ratifica la importancia de esta iniciativa para las familias del municipio.<\/p>\n<p>Esta edici\u00f3n contar\u00e1 con una amplia oferta de actividades l\u00fadicas, talleres formativos y educativos, deportes aut\u00f3ctonos y alternativos, nataci\u00f3n, deportes de raquetas, expresi\u00f3n corporal, excursiones, entre otras.<\/p>\n<\/div>\n","protected":false},"excerpt":{"rendered":"<p>El campus se desarrollar\u00e1 los meses de julio y agosto en las instalaciones deportivas del municipio<\/p>\n","protected":false},"author":4,"featured_media":3893,"comment_status":"open","ping_status":"open","sticky":false,"template":"","format":"standard","meta":{"footnotes":""},"categories":[1],"tags":[],"class_list":["post-3891","post","type-post","status-publish","format-standard","has-post-thumbnail","hentry","category-sin-categoria"],"yoast_head":"<!-- This site is optimized with the Yoast SEO plugin v22.7 - https:\/\/yoast.com\/wordpress\/plugins\/seo\/ -->\n<title>250 ni\u00f1os y ni\u00f1as ya disfrutan del campus de verano de Los Llanos de Aridane - Ayuntamiento de Los Llanos de Aridane<\/title>\n<meta name=\"robots\" content=\"index, follow, max-snippet:-1, max-image-preview:large, max-video-preview:-1\" \/>\n<link rel=\"canonical\" href=\"https:\/\/www.aridane.org\/city\/2024\/07\/02\/250-ninos-y-ninas-ya-disfrutan-del-campus-de-verano-de-los-llanos-de-aridane\/\" \/>\n<meta property=\"og:locale\" content=\"es_ES\" \/>\n<meta property=\"og:type\" content=\"article\" \/>\n<meta property=\"og:title\" content=\"250 ni\u00f1os y ni\u00f1as ya disfrutan del campus de verano de Los Llanos de Aridane - Ayuntamiento de Los Llanos de Aridane\" \/>\n<meta property=\"og:description\" content=\"El campus se desarrollar\u00e1 los meses de julio y agosto en las instalaciones deportivas del municipio\" \/>\n<meta property=\"og:url\" content=\"https:\/\/www.aridane.org\/city\/2024\/07\/02\/250-ninos-y-ninas-ya-disfrutan-del-campus-de-verano-de-los-llanos-de-aridane\/\" \/>\n<meta property=\"og:site_name\" content=\"Ayuntamiento de Los Llanos de Aridane\" \/>\n<meta property=\"article:published_time\" content=\"2024-07-02T12:53:56+00:00\" \/>\n<meta property=\"article:modified_time\" content=\"2024-07-04T12:55:59+00:00\" \/>\n<meta property=\"og:image\" content=\"https:\/\/www.aridane.org\/city\/wp-content\/uploads\/2024\/07\/Campus-Los-Llanos-se-Mueve-1.jpeg\" \/>\n\t<meta property=\"og:image:width\" content=\"1179\" \/>\n\t<meta property=\"og:image:height\" content=\"1031\" \/>\n\t<meta property=\"og:image:type\" content=\"image\/jpeg\" \/>\n<meta name=\"author\" content=\"Corresponsal\" \/>\n<meta name=\"twitter:card\" content=\"summary_large_image\" \/>\n<meta name=\"twitter:label1\" content=\"Escrito por\" \/>\n\t<meta name=\"twitter:data1\" content=\"Corresponsal\" \/>\n\t<meta name=\"twitter:label2\" content=\"Tiempo de lectura\" \/>\n\t<meta name=\"twitter:data2\" content=\"2 minutos\" \/>\n<script type=\"application\/ld+json\" class=\"yoast-schema-graph\">{\"@context\":\"https:\/\/schema.org\",\"@graph\":[{\"@type\":\"WebPage\",\"@id\":\"https:\/\/www.aridane.org\/city\/2024\/07\/02\/250-ninos-y-ninas-ya-disfrutan-del-campus-de-verano-de-los-llanos-de-aridane\/\",\"url\":\"https:\/\/www.aridane.org\/city\/2024\/07\/02\/250-ninos-y-ninas-ya-disfrutan-del-campus-de-verano-de-los-llanos-de-aridane\/\",\"name\":\"250 ni\u00f1os y ni\u00f1as ya disfrutan del campus de verano de Los Llanos de Aridane - Ayuntamiento de Los Llanos de Aridane\",\"isPartOf\":{\"@id\":\"https:\/\/www.aridane.org\/city\/#website\"},\"primaryImageOfPage\":{\"@id\":\"https:\/\/www.aridane.org\/city\/2024\/07\/02\/250-ninos-y-ninas-ya-disfrutan-del-campus-de-verano-de-los-llanos-de-aridane\/#primaryimage\"},\"image\":{\"@id\":\"https:\/\/www.aridane.org\/city\/2024\/07\/02\/250-ninos-y-ninas-ya-disfrutan-del-campus-de-verano-de-los-llanos-de-aridane\/#primaryimage\"},\"thumbnailUrl\":\"https:\/\/www.aridane.org\/city\/wp-content\/uploads\/2024\/07\/Campus-Los-Llanos-se-Mueve-1.jpeg\",\"datePublished\":\"2024-07-02T12:53:56+00:00\",\"dateModified\":\"2024-07-04T12:55:59+00:00\",\"author\":{\"@id\":\"https:\/\/www.aridane.org\/city\/#\/schema\/person\/89ebd376b223dc94cc1dbcf200c8e6da\"},\"breadcrumb\":{\"@id\":\"https:\/\/www.aridane.org\/city\/2024\/07\/02\/250-ninos-y-ninas-ya-disfrutan-del-campus-de-verano-de-los-llanos-de-aridane\/#breadcrumb\"},\"inLanguage\":\"es\",\"potentialAction\":[{\"@type\":\"ReadAction\",\"target\":[\"https:\/\/www.aridane.org\/city\/2024\/07\/02\/250-ninos-y-ninas-ya-disfrutan-del-campus-de-verano-de-los-llanos-de-aridane\/\"]}]},{\"@type\":\"ImageObject\",\"inLanguage\":\"es\",\"@id\":\"https:\/\/www.aridane.org\/city\/2024\/07\/02\/250-ninos-y-ninas-ya-disfrutan-del-campus-de-verano-de-los-llanos-de-aridane\/#primaryimage\",\"url\":\"https:\/\/www.aridane.org\/city\/wp-content\/uploads\/2024\/07\/Campus-Los-Llanos-se-Mueve-1.jpeg\",\"contentUrl\":\"https:\/\/www.aridane.org\/city\/wp-content\/uploads\/2024\/07\/Campus-Los-Llanos-se-Mueve-1.jpeg\",\"width\":1179,\"height\":1031},{\"@type\":\"BreadcrumbList\",\"@id\":\"https:\/\/www.aridane.org\/city\/2024\/07\/02\/250-ninos-y-ninas-ya-disfrutan-del-campus-de-verano-de-los-llanos-de-aridane\/#breadcrumb\",\"itemListElement\":[{\"@type\":\"ListItem\",\"position\":1,\"name\":\"Portada\",\"item\":\"https:\/\/www.aridane.org\/city\/\"},{\"@type\":\"ListItem\",\"position\":2,\"name\":\"250 ni\u00f1os y ni\u00f1as ya disfrutan del campus de verano de Los Llanos de Aridane\"}]},{\"@type\":\"WebSite\",\"@id\":\"https:\/\/www.aridane.org\/city\/#website\",\"url\":\"https:\/\/www.aridane.org\/city\/\",\"name\":\"Ayuntamiento de Los Llanos de Aridane\",\"description\":\"\",\"potentialAction\":[{\"@type\":\"SearchAction\",\"target\":{\"@type\":\"EntryPoint\",\"urlTemplate\":\"https:\/\/www.aridane.org\/city\/?s={search_term_string}\"},\"query-input\":\"required name=search_term_string\"}],\"inLanguage\":\"es\"},{\"@type\":\"Person\",\"@id\":\"https:\/\/www.aridane.org\/city\/#\/schema\/person\/89ebd376b223dc94cc1dbcf200c8e6da\",\"name\":\"Corresponsal\",\"image\":{\"@type\":\"ImageObject\",\"inLanguage\":\"es\",\"@id\":\"https:\/\/www.aridane.org\/city\/#\/schema\/person\/image\/\",\"url\":\"https:\/\/secure.gravatar.com\/avatar\/1c476992411e4ccf153da63b2b2f5ea0bb4cb1c85f3ceab8512f04325ad5579c?s=96&d=mm&r=g\",\"contentUrl\":\"https:\/\/secure.gravatar.com\/avatar\/1c476992411e4ccf153da63b2b2f5ea0bb4cb1c85f3ceab8512f04325ad5579c?s=96&d=mm&r=g\",\"caption\":\"Corresponsal\"},\"url\":\"https:\/\/www.aridane.org\/city\/author\/corresponsal\/\"}]}<\/script>\n<!-- \/ Yoast SEO plugin. -->","yoast_head_json":{"title":"250 ni\u00f1os y ni\u00f1as ya disfrutan del campus de verano de Los Llanos de Aridane - Ayuntamiento de Los Llanos de Aridane","robots":{"index":"index","follow":"follow","max-snippet":"max-snippet:-1","max-image-preview":"max-image-preview:large","max-video-preview":"max-video-preview:-1"},"canonical":"https:\/\/www.aridane.org\/city\/2024\/07\/02\/250-ninos-y-ninas-ya-disfrutan-del-campus-de-verano-de-los-llanos-de-aridane\/","og_locale":"es_ES","og_type":"article","og_title":"250 ni\u00f1os y ni\u00f1as ya disfrutan del campus de verano de Los Llanos de Aridane - Ayuntamiento de Los Llanos de Aridane","og_description":"El campus se desarrollar\u00e1 los meses de julio y agosto en las instalaciones deportivas del municipio","og_url":"https:\/\/www.aridane.org\/city\/2024\/07\/02\/250-ninos-y-ninas-ya-disfrutan-del-campus-de-verano-de-los-llanos-de-aridane\/","og_site_name":"Ayuntamiento de Los Llanos de Aridane","article_published_time":"2024-07-02T12:53:56+00:00","article_modified_time":"2024-07-04T12:55:59+00:00","og_image":[{"width":1179,"height":1031,"url":"https:\/\/www.aridane.org\/city\/wp-content\/uploads\/2024\/07\/Campus-Los-Llanos-se-Mueve-1.jpeg","type":"image\/jpeg"}],"author":"Corresponsal","twitter_card":"summary_large_image","twitter_misc":{"Escrito por":"Corresponsal","Tiempo de lectura":"2 minutos"},"schema":{"@context":"https:\/\/schema.org","@graph":[{"@type":"WebPage","@id":"https:\/\/www.aridane.org\/city\/2024\/07\/02\/250-ninos-y-ninas-ya-disfrutan-del-campus-de-verano-de-los-llanos-de-aridane\/","url":"https:\/\/www.aridane.org\/city\/2024\/07\/02\/250-ninos-y-ninas-ya-disfrutan-del-campus-de-verano-de-los-llanos-de-aridane\/","name":"250 ni\u00f1os y ni\u00f1as ya disfrutan del campus de verano de Los Llanos de Aridane - Ayuntamiento de Los Llanos de Aridane","isPartOf":{"@id":"https:\/\/www.aridane.org\/city\/#website"},"primaryImageOfPage":{"@id":"https:\/\/www.aridane.org\/city\/2024\/07\/02\/250-ninos-y-ninas-ya-disfrutan-del-campus-de-verano-de-los-llanos-de-aridane\/#primaryimage"},"image":{"@id":"https:\/\/www.aridane.org\/city\/2024\/07\/02\/250-ninos-y-ninas-ya-disfrutan-del-campus-de-verano-de-los-llanos-de-aridane\/#primaryimage"},"thumbnailUrl":"https:\/\/www.aridane.org\/city\/wp-content\/uploads\/2024\/07\/Campus-Los-Llanos-se-Mueve-1.jpeg","datePublished":"2024-07-02T12:53:56+00:00","dateModified":"2024-07-04T12:55:59+00:00","author":{"@id":"https:\/\/www.aridane.org\/city\/#\/schema\/person\/89ebd376b223dc94cc1dbcf200c8e6da"},"breadcrumb":{"@id":"https:\/\/www.aridane.org\/city\/2024\/07\/02\/250-ninos-y-ninas-ya-disfrutan-del-campus-de-verano-de-los-llanos-de-aridane\/#breadcrumb"},"inLanguage":"es","potentialAction":[{"@type":"ReadAction","target":["https:\/\/www.aridane.org\/city\/2024\/07\/02\/250-ninos-y-ninas-ya-disfrutan-del-campus-de-verano-de-los-llanos-de-aridane\/"]}]},{"@type":"ImageObject","inLanguage":"es","@id":"https:\/\/www.aridane.org\/city\/2024\/07\/02\/250-ninos-y-ninas-ya-disfrutan-del-campus-de-verano-de-los-llanos-de-aridane\/#primaryimage","url":"https:\/\/www.aridane.org\/city\/wp-content\/uploads\/2024\/07\/Campus-Los-Llanos-se-Mueve-1.jpeg","contentUrl":"https:\/\/www.aridane.org\/city\/wp-content\/uploads\/2024\/07\/Campus-Los-Llanos-se-Mueve-1.jpeg","width":1179,"height":1031},{"@type":"BreadcrumbList","@id":"https:\/\/www.aridane.org\/city\/2024\/07\/02\/250-ninos-y-ninas-ya-disfrutan-del-campus-de-verano-de-los-llanos-de-aridane\/#breadcrumb","itemListElement":[{"@type":"ListItem","position":1,"name":"Portada","item":"https:\/\/www.aridane.org\/city\/"},{"@type":"ListItem","position":2,"name":"250 ni\u00f1os y ni\u00f1as ya disfrutan del campus de verano de Los Llanos de Aridane"}]},{"@type":"WebSite","@id":"https:\/\/www.aridane.org\/city\/#website","url":"https:\/\/www.aridane.org\/city\/","name":"Ayuntamiento de Los Llanos de Aridane","description":"","potentialAction":[{"@type":"SearchAction","target":{"@type":"EntryPoint","urlTemplate":"https:\/\/www.aridane.org\/city\/?s={search_term_string}"},"query-input":"required name=search_term_string"}],"inLanguage":"es"},{"@type":"Person","@id":"https:\/\/www.aridane.org\/city\/#\/schema\/person\/89ebd376b223dc94cc1dbcf200c8e6da","name":"Corresponsal","image":{"@type":"ImageObject","inLanguage":"es","@id":"https:\/\/www.aridane.org\/city\/#\/schema\/person\/image\/","url":"https:\/\/secure.gravatar.com\/avatar\/1c476992411e4ccf153da63b2b2f5ea0bb4cb1c85f3ceab8512f04325ad5579c?s=96&d=mm&r=g","contentUrl":"https:\/\/secure.gravatar.com\/avatar\/1c476992411e4ccf153da63b2b2f5ea0bb4cb1c85f3ceab8512f04325ad5579c?s=96&d=mm&r=g","caption":"Corresponsal"},"url":"https:\/\/www.aridane.org\/city\/author\/corresponsal\/"}]}},"_links":{"self":[{"href":"https:\/\/www.aridane.org\/city\/wp-json\/wp\/v2\/posts\/3891","targetHints":{"allow":["GET"]}}],"collection":[{"href":"https:\/\/www.aridane.org\/city\/wp-json\/wp\/v2\/posts"}],"about":[{"href":"https:\/\/www.aridane.org\/city\/wp-json\/wp\/v2\/types\/post"}],"author":[{"embeddable":true,"href":"https:\/\/www.aridane.org\/city\/wp-json\/wp\/v2\/users\/4"}],"replies":[{"embeddable":true,"href":"https:\/\/www.aridane.org\/city\/wp-json\/wp\/v2\/comments?post=3891"}],"version-history":[{"count":1,"href":"https:\/\/www.aridane.org\/city\/wp-json\/wp\/v2\/posts\/3891\/revisions"}],"predecessor-version":[{"id":3894,"href":"https:\/\/www.aridane.org\/city\/wp-json\/wp\/v2\/posts\/3891\/revisions\/3894"}],"wp:featuredmedia":[{"embeddable":true,"href":"https:\/\/www.aridane.org\/city\/wp-json\/wp\/v2\/media\/3893"}],"wp:attachment":[{"href":"https:\/\/www.aridane.org\/city\/wp-json\/wp\/v2\/media?parent=3891"}],"wp:term":[{"taxonomy":"category","embeddable":true,"href":"https:\/\/www.aridane.org\/city\/wp-json\/wp\/v2\/categories?post=3891"},{"taxonomy":"post_tag","embeddable":true,"href":"https:\/\/www.aridane.org\/city\/wp-json\/wp\/v2\/tags?post=3891"}],"curies":[{"name":"wp","href":"https:\/\/api.w.org\/{rel}","templated":true}]}}