{"id":3895,"date":"2024-07-01T12:56:26","date_gmt":"2024-07-01T12:56:26","guid":{"rendered":"https:\/\/www.aridane.org\/city\/?p=3895"},"modified":"2024-07-04T12:57:56","modified_gmt":"2024-07-04T12:57:56","slug":"los-llanos-de-aridane-coordina-con-melia-la-reapertura-del-hotel-de-puerto-naos","status":"publish","type":"post","link":"https:\/\/www.aridane.org\/city\/2024\/07\/01\/los-llanos-de-aridane-coordina-con-melia-la-reapertura-del-hotel-de-puerto-naos\/","title":{"rendered":"Los Llanos de Aridane coordina con Meli\u00e1 la reapertura del hotel de Puerto Naos\u00a0\u00a0"},"content":{"rendered":"<div id=\"v1signature\">\n<div class=\"v1pre\"><em>El 15 de julio el hotel reabrir\u00e1 sus puertas<\/em><\/div>\n<\/div>\n<p><!--more--><\/p>\n<div id=\"v1forwardbody1\">\n<p>El alcalde de Los Llanos de Aridane, Javier Llamas, se reuni\u00f3 con el director del hotel Sol La Palma en Puerto Naos, Irving Rivot. Durante el encuentro, coordinaron la reapertura del alojamiento, prevista para el lunes 15 de julio, as\u00ed como el impacto socioecon\u00f3mico que tendr\u00e1 para el municipio.<\/p>\n<p>Javier Llamas asegura que la reapertura del hotel \u201cmarca un hito\u201d en la recuperaci\u00f3n de la costa del Valle de Aridane, que durante el \u00faltimo a\u00f1o ha dado pasos clave en su vuelta a la normalidad.<\/p>\n<p>\u201cM\u00e1s all\u00e1 del impacto simb\u00f3lico y de la alegr\u00eda que supone tener de vuelta al hotel, que este establecimiento abra sus puertas supone un est\u00edmulo grande para nuestra econom\u00eda y posicionamiento. Estamos hablando de la creaci\u00f3n de nuevos puestos de trabajo, de la promoci\u00f3n del municipio bajo una marca tan potente como Meli\u00e1, y de una filosof\u00eda de trabajo que apuesta por la sostenibilidad y el desarrollo local\u201d, apunta el alcalde.<\/p>\n<p>En este sentido, el director del Sol La Palma insiste en que la filosof\u00eda de la empresa es aportar bienestar y oportunidades de desarrollo en los lugares en los que se establecen. \u201cQueremos que Puerto Naos se recupere e, incluso, que sea todav\u00eda mejor. Esto es lo que queremos para los visitantes y, por supuesto, para los vecinos y vecinas de Los Llanos de Aridane\u201d, sostiene.<\/p>\n<p>Cabe recordar que el hotel de Puerto Naos ha dado un salto cualitativo. Durante el \u00faltimo a\u00f1o, ha estado inmerso en un proceso de reforma para mejorar sus instalaciones, que cuentan con casi 500 plazas entre habitaciones y apartamentos. Adem\u00e1s, se trabaja para subir el est\u00e1ndar, pasando de la marca Sol a la marca Meli\u00e1 en los pr\u00f3ximos meses.<\/p>\n<p>En esta primera fase, el hotel abrir\u00e1 al 50% de su capacidad, para ir ampliando en las pr\u00f3ximas semanas. Cabe recordar que en la web de Meli\u00e1 han publicado ofertas de trabajo para trabajar en el Sol La Palma.<\/p>\n<\/div>\n","protected":false},"excerpt":{"rendered":"<p>El 15 de julio el hotel reabrir\u00e1 sus puertas<\/p>\n","protected":false},"author":4,"featured_media":3896,"comment_status":"open","ping_status":"open","sticky":false,"template":"","format":"standard","meta":{"footnotes":""},"categories":[1],"tags":[],"class_list":["post-3895","post","type-post","status-publish","format-standard","has-post-thumbnail","hentry","category-sin-categoria"],"yoast_head":"<!-- This site is optimized with the Yoast SEO plugin v22.7 - https:\/\/yoast.com\/wordpress\/plugins\/seo\/ -->\n<title>Los Llanos de Aridane coordina con Meli\u00e1 la reapertura del hotel de Puerto Naos\u00a0\u00a0 - Ayuntamiento de Los Llanos de Aridane<\/title>\n<meta name=\"robots\" content=\"index, follow, max-snippet:-1, max-image-preview:large, max-video-preview:-1\" \/>\n<link rel=\"canonical\" href=\"https:\/\/www.aridane.org\/city\/2024\/07\/01\/los-llanos-de-aridane-coordina-con-melia-la-reapertura-del-hotel-de-puerto-naos\/\" \/>\n<meta property=\"og:locale\" content=\"es_ES\" \/>\n<meta property=\"og:type\" content=\"article\" \/>\n<meta property=\"og:title\" content=\"Los Llanos de Aridane coordina con Meli\u00e1 la reapertura del hotel de Puerto Naos\u00a0\u00a0 - Ayuntamiento de Los Llanos de Aridane\" \/>\n<meta property=\"og:description\" content=\"El 15 de julio el hotel reabrir\u00e1 sus puertas\" \/>\n<meta property=\"og:url\" content=\"https:\/\/www.aridane.org\/city\/2024\/07\/01\/los-llanos-de-aridane-coordina-con-melia-la-reapertura-del-hotel-de-puerto-naos\/\" \/>\n<meta property=\"og:site_name\" content=\"Ayuntamiento de Los Llanos de Aridane\" \/>\n<meta property=\"article:published_time\" content=\"2024-07-01T12:56:26+00:00\" \/>\n<meta property=\"article:modified_time\" content=\"2024-07-04T12:57:56+00:00\" \/>\n<meta property=\"og:image\" content=\"https:\/\/www.aridane.org\/city\/wp-content\/uploads\/2024\/07\/Hotel-Pto-Naos-scaled.jpeg\" \/>\n\t<meta property=\"og:image:width\" content=\"2560\" \/>\n\t<meta property=\"og:image:height\" content=\"1920\" \/>\n\t<meta property=\"og:image:type\" content=\"image\/jpeg\" \/>\n<meta name=\"author\" content=\"Corresponsal\" \/>\n<meta name=\"twitter:card\" content=\"summary_large_image\" \/>\n<meta name=\"twitter:label1\" content=\"Escrito por\" \/>\n\t<meta name=\"twitter:data1\" content=\"Corresponsal\" \/>\n\t<meta name=\"twitter:label2\" content=\"Tiempo de lectura\" \/>\n\t<meta name=\"twitter:data2\" content=\"2 minutos\" \/>\n<script type=\"application\/ld+json\" class=\"yoast-schema-graph\">{\"@context\":\"https:\/\/schema.org\",\"@graph\":[{\"@type\":\"WebPage\",\"@id\":\"https:\/\/www.aridane.org\/city\/2024\/07\/01\/los-llanos-de-aridane-coordina-con-melia-la-reapertura-del-hotel-de-puerto-naos\/\",\"url\":\"https:\/\/www.aridane.org\/city\/2024\/07\/01\/los-llanos-de-aridane-coordina-con-melia-la-reapertura-del-hotel-de-puerto-naos\/\",\"name\":\"Los Llanos de Aridane coordina con Meli\u00e1 la reapertura del hotel de Puerto Naos\u00a0\u00a0 - Ayuntamiento de Los Llanos de Aridane\",\"isPartOf\":{\"@id\":\"https:\/\/www.aridane.org\/city\/#website\"},\"primaryImageOfPage\":{\"@id\":\"https:\/\/www.aridane.org\/city\/2024\/07\/01\/los-llanos-de-aridane-coordina-con-melia-la-reapertura-del-hotel-de-puerto-naos\/#primaryimage\"},\"image\":{\"@id\":\"https:\/\/www.aridane.org\/city\/2024\/07\/01\/los-llanos-de-aridane-coordina-con-melia-la-reapertura-del-hotel-de-puerto-naos\/#primaryimage\"},\"thumbnailUrl\":\"https:\/\/www.aridane.org\/city\/wp-content\/uploads\/2024\/07\/Hotel-Pto-Naos-scaled.jpeg\",\"datePublished\":\"2024-07-01T12:56:26+00:00\",\"dateModified\":\"2024-07-04T12:57:56+00:00\",\"author\":{\"@id\":\"https:\/\/www.aridane.org\/city\/#\/schema\/person\/89ebd376b223dc94cc1dbcf200c8e6da\"},\"breadcrumb\":{\"@id\":\"https:\/\/www.aridane.org\/city\/2024\/07\/01\/los-llanos-de-aridane-coordina-con-melia-la-reapertura-del-hotel-de-puerto-naos\/#breadcrumb\"},\"inLanguage\":\"es\",\"potentialAction\":[{\"@type\":\"ReadAction\",\"target\":[\"https:\/\/www.aridane.org\/city\/2024\/07\/01\/los-llanos-de-aridane-coordina-con-melia-la-reapertura-del-hotel-de-puerto-naos\/\"]}]},{\"@type\":\"ImageObject\",\"inLanguage\":\"es\",\"@id\":\"https:\/\/www.aridane.org\/city\/2024\/07\/01\/los-llanos-de-aridane-coordina-con-melia-la-reapertura-del-hotel-de-puerto-naos\/#primaryimage\",\"url\":\"https:\/\/www.aridane.org\/city\/wp-content\/uploads\/2024\/07\/Hotel-Pto-Naos-scaled.jpeg\",\"contentUrl\":\"https:\/\/www.aridane.org\/city\/wp-content\/uploads\/2024\/07\/Hotel-Pto-Naos-scaled.jpeg\",\"width\":2560,\"height\":1920},{\"@type\":\"BreadcrumbList\",\"@id\":\"https:\/\/www.aridane.org\/city\/2024\/07\/01\/los-llanos-de-aridane-coordina-con-melia-la-reapertura-del-hotel-de-puerto-naos\/#breadcrumb\",\"itemListElement\":[{\"@type\":\"ListItem\",\"position\":1,\"name\":\"Portada\",\"item\":\"https:\/\/www.aridane.org\/city\/\"},{\"@type\":\"ListItem\",\"position\":2,\"name\":\"Los Llanos de Aridane coordina con Meli\u00e1 la reapertura del hotel de Puerto Naos\u00a0\u00a0\"}]},{\"@type\":\"WebSite\",\"@id\":\"https:\/\/www.aridane.org\/city\/#website\",\"url\":\"https:\/\/www.aridane.org\/city\/\",\"name\":\"Ayuntamiento de Los Llanos de Aridane\",\"description\":\"\",\"potentialAction\":[{\"@type\":\"SearchAction\",\"target\":{\"@type\":\"EntryPoint\",\"urlTemplate\":\"https:\/\/www.aridane.org\/city\/?s={search_term_string}\"},\"query-input\":\"required name=search_term_string\"}],\"inLanguage\":\"es\"},{\"@type\":\"Person\",\"@id\":\"https:\/\/www.aridane.org\/city\/#\/schema\/person\/89ebd376b223dc94cc1dbcf200c8e6da\",\"name\":\"Corresponsal\",\"image\":{\"@type\":\"ImageObject\",\"inLanguage\":\"es\",\"@id\":\"https:\/\/www.aridane.org\/city\/#\/schema\/person\/image\/\",\"url\":\"https:\/\/secure.gravatar.com\/avatar\/1c476992411e4ccf153da63b2b2f5ea0bb4cb1c85f3ceab8512f04325ad5579c?s=96&d=mm&r=g\",\"contentUrl\":\"https:\/\/secure.gravatar.com\/avatar\/1c476992411e4ccf153da63b2b2f5ea0bb4cb1c85f3ceab8512f04325ad5579c?s=96&d=mm&r=g\",\"caption\":\"Corresponsal\"},\"url\":\"https:\/\/www.aridane.org\/city\/author\/corresponsal\/\"}]}<\/script>\n<!-- \/ Yoast SEO plugin. -->","yoast_head_json":{"title":"Los Llanos de Aridane coordina con Meli\u00e1 la reapertura del hotel de Puerto Naos\u00a0\u00a0 - Ayuntamiento de Los Llanos de Aridane","robots":{"index":"index","follow":"follow","max-snippet":"max-snippet:-1","max-image-preview":"max-image-preview:large","max-video-preview":"max-video-preview:-1"},"canonical":"https:\/\/www.aridane.org\/city\/2024\/07\/01\/los-llanos-de-aridane-coordina-con-melia-la-reapertura-del-hotel-de-puerto-naos\/","og_locale":"es_ES","og_type":"article","og_title":"Los Llanos de Aridane coordina con Meli\u00e1 la reapertura del hotel de Puerto Naos\u00a0\u00a0 - Ayuntamiento de Los Llanos de Aridane","og_description":"El 15 de julio el hotel reabrir\u00e1 sus puertas","og_url":"https:\/\/www.aridane.org\/city\/2024\/07\/01\/los-llanos-de-aridane-coordina-con-melia-la-reapertura-del-hotel-de-puerto-naos\/","og_site_name":"Ayuntamiento de Los Llanos de Aridane","article_published_time":"2024-07-01T12:56:26+00:00","article_modified_time":"2024-07-04T12:57:56+00:00","og_image":[{"width":2560,"height":1920,"url":"https:\/\/www.aridane.org\/city\/wp-content\/uploads\/2024\/07\/Hotel-Pto-Naos-scaled.jpeg","type":"image\/jpeg"}],"author":"Corresponsal","twitter_card":"summary_large_image","twitter_misc":{"Escrito por":"Corresponsal","Tiempo de lectura":"2 minutos"},"schema":{"@context":"https:\/\/schema.org","@graph":[{"@type":"WebPage","@id":"https:\/\/www.aridane.org\/city\/2024\/07\/01\/los-llanos-de-aridane-coordina-con-melia-la-reapertura-del-hotel-de-puerto-naos\/","url":"https:\/\/www.aridane.org\/city\/2024\/07\/01\/los-llanos-de-aridane-coordina-con-melia-la-reapertura-del-hotel-de-puerto-naos\/","name":"Los Llanos de Aridane coordina con Meli\u00e1 la reapertura del hotel de Puerto Naos\u00a0\u00a0 - Ayuntamiento de Los Llanos de Aridane","isPartOf":{"@id":"https:\/\/www.aridane.org\/city\/#website"},"primaryImageOfPage":{"@id":"https:\/\/www.aridane.org\/city\/2024\/07\/01\/los-llanos-de-aridane-coordina-con-melia-la-reapertura-del-hotel-de-puerto-naos\/#primaryimage"},"image":{"@id":"https:\/\/www.aridane.org\/city\/2024\/07\/01\/los-llanos-de-aridane-coordina-con-melia-la-reapertura-del-hotel-de-puerto-naos\/#primaryimage"},"thumbnailUrl":"https:\/\/www.aridane.org\/city\/wp-content\/uploads\/2024\/07\/Hotel-Pto-Naos-scaled.jpeg","datePublished":"2024-07-01T12:56:26+00:00","dateModified":"2024-07-04T12:57:56+00:00","author":{"@id":"https:\/\/www.aridane.org\/city\/#\/schema\/person\/89ebd376b223dc94cc1dbcf200c8e6da"},"breadcrumb":{"@id":"https:\/\/www.aridane.org\/city\/2024\/07\/01\/los-llanos-de-aridane-coordina-con-melia-la-reapertura-del-hotel-de-puerto-naos\/#breadcrumb"},"inLanguage":"es","potentialAction":[{"@type":"ReadAction","target":["https:\/\/www.aridane.org\/city\/2024\/07\/01\/los-llanos-de-aridane-coordina-con-melia-la-reapertura-del-hotel-de-puerto-naos\/"]}]},{"@type":"ImageObject","inLanguage":"es","@id":"https:\/\/www.aridane.org\/city\/2024\/07\/01\/los-llanos-de-aridane-coordina-con-melia-la-reapertura-del-hotel-de-puerto-naos\/#primaryimage","url":"https:\/\/www.aridane.org\/city\/wp-content\/uploads\/2024\/07\/Hotel-Pto-Naos-scaled.jpeg","contentUrl":"https:\/\/www.aridane.org\/city\/wp-content\/uploads\/2024\/07\/Hotel-Pto-Naos-scaled.jpeg","width":2560,"height":1920},{"@type":"BreadcrumbList","@id":"https:\/\/www.aridane.org\/city\/2024\/07\/01\/los-llanos-de-aridane-coordina-con-melia-la-reapertura-del-hotel-de-puerto-naos\/#breadcrumb","itemListElement":[{"@type":"ListItem","position":1,"name":"Portada","item":"https:\/\/www.aridane.org\/city\/"},{"@type":"ListItem","position":2,"name":"Los Llanos de Aridane coordina con Meli\u00e1 la reapertura del hotel de Puerto Naos\u00a0\u00a0"}]},{"@type":"WebSite","@id":"https:\/\/www.aridane.org\/city\/#website","url":"https:\/\/www.aridane.org\/city\/","name":"Ayuntamiento de Los Llanos de Aridane","description":"","potentialAction":[{"@type":"SearchAction","target":{"@type":"EntryPoint","urlTemplate":"https:\/\/www.aridane.org\/city\/?s={search_term_string}"},"query-input":"required name=search_term_string"}],"inLanguage":"es"},{"@type":"Person","@id":"https:\/\/www.aridane.org\/city\/#\/schema\/person\/89ebd376b223dc94cc1dbcf200c8e6da","name":"Corresponsal","image":{"@type":"ImageObject","inLanguage":"es","@id":"https:\/\/www.aridane.org\/city\/#\/schema\/person\/image\/","url":"https:\/\/secure.gravatar.com\/avatar\/1c476992411e4ccf153da63b2b2f5ea0bb4cb1c85f3ceab8512f04325ad5579c?s=96&d=mm&r=g","contentUrl":"https:\/\/secure.gravatar.com\/avatar\/1c476992411e4ccf153da63b2b2f5ea0bb4cb1c85f3ceab8512f04325ad5579c?s=96&d=mm&r=g","caption":"Corresponsal"},"url":"https:\/\/www.aridane.org\/city\/author\/corresponsal\/"}]}},"_links":{"self":[{"href":"https:\/\/www.aridane.org\/city\/wp-json\/wp\/v2\/posts\/3895","targetHints":{"allow":["GET"]}}],"collection":[{"href":"https:\/\/www.aridane.org\/city\/wp-json\/wp\/v2\/posts"}],"about":[{"href":"https:\/\/www.aridane.org\/city\/wp-json\/wp\/v2\/types\/post"}],"author":[{"embeddable":true,"href":"https:\/\/www.aridane.org\/city\/wp-json\/wp\/v2\/users\/4"}],"replies":[{"embeddable":true,"href":"https:\/\/www.aridane.org\/city\/wp-json\/wp\/v2\/comments?post=3895"}],"version-history":[{"count":1,"href":"https:\/\/www.aridane.org\/city\/wp-json\/wp\/v2\/posts\/3895\/revisions"}],"predecessor-version":[{"id":3897,"href":"https:\/\/www.aridane.org\/city\/wp-json\/wp\/v2\/posts\/3895\/revisions\/3897"}],"wp:featuredmedia":[{"embeddable":true,"href":"https:\/\/www.aridane.org\/city\/wp-json\/wp\/v2\/media\/3896"}],"wp:attachment":[{"href":"https:\/\/www.aridane.org\/city\/wp-json\/wp\/v2\/media?parent=3895"}],"wp:term":[{"taxonomy":"category","embeddable":true,"href":"https:\/\/www.aridane.org\/city\/wp-json\/wp\/v2\/categories?post=3895"},{"taxonomy":"post_tag","embeddable":true,"href":"https:\/\/www.aridane.org\/city\/wp-json\/wp\/v2\/tags?post=3895"}],"curies":[{"name":"wp","href":"https:\/\/api.w.org\/{rel}","templated":true}]}}