{"id":3898,"date":"2024-06-29T13:05:21","date_gmt":"2024-06-29T13:05:21","guid":{"rendered":"https:\/\/www.aridane.org\/city\/?p=3898"},"modified":"2024-07-04T13:06:42","modified_gmt":"2024-07-04T13:06:42","slug":"los-llanos-de-aridane-nombra-hija-adoptiva-de-la-ciudad-a-maria-remedios-gomez-garcia","status":"publish","type":"post","link":"https:\/\/www.aridane.org\/city\/2024\/06\/29\/los-llanos-de-aridane-nombra-hija-adoptiva-de-la-ciudad-a-maria-remedios-gomez-garcia\/","title":{"rendered":"Los Llanos de Aridane nombra Hija Adoptiva de la Ciudad a Mar\u00eda Remedios G\u00f3mez Garc\u00eda"},"content":{"rendered":"<p><em>El Ayuntamiento reconoce su desinteresada dedicaci\u00f3n al bienestar y progreso material y cultural de Los Llanos de Aridane<\/em><br \/>\n<!--more--><\/p>\n<div id=\"v1forwardbody1\">\n<p>El Ayuntamiento de Los Llanos de Aridane nombra a Mar\u00eda Remedios G\u00f3mez Garc\u00eda, fundadora de la Casa Museo Cayetano G\u00f3mez Felipe, Hija Adoptiva de la Ciudad. La Corporaci\u00f3n reconoci\u00f3 este s\u00e1bado, 29 de junio, su amor, altruismo, generosidad y desinteresada dedicaci\u00f3n al bienestar y progreso material y cultural del municipio.<\/p>\n<p>G\u00f3mez Garc\u00eda agradece a la Corporaci\u00f3n la distinci\u00f3n y la hace extensiva a sus antepasados, quienes, asegura, tambi\u00e9n han contribuido al desarrollo patrimonial de la ciudad. \u201cSiempre me sent\u00ed como una hija m\u00e1s de Los Llanos de Aridane, aunque no haya nacido aqu\u00ed. Espero ver en vida el museo aqu\u00ed \u201d, afirma.<\/p>\n<p>La concejala de Cultura, Marlene Gonz\u00e1lez, asegura que G\u00f3mez Felipe es una figura destacada en la promoci\u00f3n de las tradiciones y la historia de Los Llanos de Aridane. \u201cAs\u00ed lo destacan sus valiosas contribuciones al municipio, as\u00ed como acciones ejemplares. Tambi\u00e9n el respaldo cosechado para su nombramiento por parte de diversas instituciones, colectivos y personalidades que reconocen sus excepcionales circunstancias y fecunda labor\u201d, apunta.<\/p>\n<p>En este sentido, el alcalde Javier Llamas valora el aporte de Mar\u00eda Remedios G\u00f3mez Garc\u00eda a la cultura de la isla. Tambi\u00e9n destaca su trabajo al frente de la Casa Museo Cayetano G\u00f3mez Felipe y asegura que el Ayuntamiento trabaja para que sus colecciones puedan tener un espacio en el municipio.<\/p>\n<p>\u201cQueremos que el trabajo de nuestra vecina Mar\u00eda Remedios brille en Los Llanos de Aridane. Su\u201d, apunta Llamas.<\/p>\n<h2><strong>Mar\u00eda Remedios G\u00f3mez Garc\u00eda<\/strong><\/h2>\n<p>Mar\u00eda Remedios G\u00f3mez Garc\u00eda, nacida en Santa Cruz de Tenerife el 15 de marzo de 1943, tiene una profunda conexi\u00f3n con Los Llanos de Aridane debido a su herencia paterna.<\/p>\n<p>Su padre, Cayetano G\u00f3mez Felipe, originario de Los Llanos de Aridane, y su madre, Elena Garc\u00eda Tav\u00edo, forjaron en ella un fuerte v\u00ednculo con esta ciudad. De hecho, Mar\u00eda Remedios G\u00f3mez Garc\u00eda fue Reina de los festejos de La Patrona en 1962, lo que subraya su conexi\u00f3n con la comunidad. Su dedicaci\u00f3n y generosidad han sido constantes a lo largo de su vida.<\/p>\n<p>Su familia tiene una notable historia de contribuciones sociales y culturales. Su tatarabuela, Ana Mar\u00eda Lorenzo Carballo, fue una maestra culta y libre pensadora. Su bisabuelo, Saturnino Felipe Ta\u00f1o, y su abuelo, Antonio G\u00f3mez Wang\u00fcemert, fueron figuras importantes en la pol\u00edtica y la cultura local. Su t\u00edo abuelo, Luis Felipe G\u00f3mez Wang\u00fcemert, y su t\u00edo, Antonio G\u00f3mez Felipe, tambi\u00e9n dejaron un legado significativo en la comunidad.<\/p>\n<p>Mar\u00eda Remedios G\u00f3mez Garc\u00eda ha seguido esta tradici\u00f3n familiar, destacando por su filantrop\u00eda y contribuciones a Los Llanos de Aridane. Ha donado al Ayuntamiento m\u00e1s de veinticinco mil metros cuadrados de terrenos para servicios p\u00fablicos y desarrollo urbano. Adem\u00e1s, ha sido una benefactora notable de la Parroquia Matriz de Nuestra Se\u00f1ora de los Remedios, donando valiosas piezas como un joyel de oro del siglo XVI y otros objetos religiosos de gran valor hist\u00f3rico y art\u00edstico.<\/p>\n<p>La preservaci\u00f3n y difusi\u00f3n del patrimonio cultural tambi\u00e9n han sido una prioridad para Mar\u00eda Remedios G\u00f3mez Garc\u00eda. Su padre, Cayetano, fue un destacado coleccionista en Canarias, y ella ha continuado su legado estableciendo la Casa-Museo Cayetano G\u00f3mez Felipe en La Laguna. Esta casa, una construcci\u00f3n canaria del siglo XVIII, alberga una extensa colecci\u00f3n de arte y objetos hist\u00f3ricos. Mar\u00eda ha promovido exposiciones temporales tanto en Canarias como en Hispanoam\u00e9rica, destacando aspectos poco conocidos de la historia local.<\/p>\n<p>Mar\u00eda Remedios G\u00f3mez Garc\u00eda tambi\u00e9n ha contribuido a investigaciones sobre Los Llanos de Aridane, facilitando la publicaci\u00f3n de obras como\u00a0<em>En el lugar de Los Llanos<\/em>\u00a0y\u00a0<em>La ciudad revelada: la fotograf\u00eda en Los Llanos de Aridane.<\/em>\u00a0Su iniciativa ha convertido la Casa-Museo Cayetano G\u00f3mez Felipe en un centro expositivo destacado y el m\u00e1s visitado de La Laguna, ahora parte de la Red de Museos de Canarias desde 2023, reconocido por su valor cultural y educativo.<\/p>\n<\/div>\n","protected":false},"excerpt":{"rendered":"<p>El Ayuntamiento reconoce su desinteresada dedicaci\u00f3n al bienestar y progreso material y cultural de Los Llanos de Aridane<\/p>\n","protected":false},"author":4,"featured_media":3899,"comment_status":"open","ping_status":"open","sticky":false,"template":"","format":"standard","meta":{"footnotes":""},"categories":[1],"tags":[],"class_list":["post-3898","post","type-post","status-publish","format-standard","has-post-thumbnail","hentry","category-sin-categoria"],"yoast_head":"<!-- This site is optimized with the Yoast SEO plugin v22.7 - https:\/\/yoast.com\/wordpress\/plugins\/seo\/ -->\n<title>Los Llanos de Aridane nombra Hija Adoptiva de la Ciudad a Mar\u00eda Remedios G\u00f3mez Garc\u00eda - Ayuntamiento de Los Llanos de Aridane<\/title>\n<meta name=\"robots\" content=\"index, follow, max-snippet:-1, max-image-preview:large, max-video-preview:-1\" \/>\n<link rel=\"canonical\" href=\"https:\/\/www.aridane.org\/city\/2024\/06\/29\/los-llanos-de-aridane-nombra-hija-adoptiva-de-la-ciudad-a-maria-remedios-gomez-garcia\/\" \/>\n<meta property=\"og:locale\" content=\"es_ES\" \/>\n<meta property=\"og:type\" content=\"article\" \/>\n<meta property=\"og:title\" content=\"Los Llanos de Aridane nombra Hija Adoptiva de la Ciudad a Mar\u00eda Remedios G\u00f3mez Garc\u00eda - Ayuntamiento de Los Llanos de Aridane\" \/>\n<meta property=\"og:description\" content=\"El Ayuntamiento reconoce su desinteresada dedicaci\u00f3n al bienestar y progreso material y cultural de Los Llanos de Aridane\" \/>\n<meta property=\"og:url\" content=\"https:\/\/www.aridane.org\/city\/2024\/06\/29\/los-llanos-de-aridane-nombra-hija-adoptiva-de-la-ciudad-a-maria-remedios-gomez-garcia\/\" \/>\n<meta property=\"og:site_name\" content=\"Ayuntamiento de Los Llanos de Aridane\" \/>\n<meta property=\"article:published_time\" content=\"2024-06-29T13:05:21+00:00\" \/>\n<meta property=\"article:modified_time\" content=\"2024-07-04T13:06:42+00:00\" \/>\n<meta property=\"og:image\" content=\"https:\/\/www.aridane.org\/city\/wp-content\/uploads\/2024\/07\/Maria-Remedios-Gomez-scaled.jpeg\" \/>\n\t<meta property=\"og:image:width\" content=\"2560\" \/>\n\t<meta property=\"og:image:height\" content=\"1707\" \/>\n\t<meta property=\"og:image:type\" content=\"image\/jpeg\" \/>\n<meta name=\"author\" content=\"Corresponsal\" \/>\n<meta name=\"twitter:card\" content=\"summary_large_image\" \/>\n<meta name=\"twitter:label1\" content=\"Escrito por\" \/>\n\t<meta name=\"twitter:data1\" content=\"Corresponsal\" \/>\n\t<meta name=\"twitter:label2\" content=\"Tiempo de lectura\" \/>\n\t<meta name=\"twitter:data2\" content=\"4 minutos\" \/>\n<script type=\"application\/ld+json\" class=\"yoast-schema-graph\">{\"@context\":\"https:\/\/schema.org\",\"@graph\":[{\"@type\":\"WebPage\",\"@id\":\"https:\/\/www.aridane.org\/city\/2024\/06\/29\/los-llanos-de-aridane-nombra-hija-adoptiva-de-la-ciudad-a-maria-remedios-gomez-garcia\/\",\"url\":\"https:\/\/www.aridane.org\/city\/2024\/06\/29\/los-llanos-de-aridane-nombra-hija-adoptiva-de-la-ciudad-a-maria-remedios-gomez-garcia\/\",\"name\":\"Los Llanos de Aridane nombra Hija Adoptiva de la Ciudad a Mar\u00eda Remedios G\u00f3mez Garc\u00eda - Ayuntamiento de Los Llanos de Aridane\",\"isPartOf\":{\"@id\":\"https:\/\/www.aridane.org\/city\/#website\"},\"primaryImageOfPage\":{\"@id\":\"https:\/\/www.aridane.org\/city\/2024\/06\/29\/los-llanos-de-aridane-nombra-hija-adoptiva-de-la-ciudad-a-maria-remedios-gomez-garcia\/#primaryimage\"},\"image\":{\"@id\":\"https:\/\/www.aridane.org\/city\/2024\/06\/29\/los-llanos-de-aridane-nombra-hija-adoptiva-de-la-ciudad-a-maria-remedios-gomez-garcia\/#primaryimage\"},\"thumbnailUrl\":\"https:\/\/www.aridane.org\/city\/wp-content\/uploads\/2024\/07\/Maria-Remedios-Gomez-scaled.jpeg\",\"datePublished\":\"2024-06-29T13:05:21+00:00\",\"dateModified\":\"2024-07-04T13:06:42+00:00\",\"author\":{\"@id\":\"https:\/\/www.aridane.org\/city\/#\/schema\/person\/89ebd376b223dc94cc1dbcf200c8e6da\"},\"breadcrumb\":{\"@id\":\"https:\/\/www.aridane.org\/city\/2024\/06\/29\/los-llanos-de-aridane-nombra-hija-adoptiva-de-la-ciudad-a-maria-remedios-gomez-garcia\/#breadcrumb\"},\"inLanguage\":\"es\",\"potentialAction\":[{\"@type\":\"ReadAction\",\"target\":[\"https:\/\/www.aridane.org\/city\/2024\/06\/29\/los-llanos-de-aridane-nombra-hija-adoptiva-de-la-ciudad-a-maria-remedios-gomez-garcia\/\"]}]},{\"@type\":\"ImageObject\",\"inLanguage\":\"es\",\"@id\":\"https:\/\/www.aridane.org\/city\/2024\/06\/29\/los-llanos-de-aridane-nombra-hija-adoptiva-de-la-ciudad-a-maria-remedios-gomez-garcia\/#primaryimage\",\"url\":\"https:\/\/www.aridane.org\/city\/wp-content\/uploads\/2024\/07\/Maria-Remedios-Gomez-scaled.jpeg\",\"contentUrl\":\"https:\/\/www.aridane.org\/city\/wp-content\/uploads\/2024\/07\/Maria-Remedios-Gomez-scaled.jpeg\",\"width\":2560,\"height\":1707},{\"@type\":\"BreadcrumbList\",\"@id\":\"https:\/\/www.aridane.org\/city\/2024\/06\/29\/los-llanos-de-aridane-nombra-hija-adoptiva-de-la-ciudad-a-maria-remedios-gomez-garcia\/#breadcrumb\",\"itemListElement\":[{\"@type\":\"ListItem\",\"position\":1,\"name\":\"Portada\",\"item\":\"https:\/\/www.aridane.org\/city\/\"},{\"@type\":\"ListItem\",\"position\":2,\"name\":\"Los Llanos de Aridane nombra Hija Adoptiva de la Ciudad a Mar\u00eda Remedios G\u00f3mez Garc\u00eda\"}]},{\"@type\":\"WebSite\",\"@id\":\"https:\/\/www.aridane.org\/city\/#website\",\"url\":\"https:\/\/www.aridane.org\/city\/\",\"name\":\"Ayuntamiento de Los Llanos de Aridane\",\"description\":\"\",\"potentialAction\":[{\"@type\":\"SearchAction\",\"target\":{\"@type\":\"EntryPoint\",\"urlTemplate\":\"https:\/\/www.aridane.org\/city\/?s={search_term_string}\"},\"query-input\":\"required name=search_term_string\"}],\"inLanguage\":\"es\"},{\"@type\":\"Person\",\"@id\":\"https:\/\/www.aridane.org\/city\/#\/schema\/person\/89ebd376b223dc94cc1dbcf200c8e6da\",\"name\":\"Corresponsal\",\"image\":{\"@type\":\"ImageObject\",\"inLanguage\":\"es\",\"@id\":\"https:\/\/www.aridane.org\/city\/#\/schema\/person\/image\/\",\"url\":\"https:\/\/secure.gravatar.com\/avatar\/1c476992411e4ccf153da63b2b2f5ea0bb4cb1c85f3ceab8512f04325ad5579c?s=96&d=mm&r=g\",\"contentUrl\":\"https:\/\/secure.gravatar.com\/avatar\/1c476992411e4ccf153da63b2b2f5ea0bb4cb1c85f3ceab8512f04325ad5579c?s=96&d=mm&r=g\",\"caption\":\"Corresponsal\"},\"url\":\"https:\/\/www.aridane.org\/city\/author\/corresponsal\/\"}]}<\/script>\n<!-- \/ Yoast SEO plugin. -->","yoast_head_json":{"title":"Los Llanos de Aridane nombra Hija Adoptiva de la Ciudad a Mar\u00eda Remedios G\u00f3mez Garc\u00eda - Ayuntamiento de Los Llanos de Aridane","robots":{"index":"index","follow":"follow","max-snippet":"max-snippet:-1","max-image-preview":"max-image-preview:large","max-video-preview":"max-video-preview:-1"},"canonical":"https:\/\/www.aridane.org\/city\/2024\/06\/29\/los-llanos-de-aridane-nombra-hija-adoptiva-de-la-ciudad-a-maria-remedios-gomez-garcia\/","og_locale":"es_ES","og_type":"article","og_title":"Los Llanos de Aridane nombra Hija Adoptiva de la Ciudad a Mar\u00eda Remedios G\u00f3mez Garc\u00eda - Ayuntamiento de Los Llanos de Aridane","og_description":"El Ayuntamiento reconoce su desinteresada dedicaci\u00f3n al bienestar y progreso material y cultural de Los Llanos de Aridane","og_url":"https:\/\/www.aridane.org\/city\/2024\/06\/29\/los-llanos-de-aridane-nombra-hija-adoptiva-de-la-ciudad-a-maria-remedios-gomez-garcia\/","og_site_name":"Ayuntamiento de Los Llanos de Aridane","article_published_time":"2024-06-29T13:05:21+00:00","article_modified_time":"2024-07-04T13:06:42+00:00","og_image":[{"width":2560,"height":1707,"url":"https:\/\/www.aridane.org\/city\/wp-content\/uploads\/2024\/07\/Maria-Remedios-Gomez-scaled.jpeg","type":"image\/jpeg"}],"author":"Corresponsal","twitter_card":"summary_large_image","twitter_misc":{"Escrito por":"Corresponsal","Tiempo de lectura":"4 minutos"},"schema":{"@context":"https:\/\/schema.org","@graph":[{"@type":"WebPage","@id":"https:\/\/www.aridane.org\/city\/2024\/06\/29\/los-llanos-de-aridane-nombra-hija-adoptiva-de-la-ciudad-a-maria-remedios-gomez-garcia\/","url":"https:\/\/www.aridane.org\/city\/2024\/06\/29\/los-llanos-de-aridane-nombra-hija-adoptiva-de-la-ciudad-a-maria-remedios-gomez-garcia\/","name":"Los Llanos de Aridane nombra Hija Adoptiva de la Ciudad a Mar\u00eda Remedios G\u00f3mez Garc\u00eda - Ayuntamiento de Los Llanos de Aridane","isPartOf":{"@id":"https:\/\/www.aridane.org\/city\/#website"},"primaryImageOfPage":{"@id":"https:\/\/www.aridane.org\/city\/2024\/06\/29\/los-llanos-de-aridane-nombra-hija-adoptiva-de-la-ciudad-a-maria-remedios-gomez-garcia\/#primaryimage"},"image":{"@id":"https:\/\/www.aridane.org\/city\/2024\/06\/29\/los-llanos-de-aridane-nombra-hija-adoptiva-de-la-ciudad-a-maria-remedios-gomez-garcia\/#primaryimage"},"thumbnailUrl":"https:\/\/www.aridane.org\/city\/wp-content\/uploads\/2024\/07\/Maria-Remedios-Gomez-scaled.jpeg","datePublished":"2024-06-29T13:05:21+00:00","dateModified":"2024-07-04T13:06:42+00:00","author":{"@id":"https:\/\/www.aridane.org\/city\/#\/schema\/person\/89ebd376b223dc94cc1dbcf200c8e6da"},"breadcrumb":{"@id":"https:\/\/www.aridane.org\/city\/2024\/06\/29\/los-llanos-de-aridane-nombra-hija-adoptiva-de-la-ciudad-a-maria-remedios-gomez-garcia\/#breadcrumb"},"inLanguage":"es","potentialAction":[{"@type":"ReadAction","target":["https:\/\/www.aridane.org\/city\/2024\/06\/29\/los-llanos-de-aridane-nombra-hija-adoptiva-de-la-ciudad-a-maria-remedios-gomez-garcia\/"]}]},{"@type":"ImageObject","inLanguage":"es","@id":"https:\/\/www.aridane.org\/city\/2024\/06\/29\/los-llanos-de-aridane-nombra-hija-adoptiva-de-la-ciudad-a-maria-remedios-gomez-garcia\/#primaryimage","url":"https:\/\/www.aridane.org\/city\/wp-content\/uploads\/2024\/07\/Maria-Remedios-Gomez-scaled.jpeg","contentUrl":"https:\/\/www.aridane.org\/city\/wp-content\/uploads\/2024\/07\/Maria-Remedios-Gomez-scaled.jpeg","width":2560,"height":1707},{"@type":"BreadcrumbList","@id":"https:\/\/www.aridane.org\/city\/2024\/06\/29\/los-llanos-de-aridane-nombra-hija-adoptiva-de-la-ciudad-a-maria-remedios-gomez-garcia\/#breadcrumb","itemListElement":[{"@type":"ListItem","position":1,"name":"Portada","item":"https:\/\/www.aridane.org\/city\/"},{"@type":"ListItem","position":2,"name":"Los Llanos de Aridane nombra Hija Adoptiva de la Ciudad a Mar\u00eda Remedios G\u00f3mez Garc\u00eda"}]},{"@type":"WebSite","@id":"https:\/\/www.aridane.org\/city\/#website","url":"https:\/\/www.aridane.org\/city\/","name":"Ayuntamiento de Los Llanos de Aridane","description":"","potentialAction":[{"@type":"SearchAction","target":{"@type":"EntryPoint","urlTemplate":"https:\/\/www.aridane.org\/city\/?s={search_term_string}"},"query-input":"required name=search_term_string"}],"inLanguage":"es"},{"@type":"Person","@id":"https:\/\/www.aridane.org\/city\/#\/schema\/person\/89ebd376b223dc94cc1dbcf200c8e6da","name":"Corresponsal","image":{"@type":"ImageObject","inLanguage":"es","@id":"https:\/\/www.aridane.org\/city\/#\/schema\/person\/image\/","url":"https:\/\/secure.gravatar.com\/avatar\/1c476992411e4ccf153da63b2b2f5ea0bb4cb1c85f3ceab8512f04325ad5579c?s=96&d=mm&r=g","contentUrl":"https:\/\/secure.gravatar.com\/avatar\/1c476992411e4ccf153da63b2b2f5ea0bb4cb1c85f3ceab8512f04325ad5579c?s=96&d=mm&r=g","caption":"Corresponsal"},"url":"https:\/\/www.aridane.org\/city\/author\/corresponsal\/"}]}},"_links":{"self":[{"href":"https:\/\/www.aridane.org\/city\/wp-json\/wp\/v2\/posts\/3898","targetHints":{"allow":["GET"]}}],"collection":[{"href":"https:\/\/www.aridane.org\/city\/wp-json\/wp\/v2\/posts"}],"about":[{"href":"https:\/\/www.aridane.org\/city\/wp-json\/wp\/v2\/types\/post"}],"author":[{"embeddable":true,"href":"https:\/\/www.aridane.org\/city\/wp-json\/wp\/v2\/users\/4"}],"replies":[{"embeddable":true,"href":"https:\/\/www.aridane.org\/city\/wp-json\/wp\/v2\/comments?post=3898"}],"version-history":[{"count":1,"href":"https:\/\/www.aridane.org\/city\/wp-json\/wp\/v2\/posts\/3898\/revisions"}],"predecessor-version":[{"id":3900,"href":"https:\/\/www.aridane.org\/city\/wp-json\/wp\/v2\/posts\/3898\/revisions\/3900"}],"wp:featuredmedia":[{"embeddable":true,"href":"https:\/\/www.aridane.org\/city\/wp-json\/wp\/v2\/media\/3899"}],"wp:attachment":[{"href":"https:\/\/www.aridane.org\/city\/wp-json\/wp\/v2\/media?parent=3898"}],"wp:term":[{"taxonomy":"category","embeddable":true,"href":"https:\/\/www.aridane.org\/city\/wp-json\/wp\/v2\/categories?post=3898"},{"taxonomy":"post_tag","embeddable":true,"href":"https:\/\/www.aridane.org\/city\/wp-json\/wp\/v2\/tags?post=3898"}],"curies":[{"name":"wp","href":"https:\/\/api.w.org\/{rel}","templated":true}]}}