{"id":3901,"date":"2024-06-28T13:07:08","date_gmt":"2024-06-28T13:07:08","guid":{"rendered":"https:\/\/www.aridane.org\/city\/?p=3901"},"modified":"2024-07-04T13:09:57","modified_gmt":"2024-07-04T13:09:57","slug":"los-llanos-de-aridane-reconoce-los-mejores-expedientes-academicos-del-curso-2023-24","status":"publish","type":"post","link":"https:\/\/www.aridane.org\/city\/2024\/06\/28\/los-llanos-de-aridane-reconoce-los-mejores-expedientes-academicos-del-curso-2023-24\/","title":{"rendered":"Los Llanos de Aridane reconoce los mejores expedientes acad\u00e9micos del curso 2023\/24"},"content":{"rendered":"<p><em>Fueron distinguidos un total de 32 alumnos y alumnas de los institutos del municipio<\/em><br \/>\n<!--more--><\/p>\n<div id=\"v1forwardbody1\">\n<p>El Ayuntamiento de Los Llanos de Aridane reconoce los mejores expedientes acad\u00e9micos del curso 2023\/24 de los centros de ense\u00f1anza secundaria. Un total de 32 alumnos y alumnas del IES Jos\u00e9 Mar\u00eda P\u00e9rez Pulido y del IES Eusebio Barreto Lorenzo recibieron una distinci\u00f3n en honor a su excelencia.<\/p>\n<p>El concejal de Juventud y Educaci\u00f3n, Eduardo P\u00e9rez, asegura que este reconocimiento pone en valor el talento. \u201cEl talento que tenemos en el municipio. Chicos y chicas que se seguir\u00e1n formando y desarrollando, y que, confiemos, regresen a la isla para ayudarnos a seguir creciendo, mejorando e innovando\u201d, apunta.<\/p>\n<p>En este sentido, el alcalde Javier Llamas destaca el trabajo del alumnado, de la comunidad educativa y de las familias. \u201cEstamos premiando muchas horas de estudio y, seguramente, de dudas y frustraciones. Obst\u00e1culos que han logrado superar y que los acerca un poquito hacia sus sue\u00f1os. En Los Llanos de Aridane esperamos con los brazos abiertos a estos futuros ingenieros, matem\u00e1ticas, enfermeros y m\u00e9dicas\u201d, apunta.<\/p>\n<p>De los 32 alumnos y alumnas distinguidos, 14 recibieron una distinci\u00f3n especial por lograr el reconocimiento m\u00e1ximo: la Matr\u00edcula de Honor. El resto concluyeron la educaci\u00f3n secundaria cuenta con expedientes sobresalientes.<\/p>\n<h2><strong>El alumnado distinguido<\/strong><\/h2>\n<h3><strong>IES Jos\u00e9 Mar\u00eda P\u00e9rez Pulido<\/strong><\/h3>\n<p>&#8211; Sara Ramos Gonz\u00e1lez<\/p>\n<p>&#8211; Daniela Rodr\u00edguez Gonz\u00e1lez<\/p>\n<p>&#8211; Paula Ramos Mac\u00edas<\/p>\n<p>&#8211; Aar\u00f3n Medina Rodr\u00edguez<\/p>\n<p>&#8211; Daniel P\u00e9rez Rocha<\/p>\n<p>&#8211; Zahra Tanghoulist<\/p>\n<p>&#8211; Alexander C\u00e1ceres Gonz\u00e1lez<\/p>\n<p>&#8211; Aray Le\u00f3n Padilla<\/p>\n<p>&#8211; Francisco Mart\u00edn Gonz\u00e1lez<\/p>\n<p>&#8211; David Mart\u00edn Concepci\u00f3n<\/p>\n<h3><strong>IES Eusebio Barreto Lorenzo<\/strong><\/h3>\n<p>&#8211; Ad\u00e1n Acosta Falc\u00f3n<\/p>\n<p>&#8211; Paola Acosta Dom\u00ednguez<\/p>\n<p>&#8211; Conor Alonso Mall\u00f3n<\/p>\n<p>&#8211; Jos\u00e9 Santiago Araque V\u00e9lez<\/p>\n<p>&#8211; Luis Mariano C\u00e1ceres Hern\u00e1ndez<\/p>\n<p>&#8211; Jorge Leal Hern\u00e1ndez<\/p>\n<p>&#8211; Yaiza Mart\u00edn Herrera<\/p>\n<p>&#8211; David Mart\u00edn Lorenzo<\/p>\n<p>&#8211; Stefan Puerner<\/p>\n<p>&#8211; Miguel Rodr\u00edguez Hern\u00e1ndez<\/p>\n<p>&#8211; Alberto Tejera Pais<\/p>\n<p>&#8211; Alba Almagro S\u00e1nchez de La Blanca<\/p>\n<p>&#8211; Fiamma Bocaccini<\/p>\n<p>&#8211; Valeria Garc\u00eda Arriaga<\/p>\n<p>&#8211; David G\u00f3mez G\u00f3mez<\/p>\n<p>&#8211; Martina G\u00f3mez Lorenzo<\/p>\n<p>&#8211; Amelia Le\u00f3n Vi\u00f1a<\/p>\n<p>&#8211; Daniela P\u00e9rez Concepci\u00f3n<\/p>\n<p>&#8211; Abel Acosta Falc\u00f3n<\/p>\n<p>&#8211; Luc\u00eda Cutillas Vi\u00f1a<\/p>\n<p>&#8211; Patricia Garc\u00eda Vi\u00f1a<\/p>\n<p>&#8211; Rita Koval<\/p>\n<\/div>\n","protected":false},"excerpt":{"rendered":"<p>Fueron distinguidos un total de 32 alumnos y alumnas de los institutos del municipio<\/p>\n","protected":false},"author":4,"featured_media":3902,"comment_status":"open","ping_status":"open","sticky":false,"template":"","format":"standard","meta":{"footnotes":""},"categories":[1],"tags":[],"class_list":["post-3901","post","type-post","status-publish","format-standard","has-post-thumbnail","hentry","category-sin-categoria"],"yoast_head":"<!-- This site is optimized with the Yoast SEO plugin v22.7 - https:\/\/yoast.com\/wordpress\/plugins\/seo\/ -->\n<title>Los Llanos de Aridane reconoce los mejores expedientes acad\u00e9micos del curso 2023\/24 - Ayuntamiento de Los Llanos de Aridane<\/title>\n<meta name=\"robots\" content=\"index, follow, max-snippet:-1, max-image-preview:large, max-video-preview:-1\" \/>\n<link rel=\"canonical\" href=\"https:\/\/www.aridane.org\/city\/2024\/06\/28\/los-llanos-de-aridane-reconoce-los-mejores-expedientes-academicos-del-curso-2023-24\/\" \/>\n<meta property=\"og:locale\" content=\"es_ES\" \/>\n<meta property=\"og:type\" content=\"article\" \/>\n<meta property=\"og:title\" content=\"Los Llanos de Aridane reconoce los mejores expedientes acad\u00e9micos del curso 2023\/24 - Ayuntamiento de Los Llanos de Aridane\" \/>\n<meta property=\"og:description\" content=\"Fueron distinguidos un total de 32 alumnos y alumnas de los institutos del municipio\" \/>\n<meta property=\"og:url\" content=\"https:\/\/www.aridane.org\/city\/2024\/06\/28\/los-llanos-de-aridane-reconoce-los-mejores-expedientes-academicos-del-curso-2023-24\/\" \/>\n<meta property=\"og:site_name\" content=\"Ayuntamiento de Los Llanos de Aridane\" \/>\n<meta property=\"article:published_time\" content=\"2024-06-28T13:07:08+00:00\" \/>\n<meta property=\"article:modified_time\" content=\"2024-07-04T13:09:57+00:00\" \/>\n<meta property=\"og:image\" content=\"https:\/\/www.aridane.org\/city\/wp-content\/uploads\/2024\/07\/Foto-matriculas-1.jpeg\" \/>\n\t<meta property=\"og:image:width\" content=\"1600\" \/>\n\t<meta property=\"og:image:height\" content=\"1200\" \/>\n\t<meta property=\"og:image:type\" content=\"image\/jpeg\" \/>\n<meta name=\"author\" content=\"Corresponsal\" \/>\n<meta name=\"twitter:card\" content=\"summary_large_image\" \/>\n<meta name=\"twitter:label1\" content=\"Escrito por\" \/>\n\t<meta name=\"twitter:data1\" content=\"Corresponsal\" \/>\n\t<meta name=\"twitter:label2\" content=\"Tiempo de lectura\" \/>\n\t<meta name=\"twitter:data2\" content=\"2 minutos\" \/>\n<script type=\"application\/ld+json\" class=\"yoast-schema-graph\">{\"@context\":\"https:\/\/schema.org\",\"@graph\":[{\"@type\":\"WebPage\",\"@id\":\"https:\/\/www.aridane.org\/city\/2024\/06\/28\/los-llanos-de-aridane-reconoce-los-mejores-expedientes-academicos-del-curso-2023-24\/\",\"url\":\"https:\/\/www.aridane.org\/city\/2024\/06\/28\/los-llanos-de-aridane-reconoce-los-mejores-expedientes-academicos-del-curso-2023-24\/\",\"name\":\"Los Llanos de Aridane reconoce los mejores expedientes acad\u00e9micos del curso 2023\/24 - Ayuntamiento de Los Llanos de Aridane\",\"isPartOf\":{\"@id\":\"https:\/\/www.aridane.org\/city\/#website\"},\"primaryImageOfPage\":{\"@id\":\"https:\/\/www.aridane.org\/city\/2024\/06\/28\/los-llanos-de-aridane-reconoce-los-mejores-expedientes-academicos-del-curso-2023-24\/#primaryimage\"},\"image\":{\"@id\":\"https:\/\/www.aridane.org\/city\/2024\/06\/28\/los-llanos-de-aridane-reconoce-los-mejores-expedientes-academicos-del-curso-2023-24\/#primaryimage\"},\"thumbnailUrl\":\"https:\/\/www.aridane.org\/city\/wp-content\/uploads\/2024\/07\/Foto-matriculas-1.jpeg\",\"datePublished\":\"2024-06-28T13:07:08+00:00\",\"dateModified\":\"2024-07-04T13:09:57+00:00\",\"author\":{\"@id\":\"https:\/\/www.aridane.org\/city\/#\/schema\/person\/89ebd376b223dc94cc1dbcf200c8e6da\"},\"breadcrumb\":{\"@id\":\"https:\/\/www.aridane.org\/city\/2024\/06\/28\/los-llanos-de-aridane-reconoce-los-mejores-expedientes-academicos-del-curso-2023-24\/#breadcrumb\"},\"inLanguage\":\"es\",\"potentialAction\":[{\"@type\":\"ReadAction\",\"target\":[\"https:\/\/www.aridane.org\/city\/2024\/06\/28\/los-llanos-de-aridane-reconoce-los-mejores-expedientes-academicos-del-curso-2023-24\/\"]}]},{\"@type\":\"ImageObject\",\"inLanguage\":\"es\",\"@id\":\"https:\/\/www.aridane.org\/city\/2024\/06\/28\/los-llanos-de-aridane-reconoce-los-mejores-expedientes-academicos-del-curso-2023-24\/#primaryimage\",\"url\":\"https:\/\/www.aridane.org\/city\/wp-content\/uploads\/2024\/07\/Foto-matriculas-1.jpeg\",\"contentUrl\":\"https:\/\/www.aridane.org\/city\/wp-content\/uploads\/2024\/07\/Foto-matriculas-1.jpeg\",\"width\":1600,\"height\":1200},{\"@type\":\"BreadcrumbList\",\"@id\":\"https:\/\/www.aridane.org\/city\/2024\/06\/28\/los-llanos-de-aridane-reconoce-los-mejores-expedientes-academicos-del-curso-2023-24\/#breadcrumb\",\"itemListElement\":[{\"@type\":\"ListItem\",\"position\":1,\"name\":\"Portada\",\"item\":\"https:\/\/www.aridane.org\/city\/\"},{\"@type\":\"ListItem\",\"position\":2,\"name\":\"Los Llanos de Aridane reconoce los mejores expedientes acad\u00e9micos del curso 2023\/24\"}]},{\"@type\":\"WebSite\",\"@id\":\"https:\/\/www.aridane.org\/city\/#website\",\"url\":\"https:\/\/www.aridane.org\/city\/\",\"name\":\"Ayuntamiento de Los Llanos de Aridane\",\"description\":\"\",\"potentialAction\":[{\"@type\":\"SearchAction\",\"target\":{\"@type\":\"EntryPoint\",\"urlTemplate\":\"https:\/\/www.aridane.org\/city\/?s={search_term_string}\"},\"query-input\":\"required name=search_term_string\"}],\"inLanguage\":\"es\"},{\"@type\":\"Person\",\"@id\":\"https:\/\/www.aridane.org\/city\/#\/schema\/person\/89ebd376b223dc94cc1dbcf200c8e6da\",\"name\":\"Corresponsal\",\"image\":{\"@type\":\"ImageObject\",\"inLanguage\":\"es\",\"@id\":\"https:\/\/www.aridane.org\/city\/#\/schema\/person\/image\/\",\"url\":\"https:\/\/secure.gravatar.com\/avatar\/1c476992411e4ccf153da63b2b2f5ea0bb4cb1c85f3ceab8512f04325ad5579c?s=96&d=mm&r=g\",\"contentUrl\":\"https:\/\/secure.gravatar.com\/avatar\/1c476992411e4ccf153da63b2b2f5ea0bb4cb1c85f3ceab8512f04325ad5579c?s=96&d=mm&r=g\",\"caption\":\"Corresponsal\"},\"url\":\"https:\/\/www.aridane.org\/city\/author\/corresponsal\/\"}]}<\/script>\n<!-- \/ Yoast SEO plugin. -->","yoast_head_json":{"title":"Los Llanos de Aridane reconoce los mejores expedientes acad\u00e9micos del curso 2023\/24 - Ayuntamiento de Los Llanos de Aridane","robots":{"index":"index","follow":"follow","max-snippet":"max-snippet:-1","max-image-preview":"max-image-preview:large","max-video-preview":"max-video-preview:-1"},"canonical":"https:\/\/www.aridane.org\/city\/2024\/06\/28\/los-llanos-de-aridane-reconoce-los-mejores-expedientes-academicos-del-curso-2023-24\/","og_locale":"es_ES","og_type":"article","og_title":"Los Llanos de Aridane reconoce los mejores expedientes acad\u00e9micos del curso 2023\/24 - Ayuntamiento de Los Llanos de Aridane","og_description":"Fueron distinguidos un total de 32 alumnos y alumnas de los institutos del municipio","og_url":"https:\/\/www.aridane.org\/city\/2024\/06\/28\/los-llanos-de-aridane-reconoce-los-mejores-expedientes-academicos-del-curso-2023-24\/","og_site_name":"Ayuntamiento de Los Llanos de Aridane","article_published_time":"2024-06-28T13:07:08+00:00","article_modified_time":"2024-07-04T13:09:57+00:00","og_image":[{"width":1600,"height":1200,"url":"https:\/\/www.aridane.org\/city\/wp-content\/uploads\/2024\/07\/Foto-matriculas-1.jpeg","type":"image\/jpeg"}],"author":"Corresponsal","twitter_card":"summary_large_image","twitter_misc":{"Escrito por":"Corresponsal","Tiempo de lectura":"2 minutos"},"schema":{"@context":"https:\/\/schema.org","@graph":[{"@type":"WebPage","@id":"https:\/\/www.aridane.org\/city\/2024\/06\/28\/los-llanos-de-aridane-reconoce-los-mejores-expedientes-academicos-del-curso-2023-24\/","url":"https:\/\/www.aridane.org\/city\/2024\/06\/28\/los-llanos-de-aridane-reconoce-los-mejores-expedientes-academicos-del-curso-2023-24\/","name":"Los Llanos de Aridane reconoce los mejores expedientes acad\u00e9micos del curso 2023\/24 - Ayuntamiento de Los Llanos de Aridane","isPartOf":{"@id":"https:\/\/www.aridane.org\/city\/#website"},"primaryImageOfPage":{"@id":"https:\/\/www.aridane.org\/city\/2024\/06\/28\/los-llanos-de-aridane-reconoce-los-mejores-expedientes-academicos-del-curso-2023-24\/#primaryimage"},"image":{"@id":"https:\/\/www.aridane.org\/city\/2024\/06\/28\/los-llanos-de-aridane-reconoce-los-mejores-expedientes-academicos-del-curso-2023-24\/#primaryimage"},"thumbnailUrl":"https:\/\/www.aridane.org\/city\/wp-content\/uploads\/2024\/07\/Foto-matriculas-1.jpeg","datePublished":"2024-06-28T13:07:08+00:00","dateModified":"2024-07-04T13:09:57+00:00","author":{"@id":"https:\/\/www.aridane.org\/city\/#\/schema\/person\/89ebd376b223dc94cc1dbcf200c8e6da"},"breadcrumb":{"@id":"https:\/\/www.aridane.org\/city\/2024\/06\/28\/los-llanos-de-aridane-reconoce-los-mejores-expedientes-academicos-del-curso-2023-24\/#breadcrumb"},"inLanguage":"es","potentialAction":[{"@type":"ReadAction","target":["https:\/\/www.aridane.org\/city\/2024\/06\/28\/los-llanos-de-aridane-reconoce-los-mejores-expedientes-academicos-del-curso-2023-24\/"]}]},{"@type":"ImageObject","inLanguage":"es","@id":"https:\/\/www.aridane.org\/city\/2024\/06\/28\/los-llanos-de-aridane-reconoce-los-mejores-expedientes-academicos-del-curso-2023-24\/#primaryimage","url":"https:\/\/www.aridane.org\/city\/wp-content\/uploads\/2024\/07\/Foto-matriculas-1.jpeg","contentUrl":"https:\/\/www.aridane.org\/city\/wp-content\/uploads\/2024\/07\/Foto-matriculas-1.jpeg","width":1600,"height":1200},{"@type":"BreadcrumbList","@id":"https:\/\/www.aridane.org\/city\/2024\/06\/28\/los-llanos-de-aridane-reconoce-los-mejores-expedientes-academicos-del-curso-2023-24\/#breadcrumb","itemListElement":[{"@type":"ListItem","position":1,"name":"Portada","item":"https:\/\/www.aridane.org\/city\/"},{"@type":"ListItem","position":2,"name":"Los Llanos de Aridane reconoce los mejores expedientes acad\u00e9micos del curso 2023\/24"}]},{"@type":"WebSite","@id":"https:\/\/www.aridane.org\/city\/#website","url":"https:\/\/www.aridane.org\/city\/","name":"Ayuntamiento de Los Llanos de Aridane","description":"","potentialAction":[{"@type":"SearchAction","target":{"@type":"EntryPoint","urlTemplate":"https:\/\/www.aridane.org\/city\/?s={search_term_string}"},"query-input":"required name=search_term_string"}],"inLanguage":"es"},{"@type":"Person","@id":"https:\/\/www.aridane.org\/city\/#\/schema\/person\/89ebd376b223dc94cc1dbcf200c8e6da","name":"Corresponsal","image":{"@type":"ImageObject","inLanguage":"es","@id":"https:\/\/www.aridane.org\/city\/#\/schema\/person\/image\/","url":"https:\/\/secure.gravatar.com\/avatar\/1c476992411e4ccf153da63b2b2f5ea0bb4cb1c85f3ceab8512f04325ad5579c?s=96&d=mm&r=g","contentUrl":"https:\/\/secure.gravatar.com\/avatar\/1c476992411e4ccf153da63b2b2f5ea0bb4cb1c85f3ceab8512f04325ad5579c?s=96&d=mm&r=g","caption":"Corresponsal"},"url":"https:\/\/www.aridane.org\/city\/author\/corresponsal\/"}]}},"_links":{"self":[{"href":"https:\/\/www.aridane.org\/city\/wp-json\/wp\/v2\/posts\/3901","targetHints":{"allow":["GET"]}}],"collection":[{"href":"https:\/\/www.aridane.org\/city\/wp-json\/wp\/v2\/posts"}],"about":[{"href":"https:\/\/www.aridane.org\/city\/wp-json\/wp\/v2\/types\/post"}],"author":[{"embeddable":true,"href":"https:\/\/www.aridane.org\/city\/wp-json\/wp\/v2\/users\/4"}],"replies":[{"embeddable":true,"href":"https:\/\/www.aridane.org\/city\/wp-json\/wp\/v2\/comments?post=3901"}],"version-history":[{"count":1,"href":"https:\/\/www.aridane.org\/city\/wp-json\/wp\/v2\/posts\/3901\/revisions"}],"predecessor-version":[{"id":3903,"href":"https:\/\/www.aridane.org\/city\/wp-json\/wp\/v2\/posts\/3901\/revisions\/3903"}],"wp:featuredmedia":[{"embeddable":true,"href":"https:\/\/www.aridane.org\/city\/wp-json\/wp\/v2\/media\/3902"}],"wp:attachment":[{"href":"https:\/\/www.aridane.org\/city\/wp-json\/wp\/v2\/media?parent=3901"}],"wp:term":[{"taxonomy":"category","embeddable":true,"href":"https:\/\/www.aridane.org\/city\/wp-json\/wp\/v2\/categories?post=3901"},{"taxonomy":"post_tag","embeddable":true,"href":"https:\/\/www.aridane.org\/city\/wp-json\/wp\/v2\/tags?post=3901"}],"curies":[{"name":"wp","href":"https:\/\/api.w.org\/{rel}","templated":true}]}}