{"id":3913,"date":"2024-07-16T10:34:55","date_gmt":"2024-07-16T10:34:55","guid":{"rendered":"https:\/\/www.aridane.org\/city\/?p=3913"},"modified":"2024-07-16T10:34:55","modified_gmt":"2024-07-16T10:34:55","slug":"los-llanos-de-aridane-fomenta-la-conciliacion-familiar-con-varios-campus-de-verano","status":"publish","type":"post","link":"https:\/\/www.aridane.org\/city\/2024\/07\/16\/los-llanos-de-aridane-fomenta-la-conciliacion-familiar-con-varios-campus-de-verano\/","title":{"rendered":"Los Llanos de Aridane fomenta la conciliaci\u00f3n familiar con varios campus de verano"},"content":{"rendered":"<p><em>Jungla Park, El Bosque Encantado, Asociaci\u00f3n Compartiendo Mesas, Nube y la Asociaci\u00f3n Mojo de Ca\u00f1a son las entidades con las que colabora el Ayuntamiento<\/em><!--more--><\/p>\n<div id=\"v1forwardbody1\">\n<p>El Ayuntamiento de Los Llanos de Aridane fomenta la conciliaci\u00f3n laboral durante el verano junto con las ludotecas, centros y asociaciones sociales del municipio. A trav\u00e9s del Plan Corresponsable del Ministerio de Igualdad, el consistorio impulsa cinco campus de verano para los m\u00e1s peque\u00f1os con el objetivo de equilibrar el trabajo y la vida personal de las familias.<\/p>\n<p><strong>\u00a0<\/strong><\/p>\n<p>La concejala de Servicios Sociales e Igualdad, Idaira P\u00e9rez, agradece a las ludotecas Jungla Park y El Bosque Encantado, as\u00ed como al centro Nube y las asociaciones Compartiendo Metas y Mojo de Ca\u00f1a su labor, ofreciendo en su mayor\u00eda servicios de acogida temprana y tard\u00eda, adem\u00e1s de comedor.<\/p>\n<p><strong>\u00a0<\/strong><\/p>\n<p>Idaira P\u00e9rez recuerda que uno de los campus se realiza en colaboraci\u00f3n con el Ayuntamiento de El Paso para los vecinos y las vecinas de Las Manchas, que a\u00fan padecen los problemas de conectividad generados por el volc\u00e1n.<\/p>\n<p><strong>\u00a0<\/strong><\/p>\n<h2><strong>El Plan Corresponsables<\/strong><\/h2>\n<p><strong>\u00a0<\/strong><\/p>\n<p>El Plan Corresponsables, impulsado por el Ministerio de Igualdad, es una pol\u00edtica de igualdad de g\u00e9nero que busca desarrollar un Sistema Estatal de Cuidados para ni\u00f1os y ni\u00f1as hasta 16 a\u00f1os.<\/p>\n<p><strong>\u00a0<\/strong><\/p>\n<p>En Canarias, el proyecto es implementado por el Ministerio de Igualdad en colaboraci\u00f3n con la Consejer\u00eda de Derechos Sociales, Igualdad, Diversidad y Juventud, la Viceconsejer\u00eda de Igualdad y Diversidad, y la FECAM, junto con diversos ayuntamientos, incluido el Ayuntamiento de Los Llanos de Aridane.<\/p>\n<p><strong>\u00a0<\/strong><\/p>\n<p>Los principales objetivos del Plan en Canarias son favorecer la conciliaci\u00f3n de las familias con hijos de 0 a 16 a\u00f1os desde una perspectiva de igualdad de g\u00e9nero, crear empleo de calidad en el sector de cuidados, y visibilizar y dignificar la experiencia profesional de cuidado no formal. Adem\u00e1s, busca sensibilizar y reconocer el cuidado como una responsabilidad compartida y un valor esencial en la construcci\u00f3n de un modelo sociocultural que coloca la sostenibilidad de la vida en el centro. Tambi\u00e9n se enfocar\u00e1 en evaluar el impacto del plan para mejorar la implementaci\u00f3n de pol\u00edticas p\u00fablicas.<\/p>\n<\/div>\n","protected":false},"excerpt":{"rendered":"<p>Jungla Park, El Bosque Encantado, Asociaci\u00f3n Compartiendo Mesas, Nube y la Asociaci\u00f3n Mojo de Ca\u00f1a son las entidades con las que colabora el Ayuntamiento<\/p>\n","protected":false},"author":4,"featured_media":3914,"comment_status":"open","ping_status":"open","sticky":false,"template":"","format":"standard","meta":{"footnotes":""},"categories":[1],"tags":[],"class_list":["post-3913","post","type-post","status-publish","format-standard","has-post-thumbnail","hentry","category-sin-categoria"],"yoast_head":"<!-- This site is optimized with the Yoast SEO plugin v22.7 - https:\/\/yoast.com\/wordpress\/plugins\/seo\/ -->\n<title>Los Llanos de Aridane fomenta la conciliaci\u00f3n familiar con varios campus de verano - Ayuntamiento de Los Llanos de Aridane<\/title>\n<meta name=\"robots\" content=\"index, follow, max-snippet:-1, max-image-preview:large, max-video-preview:-1\" \/>\n<link rel=\"canonical\" href=\"https:\/\/www.aridane.org\/city\/2024\/07\/16\/los-llanos-de-aridane-fomenta-la-conciliacion-familiar-con-varios-campus-de-verano\/\" \/>\n<meta property=\"og:locale\" content=\"es_ES\" \/>\n<meta property=\"og:type\" content=\"article\" \/>\n<meta property=\"og:title\" content=\"Los Llanos de Aridane fomenta la conciliaci\u00f3n familiar con varios campus de verano - Ayuntamiento de Los Llanos de Aridane\" \/>\n<meta property=\"og:description\" content=\"Jungla Park, El Bosque Encantado, Asociaci\u00f3n Compartiendo Mesas, Nube y la Asociaci\u00f3n Mojo de Ca\u00f1a son las entidades con las que colabora el Ayuntamiento\" \/>\n<meta property=\"og:url\" content=\"https:\/\/www.aridane.org\/city\/2024\/07\/16\/los-llanos-de-aridane-fomenta-la-conciliacion-familiar-con-varios-campus-de-verano\/\" \/>\n<meta property=\"og:site_name\" content=\"Ayuntamiento de Los Llanos de Aridane\" \/>\n<meta property=\"article:published_time\" content=\"2024-07-16T10:34:55+00:00\" \/>\n<meta property=\"og:image\" content=\"https:\/\/www.aridane.org\/city\/wp-content\/uploads\/2024\/07\/Campus-de-verano-Plan-Corresponsable-scaled.jpeg\" \/>\n\t<meta property=\"og:image:width\" content=\"2560\" \/>\n\t<meta property=\"og:image:height\" content=\"1920\" \/>\n\t<meta property=\"og:image:type\" content=\"image\/jpeg\" \/>\n<meta name=\"author\" content=\"Corresponsal\" \/>\n<meta name=\"twitter:card\" content=\"summary_large_image\" \/>\n<meta name=\"twitter:label1\" content=\"Escrito por\" \/>\n\t<meta name=\"twitter:data1\" content=\"Corresponsal\" \/>\n\t<meta name=\"twitter:label2\" content=\"Tiempo de lectura\" \/>\n\t<meta name=\"twitter:data2\" content=\"2 minutos\" \/>\n<script type=\"application\/ld+json\" class=\"yoast-schema-graph\">{\"@context\":\"https:\/\/schema.org\",\"@graph\":[{\"@type\":\"WebPage\",\"@id\":\"https:\/\/www.aridane.org\/city\/2024\/07\/16\/los-llanos-de-aridane-fomenta-la-conciliacion-familiar-con-varios-campus-de-verano\/\",\"url\":\"https:\/\/www.aridane.org\/city\/2024\/07\/16\/los-llanos-de-aridane-fomenta-la-conciliacion-familiar-con-varios-campus-de-verano\/\",\"name\":\"Los Llanos de Aridane fomenta la conciliaci\u00f3n familiar con varios campus de verano - Ayuntamiento de Los Llanos de Aridane\",\"isPartOf\":{\"@id\":\"https:\/\/www.aridane.org\/city\/#website\"},\"primaryImageOfPage\":{\"@id\":\"https:\/\/www.aridane.org\/city\/2024\/07\/16\/los-llanos-de-aridane-fomenta-la-conciliacion-familiar-con-varios-campus-de-verano\/#primaryimage\"},\"image\":{\"@id\":\"https:\/\/www.aridane.org\/city\/2024\/07\/16\/los-llanos-de-aridane-fomenta-la-conciliacion-familiar-con-varios-campus-de-verano\/#primaryimage\"},\"thumbnailUrl\":\"https:\/\/www.aridane.org\/city\/wp-content\/uploads\/2024\/07\/Campus-de-verano-Plan-Corresponsable-scaled.jpeg\",\"datePublished\":\"2024-07-16T10:34:55+00:00\",\"dateModified\":\"2024-07-16T10:34:55+00:00\",\"author\":{\"@id\":\"https:\/\/www.aridane.org\/city\/#\/schema\/person\/89ebd376b223dc94cc1dbcf200c8e6da\"},\"breadcrumb\":{\"@id\":\"https:\/\/www.aridane.org\/city\/2024\/07\/16\/los-llanos-de-aridane-fomenta-la-conciliacion-familiar-con-varios-campus-de-verano\/#breadcrumb\"},\"inLanguage\":\"es\",\"potentialAction\":[{\"@type\":\"ReadAction\",\"target\":[\"https:\/\/www.aridane.org\/city\/2024\/07\/16\/los-llanos-de-aridane-fomenta-la-conciliacion-familiar-con-varios-campus-de-verano\/\"]}]},{\"@type\":\"ImageObject\",\"inLanguage\":\"es\",\"@id\":\"https:\/\/www.aridane.org\/city\/2024\/07\/16\/los-llanos-de-aridane-fomenta-la-conciliacion-familiar-con-varios-campus-de-verano\/#primaryimage\",\"url\":\"https:\/\/www.aridane.org\/city\/wp-content\/uploads\/2024\/07\/Campus-de-verano-Plan-Corresponsable-scaled.jpeg\",\"contentUrl\":\"https:\/\/www.aridane.org\/city\/wp-content\/uploads\/2024\/07\/Campus-de-verano-Plan-Corresponsable-scaled.jpeg\",\"width\":2560,\"height\":1920},{\"@type\":\"BreadcrumbList\",\"@id\":\"https:\/\/www.aridane.org\/city\/2024\/07\/16\/los-llanos-de-aridane-fomenta-la-conciliacion-familiar-con-varios-campus-de-verano\/#breadcrumb\",\"itemListElement\":[{\"@type\":\"ListItem\",\"position\":1,\"name\":\"Portada\",\"item\":\"https:\/\/www.aridane.org\/city\/\"},{\"@type\":\"ListItem\",\"position\":2,\"name\":\"Los Llanos de Aridane fomenta la conciliaci\u00f3n familiar con varios campus de verano\"}]},{\"@type\":\"WebSite\",\"@id\":\"https:\/\/www.aridane.org\/city\/#website\",\"url\":\"https:\/\/www.aridane.org\/city\/\",\"name\":\"Ayuntamiento de Los Llanos de Aridane\",\"description\":\"\",\"potentialAction\":[{\"@type\":\"SearchAction\",\"target\":{\"@type\":\"EntryPoint\",\"urlTemplate\":\"https:\/\/www.aridane.org\/city\/?s={search_term_string}\"},\"query-input\":\"required name=search_term_string\"}],\"inLanguage\":\"es\"},{\"@type\":\"Person\",\"@id\":\"https:\/\/www.aridane.org\/city\/#\/schema\/person\/89ebd376b223dc94cc1dbcf200c8e6da\",\"name\":\"Corresponsal\",\"image\":{\"@type\":\"ImageObject\",\"inLanguage\":\"es\",\"@id\":\"https:\/\/www.aridane.org\/city\/#\/schema\/person\/image\/\",\"url\":\"https:\/\/secure.gravatar.com\/avatar\/1c476992411e4ccf153da63b2b2f5ea0bb4cb1c85f3ceab8512f04325ad5579c?s=96&d=mm&r=g\",\"contentUrl\":\"https:\/\/secure.gravatar.com\/avatar\/1c476992411e4ccf153da63b2b2f5ea0bb4cb1c85f3ceab8512f04325ad5579c?s=96&d=mm&r=g\",\"caption\":\"Corresponsal\"},\"url\":\"https:\/\/www.aridane.org\/city\/author\/corresponsal\/\"}]}<\/script>\n<!-- \/ Yoast SEO plugin. -->","yoast_head_json":{"title":"Los Llanos de Aridane fomenta la conciliaci\u00f3n familiar con varios campus de verano - Ayuntamiento de Los Llanos de Aridane","robots":{"index":"index","follow":"follow","max-snippet":"max-snippet:-1","max-image-preview":"max-image-preview:large","max-video-preview":"max-video-preview:-1"},"canonical":"https:\/\/www.aridane.org\/city\/2024\/07\/16\/los-llanos-de-aridane-fomenta-la-conciliacion-familiar-con-varios-campus-de-verano\/","og_locale":"es_ES","og_type":"article","og_title":"Los Llanos de Aridane fomenta la conciliaci\u00f3n familiar con varios campus de verano - Ayuntamiento de Los Llanos de Aridane","og_description":"Jungla Park, El Bosque Encantado, Asociaci\u00f3n Compartiendo Mesas, Nube y la Asociaci\u00f3n Mojo de Ca\u00f1a son las entidades con las que colabora el Ayuntamiento","og_url":"https:\/\/www.aridane.org\/city\/2024\/07\/16\/los-llanos-de-aridane-fomenta-la-conciliacion-familiar-con-varios-campus-de-verano\/","og_site_name":"Ayuntamiento de Los Llanos de Aridane","article_published_time":"2024-07-16T10:34:55+00:00","og_image":[{"width":2560,"height":1920,"url":"https:\/\/www.aridane.org\/city\/wp-content\/uploads\/2024\/07\/Campus-de-verano-Plan-Corresponsable-scaled.jpeg","type":"image\/jpeg"}],"author":"Corresponsal","twitter_card":"summary_large_image","twitter_misc":{"Escrito por":"Corresponsal","Tiempo de lectura":"2 minutos"},"schema":{"@context":"https:\/\/schema.org","@graph":[{"@type":"WebPage","@id":"https:\/\/www.aridane.org\/city\/2024\/07\/16\/los-llanos-de-aridane-fomenta-la-conciliacion-familiar-con-varios-campus-de-verano\/","url":"https:\/\/www.aridane.org\/city\/2024\/07\/16\/los-llanos-de-aridane-fomenta-la-conciliacion-familiar-con-varios-campus-de-verano\/","name":"Los Llanos de Aridane fomenta la conciliaci\u00f3n familiar con varios campus de verano - Ayuntamiento de Los Llanos de Aridane","isPartOf":{"@id":"https:\/\/www.aridane.org\/city\/#website"},"primaryImageOfPage":{"@id":"https:\/\/www.aridane.org\/city\/2024\/07\/16\/los-llanos-de-aridane-fomenta-la-conciliacion-familiar-con-varios-campus-de-verano\/#primaryimage"},"image":{"@id":"https:\/\/www.aridane.org\/city\/2024\/07\/16\/los-llanos-de-aridane-fomenta-la-conciliacion-familiar-con-varios-campus-de-verano\/#primaryimage"},"thumbnailUrl":"https:\/\/www.aridane.org\/city\/wp-content\/uploads\/2024\/07\/Campus-de-verano-Plan-Corresponsable-scaled.jpeg","datePublished":"2024-07-16T10:34:55+00:00","dateModified":"2024-07-16T10:34:55+00:00","author":{"@id":"https:\/\/www.aridane.org\/city\/#\/schema\/person\/89ebd376b223dc94cc1dbcf200c8e6da"},"breadcrumb":{"@id":"https:\/\/www.aridane.org\/city\/2024\/07\/16\/los-llanos-de-aridane-fomenta-la-conciliacion-familiar-con-varios-campus-de-verano\/#breadcrumb"},"inLanguage":"es","potentialAction":[{"@type":"ReadAction","target":["https:\/\/www.aridane.org\/city\/2024\/07\/16\/los-llanos-de-aridane-fomenta-la-conciliacion-familiar-con-varios-campus-de-verano\/"]}]},{"@type":"ImageObject","inLanguage":"es","@id":"https:\/\/www.aridane.org\/city\/2024\/07\/16\/los-llanos-de-aridane-fomenta-la-conciliacion-familiar-con-varios-campus-de-verano\/#primaryimage","url":"https:\/\/www.aridane.org\/city\/wp-content\/uploads\/2024\/07\/Campus-de-verano-Plan-Corresponsable-scaled.jpeg","contentUrl":"https:\/\/www.aridane.org\/city\/wp-content\/uploads\/2024\/07\/Campus-de-verano-Plan-Corresponsable-scaled.jpeg","width":2560,"height":1920},{"@type":"BreadcrumbList","@id":"https:\/\/www.aridane.org\/city\/2024\/07\/16\/los-llanos-de-aridane-fomenta-la-conciliacion-familiar-con-varios-campus-de-verano\/#breadcrumb","itemListElement":[{"@type":"ListItem","position":1,"name":"Portada","item":"https:\/\/www.aridane.org\/city\/"},{"@type":"ListItem","position":2,"name":"Los Llanos de Aridane fomenta la conciliaci\u00f3n familiar con varios campus de verano"}]},{"@type":"WebSite","@id":"https:\/\/www.aridane.org\/city\/#website","url":"https:\/\/www.aridane.org\/city\/","name":"Ayuntamiento de Los Llanos de Aridane","description":"","potentialAction":[{"@type":"SearchAction","target":{"@type":"EntryPoint","urlTemplate":"https:\/\/www.aridane.org\/city\/?s={search_term_string}"},"query-input":"required name=search_term_string"}],"inLanguage":"es"},{"@type":"Person","@id":"https:\/\/www.aridane.org\/city\/#\/schema\/person\/89ebd376b223dc94cc1dbcf200c8e6da","name":"Corresponsal","image":{"@type":"ImageObject","inLanguage":"es","@id":"https:\/\/www.aridane.org\/city\/#\/schema\/person\/image\/","url":"https:\/\/secure.gravatar.com\/avatar\/1c476992411e4ccf153da63b2b2f5ea0bb4cb1c85f3ceab8512f04325ad5579c?s=96&d=mm&r=g","contentUrl":"https:\/\/secure.gravatar.com\/avatar\/1c476992411e4ccf153da63b2b2f5ea0bb4cb1c85f3ceab8512f04325ad5579c?s=96&d=mm&r=g","caption":"Corresponsal"},"url":"https:\/\/www.aridane.org\/city\/author\/corresponsal\/"}]}},"_links":{"self":[{"href":"https:\/\/www.aridane.org\/city\/wp-json\/wp\/v2\/posts\/3913","targetHints":{"allow":["GET"]}}],"collection":[{"href":"https:\/\/www.aridane.org\/city\/wp-json\/wp\/v2\/posts"}],"about":[{"href":"https:\/\/www.aridane.org\/city\/wp-json\/wp\/v2\/types\/post"}],"author":[{"embeddable":true,"href":"https:\/\/www.aridane.org\/city\/wp-json\/wp\/v2\/users\/4"}],"replies":[{"embeddable":true,"href":"https:\/\/www.aridane.org\/city\/wp-json\/wp\/v2\/comments?post=3913"}],"version-history":[{"count":1,"href":"https:\/\/www.aridane.org\/city\/wp-json\/wp\/v2\/posts\/3913\/revisions"}],"predecessor-version":[{"id":3915,"href":"https:\/\/www.aridane.org\/city\/wp-json\/wp\/v2\/posts\/3913\/revisions\/3915"}],"wp:featuredmedia":[{"embeddable":true,"href":"https:\/\/www.aridane.org\/city\/wp-json\/wp\/v2\/media\/3914"}],"wp:attachment":[{"href":"https:\/\/www.aridane.org\/city\/wp-json\/wp\/v2\/media?parent=3913"}],"wp:term":[{"taxonomy":"category","embeddable":true,"href":"https:\/\/www.aridane.org\/city\/wp-json\/wp\/v2\/categories?post=3913"},{"taxonomy":"post_tag","embeddable":true,"href":"https:\/\/www.aridane.org\/city\/wp-json\/wp\/v2\/tags?post=3913"}],"curies":[{"name":"wp","href":"https:\/\/api.w.org\/{rel}","templated":true}]}}