{"id":3916,"date":"2024-07-16T10:58:37","date_gmt":"2024-07-16T10:58:37","guid":{"rendered":"https:\/\/www.aridane.org\/city\/?p=3916"},"modified":"2024-07-16T10:58:37","modified_gmt":"2024-07-16T10:58:37","slug":"los-llanos-de-aridane-convoca-ayudas-para-los-estudiantes-que-cursan-sus-estudios-fuera-de-la-palma","status":"publish","type":"post","link":"https:\/\/www.aridane.org\/city\/2024\/07\/16\/los-llanos-de-aridane-convoca-ayudas-para-los-estudiantes-que-cursan-sus-estudios-fuera-de-la-palma\/","title":{"rendered":"Los Llanos de Aridane convoca ayudas para los estudiantes que cursan sus estudios fuera de La Palma"},"content":{"rendered":"<p><em>El plazo para presentar solicitudes finaliza el pr\u00f3ximo 16 de agosto<\/em><br \/>\n<!--more--><\/p>\n<div id=\"v1forwardbody1\">\n<p>El Ayuntamiento de Los Llanos de Aridane destina un cr\u00e9dito de 85.000 euros para la convocatoria de ayudas al estudio del ejercicio 2024. Esta convocatoria, publicada en el Bolet\u00edn Oficial de la Provincia de Santa Cruz de Tenerife, tiene como objetivo apoyar a los estudiantes del municipio que cursan sus estudios fuera de la isla de La Palma.<\/p>\n<p>El plazo para presentar solicitudes comienza este martes, 16 de julio, y finaliza el pr\u00f3ximo 16 de agosto.<\/p>\n<p>El concejal de Educaci\u00f3n, Eduardo P\u00e9rez, explica que con estas ayudas el Ayuntamiento busca estimular el desarrollo acad\u00e9mico de los j\u00f3venes del municipio, facilitando el acceso a la educaci\u00f3n superior fuera de la isla.<\/p>\n<h2><strong>C\u00f3mo pedir las ayudas<\/strong><\/h2>\n<p>Las solicitudes pueden formalizarse de manera telem\u00e1tica a trav\u00e9s de la sede electr\u00f3nica del Ayuntamiento de Los Llanos de Aridane (eadmin.aridane.org\/), para lo cual es necesario disponer de un certificado digital o DNI electr\u00f3nico.<\/p>\n<p>Asimismo, pueden presentarse de forma presencial en la Oficina de Atenci\u00f3n al Ciudadano (Plaza de Espa\u00f1a, s\/n, 38760, Los Llanos de Aridane) y en el Centro de Informaci\u00f3n Juvenil (Casa de la Cultura, Plaza de Espa\u00f1a, s\/n, 38760, Los Llanos de Aridane), en ambos casos de lunes a viernes de 8:00 a 15:00 horas, y de 8:00 a 14:00 horas durante julio, agosto y septiembre.<\/p>\n<p>Tambi\u00e9n se aceptar\u00e1n solicitudes en los registros de cualquier \u00f3rgano administrativo de la Administraci\u00f3n General del Estado, de una comunidad aut\u00f3noma, o de las entidades que integran la Administraci\u00f3n Local, as\u00ed como en las oficinas de correos y otros lugares establecidos por la normativa vigente.<\/p>\n<h2><strong>Requisitos<\/strong><\/h2>\n<p>Para optar a estas ayudas, correspondientes al Curso Acad\u00e9mico 2023\/2024, los solicitantes deben cumplir los siguientes requisitos: estar empadronados en el municipio de Los Llanos de Aridane con una antig\u00fcedad m\u00ednima de un a\u00f1o antes de la fecha de presentaci\u00f3n de la solicitud, estar matriculados en el curso acad\u00e9mico correspondiente, y que la Universidad o Centro Educativo donde se encuentren matriculados est\u00e9 fuera de la isla de La Palma.<\/p>\n<p>Adem\u00e1s, los estudios cursados no deben estar disponibles en ning\u00fan centro de la isla de La Palma.<\/p>\n<p>Los estudiantes universitarios deben estar matriculados en un m\u00ednimo de 30 cr\u00e9ditos, salvo que se justifique que un menor n\u00famero de cr\u00e9ditos es necesario para terminar los estudios. Por \u00faltimo, el centro educativo debe ser p\u00fablico y regulado por las Administraciones educativas.<\/p>\n<\/div>\n","protected":false},"excerpt":{"rendered":"<p>El plazo para presentar solicitudes finaliza el pr\u00f3ximo 16 de agosto<\/p>\n","protected":false},"author":4,"featured_media":3917,"comment_status":"open","ping_status":"open","sticky":false,"template":"","format":"standard","meta":{"footnotes":""},"categories":[1],"tags":[],"class_list":["post-3916","post","type-post","status-publish","format-standard","has-post-thumbnail","hentry","category-sin-categoria"],"yoast_head":"<!-- This site is optimized with the Yoast SEO plugin v22.7 - https:\/\/yoast.com\/wordpress\/plugins\/seo\/ -->\n<title>Los Llanos de Aridane convoca ayudas para los estudiantes que cursan sus estudios fuera de La Palma - Ayuntamiento de Los Llanos de Aridane<\/title>\n<meta name=\"robots\" content=\"index, follow, max-snippet:-1, max-image-preview:large, max-video-preview:-1\" \/>\n<link rel=\"canonical\" href=\"https:\/\/www.aridane.org\/city\/2024\/07\/16\/los-llanos-de-aridane-convoca-ayudas-para-los-estudiantes-que-cursan-sus-estudios-fuera-de-la-palma\/\" \/>\n<meta property=\"og:locale\" content=\"es_ES\" \/>\n<meta property=\"og:type\" content=\"article\" \/>\n<meta property=\"og:title\" content=\"Los Llanos de Aridane convoca ayudas para los estudiantes que cursan sus estudios fuera de La Palma - Ayuntamiento de Los Llanos de Aridane\" \/>\n<meta property=\"og:description\" content=\"El plazo para presentar solicitudes finaliza el pr\u00f3ximo 16 de agosto\" \/>\n<meta property=\"og:url\" content=\"https:\/\/www.aridane.org\/city\/2024\/07\/16\/los-llanos-de-aridane-convoca-ayudas-para-los-estudiantes-que-cursan-sus-estudios-fuera-de-la-palma\/\" \/>\n<meta property=\"og:site_name\" content=\"Ayuntamiento de Los Llanos de Aridane\" \/>\n<meta property=\"article:published_time\" content=\"2024-07-16T10:58:37+00:00\" \/>\n<meta property=\"og:image\" content=\"https:\/\/www.aridane.org\/city\/wp-content\/uploads\/2024\/07\/Ayudas-desplazamiento.png\" \/>\n\t<meta property=\"og:image:width\" content=\"1200\" \/>\n\t<meta property=\"og:image:height\" content=\"675\" \/>\n\t<meta property=\"og:image:type\" content=\"image\/png\" \/>\n<meta name=\"author\" content=\"Corresponsal\" \/>\n<meta name=\"twitter:card\" content=\"summary_large_image\" \/>\n<meta name=\"twitter:label1\" content=\"Escrito por\" \/>\n\t<meta name=\"twitter:data1\" content=\"Corresponsal\" \/>\n\t<meta name=\"twitter:label2\" content=\"Tiempo de lectura\" \/>\n\t<meta name=\"twitter:data2\" content=\"3 minutos\" \/>\n<script type=\"application\/ld+json\" class=\"yoast-schema-graph\">{\"@context\":\"https:\/\/schema.org\",\"@graph\":[{\"@type\":\"WebPage\",\"@id\":\"https:\/\/www.aridane.org\/city\/2024\/07\/16\/los-llanos-de-aridane-convoca-ayudas-para-los-estudiantes-que-cursan-sus-estudios-fuera-de-la-palma\/\",\"url\":\"https:\/\/www.aridane.org\/city\/2024\/07\/16\/los-llanos-de-aridane-convoca-ayudas-para-los-estudiantes-que-cursan-sus-estudios-fuera-de-la-palma\/\",\"name\":\"Los Llanos de Aridane convoca ayudas para los estudiantes que cursan sus estudios fuera de La Palma - Ayuntamiento de Los Llanos de Aridane\",\"isPartOf\":{\"@id\":\"https:\/\/www.aridane.org\/city\/#website\"},\"primaryImageOfPage\":{\"@id\":\"https:\/\/www.aridane.org\/city\/2024\/07\/16\/los-llanos-de-aridane-convoca-ayudas-para-los-estudiantes-que-cursan-sus-estudios-fuera-de-la-palma\/#primaryimage\"},\"image\":{\"@id\":\"https:\/\/www.aridane.org\/city\/2024\/07\/16\/los-llanos-de-aridane-convoca-ayudas-para-los-estudiantes-que-cursan-sus-estudios-fuera-de-la-palma\/#primaryimage\"},\"thumbnailUrl\":\"https:\/\/www.aridane.org\/city\/wp-content\/uploads\/2024\/07\/Ayudas-desplazamiento.png\",\"datePublished\":\"2024-07-16T10:58:37+00:00\",\"dateModified\":\"2024-07-16T10:58:37+00:00\",\"author\":{\"@id\":\"https:\/\/www.aridane.org\/city\/#\/schema\/person\/89ebd376b223dc94cc1dbcf200c8e6da\"},\"breadcrumb\":{\"@id\":\"https:\/\/www.aridane.org\/city\/2024\/07\/16\/los-llanos-de-aridane-convoca-ayudas-para-los-estudiantes-que-cursan-sus-estudios-fuera-de-la-palma\/#breadcrumb\"},\"inLanguage\":\"es\",\"potentialAction\":[{\"@type\":\"ReadAction\",\"target\":[\"https:\/\/www.aridane.org\/city\/2024\/07\/16\/los-llanos-de-aridane-convoca-ayudas-para-los-estudiantes-que-cursan-sus-estudios-fuera-de-la-palma\/\"]}]},{\"@type\":\"ImageObject\",\"inLanguage\":\"es\",\"@id\":\"https:\/\/www.aridane.org\/city\/2024\/07\/16\/los-llanos-de-aridane-convoca-ayudas-para-los-estudiantes-que-cursan-sus-estudios-fuera-de-la-palma\/#primaryimage\",\"url\":\"https:\/\/www.aridane.org\/city\/wp-content\/uploads\/2024\/07\/Ayudas-desplazamiento.png\",\"contentUrl\":\"https:\/\/www.aridane.org\/city\/wp-content\/uploads\/2024\/07\/Ayudas-desplazamiento.png\",\"width\":1200,\"height\":675},{\"@type\":\"BreadcrumbList\",\"@id\":\"https:\/\/www.aridane.org\/city\/2024\/07\/16\/los-llanos-de-aridane-convoca-ayudas-para-los-estudiantes-que-cursan-sus-estudios-fuera-de-la-palma\/#breadcrumb\",\"itemListElement\":[{\"@type\":\"ListItem\",\"position\":1,\"name\":\"Portada\",\"item\":\"https:\/\/www.aridane.org\/city\/\"},{\"@type\":\"ListItem\",\"position\":2,\"name\":\"Los Llanos de Aridane convoca ayudas para los estudiantes que cursan sus estudios fuera de La Palma\"}]},{\"@type\":\"WebSite\",\"@id\":\"https:\/\/www.aridane.org\/city\/#website\",\"url\":\"https:\/\/www.aridane.org\/city\/\",\"name\":\"Ayuntamiento de Los Llanos de Aridane\",\"description\":\"\",\"potentialAction\":[{\"@type\":\"SearchAction\",\"target\":{\"@type\":\"EntryPoint\",\"urlTemplate\":\"https:\/\/www.aridane.org\/city\/?s={search_term_string}\"},\"query-input\":\"required name=search_term_string\"}],\"inLanguage\":\"es\"},{\"@type\":\"Person\",\"@id\":\"https:\/\/www.aridane.org\/city\/#\/schema\/person\/89ebd376b223dc94cc1dbcf200c8e6da\",\"name\":\"Corresponsal\",\"image\":{\"@type\":\"ImageObject\",\"inLanguage\":\"es\",\"@id\":\"https:\/\/www.aridane.org\/city\/#\/schema\/person\/image\/\",\"url\":\"https:\/\/secure.gravatar.com\/avatar\/1c476992411e4ccf153da63b2b2f5ea0bb4cb1c85f3ceab8512f04325ad5579c?s=96&d=mm&r=g\",\"contentUrl\":\"https:\/\/secure.gravatar.com\/avatar\/1c476992411e4ccf153da63b2b2f5ea0bb4cb1c85f3ceab8512f04325ad5579c?s=96&d=mm&r=g\",\"caption\":\"Corresponsal\"},\"url\":\"https:\/\/www.aridane.org\/city\/author\/corresponsal\/\"}]}<\/script>\n<!-- \/ Yoast SEO plugin. -->","yoast_head_json":{"title":"Los Llanos de Aridane convoca ayudas para los estudiantes que cursan sus estudios fuera de La Palma - Ayuntamiento de Los Llanos de Aridane","robots":{"index":"index","follow":"follow","max-snippet":"max-snippet:-1","max-image-preview":"max-image-preview:large","max-video-preview":"max-video-preview:-1"},"canonical":"https:\/\/www.aridane.org\/city\/2024\/07\/16\/los-llanos-de-aridane-convoca-ayudas-para-los-estudiantes-que-cursan-sus-estudios-fuera-de-la-palma\/","og_locale":"es_ES","og_type":"article","og_title":"Los Llanos de Aridane convoca ayudas para los estudiantes que cursan sus estudios fuera de La Palma - Ayuntamiento de Los Llanos de Aridane","og_description":"El plazo para presentar solicitudes finaliza el pr\u00f3ximo 16 de agosto","og_url":"https:\/\/www.aridane.org\/city\/2024\/07\/16\/los-llanos-de-aridane-convoca-ayudas-para-los-estudiantes-que-cursan-sus-estudios-fuera-de-la-palma\/","og_site_name":"Ayuntamiento de Los Llanos de Aridane","article_published_time":"2024-07-16T10:58:37+00:00","og_image":[{"width":1200,"height":675,"url":"https:\/\/www.aridane.org\/city\/wp-content\/uploads\/2024\/07\/Ayudas-desplazamiento.png","type":"image\/png"}],"author":"Corresponsal","twitter_card":"summary_large_image","twitter_misc":{"Escrito por":"Corresponsal","Tiempo de lectura":"3 minutos"},"schema":{"@context":"https:\/\/schema.org","@graph":[{"@type":"WebPage","@id":"https:\/\/www.aridane.org\/city\/2024\/07\/16\/los-llanos-de-aridane-convoca-ayudas-para-los-estudiantes-que-cursan-sus-estudios-fuera-de-la-palma\/","url":"https:\/\/www.aridane.org\/city\/2024\/07\/16\/los-llanos-de-aridane-convoca-ayudas-para-los-estudiantes-que-cursan-sus-estudios-fuera-de-la-palma\/","name":"Los Llanos de Aridane convoca ayudas para los estudiantes que cursan sus estudios fuera de La Palma - Ayuntamiento de Los Llanos de Aridane","isPartOf":{"@id":"https:\/\/www.aridane.org\/city\/#website"},"primaryImageOfPage":{"@id":"https:\/\/www.aridane.org\/city\/2024\/07\/16\/los-llanos-de-aridane-convoca-ayudas-para-los-estudiantes-que-cursan-sus-estudios-fuera-de-la-palma\/#primaryimage"},"image":{"@id":"https:\/\/www.aridane.org\/city\/2024\/07\/16\/los-llanos-de-aridane-convoca-ayudas-para-los-estudiantes-que-cursan-sus-estudios-fuera-de-la-palma\/#primaryimage"},"thumbnailUrl":"https:\/\/www.aridane.org\/city\/wp-content\/uploads\/2024\/07\/Ayudas-desplazamiento.png","datePublished":"2024-07-16T10:58:37+00:00","dateModified":"2024-07-16T10:58:37+00:00","author":{"@id":"https:\/\/www.aridane.org\/city\/#\/schema\/person\/89ebd376b223dc94cc1dbcf200c8e6da"},"breadcrumb":{"@id":"https:\/\/www.aridane.org\/city\/2024\/07\/16\/los-llanos-de-aridane-convoca-ayudas-para-los-estudiantes-que-cursan-sus-estudios-fuera-de-la-palma\/#breadcrumb"},"inLanguage":"es","potentialAction":[{"@type":"ReadAction","target":["https:\/\/www.aridane.org\/city\/2024\/07\/16\/los-llanos-de-aridane-convoca-ayudas-para-los-estudiantes-que-cursan-sus-estudios-fuera-de-la-palma\/"]}]},{"@type":"ImageObject","inLanguage":"es","@id":"https:\/\/www.aridane.org\/city\/2024\/07\/16\/los-llanos-de-aridane-convoca-ayudas-para-los-estudiantes-que-cursan-sus-estudios-fuera-de-la-palma\/#primaryimage","url":"https:\/\/www.aridane.org\/city\/wp-content\/uploads\/2024\/07\/Ayudas-desplazamiento.png","contentUrl":"https:\/\/www.aridane.org\/city\/wp-content\/uploads\/2024\/07\/Ayudas-desplazamiento.png","width":1200,"height":675},{"@type":"BreadcrumbList","@id":"https:\/\/www.aridane.org\/city\/2024\/07\/16\/los-llanos-de-aridane-convoca-ayudas-para-los-estudiantes-que-cursan-sus-estudios-fuera-de-la-palma\/#breadcrumb","itemListElement":[{"@type":"ListItem","position":1,"name":"Portada","item":"https:\/\/www.aridane.org\/city\/"},{"@type":"ListItem","position":2,"name":"Los Llanos de Aridane convoca ayudas para los estudiantes que cursan sus estudios fuera de La Palma"}]},{"@type":"WebSite","@id":"https:\/\/www.aridane.org\/city\/#website","url":"https:\/\/www.aridane.org\/city\/","name":"Ayuntamiento de Los Llanos de Aridane","description":"","potentialAction":[{"@type":"SearchAction","target":{"@type":"EntryPoint","urlTemplate":"https:\/\/www.aridane.org\/city\/?s={search_term_string}"},"query-input":"required name=search_term_string"}],"inLanguage":"es"},{"@type":"Person","@id":"https:\/\/www.aridane.org\/city\/#\/schema\/person\/89ebd376b223dc94cc1dbcf200c8e6da","name":"Corresponsal","image":{"@type":"ImageObject","inLanguage":"es","@id":"https:\/\/www.aridane.org\/city\/#\/schema\/person\/image\/","url":"https:\/\/secure.gravatar.com\/avatar\/1c476992411e4ccf153da63b2b2f5ea0bb4cb1c85f3ceab8512f04325ad5579c?s=96&d=mm&r=g","contentUrl":"https:\/\/secure.gravatar.com\/avatar\/1c476992411e4ccf153da63b2b2f5ea0bb4cb1c85f3ceab8512f04325ad5579c?s=96&d=mm&r=g","caption":"Corresponsal"},"url":"https:\/\/www.aridane.org\/city\/author\/corresponsal\/"}]}},"_links":{"self":[{"href":"https:\/\/www.aridane.org\/city\/wp-json\/wp\/v2\/posts\/3916","targetHints":{"allow":["GET"]}}],"collection":[{"href":"https:\/\/www.aridane.org\/city\/wp-json\/wp\/v2\/posts"}],"about":[{"href":"https:\/\/www.aridane.org\/city\/wp-json\/wp\/v2\/types\/post"}],"author":[{"embeddable":true,"href":"https:\/\/www.aridane.org\/city\/wp-json\/wp\/v2\/users\/4"}],"replies":[{"embeddable":true,"href":"https:\/\/www.aridane.org\/city\/wp-json\/wp\/v2\/comments?post=3916"}],"version-history":[{"count":1,"href":"https:\/\/www.aridane.org\/city\/wp-json\/wp\/v2\/posts\/3916\/revisions"}],"predecessor-version":[{"id":3918,"href":"https:\/\/www.aridane.org\/city\/wp-json\/wp\/v2\/posts\/3916\/revisions\/3918"}],"wp:featuredmedia":[{"embeddable":true,"href":"https:\/\/www.aridane.org\/city\/wp-json\/wp\/v2\/media\/3917"}],"wp:attachment":[{"href":"https:\/\/www.aridane.org\/city\/wp-json\/wp\/v2\/media?parent=3916"}],"wp:term":[{"taxonomy":"category","embeddable":true,"href":"https:\/\/www.aridane.org\/city\/wp-json\/wp\/v2\/categories?post=3916"},{"taxonomy":"post_tag","embeddable":true,"href":"https:\/\/www.aridane.org\/city\/wp-json\/wp\/v2\/tags?post=3916"}],"curies":[{"name":"wp","href":"https:\/\/api.w.org\/{rel}","templated":true}]}}