{"id":3919,"date":"2024-07-17T07:07:21","date_gmt":"2024-07-17T07:07:21","guid":{"rendered":"https:\/\/www.aridane.org\/city\/?p=3919"},"modified":"2024-07-17T07:07:21","modified_gmt":"2024-07-17T07:07:21","slug":"puerto-naos-vibrara-a-ritmo-de-tina-turner-este-viernes","status":"publish","type":"post","link":"https:\/\/www.aridane.org\/city\/2024\/07\/17\/puerto-naos-vibrara-a-ritmo-de-tina-turner-este-viernes\/","title":{"rendered":"Puerto Naos vibrar\u00e1 a ritmo de Tina Turner este viernes"},"content":{"rendered":"<p><em>Tina The Rock Show Experience es un espect\u00e1culo que celebra la impresionante carrera de Tina Turner<\/em><br \/>\n<!--more--><\/p>\n<div id=\"v1forwardbody1\">\n<p>El Ayuntamiento de Los Llanos de Aridane organiza un tributo a la reina del rock&amp;roll Tina Turner en Puerto Naos. El espect\u00e1culo, bautizado\u00a0<em>Tina The Rock Show Experience<\/em>, tendr\u00e1 lugar este viernes, 19 de julio, a las 20:30 horas, en el paseo mar\u00edtimo.<\/p>\n<p>La concejala de Dinamizaci\u00f3n de Barrios, Tamara Acosta, asegura que desde el Ayuntamiento se busca estimular el d\u00eda a d\u00eda de Puerto Naos, barrio que poco a poco vuelve a la normalidad tras la gesti\u00f3n de los gases que lo mantuvieron cerrado desde el volc\u00e1n.<\/p>\n<p>\u201cAnimamos a la ciudadan\u00eda a disfrutar de la reina del rock y de un espect\u00e1culo cargado de energ\u00eda y fuerza esc\u00e9nica\u201d, sostiene la concejala.<\/p>\n<p><em>Tina The Rock Show Experience\u00a0<\/em>es un espect\u00e1culo que celebra la impresionante carrera de Tina Turner. Tras 60 a\u00f1os de carrera, 200 millones de discos vendidos y 11 premios Grammy, Turner se ha convertido en la artista individual que m\u00e1s entradas ha vendido en conciertos de la historia.<\/p>\n<p>Este show, creado en Tenerife por la directora art\u00edstica canaria Patricia Gonz\u00e1lez, rinde homenaje a Tina Turner con una producci\u00f3n que captura toda su fuerza esc\u00e9nica. Patricia, conocida art\u00edsticamente como Patty Baker, es una luchadora que apoya y da visibilidad al talento canario. Junto a un equipo de m\u00fasicos de gran nivel, residentes en Tenerife, han unido sus talentos para dar forma a esta fant\u00e1stica producci\u00f3n.<\/p>\n<\/div>\n","protected":false},"excerpt":{"rendered":"<p>Tina The Rock Show Experience es un espect\u00e1culo que celebra la impresionante carrera de Tina Turner<\/p>\n","protected":false},"author":4,"featured_media":3920,"comment_status":"open","ping_status":"open","sticky":false,"template":"","format":"standard","meta":{"footnotes":""},"categories":[1],"tags":[],"class_list":["post-3919","post","type-post","status-publish","format-standard","has-post-thumbnail","hentry","category-sin-categoria"],"yoast_head":"<!-- This site is optimized with the Yoast SEO plugin v22.7 - https:\/\/yoast.com\/wordpress\/plugins\/seo\/ -->\n<title>Puerto Naos vibrar\u00e1 a ritmo de Tina Turner este viernes - Ayuntamiento de Los Llanos de Aridane<\/title>\n<meta name=\"robots\" content=\"index, follow, max-snippet:-1, max-image-preview:large, max-video-preview:-1\" \/>\n<link rel=\"canonical\" href=\"https:\/\/www.aridane.org\/city\/2024\/07\/17\/puerto-naos-vibrara-a-ritmo-de-tina-turner-este-viernes\/\" \/>\n<meta property=\"og:locale\" content=\"es_ES\" \/>\n<meta property=\"og:type\" content=\"article\" \/>\n<meta property=\"og:title\" content=\"Puerto Naos vibrar\u00e1 a ritmo de Tina Turner este viernes - Ayuntamiento de Los Llanos de Aridane\" \/>\n<meta property=\"og:description\" content=\"Tina The Rock Show Experience es un espect\u00e1culo que celebra la impresionante carrera de Tina Turner\" \/>\n<meta property=\"og:url\" content=\"https:\/\/www.aridane.org\/city\/2024\/07\/17\/puerto-naos-vibrara-a-ritmo-de-tina-turner-este-viernes\/\" \/>\n<meta property=\"og:site_name\" content=\"Ayuntamiento de Los Llanos de Aridane\" \/>\n<meta property=\"article:published_time\" content=\"2024-07-17T07:07:21+00:00\" \/>\n<meta property=\"og:image\" content=\"https:\/\/www.aridane.org\/city\/wp-content\/uploads\/2024\/07\/Tributo-Tina-Turner-scaled.jpeg\" \/>\n\t<meta property=\"og:image:width\" content=\"2560\" \/>\n\t<meta property=\"og:image:height\" content=\"2272\" \/>\n\t<meta property=\"og:image:type\" content=\"image\/jpeg\" \/>\n<meta name=\"author\" content=\"Corresponsal\" \/>\n<meta name=\"twitter:card\" content=\"summary_large_image\" \/>\n<meta name=\"twitter:label1\" content=\"Escrito por\" \/>\n\t<meta name=\"twitter:data1\" content=\"Corresponsal\" \/>\n\t<meta name=\"twitter:label2\" content=\"Tiempo de lectura\" \/>\n\t<meta name=\"twitter:data2\" content=\"2 minutos\" \/>\n<script type=\"application\/ld+json\" class=\"yoast-schema-graph\">{\"@context\":\"https:\/\/schema.org\",\"@graph\":[{\"@type\":\"WebPage\",\"@id\":\"https:\/\/www.aridane.org\/city\/2024\/07\/17\/puerto-naos-vibrara-a-ritmo-de-tina-turner-este-viernes\/\",\"url\":\"https:\/\/www.aridane.org\/city\/2024\/07\/17\/puerto-naos-vibrara-a-ritmo-de-tina-turner-este-viernes\/\",\"name\":\"Puerto Naos vibrar\u00e1 a ritmo de Tina Turner este viernes - Ayuntamiento de Los Llanos de Aridane\",\"isPartOf\":{\"@id\":\"https:\/\/www.aridane.org\/city\/#website\"},\"primaryImageOfPage\":{\"@id\":\"https:\/\/www.aridane.org\/city\/2024\/07\/17\/puerto-naos-vibrara-a-ritmo-de-tina-turner-este-viernes\/#primaryimage\"},\"image\":{\"@id\":\"https:\/\/www.aridane.org\/city\/2024\/07\/17\/puerto-naos-vibrara-a-ritmo-de-tina-turner-este-viernes\/#primaryimage\"},\"thumbnailUrl\":\"https:\/\/www.aridane.org\/city\/wp-content\/uploads\/2024\/07\/Tributo-Tina-Turner-scaled.jpeg\",\"datePublished\":\"2024-07-17T07:07:21+00:00\",\"dateModified\":\"2024-07-17T07:07:21+00:00\",\"author\":{\"@id\":\"https:\/\/www.aridane.org\/city\/#\/schema\/person\/89ebd376b223dc94cc1dbcf200c8e6da\"},\"breadcrumb\":{\"@id\":\"https:\/\/www.aridane.org\/city\/2024\/07\/17\/puerto-naos-vibrara-a-ritmo-de-tina-turner-este-viernes\/#breadcrumb\"},\"inLanguage\":\"es\",\"potentialAction\":[{\"@type\":\"ReadAction\",\"target\":[\"https:\/\/www.aridane.org\/city\/2024\/07\/17\/puerto-naos-vibrara-a-ritmo-de-tina-turner-este-viernes\/\"]}]},{\"@type\":\"ImageObject\",\"inLanguage\":\"es\",\"@id\":\"https:\/\/www.aridane.org\/city\/2024\/07\/17\/puerto-naos-vibrara-a-ritmo-de-tina-turner-este-viernes\/#primaryimage\",\"url\":\"https:\/\/www.aridane.org\/city\/wp-content\/uploads\/2024\/07\/Tributo-Tina-Turner-scaled.jpeg\",\"contentUrl\":\"https:\/\/www.aridane.org\/city\/wp-content\/uploads\/2024\/07\/Tributo-Tina-Turner-scaled.jpeg\",\"width\":2560,\"height\":2272},{\"@type\":\"BreadcrumbList\",\"@id\":\"https:\/\/www.aridane.org\/city\/2024\/07\/17\/puerto-naos-vibrara-a-ritmo-de-tina-turner-este-viernes\/#breadcrumb\",\"itemListElement\":[{\"@type\":\"ListItem\",\"position\":1,\"name\":\"Portada\",\"item\":\"https:\/\/www.aridane.org\/city\/\"},{\"@type\":\"ListItem\",\"position\":2,\"name\":\"Puerto Naos vibrar\u00e1 a ritmo de Tina Turner este viernes\"}]},{\"@type\":\"WebSite\",\"@id\":\"https:\/\/www.aridane.org\/city\/#website\",\"url\":\"https:\/\/www.aridane.org\/city\/\",\"name\":\"Ayuntamiento de Los Llanos de Aridane\",\"description\":\"\",\"potentialAction\":[{\"@type\":\"SearchAction\",\"target\":{\"@type\":\"EntryPoint\",\"urlTemplate\":\"https:\/\/www.aridane.org\/city\/?s={search_term_string}\"},\"query-input\":\"required name=search_term_string\"}],\"inLanguage\":\"es\"},{\"@type\":\"Person\",\"@id\":\"https:\/\/www.aridane.org\/city\/#\/schema\/person\/89ebd376b223dc94cc1dbcf200c8e6da\",\"name\":\"Corresponsal\",\"image\":{\"@type\":\"ImageObject\",\"inLanguage\":\"es\",\"@id\":\"https:\/\/www.aridane.org\/city\/#\/schema\/person\/image\/\",\"url\":\"https:\/\/secure.gravatar.com\/avatar\/1c476992411e4ccf153da63b2b2f5ea0bb4cb1c85f3ceab8512f04325ad5579c?s=96&d=mm&r=g\",\"contentUrl\":\"https:\/\/secure.gravatar.com\/avatar\/1c476992411e4ccf153da63b2b2f5ea0bb4cb1c85f3ceab8512f04325ad5579c?s=96&d=mm&r=g\",\"caption\":\"Corresponsal\"},\"url\":\"https:\/\/www.aridane.org\/city\/author\/corresponsal\/\"}]}<\/script>\n<!-- \/ Yoast SEO plugin. -->","yoast_head_json":{"title":"Puerto Naos vibrar\u00e1 a ritmo de Tina Turner este viernes - Ayuntamiento de Los Llanos de Aridane","robots":{"index":"index","follow":"follow","max-snippet":"max-snippet:-1","max-image-preview":"max-image-preview:large","max-video-preview":"max-video-preview:-1"},"canonical":"https:\/\/www.aridane.org\/city\/2024\/07\/17\/puerto-naos-vibrara-a-ritmo-de-tina-turner-este-viernes\/","og_locale":"es_ES","og_type":"article","og_title":"Puerto Naos vibrar\u00e1 a ritmo de Tina Turner este viernes - Ayuntamiento de Los Llanos de Aridane","og_description":"Tina The Rock Show Experience es un espect\u00e1culo que celebra la impresionante carrera de Tina Turner","og_url":"https:\/\/www.aridane.org\/city\/2024\/07\/17\/puerto-naos-vibrara-a-ritmo-de-tina-turner-este-viernes\/","og_site_name":"Ayuntamiento de Los Llanos de Aridane","article_published_time":"2024-07-17T07:07:21+00:00","og_image":[{"width":2560,"height":2272,"url":"https:\/\/www.aridane.org\/city\/wp-content\/uploads\/2024\/07\/Tributo-Tina-Turner-scaled.jpeg","type":"image\/jpeg"}],"author":"Corresponsal","twitter_card":"summary_large_image","twitter_misc":{"Escrito por":"Corresponsal","Tiempo de lectura":"2 minutos"},"schema":{"@context":"https:\/\/schema.org","@graph":[{"@type":"WebPage","@id":"https:\/\/www.aridane.org\/city\/2024\/07\/17\/puerto-naos-vibrara-a-ritmo-de-tina-turner-este-viernes\/","url":"https:\/\/www.aridane.org\/city\/2024\/07\/17\/puerto-naos-vibrara-a-ritmo-de-tina-turner-este-viernes\/","name":"Puerto Naos vibrar\u00e1 a ritmo de Tina Turner este viernes - Ayuntamiento de Los Llanos de Aridane","isPartOf":{"@id":"https:\/\/www.aridane.org\/city\/#website"},"primaryImageOfPage":{"@id":"https:\/\/www.aridane.org\/city\/2024\/07\/17\/puerto-naos-vibrara-a-ritmo-de-tina-turner-este-viernes\/#primaryimage"},"image":{"@id":"https:\/\/www.aridane.org\/city\/2024\/07\/17\/puerto-naos-vibrara-a-ritmo-de-tina-turner-este-viernes\/#primaryimage"},"thumbnailUrl":"https:\/\/www.aridane.org\/city\/wp-content\/uploads\/2024\/07\/Tributo-Tina-Turner-scaled.jpeg","datePublished":"2024-07-17T07:07:21+00:00","dateModified":"2024-07-17T07:07:21+00:00","author":{"@id":"https:\/\/www.aridane.org\/city\/#\/schema\/person\/89ebd376b223dc94cc1dbcf200c8e6da"},"breadcrumb":{"@id":"https:\/\/www.aridane.org\/city\/2024\/07\/17\/puerto-naos-vibrara-a-ritmo-de-tina-turner-este-viernes\/#breadcrumb"},"inLanguage":"es","potentialAction":[{"@type":"ReadAction","target":["https:\/\/www.aridane.org\/city\/2024\/07\/17\/puerto-naos-vibrara-a-ritmo-de-tina-turner-este-viernes\/"]}]},{"@type":"ImageObject","inLanguage":"es","@id":"https:\/\/www.aridane.org\/city\/2024\/07\/17\/puerto-naos-vibrara-a-ritmo-de-tina-turner-este-viernes\/#primaryimage","url":"https:\/\/www.aridane.org\/city\/wp-content\/uploads\/2024\/07\/Tributo-Tina-Turner-scaled.jpeg","contentUrl":"https:\/\/www.aridane.org\/city\/wp-content\/uploads\/2024\/07\/Tributo-Tina-Turner-scaled.jpeg","width":2560,"height":2272},{"@type":"BreadcrumbList","@id":"https:\/\/www.aridane.org\/city\/2024\/07\/17\/puerto-naos-vibrara-a-ritmo-de-tina-turner-este-viernes\/#breadcrumb","itemListElement":[{"@type":"ListItem","position":1,"name":"Portada","item":"https:\/\/www.aridane.org\/city\/"},{"@type":"ListItem","position":2,"name":"Puerto Naos vibrar\u00e1 a ritmo de Tina Turner este viernes"}]},{"@type":"WebSite","@id":"https:\/\/www.aridane.org\/city\/#website","url":"https:\/\/www.aridane.org\/city\/","name":"Ayuntamiento de Los Llanos de Aridane","description":"","potentialAction":[{"@type":"SearchAction","target":{"@type":"EntryPoint","urlTemplate":"https:\/\/www.aridane.org\/city\/?s={search_term_string}"},"query-input":"required name=search_term_string"}],"inLanguage":"es"},{"@type":"Person","@id":"https:\/\/www.aridane.org\/city\/#\/schema\/person\/89ebd376b223dc94cc1dbcf200c8e6da","name":"Corresponsal","image":{"@type":"ImageObject","inLanguage":"es","@id":"https:\/\/www.aridane.org\/city\/#\/schema\/person\/image\/","url":"https:\/\/secure.gravatar.com\/avatar\/1c476992411e4ccf153da63b2b2f5ea0bb4cb1c85f3ceab8512f04325ad5579c?s=96&d=mm&r=g","contentUrl":"https:\/\/secure.gravatar.com\/avatar\/1c476992411e4ccf153da63b2b2f5ea0bb4cb1c85f3ceab8512f04325ad5579c?s=96&d=mm&r=g","caption":"Corresponsal"},"url":"https:\/\/www.aridane.org\/city\/author\/corresponsal\/"}]}},"_links":{"self":[{"href":"https:\/\/www.aridane.org\/city\/wp-json\/wp\/v2\/posts\/3919","targetHints":{"allow":["GET"]}}],"collection":[{"href":"https:\/\/www.aridane.org\/city\/wp-json\/wp\/v2\/posts"}],"about":[{"href":"https:\/\/www.aridane.org\/city\/wp-json\/wp\/v2\/types\/post"}],"author":[{"embeddable":true,"href":"https:\/\/www.aridane.org\/city\/wp-json\/wp\/v2\/users\/4"}],"replies":[{"embeddable":true,"href":"https:\/\/www.aridane.org\/city\/wp-json\/wp\/v2\/comments?post=3919"}],"version-history":[{"count":1,"href":"https:\/\/www.aridane.org\/city\/wp-json\/wp\/v2\/posts\/3919\/revisions"}],"predecessor-version":[{"id":3921,"href":"https:\/\/www.aridane.org\/city\/wp-json\/wp\/v2\/posts\/3919\/revisions\/3921"}],"wp:featuredmedia":[{"embeddable":true,"href":"https:\/\/www.aridane.org\/city\/wp-json\/wp\/v2\/media\/3920"}],"wp:attachment":[{"href":"https:\/\/www.aridane.org\/city\/wp-json\/wp\/v2\/media?parent=3919"}],"wp:term":[{"taxonomy":"category","embeddable":true,"href":"https:\/\/www.aridane.org\/city\/wp-json\/wp\/v2\/categories?post=3919"},{"taxonomy":"post_tag","embeddable":true,"href":"https:\/\/www.aridane.org\/city\/wp-json\/wp\/v2\/tags?post=3919"}],"curies":[{"name":"wp","href":"https:\/\/api.w.org\/{rel}","templated":true}]}}