{"id":3922,"date":"2024-07-15T07:26:06","date_gmt":"2024-07-15T07:26:06","guid":{"rendered":"https:\/\/www.aridane.org\/city\/?p=3922"},"modified":"2024-07-17T07:40:04","modified_gmt":"2024-07-17T07:40:04","slug":"las-playas-de-los-llanos-de-aridane-acogeran-actividades-deportivas-durante-el-verano","status":"publish","type":"post","link":"https:\/\/www.aridane.org\/city\/2024\/07\/15\/las-playas-de-los-llanos-de-aridane-acogeran-actividades-deportivas-durante-el-verano\/","title":{"rendered":"Las playas de Los Llanos de Aridane acoger\u00e1n actividades deportivas durante el verano"},"content":{"rendered":"<p><em>Las actividades tendr\u00e1n lugar durante los meses de julio, agosto y septiembre en las playas de Puerto Naos y El Charco Verde<\/em><br \/>\n<!--more--><\/p>\n<div id=\"v1forwardbody1\">\n<p>El Ayuntamiento de Los Llanos de Aridane activa para este verano actividades deportivas destinadas a la ciudadan\u00eda en las playas de Puerto Naos y El Charco Verde.<\/p>\n<p>Durante los meses de verano, la Concejal\u00eda de Deportes y Playas proporcionar\u00e1 clases de diferentes \u00e1mbitos deportivos como pilates, yoga, gimnasia de mantenimiento o f\u00fatbol playa, entre otras.<\/p>\n<p>El concejal del \u00c1rea, V\u00edctor Gonz\u00e1lez, asegura que \u201ccon estas actividades se pretende que la ciudadan\u00eda se mantenga activa durante el verano al mismo tiempo que disfrutan de nuestras playas\u201d.<\/p>\n<p>La primera de las actividades deportivas ser\u00e1 pilates y se llevar\u00e1 a cabo desde el 16 de julio hasta el 8 de agosto. La actividad se realizar\u00e1 dos veces por semana, martes y jueves, de 9:00 a 10:00 horas.<\/p>\n<p>Desde el consistorio, con esta iniciativa se pretende ofrecer propuestas de ocio a los ciudadanos para que realicen ejercicio activo durante los meses de verano con el objetivo de dinamizar el litoral del municipio.<\/p>\n<\/div>\n","protected":false},"excerpt":{"rendered":"<p>Las actividades tendr\u00e1n lugar durante los meses de julio, agosto y septiembre en las playas de Puerto Naos y El Charco Verde<\/p>\n","protected":false},"author":4,"featured_media":3735,"comment_status":"open","ping_status":"open","sticky":false,"template":"","format":"standard","meta":{"footnotes":""},"categories":[1],"tags":[],"class_list":["post-3922","post","type-post","status-publish","format-standard","has-post-thumbnail","hentry","category-sin-categoria"],"yoast_head":"<!-- This site is optimized with the Yoast SEO plugin v22.7 - https:\/\/yoast.com\/wordpress\/plugins\/seo\/ -->\n<title>Las playas de Los Llanos de Aridane acoger\u00e1n actividades deportivas durante el verano - Ayuntamiento de Los Llanos de Aridane<\/title>\n<meta name=\"robots\" content=\"index, follow, max-snippet:-1, max-image-preview:large, max-video-preview:-1\" \/>\n<link rel=\"canonical\" href=\"https:\/\/www.aridane.org\/city\/2024\/07\/15\/las-playas-de-los-llanos-de-aridane-acogeran-actividades-deportivas-durante-el-verano\/\" \/>\n<meta property=\"og:locale\" content=\"es_ES\" \/>\n<meta property=\"og:type\" content=\"article\" \/>\n<meta property=\"og:title\" content=\"Las playas de Los Llanos de Aridane acoger\u00e1n actividades deportivas durante el verano - Ayuntamiento de Los Llanos de Aridane\" \/>\n<meta property=\"og:description\" content=\"Las actividades tendr\u00e1n lugar durante los meses de julio, agosto y septiembre en las playas de Puerto Naos y El Charco Verde\" \/>\n<meta property=\"og:url\" content=\"https:\/\/www.aridane.org\/city\/2024\/07\/15\/las-playas-de-los-llanos-de-aridane-acogeran-actividades-deportivas-durante-el-verano\/\" \/>\n<meta property=\"og:site_name\" content=\"Ayuntamiento de Los Llanos de Aridane\" \/>\n<meta property=\"article:published_time\" content=\"2024-07-15T07:26:06+00:00\" \/>\n<meta property=\"article:modified_time\" content=\"2024-07-17T07:40:04+00:00\" \/>\n<meta property=\"og:image\" content=\"https:\/\/www.aridane.org\/city\/wp-content\/uploads\/2024\/05\/Puerto-Naos-2-1.jpeg\" \/>\n\t<meta property=\"og:image:width\" content=\"1620\" \/>\n\t<meta property=\"og:image:height\" content=\"1080\" \/>\n\t<meta property=\"og:image:type\" content=\"image\/jpeg\" \/>\n<meta name=\"author\" content=\"Corresponsal\" \/>\n<meta name=\"twitter:card\" content=\"summary_large_image\" \/>\n<meta name=\"twitter:label1\" content=\"Escrito por\" \/>\n\t<meta name=\"twitter:data1\" content=\"Corresponsal\" \/>\n\t<meta name=\"twitter:label2\" content=\"Tiempo de lectura\" \/>\n\t<meta name=\"twitter:data2\" content=\"2 minutos\" \/>\n<script type=\"application\/ld+json\" class=\"yoast-schema-graph\">{\"@context\":\"https:\/\/schema.org\",\"@graph\":[{\"@type\":\"WebPage\",\"@id\":\"https:\/\/www.aridane.org\/city\/2024\/07\/15\/las-playas-de-los-llanos-de-aridane-acogeran-actividades-deportivas-durante-el-verano\/\",\"url\":\"https:\/\/www.aridane.org\/city\/2024\/07\/15\/las-playas-de-los-llanos-de-aridane-acogeran-actividades-deportivas-durante-el-verano\/\",\"name\":\"Las playas de Los Llanos de Aridane acoger\u00e1n actividades deportivas durante el verano - Ayuntamiento de Los Llanos de Aridane\",\"isPartOf\":{\"@id\":\"https:\/\/www.aridane.org\/city\/#website\"},\"primaryImageOfPage\":{\"@id\":\"https:\/\/www.aridane.org\/city\/2024\/07\/15\/las-playas-de-los-llanos-de-aridane-acogeran-actividades-deportivas-durante-el-verano\/#primaryimage\"},\"image\":{\"@id\":\"https:\/\/www.aridane.org\/city\/2024\/07\/15\/las-playas-de-los-llanos-de-aridane-acogeran-actividades-deportivas-durante-el-verano\/#primaryimage\"},\"thumbnailUrl\":\"https:\/\/www.aridane.org\/city\/wp-content\/uploads\/2024\/05\/Puerto-Naos-2-1.jpeg\",\"datePublished\":\"2024-07-15T07:26:06+00:00\",\"dateModified\":\"2024-07-17T07:40:04+00:00\",\"author\":{\"@id\":\"https:\/\/www.aridane.org\/city\/#\/schema\/person\/89ebd376b223dc94cc1dbcf200c8e6da\"},\"breadcrumb\":{\"@id\":\"https:\/\/www.aridane.org\/city\/2024\/07\/15\/las-playas-de-los-llanos-de-aridane-acogeran-actividades-deportivas-durante-el-verano\/#breadcrumb\"},\"inLanguage\":\"es\",\"potentialAction\":[{\"@type\":\"ReadAction\",\"target\":[\"https:\/\/www.aridane.org\/city\/2024\/07\/15\/las-playas-de-los-llanos-de-aridane-acogeran-actividades-deportivas-durante-el-verano\/\"]}]},{\"@type\":\"ImageObject\",\"inLanguage\":\"es\",\"@id\":\"https:\/\/www.aridane.org\/city\/2024\/07\/15\/las-playas-de-los-llanos-de-aridane-acogeran-actividades-deportivas-durante-el-verano\/#primaryimage\",\"url\":\"https:\/\/www.aridane.org\/city\/wp-content\/uploads\/2024\/05\/Puerto-Naos-2-1.jpeg\",\"contentUrl\":\"https:\/\/www.aridane.org\/city\/wp-content\/uploads\/2024\/05\/Puerto-Naos-2-1.jpeg\",\"width\":1620,\"height\":1080},{\"@type\":\"BreadcrumbList\",\"@id\":\"https:\/\/www.aridane.org\/city\/2024\/07\/15\/las-playas-de-los-llanos-de-aridane-acogeran-actividades-deportivas-durante-el-verano\/#breadcrumb\",\"itemListElement\":[{\"@type\":\"ListItem\",\"position\":1,\"name\":\"Portada\",\"item\":\"https:\/\/www.aridane.org\/city\/\"},{\"@type\":\"ListItem\",\"position\":2,\"name\":\"Las playas de Los Llanos de Aridane acoger\u00e1n actividades deportivas durante el verano\"}]},{\"@type\":\"WebSite\",\"@id\":\"https:\/\/www.aridane.org\/city\/#website\",\"url\":\"https:\/\/www.aridane.org\/city\/\",\"name\":\"Ayuntamiento de Los Llanos de Aridane\",\"description\":\"\",\"potentialAction\":[{\"@type\":\"SearchAction\",\"target\":{\"@type\":\"EntryPoint\",\"urlTemplate\":\"https:\/\/www.aridane.org\/city\/?s={search_term_string}\"},\"query-input\":\"required name=search_term_string\"}],\"inLanguage\":\"es\"},{\"@type\":\"Person\",\"@id\":\"https:\/\/www.aridane.org\/city\/#\/schema\/person\/89ebd376b223dc94cc1dbcf200c8e6da\",\"name\":\"Corresponsal\",\"image\":{\"@type\":\"ImageObject\",\"inLanguage\":\"es\",\"@id\":\"https:\/\/www.aridane.org\/city\/#\/schema\/person\/image\/\",\"url\":\"https:\/\/secure.gravatar.com\/avatar\/1c476992411e4ccf153da63b2b2f5ea0bb4cb1c85f3ceab8512f04325ad5579c?s=96&d=mm&r=g\",\"contentUrl\":\"https:\/\/secure.gravatar.com\/avatar\/1c476992411e4ccf153da63b2b2f5ea0bb4cb1c85f3ceab8512f04325ad5579c?s=96&d=mm&r=g\",\"caption\":\"Corresponsal\"},\"url\":\"https:\/\/www.aridane.org\/city\/author\/corresponsal\/\"}]}<\/script>\n<!-- \/ Yoast SEO plugin. -->","yoast_head_json":{"title":"Las playas de Los Llanos de Aridane acoger\u00e1n actividades deportivas durante el verano - Ayuntamiento de Los Llanos de Aridane","robots":{"index":"index","follow":"follow","max-snippet":"max-snippet:-1","max-image-preview":"max-image-preview:large","max-video-preview":"max-video-preview:-1"},"canonical":"https:\/\/www.aridane.org\/city\/2024\/07\/15\/las-playas-de-los-llanos-de-aridane-acogeran-actividades-deportivas-durante-el-verano\/","og_locale":"es_ES","og_type":"article","og_title":"Las playas de Los Llanos de Aridane acoger\u00e1n actividades deportivas durante el verano - Ayuntamiento de Los Llanos de Aridane","og_description":"Las actividades tendr\u00e1n lugar durante los meses de julio, agosto y septiembre en las playas de Puerto Naos y El Charco Verde","og_url":"https:\/\/www.aridane.org\/city\/2024\/07\/15\/las-playas-de-los-llanos-de-aridane-acogeran-actividades-deportivas-durante-el-verano\/","og_site_name":"Ayuntamiento de Los Llanos de Aridane","article_published_time":"2024-07-15T07:26:06+00:00","article_modified_time":"2024-07-17T07:40:04+00:00","og_image":[{"width":1620,"height":1080,"url":"https:\/\/www.aridane.org\/city\/wp-content\/uploads\/2024\/05\/Puerto-Naos-2-1.jpeg","type":"image\/jpeg"}],"author":"Corresponsal","twitter_card":"summary_large_image","twitter_misc":{"Escrito por":"Corresponsal","Tiempo de lectura":"2 minutos"},"schema":{"@context":"https:\/\/schema.org","@graph":[{"@type":"WebPage","@id":"https:\/\/www.aridane.org\/city\/2024\/07\/15\/las-playas-de-los-llanos-de-aridane-acogeran-actividades-deportivas-durante-el-verano\/","url":"https:\/\/www.aridane.org\/city\/2024\/07\/15\/las-playas-de-los-llanos-de-aridane-acogeran-actividades-deportivas-durante-el-verano\/","name":"Las playas de Los Llanos de Aridane acoger\u00e1n actividades deportivas durante el verano - Ayuntamiento de Los Llanos de Aridane","isPartOf":{"@id":"https:\/\/www.aridane.org\/city\/#website"},"primaryImageOfPage":{"@id":"https:\/\/www.aridane.org\/city\/2024\/07\/15\/las-playas-de-los-llanos-de-aridane-acogeran-actividades-deportivas-durante-el-verano\/#primaryimage"},"image":{"@id":"https:\/\/www.aridane.org\/city\/2024\/07\/15\/las-playas-de-los-llanos-de-aridane-acogeran-actividades-deportivas-durante-el-verano\/#primaryimage"},"thumbnailUrl":"https:\/\/www.aridane.org\/city\/wp-content\/uploads\/2024\/05\/Puerto-Naos-2-1.jpeg","datePublished":"2024-07-15T07:26:06+00:00","dateModified":"2024-07-17T07:40:04+00:00","author":{"@id":"https:\/\/www.aridane.org\/city\/#\/schema\/person\/89ebd376b223dc94cc1dbcf200c8e6da"},"breadcrumb":{"@id":"https:\/\/www.aridane.org\/city\/2024\/07\/15\/las-playas-de-los-llanos-de-aridane-acogeran-actividades-deportivas-durante-el-verano\/#breadcrumb"},"inLanguage":"es","potentialAction":[{"@type":"ReadAction","target":["https:\/\/www.aridane.org\/city\/2024\/07\/15\/las-playas-de-los-llanos-de-aridane-acogeran-actividades-deportivas-durante-el-verano\/"]}]},{"@type":"ImageObject","inLanguage":"es","@id":"https:\/\/www.aridane.org\/city\/2024\/07\/15\/las-playas-de-los-llanos-de-aridane-acogeran-actividades-deportivas-durante-el-verano\/#primaryimage","url":"https:\/\/www.aridane.org\/city\/wp-content\/uploads\/2024\/05\/Puerto-Naos-2-1.jpeg","contentUrl":"https:\/\/www.aridane.org\/city\/wp-content\/uploads\/2024\/05\/Puerto-Naos-2-1.jpeg","width":1620,"height":1080},{"@type":"BreadcrumbList","@id":"https:\/\/www.aridane.org\/city\/2024\/07\/15\/las-playas-de-los-llanos-de-aridane-acogeran-actividades-deportivas-durante-el-verano\/#breadcrumb","itemListElement":[{"@type":"ListItem","position":1,"name":"Portada","item":"https:\/\/www.aridane.org\/city\/"},{"@type":"ListItem","position":2,"name":"Las playas de Los Llanos de Aridane acoger\u00e1n actividades deportivas durante el verano"}]},{"@type":"WebSite","@id":"https:\/\/www.aridane.org\/city\/#website","url":"https:\/\/www.aridane.org\/city\/","name":"Ayuntamiento de Los Llanos de Aridane","description":"","potentialAction":[{"@type":"SearchAction","target":{"@type":"EntryPoint","urlTemplate":"https:\/\/www.aridane.org\/city\/?s={search_term_string}"},"query-input":"required name=search_term_string"}],"inLanguage":"es"},{"@type":"Person","@id":"https:\/\/www.aridane.org\/city\/#\/schema\/person\/89ebd376b223dc94cc1dbcf200c8e6da","name":"Corresponsal","image":{"@type":"ImageObject","inLanguage":"es","@id":"https:\/\/www.aridane.org\/city\/#\/schema\/person\/image\/","url":"https:\/\/secure.gravatar.com\/avatar\/1c476992411e4ccf153da63b2b2f5ea0bb4cb1c85f3ceab8512f04325ad5579c?s=96&d=mm&r=g","contentUrl":"https:\/\/secure.gravatar.com\/avatar\/1c476992411e4ccf153da63b2b2f5ea0bb4cb1c85f3ceab8512f04325ad5579c?s=96&d=mm&r=g","caption":"Corresponsal"},"url":"https:\/\/www.aridane.org\/city\/author\/corresponsal\/"}]}},"_links":{"self":[{"href":"https:\/\/www.aridane.org\/city\/wp-json\/wp\/v2\/posts\/3922","targetHints":{"allow":["GET"]}}],"collection":[{"href":"https:\/\/www.aridane.org\/city\/wp-json\/wp\/v2\/posts"}],"about":[{"href":"https:\/\/www.aridane.org\/city\/wp-json\/wp\/v2\/types\/post"}],"author":[{"embeddable":true,"href":"https:\/\/www.aridane.org\/city\/wp-json\/wp\/v2\/users\/4"}],"replies":[{"embeddable":true,"href":"https:\/\/www.aridane.org\/city\/wp-json\/wp\/v2\/comments?post=3922"}],"version-history":[{"count":1,"href":"https:\/\/www.aridane.org\/city\/wp-json\/wp\/v2\/posts\/3922\/revisions"}],"predecessor-version":[{"id":3923,"href":"https:\/\/www.aridane.org\/city\/wp-json\/wp\/v2\/posts\/3922\/revisions\/3923"}],"wp:featuredmedia":[{"embeddable":true,"href":"https:\/\/www.aridane.org\/city\/wp-json\/wp\/v2\/media\/3735"}],"wp:attachment":[{"href":"https:\/\/www.aridane.org\/city\/wp-json\/wp\/v2\/media?parent=3922"}],"wp:term":[{"taxonomy":"category","embeddable":true,"href":"https:\/\/www.aridane.org\/city\/wp-json\/wp\/v2\/categories?post=3922"},{"taxonomy":"post_tag","embeddable":true,"href":"https:\/\/www.aridane.org\/city\/wp-json\/wp\/v2\/tags?post=3922"}],"curies":[{"name":"wp","href":"https:\/\/api.w.org\/{rel}","templated":true}]}}