{"id":3927,"date":"2024-07-12T11:45:54","date_gmt":"2024-07-12T11:45:54","guid":{"rendered":"https:\/\/www.aridane.org\/city\/?p=3927"},"modified":"2024-07-17T07:46:13","modified_gmt":"2024-07-17T07:46:13","slug":"los-llanos-de-aridane-inicia-la-recuperacion-del-camino-cumplido","status":"publish","type":"post","link":"https:\/\/www.aridane.org\/city\/2024\/07\/12\/los-llanos-de-aridane-inicia-la-recuperacion-del-camino-cumplido\/","title":{"rendered":"Los Llanos de Aridane inicia la recuperaci\u00f3n del camino Cumplido"},"content":{"rendered":"<p><em>El alcalde Javier Llamas asegura que es el momento de \u201cmeterle una marcha m\u00e1s a la reconstrucci\u00f3n\u201d<\/em><!--more--><\/p>\n<p>El Ayuntamiento de Los Llanos de Aridane inicia este viernes, 12 de julio, los trabajos de recuperaci\u00f3n del camino Cumplido, clave para recuperar el entorno de La Laguna e infraestructuras esenciales como el Pol\u00edgono Industrial del Callej\u00f3n de la Gata. Esta ser\u00e1 la primera de otras actuaciones en v\u00edas de titularidad municipal afectadas por la lava que se desarrollar\u00e1n en las pr\u00f3ximas semanas.<\/p>\n<p>El alcalde Javier Llamas asegura que es el momento de \u201cmeterle una marcha m\u00e1s a la reconstrucci\u00f3n para que todas las personas afectadas recuperen sus proyectos de vida all\u00e1 donde los ten\u00edan\u201d. Asimismo, valora la coordinaci\u00f3n con el Cabildo de La Palma, con el Gobierno de Canarias y con el Gobierno de Espa\u00f1a para seguir impulsando la reconstrucci\u00f3n mediante la v\u00eda de emergencia.<\/p>\n<p>Por otro lado, el alcalde recuerda que el Ayuntamiento est\u00e1 trabajando junto al Estado para actualizar el convenio firmado con el Ministerio de Pol\u00edtica Territorial, el cual contempla otros caminos e infraestructuras que no se tuvieron en cuenta en el primer informe. El documento actual cifra la reconstrucci\u00f3n en 76 millones de euros, que son 52 millones m\u00e1s que lo previsto en el convenio suscrito en diciembre de 2022.<\/p>\n<p>Por su parte, el presidente del Cabildo de La Palma, Sergio Rodr\u00edguez, afirma que la corporaci\u00f3n insular continuar\u00e1 respaldando al Ayuntamiento para agilizar la reconstrucci\u00f3n. \u201cLa apertura del camino Cumplido es una excelente noticia. El Cabildo seguir\u00e1 colaborando no s\u00f3lo con la financiaci\u00f3n de la reconstrucci\u00f3n de todos los caminos afectados por el volc\u00e1n, sino tambi\u00e9n en el \u00e1mbito administrativo para que la recuperaci\u00f3n econ\u00f3mica y social de la isla se trate como una emergencia\u201d, a\u00f1ade.<\/p>\n<p>Cabe precisar que se recuperar\u00e1 una distancia de 1,6 kil\u00f3metros en un trazado m\u00e1s ancho que el anterior. El presupuesto de la obra es de 3,8 millones de euros y est\u00e1 financiada por el Estado, el Gobierno de Canarias y el Cabildo de La Palma.<\/p>\n<h2><strong>La importancia del camino Cumplido<\/strong><\/h2>\n<p>La importancia de recuperar el camino Cumplido se fundamenta en varios aspectos clave. Primero, la disponibilidad de datos precisos sobre la conductividad t\u00e9rmica de los materiales volc\u00e1nicos, obtenidos a trav\u00e9s de sistemas de medici\u00f3n instalados entre los barrios de La Laguna y Las Norias, asegura que las obras de reconstrucci\u00f3n puedan llevarse a cabo de manera segura, utilizando materiales reciclados de las coladas volc\u00e1nicas. Esto garantiza la viabilidad y seguridad en la ejecuci\u00f3n de las obras.<\/p>\n<p>Adem\u00e1s, la recopilaci\u00f3n de datos t\u00e9rmicos y la experiencia en la aplicaci\u00f3n de tratamientos a materiales volc\u00e1nicos durante los \u00faltimos 12 meses demuestran que es factible proceder con la reconstrucci\u00f3n de la plataforma del corredor de infraestructuras de manera efectiva y segura, respaldando as\u00ed la necesidad de avanzar con el proyecto.<\/p>\n<p>El marco legal establecido por la Ley 2\/2024 facilita la recuperaci\u00f3n econ\u00f3mica y social de La Palma tras la erupci\u00f3n volc\u00e1nica, permitiendo la reconstrucci\u00f3n de infraestructuras esenciales como la carretera LP-211. Esta legislaci\u00f3n proporciona el respaldo necesario para llevar a cabo las obras con las mismas condiciones que exist\u00edan antes de la erupci\u00f3n, asegurando la reconstrucci\u00f3n bajo un marco legal claro y facilitador.<\/p>\n<p>Finalmente, la reconstrucci\u00f3n del camino Cumplido no solo restablecer\u00e1 una v\u00eda de comunicaci\u00f3n crucial, sino que tambi\u00e9n permitir\u00e1 la conexi\u00f3n con otras carreteras importantes y el Pol\u00edgono Industrial del Callej\u00f3n de la Gata. Este proyecto es fundamental para revitalizar la vida y las actividades preexistentes en la zona afectada por la erupci\u00f3n, subrayando la necesidad urgente de adoptar medidas excepcionales para su reconstrucci\u00f3n.<\/p>\n","protected":false},"excerpt":{"rendered":"<p>El alcalde Javier Llamas asegura que es el momento de \u201cmeterle una marcha m\u00e1s a la reconstrucci\u00f3n\u201d<\/p>\n","protected":false},"author":4,"featured_media":3928,"comment_status":"open","ping_status":"open","sticky":false,"template":"","format":"standard","meta":{"footnotes":""},"categories":[1],"tags":[],"class_list":["post-3927","post","type-post","status-publish","format-standard","has-post-thumbnail","hentry","category-sin-categoria"],"yoast_head":"<!-- This site is optimized with the Yoast SEO plugin v22.7 - https:\/\/yoast.com\/wordpress\/plugins\/seo\/ -->\n<title>Los Llanos de Aridane inicia la recuperaci\u00f3n del camino Cumplido - Ayuntamiento de Los Llanos de Aridane<\/title>\n<meta name=\"robots\" content=\"index, follow, max-snippet:-1, max-image-preview:large, max-video-preview:-1\" \/>\n<link rel=\"canonical\" href=\"https:\/\/www.aridane.org\/city\/2024\/07\/12\/los-llanos-de-aridane-inicia-la-recuperacion-del-camino-cumplido\/\" \/>\n<meta property=\"og:locale\" content=\"es_ES\" \/>\n<meta property=\"og:type\" content=\"article\" \/>\n<meta property=\"og:title\" content=\"Los Llanos de Aridane inicia la recuperaci\u00f3n del camino Cumplido - Ayuntamiento de Los Llanos de Aridane\" \/>\n<meta property=\"og:description\" content=\"El alcalde Javier Llamas asegura que es el momento de \u201cmeterle una marcha m\u00e1s a la reconstrucci\u00f3n\u201d\" \/>\n<meta property=\"og:url\" content=\"https:\/\/www.aridane.org\/city\/2024\/07\/12\/los-llanos-de-aridane-inicia-la-recuperacion-del-camino-cumplido\/\" \/>\n<meta property=\"og:site_name\" content=\"Ayuntamiento de Los Llanos de Aridane\" \/>\n<meta property=\"article:published_time\" content=\"2024-07-12T11:45:54+00:00\" \/>\n<meta property=\"article:modified_time\" content=\"2024-07-17T07:46:13+00:00\" \/>\n<meta property=\"og:image\" content=\"https:\/\/www.aridane.org\/city\/wp-content\/uploads\/2024\/07\/Camino-Cumplido.jpeg\" \/>\n\t<meta property=\"og:image:width\" content=\"1600\" \/>\n\t<meta property=\"og:image:height\" content=\"1200\" \/>\n\t<meta property=\"og:image:type\" content=\"image\/jpeg\" \/>\n<meta name=\"author\" content=\"Corresponsal\" \/>\n<meta name=\"twitter:card\" content=\"summary_large_image\" \/>\n<meta name=\"twitter:label1\" content=\"Escrito por\" \/>\n\t<meta name=\"twitter:data1\" content=\"Corresponsal\" \/>\n\t<meta name=\"twitter:label2\" content=\"Tiempo de lectura\" \/>\n\t<meta name=\"twitter:data2\" content=\"3 minutos\" \/>\n<script type=\"application\/ld+json\" class=\"yoast-schema-graph\">{\"@context\":\"https:\/\/schema.org\",\"@graph\":[{\"@type\":\"WebPage\",\"@id\":\"https:\/\/www.aridane.org\/city\/2024\/07\/12\/los-llanos-de-aridane-inicia-la-recuperacion-del-camino-cumplido\/\",\"url\":\"https:\/\/www.aridane.org\/city\/2024\/07\/12\/los-llanos-de-aridane-inicia-la-recuperacion-del-camino-cumplido\/\",\"name\":\"Los Llanos de Aridane inicia la recuperaci\u00f3n del camino Cumplido - Ayuntamiento de Los Llanos de Aridane\",\"isPartOf\":{\"@id\":\"https:\/\/www.aridane.org\/city\/#website\"},\"primaryImageOfPage\":{\"@id\":\"https:\/\/www.aridane.org\/city\/2024\/07\/12\/los-llanos-de-aridane-inicia-la-recuperacion-del-camino-cumplido\/#primaryimage\"},\"image\":{\"@id\":\"https:\/\/www.aridane.org\/city\/2024\/07\/12\/los-llanos-de-aridane-inicia-la-recuperacion-del-camino-cumplido\/#primaryimage\"},\"thumbnailUrl\":\"https:\/\/www.aridane.org\/city\/wp-content\/uploads\/2024\/07\/Camino-Cumplido.jpeg\",\"datePublished\":\"2024-07-12T11:45:54+00:00\",\"dateModified\":\"2024-07-17T07:46:13+00:00\",\"author\":{\"@id\":\"https:\/\/www.aridane.org\/city\/#\/schema\/person\/89ebd376b223dc94cc1dbcf200c8e6da\"},\"breadcrumb\":{\"@id\":\"https:\/\/www.aridane.org\/city\/2024\/07\/12\/los-llanos-de-aridane-inicia-la-recuperacion-del-camino-cumplido\/#breadcrumb\"},\"inLanguage\":\"es\",\"potentialAction\":[{\"@type\":\"ReadAction\",\"target\":[\"https:\/\/www.aridane.org\/city\/2024\/07\/12\/los-llanos-de-aridane-inicia-la-recuperacion-del-camino-cumplido\/\"]}]},{\"@type\":\"ImageObject\",\"inLanguage\":\"es\",\"@id\":\"https:\/\/www.aridane.org\/city\/2024\/07\/12\/los-llanos-de-aridane-inicia-la-recuperacion-del-camino-cumplido\/#primaryimage\",\"url\":\"https:\/\/www.aridane.org\/city\/wp-content\/uploads\/2024\/07\/Camino-Cumplido.jpeg\",\"contentUrl\":\"https:\/\/www.aridane.org\/city\/wp-content\/uploads\/2024\/07\/Camino-Cumplido.jpeg\",\"width\":1600,\"height\":1200},{\"@type\":\"BreadcrumbList\",\"@id\":\"https:\/\/www.aridane.org\/city\/2024\/07\/12\/los-llanos-de-aridane-inicia-la-recuperacion-del-camino-cumplido\/#breadcrumb\",\"itemListElement\":[{\"@type\":\"ListItem\",\"position\":1,\"name\":\"Portada\",\"item\":\"https:\/\/www.aridane.org\/city\/\"},{\"@type\":\"ListItem\",\"position\":2,\"name\":\"Los Llanos de Aridane inicia la recuperaci\u00f3n del camino Cumplido\"}]},{\"@type\":\"WebSite\",\"@id\":\"https:\/\/www.aridane.org\/city\/#website\",\"url\":\"https:\/\/www.aridane.org\/city\/\",\"name\":\"Ayuntamiento de Los Llanos de Aridane\",\"description\":\"\",\"potentialAction\":[{\"@type\":\"SearchAction\",\"target\":{\"@type\":\"EntryPoint\",\"urlTemplate\":\"https:\/\/www.aridane.org\/city\/?s={search_term_string}\"},\"query-input\":\"required name=search_term_string\"}],\"inLanguage\":\"es\"},{\"@type\":\"Person\",\"@id\":\"https:\/\/www.aridane.org\/city\/#\/schema\/person\/89ebd376b223dc94cc1dbcf200c8e6da\",\"name\":\"Corresponsal\",\"image\":{\"@type\":\"ImageObject\",\"inLanguage\":\"es\",\"@id\":\"https:\/\/www.aridane.org\/city\/#\/schema\/person\/image\/\",\"url\":\"https:\/\/secure.gravatar.com\/avatar\/1c476992411e4ccf153da63b2b2f5ea0bb4cb1c85f3ceab8512f04325ad5579c?s=96&d=mm&r=g\",\"contentUrl\":\"https:\/\/secure.gravatar.com\/avatar\/1c476992411e4ccf153da63b2b2f5ea0bb4cb1c85f3ceab8512f04325ad5579c?s=96&d=mm&r=g\",\"caption\":\"Corresponsal\"},\"url\":\"https:\/\/www.aridane.org\/city\/author\/corresponsal\/\"}]}<\/script>\n<!-- \/ Yoast SEO plugin. -->","yoast_head_json":{"title":"Los Llanos de Aridane inicia la recuperaci\u00f3n del camino Cumplido - Ayuntamiento de Los Llanos de Aridane","robots":{"index":"index","follow":"follow","max-snippet":"max-snippet:-1","max-image-preview":"max-image-preview:large","max-video-preview":"max-video-preview:-1"},"canonical":"https:\/\/www.aridane.org\/city\/2024\/07\/12\/los-llanos-de-aridane-inicia-la-recuperacion-del-camino-cumplido\/","og_locale":"es_ES","og_type":"article","og_title":"Los Llanos de Aridane inicia la recuperaci\u00f3n del camino Cumplido - Ayuntamiento de Los Llanos de Aridane","og_description":"El alcalde Javier Llamas asegura que es el momento de \u201cmeterle una marcha m\u00e1s a la reconstrucci\u00f3n\u201d","og_url":"https:\/\/www.aridane.org\/city\/2024\/07\/12\/los-llanos-de-aridane-inicia-la-recuperacion-del-camino-cumplido\/","og_site_name":"Ayuntamiento de Los Llanos de Aridane","article_published_time":"2024-07-12T11:45:54+00:00","article_modified_time":"2024-07-17T07:46:13+00:00","og_image":[{"width":1600,"height":1200,"url":"https:\/\/www.aridane.org\/city\/wp-content\/uploads\/2024\/07\/Camino-Cumplido.jpeg","type":"image\/jpeg"}],"author":"Corresponsal","twitter_card":"summary_large_image","twitter_misc":{"Escrito por":"Corresponsal","Tiempo de lectura":"3 minutos"},"schema":{"@context":"https:\/\/schema.org","@graph":[{"@type":"WebPage","@id":"https:\/\/www.aridane.org\/city\/2024\/07\/12\/los-llanos-de-aridane-inicia-la-recuperacion-del-camino-cumplido\/","url":"https:\/\/www.aridane.org\/city\/2024\/07\/12\/los-llanos-de-aridane-inicia-la-recuperacion-del-camino-cumplido\/","name":"Los Llanos de Aridane inicia la recuperaci\u00f3n del camino Cumplido - Ayuntamiento de Los Llanos de Aridane","isPartOf":{"@id":"https:\/\/www.aridane.org\/city\/#website"},"primaryImageOfPage":{"@id":"https:\/\/www.aridane.org\/city\/2024\/07\/12\/los-llanos-de-aridane-inicia-la-recuperacion-del-camino-cumplido\/#primaryimage"},"image":{"@id":"https:\/\/www.aridane.org\/city\/2024\/07\/12\/los-llanos-de-aridane-inicia-la-recuperacion-del-camino-cumplido\/#primaryimage"},"thumbnailUrl":"https:\/\/www.aridane.org\/city\/wp-content\/uploads\/2024\/07\/Camino-Cumplido.jpeg","datePublished":"2024-07-12T11:45:54+00:00","dateModified":"2024-07-17T07:46:13+00:00","author":{"@id":"https:\/\/www.aridane.org\/city\/#\/schema\/person\/89ebd376b223dc94cc1dbcf200c8e6da"},"breadcrumb":{"@id":"https:\/\/www.aridane.org\/city\/2024\/07\/12\/los-llanos-de-aridane-inicia-la-recuperacion-del-camino-cumplido\/#breadcrumb"},"inLanguage":"es","potentialAction":[{"@type":"ReadAction","target":["https:\/\/www.aridane.org\/city\/2024\/07\/12\/los-llanos-de-aridane-inicia-la-recuperacion-del-camino-cumplido\/"]}]},{"@type":"ImageObject","inLanguage":"es","@id":"https:\/\/www.aridane.org\/city\/2024\/07\/12\/los-llanos-de-aridane-inicia-la-recuperacion-del-camino-cumplido\/#primaryimage","url":"https:\/\/www.aridane.org\/city\/wp-content\/uploads\/2024\/07\/Camino-Cumplido.jpeg","contentUrl":"https:\/\/www.aridane.org\/city\/wp-content\/uploads\/2024\/07\/Camino-Cumplido.jpeg","width":1600,"height":1200},{"@type":"BreadcrumbList","@id":"https:\/\/www.aridane.org\/city\/2024\/07\/12\/los-llanos-de-aridane-inicia-la-recuperacion-del-camino-cumplido\/#breadcrumb","itemListElement":[{"@type":"ListItem","position":1,"name":"Portada","item":"https:\/\/www.aridane.org\/city\/"},{"@type":"ListItem","position":2,"name":"Los Llanos de Aridane inicia la recuperaci\u00f3n del camino Cumplido"}]},{"@type":"WebSite","@id":"https:\/\/www.aridane.org\/city\/#website","url":"https:\/\/www.aridane.org\/city\/","name":"Ayuntamiento de Los Llanos de Aridane","description":"","potentialAction":[{"@type":"SearchAction","target":{"@type":"EntryPoint","urlTemplate":"https:\/\/www.aridane.org\/city\/?s={search_term_string}"},"query-input":"required name=search_term_string"}],"inLanguage":"es"},{"@type":"Person","@id":"https:\/\/www.aridane.org\/city\/#\/schema\/person\/89ebd376b223dc94cc1dbcf200c8e6da","name":"Corresponsal","image":{"@type":"ImageObject","inLanguage":"es","@id":"https:\/\/www.aridane.org\/city\/#\/schema\/person\/image\/","url":"https:\/\/secure.gravatar.com\/avatar\/1c476992411e4ccf153da63b2b2f5ea0bb4cb1c85f3ceab8512f04325ad5579c?s=96&d=mm&r=g","contentUrl":"https:\/\/secure.gravatar.com\/avatar\/1c476992411e4ccf153da63b2b2f5ea0bb4cb1c85f3ceab8512f04325ad5579c?s=96&d=mm&r=g","caption":"Corresponsal"},"url":"https:\/\/www.aridane.org\/city\/author\/corresponsal\/"}]}},"_links":{"self":[{"href":"https:\/\/www.aridane.org\/city\/wp-json\/wp\/v2\/posts\/3927","targetHints":{"allow":["GET"]}}],"collection":[{"href":"https:\/\/www.aridane.org\/city\/wp-json\/wp\/v2\/posts"}],"about":[{"href":"https:\/\/www.aridane.org\/city\/wp-json\/wp\/v2\/types\/post"}],"author":[{"embeddable":true,"href":"https:\/\/www.aridane.org\/city\/wp-json\/wp\/v2\/users\/4"}],"replies":[{"embeddable":true,"href":"https:\/\/www.aridane.org\/city\/wp-json\/wp\/v2\/comments?post=3927"}],"version-history":[{"count":1,"href":"https:\/\/www.aridane.org\/city\/wp-json\/wp\/v2\/posts\/3927\/revisions"}],"predecessor-version":[{"id":3929,"href":"https:\/\/www.aridane.org\/city\/wp-json\/wp\/v2\/posts\/3927\/revisions\/3929"}],"wp:featuredmedia":[{"embeddable":true,"href":"https:\/\/www.aridane.org\/city\/wp-json\/wp\/v2\/media\/3928"}],"wp:attachment":[{"href":"https:\/\/www.aridane.org\/city\/wp-json\/wp\/v2\/media?parent=3927"}],"wp:term":[{"taxonomy":"category","embeddable":true,"href":"https:\/\/www.aridane.org\/city\/wp-json\/wp\/v2\/categories?post=3927"},{"taxonomy":"post_tag","embeddable":true,"href":"https:\/\/www.aridane.org\/city\/wp-json\/wp\/v2\/tags?post=3927"}],"curies":[{"name":"wp","href":"https:\/\/api.w.org\/{rel}","templated":true}]}}